{"id":21646,"date":"2015-01-16T05:00:47","date_gmt":"2015-01-16T08:00:47","guid":{"rendered":"https:\/\/www.blogsoestado.com\/danielmatos\/?p=21646"},"modified":"2015-01-16T05:00:47","modified_gmt":"2015-01-16T08:00:47","slug":"incrama-participa-de-seminario-do-curso-superior-de-pedagogia-da-terra","status":"publish","type":"post","link":"https:\/\/www.blogsoestado.com\/danielmatos\/incrama-participa-de-seminario-do-curso-superior-de-pedagogia-da-terra\/","title":{"rendered":"Incra\/MA participa de semin\u00e1rio do curso superior de Pedagogia da Terra"},"content":{"rendered":"<figure id=\"attachment_21647\" aria-describedby=\"caption-attachment-21647\" style=\"width: 640px\" class=\"wp-caption aligncenter\"><a href=\"https:\/\/www.blogsoestado.com\/danielmatos\/files\/2015\/01\/incra.jpg\"><img fetchpriority=\"high\" decoding=\"async\" class=\"size-full wp-image-21647\" src=\"https:\/\/www.blogsoestado.com\/danielmatos\/files\/2015\/01\/incra.jpg\" alt=\"Superintendente do Incra-MA, Jowberth Alves, ressaltou a import\u00e2ncia do Pronera para os assentados da reforma agr\u00e1ria\" width=\"640\" height=\"480\" \/><\/a><figcaption id=\"caption-attachment-21647\" class=\"wp-caption-text\">Superintendente do Incra-MA, Jowberth Alves, ressaltou import\u00e2ncia do Pronera para assentados da reforma agr\u00e1ria<\/figcaption><\/figure>\n<p>O curso superior de Licenciatura em Pedagogia da Terra, promovido pelo Programa Nacional de Educa\u00e7\u00e3o na Reforma Agr\u00e1ria (Pronera) no estado do Maranh\u00e3o entra na reta final. Teve in\u00edcio nesta quinta-feira (15) e segue at\u00e9 s\u00e1bado (17) de janeiro, o I Semin\u00e1rio de Encerramento e Avalia\u00e7\u00e3o do Projeto, que tem a parceria da Universidade Federal do Maranh\u00e3o (UFMA), Col\u00e9gio Universit\u00e1rio da UFMA (Colun), do Movimento dos Trabalhadores Rurais Sem-Terra (MST) e da Associa\u00e7\u00e3o das \u00c1reas de Assentamento do Maranh\u00e3o (ASSEMA).<\/p>\n<p>O evento acontece no audit\u00f3rio central da UFMA, no Campus do Bacanga, em S\u00e3o Lu\u00eds. Al\u00e9m de realizar uma ampla discuss\u00e3o e avalia\u00e7\u00e3o sobre o desenvolvimento do projeto, 68 alunos defender\u00e3o, nos dias 16 e 17, as monografias para conclus\u00e3o do Curso de Pedagogia da Terra. Durante a solenidade de abertura do semin\u00e1rio o superintendente do Incra-MA, Jowberth Alves, ressaltou a import\u00e2ncia do Pronera para os assentados da reforma agr\u00e1ria. \u201cOs alunos que est\u00e3o concluindo este curso tem uma grande responsabilidade com a socializa\u00e7\u00e3o do conhecimento adquirido. Precisam ser agentes de transforma\u00e7\u00e3o no campo\u201d, disse.<\/p>\n<p>O superintendente tamb\u00e9m ressaltou a necessidade de inserir a Secretaria Estadual de Educa\u00e7\u00e3o como parceira do Pronera, e para isso, disse que iniciar\u00e1 articula\u00e7\u00f5es com o objetivo de concretizar essa parceria e dessa forma ampliar o programa para mais comunidades.<\/p>\n<p>A pr\u00f3-reitora de Assuntos Estudantis, Cenidalva Miranda de Sousa Teixeira, que representou o reitor da UFMA na solenidade, destacou a import\u00e2ncia da parceria entre a universidade e o Incra, que j\u00e1 dura 16 anos e, enfatizou, que a universidade est\u00e1 organizando no Campus da UFMA no munic\u00edpio de Bacabal, em um polo que concentrar\u00e1 a educa\u00e7\u00e3o do campo.<\/p>\n<p>Tamb\u00e9m participaram da mesa de abertura Evangelina Noronha, da Funda\u00e7\u00e3o Sousandrade, Diana Diniz e Concei\u00e7\u00e3o Lobato, coordenadoras do curso de Pedagogia da Terra, Jonas Borges, representante do MST e Ana Cleuma Miranda, representante da ASSEMA.<\/p>\n<p>Ap\u00f3s a solenidade de abertura, o semin\u00e1rio seguiu com a realiza\u00e7\u00e3o da confer\u00eancia de abertura, proferida pelo professor Rafael Villas Boas, da Universidade de Bras\u00edlia (UNB).<\/p>\n<p><strong>Coopera\u00e7\u00e3o<\/strong><\/p>\n<p>O curso de Pedagogia da Terra foi formalizado atrav\u00e9s de um Termo de Coopera\u00e7\u00e3o T\u00e9cnica celebrado em dezembro de 2008, entre o Incra\/UFMA\/MST\/ASSEMA. Foram ofertadas 100 vagas para assentados e filhos de assentados, que garantiram ingresso no curso por meio de vestibular.<\/p>\n<p>As aulas ocorreram em regime de pedagogia da altern\u00e2ncia, com etapas presenciais realizadas no Campus da UFMA de Bacabal e etapas do tempo comunidade, quando os alunos desenvolveram as atividades pedag\u00f3gicas no assentamento com o acompanhamento de monitores. Todo o projeto foi or\u00e7ado no valor de R$ 1,8 milh\u00e3o.<\/p>\n<p><strong>Pronera<\/strong><\/p>\n<p>O Programa Nacional de Educa\u00e7\u00e3o na Reforma Agr\u00e1ria \u2013 Pronera \u00e9 uma pol\u00edtica p\u00fablica do Governo Federal, executada pelo Instituto Nacional de Coloniza\u00e7\u00e3o e Reforma Agr\u00e1ria (Incra) desde o ano de 1998. Esse Programa vem oportunizando a milhares de trabalhadores rurais assentados e seus filhos, o direito \u00e0 educa\u00e7\u00e3o p\u00fablica e gratuita. O Pronera no Maranh\u00e3o j\u00e1 ofereceu cursos de alfabetiza\u00e7\u00e3o de jovens e adultos; magist\u00e9rio; cursos t\u00e9cnicos e n\u00edvel superior.<\/p>\n","protected":false},"excerpt":{"rendered":"<p>O curso superior de Licenciatura em Pedagogia da Terra, promovido pelo Programa Nacional de Educa\u00e7\u00e3o na Reforma Agr\u00e1ria (Pronera) no [&hellip;]<\/p>\n","protected":false},"author":0,"featured_media":0,"comment_status":"open","ping_status":"open","sticky":false,"template":"","format":"standard","meta":{"site-sidebar-layout":"default","site-content-layout":"","ast-site-content-layout":"default","site-content-style":"default","site-sidebar-style":"default","ast-global-header-display":"","ast-banner-title-visibility":"","ast-main-header-display":"","ast-hfb-above-header-display":"","ast-hfb-below-header-display":"","ast-hfb-mobile-header-display":"","site-post-title":"","ast-breadcrumbs-content":"","ast-featured-img":"","footer-sml-layout":"","ast-disable-related-posts":"","theme-transparent-header-meta":"","adv-header-id-meta":"","stick-header-meta":"","header-above-stick-meta":"","header-main-stick-meta":"","header-below-stick-meta":"","astra-migrate-meta-layouts":"default","ast-page-background-enabled":"default","ast-page-background-meta":{"desktop":{"background-color":"var(--ast-global-color-5)","background-image":"","background-repeat":"repeat","background-position":"center center","background-size":"auto","background-attachment":"scroll","background-type":"","background-media":"","overlay-type":"","overlay-color":"","overlay-opacity":"","overlay-gradient":""},"tablet":{"background-color":"","background-image":"","background-repeat":"repeat","background-position":"center center","background-size":"auto","background-attachment":"scroll","background-type":"","background-media":"","overlay-type":"","overlay-color":"","overlay-opacity":"","overlay-gradient":""},"mobile":{"background-color":"","background-image":"","background-repeat":"repeat","background-position":"center center","background-size":"auto","background-attachment":"scroll","background-type":"","background-media":"","overlay-type":"","overlay-color":"","overlay-opacity":"","overlay-gradient":""}},"ast-content-background-meta":{"desktop":{"background-color":"var(--ast-global-color-4)","background-image":"","background-repeat":"repeat","background-position":"center center","background-size":"auto","background-attachment":"scroll","background-type":"","background-media":"","overlay-type":"","overlay-color":"","overlay-opacity":"","overlay-gradient":""},"tablet":{"background-color":"var(--ast-global-color-4)","background-image":"","background-repeat":"repeat","background-position":"center center","background-size":"auto","background-attachment":"scroll","background-type":"","background-media":"","overlay-type":"","overlay-color":"","overlay-opacity":"","overlay-gradient":""},"mobile":{"background-color":"var(--ast-global-color-4)","background-image":"","background-repeat":"repeat","background-position":"center center","background-size":"auto","background-attachment":"scroll","background-type":"","background-media":"","overlay-type":"","overlay-color":"","overlay-opacity":"","overlay-gradient":""}},"footnotes":""},"categories":[1],"tags":[],"class_list":["post-21646","post","type-post","status-publish","format-standard","hentry","category-sem-categoria"],"yoast_head":"<!-- This site is optimized with the Yoast SEO plugin v26.6 - https:\/\/yoast.com\/wordpress\/plugins\/seo\/ -->\n<title>Incra\/MA participa de semin\u00e1rio do curso superior de Pedagogia da Terra - Daniel Matos<\/title>\n<meta name=\"robots\" content=\"index, follow, max-snippet:-1, max-image-preview:large, max-video-preview:-1\" \/>\n<link rel=\"canonical\" href=\"https:\/\/www.blogsoestado.com\/danielmatos\/incrama-participa-de-seminario-do-curso-superior-de-pedagogia-da-terra\/\" \/>\n<meta property=\"og:locale\" content=\"pt_BR\" \/>\n<meta property=\"og:type\" content=\"article\" \/>\n<meta property=\"og:title\" content=\"Incra\/MA participa de semin\u00e1rio do curso superior de Pedagogia da Terra - Daniel Matos\" \/>\n<meta property=\"og:description\" content=\"O curso superior de Licenciatura em Pedagogia da Terra, promovido pelo Programa Nacional de Educa\u00e7\u00e3o na Reforma Agr\u00e1ria (Pronera) no [&hellip;]\" \/>\n<meta property=\"og:url\" content=\"https:\/\/www.blogsoestado.com\/danielmatos\/incrama-participa-de-seminario-do-curso-superior-de-pedagogia-da-terra\/\" \/>\n<meta property=\"og:site_name\" content=\"Daniel Matos\" \/>\n<meta property=\"article:published_time\" content=\"2015-01-16T08:00:47+00:00\" \/>\n<meta property=\"og:image\" content=\"https:\/\/www.blogsoestado.com\/danielmatos\/files\/2015\/01\/incra.jpg\" \/>\n<meta name=\"twitter:card\" content=\"summary_large_image\" \/>\n<meta name=\"twitter:label1\" content=\"Est. tempo de leitura\" \/>\n\t<meta name=\"twitter:data1\" content=\"3 minutos\" \/>\n<script type=\"application\/ld+json\" class=\"yoast-schema-graph\">{\"@context\":\"https:\/\/schema.org\",\"@graph\":[{\"@type\":\"WebPage\",\"@id\":\"https:\/\/www.blogsoestado.com\/danielmatos\/incrama-participa-de-seminario-do-curso-superior-de-pedagogia-da-terra\/\",\"url\":\"https:\/\/www.blogsoestado.com\/danielmatos\/incrama-participa-de-seminario-do-curso-superior-de-pedagogia-da-terra\/\",\"name\":\"Incra\/MA participa de semin\u00e1rio do curso superior de Pedagogia da Terra - Daniel Matos\",\"isPartOf\":{\"@id\":\"https:\/\/www.blogsoestado.com\/danielmatos\/#website\"},\"primaryImageOfPage\":{\"@id\":\"https:\/\/www.blogsoestado.com\/danielmatos\/incrama-participa-de-seminario-do-curso-superior-de-pedagogia-da-terra\/#primaryimage\"},\"image\":{\"@id\":\"https:\/\/www.blogsoestado.com\/danielmatos\/incrama-participa-de-seminario-do-curso-superior-de-pedagogia-da-terra\/#primaryimage\"},\"thumbnailUrl\":\"https:\/\/www.blogsoestado.com\/danielmatos\/files\/2015\/01\/incra.jpg\",\"datePublished\":\"2015-01-16T08:00:47+00:00\",\"author\":{\"@id\":\"\"},\"breadcrumb\":{\"@id\":\"https:\/\/www.blogsoestado.com\/danielmatos\/incrama-participa-de-seminario-do-curso-superior-de-pedagogia-da-terra\/#breadcrumb\"},\"inLanguage\":\"pt-BR\",\"potentialAction\":[{\"@type\":\"ReadAction\",\"target\":[\"https:\/\/www.blogsoestado.com\/danielmatos\/incrama-participa-de-seminario-do-curso-superior-de-pedagogia-da-terra\/\"]}]},{\"@type\":\"ImageObject\",\"inLanguage\":\"pt-BR\",\"@id\":\"https:\/\/www.blogsoestado.com\/danielmatos\/incrama-participa-de-seminario-do-curso-superior-de-pedagogia-da-terra\/#primaryimage\",\"url\":\"https:\/\/www.blogsoestado.com\/danielmatos\/files\/2015\/01\/incra.jpg\",\"contentUrl\":\"https:\/\/www.blogsoestado.com\/danielmatos\/files\/2015\/01\/incra.jpg\"},{\"@type\":\"BreadcrumbList\",\"@id\":\"https:\/\/www.blogsoestado.com\/danielmatos\/incrama-participa-de-seminario-do-curso-superior-de-pedagogia-da-terra\/#breadcrumb\",\"itemListElement\":[{\"@type\":\"ListItem\",\"position\":1,\"name\":\"In\u00edcio\",\"item\":\"https:\/\/www.blogsoestado.com\/danielmatos\/\"},{\"@type\":\"ListItem\",\"position\":2,\"name\":\"Incra\/MA participa de semin\u00e1rio do curso superior de Pedagogia da Terra\"}]},{\"@type\":\"WebSite\",\"@id\":\"https:\/\/www.blogsoestado.com\/danielmatos\/#website\",\"url\":\"https:\/\/www.blogsoestado.com\/danielmatos\/\",\"name\":\"Daniel Matos\",\"description\":\"\",\"potentialAction\":[{\"@type\":\"SearchAction\",\"target\":{\"@type\":\"EntryPoint\",\"urlTemplate\":\"https:\/\/www.blogsoestado.com\/danielmatos\/?s={search_term_string}\"},\"query-input\":{\"@type\":\"PropertyValueSpecification\",\"valueRequired\":true,\"valueName\":\"search_term_string\"}}],\"inLanguage\":\"pt-BR\"}]}<\/script>\n<!-- \/ Yoast SEO plugin. -->","yoast_head_json":{"title":"Incra\/MA participa de semin\u00e1rio do curso superior de Pedagogia da Terra - Daniel Matos","robots":{"index":"index","follow":"follow","max-snippet":"max-snippet:-1","max-image-preview":"max-image-preview:large","max-video-preview":"max-video-preview:-1"},"canonical":"https:\/\/www.blogsoestado.com\/danielmatos\/incrama-participa-de-seminario-do-curso-superior-de-pedagogia-da-terra\/","og_locale":"pt_BR","og_type":"article","og_title":"Incra\/MA participa de semin\u00e1rio do curso superior de Pedagogia da Terra - Daniel Matos","og_description":"O curso superior de Licenciatura em Pedagogia da Terra, promovido pelo Programa Nacional de Educa\u00e7\u00e3o na Reforma Agr\u00e1ria (Pronera) no [&hellip;]","og_url":"https:\/\/www.blogsoestado.com\/danielmatos\/incrama-participa-de-seminario-do-curso-superior-de-pedagogia-da-terra\/","og_site_name":"Daniel Matos","article_published_time":"2015-01-16T08:00:47+00:00","og_image":[{"url":"https:\/\/www.blogsoestado.com\/danielmatos\/files\/2015\/01\/incra.jpg","type":"","width":"","height":""}],"twitter_card":"summary_large_image","twitter_misc":{"Est. tempo de leitura":"3 minutos"},"schema":{"@context":"https:\/\/schema.org","@graph":[{"@type":"WebPage","@id":"https:\/\/www.blogsoestado.com\/danielmatos\/incrama-participa-de-seminario-do-curso-superior-de-pedagogia-da-terra\/","url":"https:\/\/www.blogsoestado.com\/danielmatos\/incrama-participa-de-seminario-do-curso-superior-de-pedagogia-da-terra\/","name":"Incra\/MA participa de semin\u00e1rio do curso superior de Pedagogia da Terra - Daniel Matos","isPartOf":{"@id":"https:\/\/www.blogsoestado.com\/danielmatos\/#website"},"primaryImageOfPage":{"@id":"https:\/\/www.blogsoestado.com\/danielmatos\/incrama-participa-de-seminario-do-curso-superior-de-pedagogia-da-terra\/#primaryimage"},"image":{"@id":"https:\/\/www.blogsoestado.com\/danielmatos\/incrama-participa-de-seminario-do-curso-superior-de-pedagogia-da-terra\/#primaryimage"},"thumbnailUrl":"https:\/\/www.blogsoestado.com\/danielmatos\/files\/2015\/01\/incra.jpg","datePublished":"2015-01-16T08:00:47+00:00","author":{"@id":""},"breadcrumb":{"@id":"https:\/\/www.blogsoestado.com\/danielmatos\/incrama-participa-de-seminario-do-curso-superior-de-pedagogia-da-terra\/#breadcrumb"},"inLanguage":"pt-BR","potentialAction":[{"@type":"ReadAction","target":["https:\/\/www.blogsoestado.com\/danielmatos\/incrama-participa-de-seminario-do-curso-superior-de-pedagogia-da-terra\/"]}]},{"@type":"ImageObject","inLanguage":"pt-BR","@id":"https:\/\/www.blogsoestado.com\/danielmatos\/incrama-participa-de-seminario-do-curso-superior-de-pedagogia-da-terra\/#primaryimage","url":"https:\/\/www.blogsoestado.com\/danielmatos\/files\/2015\/01\/incra.jpg","contentUrl":"https:\/\/www.blogsoestado.com\/danielmatos\/files\/2015\/01\/incra.jpg"},{"@type":"BreadcrumbList","@id":"https:\/\/www.blogsoestado.com\/danielmatos\/incrama-participa-de-seminario-do-curso-superior-de-pedagogia-da-terra\/#breadcrumb","itemListElement":[{"@type":"ListItem","position":1,"name":"In\u00edcio","item":"https:\/\/www.blogsoestado.com\/danielmatos\/"},{"@type":"ListItem","position":2,"name":"Incra\/MA participa de semin\u00e1rio do curso superior de Pedagogia da Terra"}]},{"@type":"WebSite","@id":"https:\/\/www.blogsoestado.com\/danielmatos\/#website","url":"https:\/\/www.blogsoestado.com\/danielmatos\/","name":"Daniel Matos","description":"","potentialAction":[{"@type":"SearchAction","target":{"@type":"EntryPoint","urlTemplate":"https:\/\/www.blogsoestado.com\/danielmatos\/?s={search_term_string}"},"query-input":{"@type":"PropertyValueSpecification","valueRequired":true,"valueName":"search_term_string"}}],"inLanguage":"pt-BR"}]}},"jetpack_featured_media_url":"","_links":{"self":[{"href":"https:\/\/www.blogsoestado.com\/danielmatos\/wp-json\/wp\/v2\/posts\/21646","targetHints":{"allow":["GET"]}}],"collection":[{"href":"https:\/\/www.blogsoestado.com\/danielmatos\/wp-json\/wp\/v2\/posts"}],"about":[{"href":"https:\/\/www.blogsoestado.com\/danielmatos\/wp-json\/wp\/v2\/types\/post"}],"replies":[{"embeddable":true,"href":"https:\/\/www.blogsoestado.com\/danielmatos\/wp-json\/wp\/v2\/comments?post=21646"}],"version-history":[{"count":0,"href":"https:\/\/www.blogsoestado.com\/danielmatos\/wp-json\/wp\/v2\/posts\/21646\/revisions"}],"wp:attachment":[{"href":"https:\/\/www.blogsoestado.com\/danielmatos\/wp-json\/wp\/v2\/media?parent=21646"}],"wp:term":[{"taxonomy":"category","embeddable":true,"href":"https:\/\/www.blogsoestado.com\/danielmatos\/wp-json\/wp\/v2\/categories?post=21646"},{"taxonomy":"post_tag","embeddable":true,"href":"https:\/\/www.blogsoestado.com\/danielmatos\/wp-json\/wp\/v2\/tags?post=21646"}],"curies":[{"name":"wp","href":"https:\/\/api.w.org\/{rel}","templated":true}]}}