{"id":21650,"date":"2015-01-16T12:27:56","date_gmt":"2015-01-16T15:27:56","guid":{"rendered":"https:\/\/www.blogsoestado.com\/danielmatos\/?p=21650"},"modified":"2015-01-16T12:27:56","modified_gmt":"2015-01-16T15:27:56","slug":"15-dias-15-erros","status":"publish","type":"post","link":"https:\/\/www.blogsoestado.com\/danielmatos\/15-dias-15-erros\/","title":{"rendered":"15 dias, 15 erros"},"content":{"rendered":"<figure id=\"attachment_21651\" aria-describedby=\"caption-attachment-21651\" style=\"width: 448px\" class=\"wp-caption alignleft\"><a href=\"https:\/\/www.blogsoestado.com\/danielmatos\/files\/2015\/01\/dino-posse-erros.jpg\"><img fetchpriority=\"high\" decoding=\"async\" class=\"size-full wp-image-21651\" src=\"https:\/\/www.blogsoestado.com\/danielmatos\/files\/2015\/01\/dino-posse-erros.jpg\" alt=\"Dino anuncia decretos ao tomar posse: alguns atos se converteram em equ\u00edvocos e contradi\u00e7\u00f5es \" width=\"448\" height=\"299\" \/><\/a><figcaption id=\"caption-attachment-21651\" class=\"wp-caption-text\">Da sacada do Pal\u00e1cio dos Le\u00f5es, Fl\u00e1vio\u00a0Dino anuncia decretos: alguns atos do seu governo se converteram em equ\u00edvocos e contradi\u00e7\u00f5es (<strong>Foto:<\/strong> Biaman Prado)<\/figcaption><\/figure>\n<p>O governo Fl\u00e1vio Dino completou ontem seus primeiros 15 dias, per\u00edodo marcado muito mais por discursos inaplic\u00e1veis, lamenta\u00e7\u00f5es e erros do que por a\u00e7\u00f5es concretas em benef\u00edcio do povo, como prometido em campanha. Este blog elenca pelo menos 15 a\u00e7\u00f5es, omiss\u00f5es, contradi\u00e7\u00f5es e ideias mal-sucedidas verificadas em uma \u00fanica quinzena, que resultam na impressionante m\u00e9dia de um equ\u00edvoco por dia.<\/p>\n<p>S\u00e3o falhas diversas, em diferentes \u00e1reas. Umas mais, outras menos comprometedoras. A inseguran\u00e7a aumentou, contrariando as expectativas geradas na popula\u00e7\u00e3o pelo novo governo. A suspens\u00e3o de pagamentos a fornecedores e a aprestadores de servi\u00e7os ao Estado acarretou atraso de sal\u00e1rios de servidores terceirizados e risco de paralisa\u00e7\u00f5es de servi\u00e7os essenciais.<\/p>\n<p>Mas o equ\u00edvoco mais grave foi, sem d\u00favida, a mudan\u00e7a do calend\u00e1rio de pagamento do funcionalismo, que, de acordo com a nova tabela, n\u00e3o mais receber\u00e1 seus vencimentos dentro do m\u00eas trabalhado, como vinha ocorrendo h\u00e1 v\u00e1rios anos. A repercuss\u00e3o negativa foi tamanha que o pr\u00f3prio governador veio a p\u00fablico anunciar que pode rever a medida.<\/p>\n<p>A cada dia surge um novo erro e aumenta a preocupa\u00e7\u00e3o com o futuro do estado nos pr\u00f3ximos quatro anos. Vamos aos 15 equ\u00edvocos detectados pelo blog:<\/p>\n<p><strong>1 &#8211;<\/strong> Recuo na inten\u00e7\u00e3o de vender a Casa de Veraneio do Governo do Estado, em S\u00e3o Marcos, ap\u00f3s alerta de que a legisla\u00e7\u00e3o ambiental restringe constru\u00e7\u00f5es na referida \u00e1rea para fins particulares. Promessa de campanha, a venda da resid\u00eancia foi o primeiro dos 17 atos (Decreto n\u00ba 30.611) anunciados pelo comunista da sacada do Pal\u00e1cio dos Le\u00f5es logo ap\u00f3s tomar posse;<\/p>\n<p><strong>2 &#8211;<\/strong> Aumento expressivo da viol\u00eancia urbana, com 68 assassinatos de 1\u00ba a 15 de janeiro. Se j\u00e1 era alta, a criminalidade disparou em 2015 e registra, at\u00e9 o momento, a m\u00e9dia assustadora de 4,5 mortes violentas por dia na Regi\u00e3o Metropolitana de S\u00e3o Lu\u00eds;<\/p>\n<p><strong>3 &#8211;<\/strong> Cancelamento da compra de bacalhau e salm\u00e3o para abastecer a despensa do Pal\u00e1cio dos Le\u00f5es. O governo Fl\u00e1vio Dino s\u00f3 tomou a medida ap\u00f3s revela\u00e7\u00e3o da licita\u00e7\u00e3o por blogs n\u00e3o alinhados \u00e0 gest\u00e3o do comunista. At\u00e9 ent\u00e3o, o certame estava prestes a ser homologado pela Casa Civil;<\/p>\n<p><strong>4 &#8211;<\/strong> Aumento do n\u00famero de ocorr\u00eancias de explos\u00e3o de ag\u00eancias banc\u00e1rias no interior do Maranh\u00e3o. Do dia 5 at\u00e9 ontem, cinco bancos j\u00e1 haviam sido dinamitados por quadrilhas especializadas nesse tipo de crime. Houve ainda um assalto a uma ag\u00eancia do Ita\u00fa, na Rua da Paz, em pleno Centro da capital;<\/p>\n<p><strong>5 &#8211;<\/strong> Suspens\u00e3o do pagamento \u00e0s empresas terceirizadas que prestam servi\u00e7o \u00e0 rede estadual de sa\u00fade, deixando sem sal\u00e1rios centenas de profissionais, como m\u00e9dicos, enfermeiros e t\u00e9cnicos de enfermagem lotados em hospitais mantidos pelo Estado e nas Unidades de Pronto Atendimento (UPAs). Insatisfeitos, os trabalhadores j\u00e1 amea\u00e7am cruzar os bra\u00e7os e suspender o atendimento \u00e0 popula\u00e7\u00e3o;<\/p>\n<p><strong>6 &#8211;<\/strong> Atraso de sal\u00e1rios dos teleatendentes do Centro Integrado de Opera\u00e7\u00f5es de Seguran\u00e7a (Ciops) respons\u00e1veis por receber, fazer a triagem e direcionar as liga\u00e7\u00f5es de emerg\u00eancia feitas \u00e0 Pol\u00edcia Militar, por meio do n\u00famero 190. Sem previs\u00e3o para dep\u00f3sito, os vencimentos est\u00e3o pendentes porque o governador tamb\u00e9m suspendeu os pagamentos a fornecedores e prestadores de servi\u00e7o \u00e0 seguran\u00e7a p\u00fablica;<\/p>\n<p><strong>7 &#8211;<\/strong> Contradi\u00e7\u00e3o do governador ao expor uma suposta crise financeira do Estado e ao mesmo tempo anunciar gastos com aumento da folha de pessoal, por meio da convoca\u00e7\u00e3o de mais 1.000 policiais e bombeiros aprovados no \u00faltimo concurso p\u00fablico para a seguran\u00e7a p\u00fablica e a realiza\u00e7\u00e3o de um seletivo que ofertar\u00e1 6 mil vagas para o magist\u00e9rio, al\u00e9m de cria\u00e7\u00e3o do programa Mais Bolsa Fam\u00edlia;<\/p>\n<p><strong>8 &#8211;<\/strong> Exonera\u00e7\u00e3o de servidores n\u00e3o est\u00e1veis do Estado sem qualquer crit\u00e9rio, muitos com mais de 20 anos no servi\u00e7o p\u00fablico. A medida prejudicou milhares de fam\u00edlias e deu origem a um grave problema social. Outro transtorno foi o comprometimento das rotinas de servi\u00e7os, pois muitos dos demitidos j\u00e1 estavam familiarizados \u00e0s tarefas e foram substitu\u00eddos por pessoas sem experi\u00eancia nas respectivas fun\u00e7\u00f5es;<\/p>\n<p><strong>9 &#8211;<\/strong> Nomea\u00e7\u00e3o de um contingente expressivo de apadrinhados de pol\u00edticos aliados ao atual governo, pr\u00e1tica condenada por Fl\u00e1vio Dino em seus discursos de campanha. Deputados, prefeitos, vereadores, senador e outros correligion\u00e1rios tiveram direito a um n\u00famero expressivo de cargos, distribu\u00eddos entre parentes, amigos, l\u00edderes comunit\u00e1rios e outros apaniguados;<\/p>\n<p><strong>10 &#8211;<\/strong> Interven\u00e7\u00e3o mal-sucedida no conflito entre dezenas de fam\u00edlias da comunidade Cajueiro, na zona rural de S\u00e3o Lu\u00eds, e uma empresa que construiria um empreendimento portu\u00e1rio no local. Mesmo ap\u00f3s a anula\u00e7\u00e3o, pelo governador Fl\u00e1vio Dino, do decreto de desapropria\u00e7\u00e3o da \u00e1rea, jagun\u00e7os contratados pela referida empresa continuam amea\u00e7ando pessoas que moram na localidade, o que pode resultar em trag\u00e9dia, segundo den\u00fancia feita pela Federa\u00e7\u00e3o dos Trabalhadores da Agricultura do Estado do Maranh\u00e3o (Fetaema);<\/p>\n<p><strong>11 &#8211;<\/strong> Uso indiscriminado, por Fl\u00e1vio Dino, das redes sociais, principalmente o Twitter, para responder \u00e0s cr\u00edticas feitas pela imprensa e blogs ao seu governo. Demonstrando ainda n\u00e3o ter descido do palanque, o comunista recorre \u00e0 internet para rebater not\u00edcias e opini\u00f5es que o desagradem, ignorando a exist\u00eancia da Secretaria Estadual de Comunica\u00e7\u00e3o (Secom) e da sua assessoria de imprensa particular para desempenhar tal tarefa;<\/p>\n<p><strong>12 &#8211;<\/strong> Populismo e explora\u00e7\u00e3o midi\u00e1tica excessivos. A cria\u00e7\u00e3o de programas sociais de distribui\u00e7\u00e3o de renda no \u00e2mbito do Estado e a visita a um policial internado no Hospital Carlos Macieira ap\u00f3s este ter sido baleado em confronto com bandidos mostram bem a disposi\u00e7\u00e3o do governador de obter dividendos pol\u00edticos com afagos aos mais humildes e demonstra\u00e7\u00f5es p\u00fablicas de solidariedade, devidamente planejadas por ele e seus assessores. Detalhe: o comunista n\u00e3o poupava cr\u00edticas aos perceber essa postura em seus advers\u00e1rios ;<\/p>\n<p><strong>13 &#8211;<\/strong> Aumento do n\u00famero de cargos no primeiro escal\u00e3o do governo estadual. Ap\u00f3s a cria\u00e7\u00e3o de duas novas secretarias, de um instituto e de uma empresa p\u00fablica, Fl\u00e1vio Dino atingiu o n\u00famero recorde de 50 postos em sua equipe de auxiliares imediatos, contingente que supera at\u00e9 mesmo o minist\u00e9rio da presidente Dilma Rousseff, que tem 39 cargos.<\/p>\n<p><strong>14 &#8211;<\/strong> Nomea\u00e7\u00e3o de um homem preso com diploma falso de m\u00e9dico para dirigir a 5\u00aa Circunscri\u00e7\u00e3o Regional de Tr\u00e2nsito (Ciretran), em Bacabal. Ageu Barbosa Gomes foi detido em agosto de 2008 e o certificado n\u00e3o aut\u00eantico que portava continha, inclusive, a falsifica\u00e7\u00e3o da assinatura do nefrologista e reitor da Universidade Federal do Maranh\u00e3o (UFMA), professor-doutor Natalino Salgado Filho;<\/p>\n<p><strong>15 &#8211;<\/strong> Mudan\u00e7a do calend\u00e1rio de pagamento do funcionalismo p\u00fablico estadual. Pela nova tabela, os servidores n\u00e3o mais receber\u00e3o os sal\u00e1rios dentro do m\u00eas trabalhado. A medida teve ampla repercuss\u00e3o negativa, o que obrigou o governador a anunciar publicamente que o novo calend\u00e1rio poder\u00e1 ser revisto assim que seu governo solucione a crise financeira que supostamente teria herdado da gest\u00e3o anterior. Pressionado por in\u00fameras reclama\u00e7\u00f5es de servidores que alegavam que n\u00e3o poderiam obter o desconto de 10% no pagamento do IPVA caso este fosse efetuado at\u00e9 31 de janeiro, como definido inicialmente, o governador decidiu prorrogar at\u00e9 6 de fevereiro o prazo para quita\u00e7\u00e3o do tributo com abatimento.<\/p>\n<p>Espera-se que o insucesso que marcou a primeira quinzena n\u00e3o seja o pren\u00fancio de uma gest\u00e3o p\u00edfia, marcada pelo retrocesso.<\/p>\n","protected":false},"excerpt":{"rendered":"<p>O governo Fl\u00e1vio Dino completou ontem seus primeiros 15 dias, per\u00edodo marcado muito mais por discursos inaplic\u00e1veis, lamenta\u00e7\u00f5es e erros [&hellip;]<\/p>\n","protected":false},"author":0,"featured_media":0,"comment_status":"open","ping_status":"open","sticky":false,"template":"","format":"standard","meta":{"site-sidebar-layout":"default","site-content-layout":"","ast-site-content-layout":"default","site-content-style":"default","site-sidebar-style":"default","ast-global-header-display":"","ast-banner-title-visibility":"","ast-main-header-display":"","ast-hfb-above-header-display":"","ast-hfb-below-header-display":"","ast-hfb-mobile-header-display":"","site-post-title":"","ast-breadcrumbs-content":"","ast-featured-img":"","footer-sml-layout":"","ast-disable-related-posts":"","theme-transparent-header-meta":"","adv-header-id-meta":"","stick-header-meta":"","header-above-stick-meta":"","header-main-stick-meta":"","header-below-stick-meta":"","astra-migrate-meta-layouts":"default","ast-page-background-enabled":"default","ast-page-background-meta":{"desktop":{"background-color":"var(--ast-global-color-5)","background-image":"","background-repeat":"repeat","background-position":"center center","background-size":"auto","background-attachment":"scroll","background-type":"","background-media":"","overlay-type":"","overlay-color":"","overlay-opacity":"","overlay-gradient":""},"tablet":{"background-color":"","background-image":"","background-repeat":"repeat","background-position":"center center","background-size":"auto","background-attachment":"scroll","background-type":"","background-media":"","overlay-type":"","overlay-color":"","overlay-opacity":"","overlay-gradient":""},"mobile":{"background-color":"","background-image":"","background-repeat":"repeat","background-position":"center center","background-size":"auto","background-attachment":"scroll","background-type":"","background-media":"","overlay-type":"","overlay-color":"","overlay-opacity":"","overlay-gradient":""}},"ast-content-background-meta":{"desktop":{"background-color":"var(--ast-global-color-4)","background-image":"","background-repeat":"repeat","background-position":"center center","background-size":"auto","background-attachment":"scroll","background-type":"","background-media":"","overlay-type":"","overlay-color":"","overlay-opacity":"","overlay-gradient":""},"tablet":{"background-color":"var(--ast-global-color-4)","background-image":"","background-repeat":"repeat","background-position":"center center","background-size":"auto","background-attachment":"scroll","background-type":"","background-media":"","overlay-type":"","overlay-color":"","overlay-opacity":"","overlay-gradient":""},"mobile":{"background-color":"var(--ast-global-color-4)","background-image":"","background-repeat":"repeat","background-position":"center center","background-size":"auto","background-attachment":"scroll","background-type":"","background-media":"","overlay-type":"","overlay-color":"","overlay-opacity":"","overlay-gradient":""}},"footnotes":""},"categories":[1],"tags":[],"class_list":["post-21650","post","type-post","status-publish","format-standard","hentry","category-sem-categoria"],"yoast_head":"<!-- This site is optimized with the Yoast SEO plugin v26.6 - https:\/\/yoast.com\/wordpress\/plugins\/seo\/ -->\n<title>15 dias, 15 erros - Daniel Matos<\/title>\n<meta name=\"robots\" content=\"index, follow, max-snippet:-1, max-image-preview:large, max-video-preview:-1\" \/>\n<link rel=\"canonical\" href=\"https:\/\/www.blogsoestado.com\/danielmatos\/15-dias-15-erros\/\" \/>\n<meta property=\"og:locale\" content=\"pt_BR\" \/>\n<meta property=\"og:type\" content=\"article\" \/>\n<meta property=\"og:title\" content=\"15 dias, 15 erros - Daniel Matos\" \/>\n<meta property=\"og:description\" content=\"O governo Fl\u00e1vio Dino completou ontem seus primeiros 15 dias, per\u00edodo marcado muito mais por discursos inaplic\u00e1veis, lamenta\u00e7\u00f5es e erros [&hellip;]\" \/>\n<meta property=\"og:url\" content=\"https:\/\/www.blogsoestado.com\/danielmatos\/15-dias-15-erros\/\" \/>\n<meta property=\"og:site_name\" content=\"Daniel Matos\" \/>\n<meta property=\"article:published_time\" content=\"2015-01-16T15:27:56+00:00\" \/>\n<meta property=\"og:image\" content=\"https:\/\/www.blogsoestado.com\/danielmatos\/files\/2015\/01\/dino-posse-erros.jpg\" \/>\n<meta name=\"twitter:card\" content=\"summary_large_image\" \/>\n<meta name=\"twitter:label1\" content=\"Est. tempo de leitura\" \/>\n\t<meta name=\"twitter:data1\" content=\"7 minutos\" \/>\n<script type=\"application\/ld+json\" class=\"yoast-schema-graph\">{\"@context\":\"https:\/\/schema.org\",\"@graph\":[{\"@type\":\"WebPage\",\"@id\":\"https:\/\/www.blogsoestado.com\/danielmatos\/15-dias-15-erros\/\",\"url\":\"https:\/\/www.blogsoestado.com\/danielmatos\/15-dias-15-erros\/\",\"name\":\"15 dias, 15 erros - Daniel Matos\",\"isPartOf\":{\"@id\":\"https:\/\/www.blogsoestado.com\/danielmatos\/#website\"},\"primaryImageOfPage\":{\"@id\":\"https:\/\/www.blogsoestado.com\/danielmatos\/15-dias-15-erros\/#primaryimage\"},\"image\":{\"@id\":\"https:\/\/www.blogsoestado.com\/danielmatos\/15-dias-15-erros\/#primaryimage\"},\"thumbnailUrl\":\"https:\/\/www.blogsoestado.com\/danielmatos\/files\/2015\/01\/dino-posse-erros.jpg\",\"datePublished\":\"2015-01-16T15:27:56+00:00\",\"author\":{\"@id\":\"\"},\"breadcrumb\":{\"@id\":\"https:\/\/www.blogsoestado.com\/danielmatos\/15-dias-15-erros\/#breadcrumb\"},\"inLanguage\":\"pt-BR\",\"potentialAction\":[{\"@type\":\"ReadAction\",\"target\":[\"https:\/\/www.blogsoestado.com\/danielmatos\/15-dias-15-erros\/\"]}]},{\"@type\":\"ImageObject\",\"inLanguage\":\"pt-BR\",\"@id\":\"https:\/\/www.blogsoestado.com\/danielmatos\/15-dias-15-erros\/#primaryimage\",\"url\":\"https:\/\/www.blogsoestado.com\/danielmatos\/files\/2015\/01\/dino-posse-erros.jpg\",\"contentUrl\":\"https:\/\/www.blogsoestado.com\/danielmatos\/files\/2015\/01\/dino-posse-erros.jpg\"},{\"@type\":\"BreadcrumbList\",\"@id\":\"https:\/\/www.blogsoestado.com\/danielmatos\/15-dias-15-erros\/#breadcrumb\",\"itemListElement\":[{\"@type\":\"ListItem\",\"position\":1,\"name\":\"In\u00edcio\",\"item\":\"https:\/\/www.blogsoestado.com\/danielmatos\/\"},{\"@type\":\"ListItem\",\"position\":2,\"name\":\"15 dias, 15 erros\"}]},{\"@type\":\"WebSite\",\"@id\":\"https:\/\/www.blogsoestado.com\/danielmatos\/#website\",\"url\":\"https:\/\/www.blogsoestado.com\/danielmatos\/\",\"name\":\"Daniel Matos\",\"description\":\"\",\"potentialAction\":[{\"@type\":\"SearchAction\",\"target\":{\"@type\":\"EntryPoint\",\"urlTemplate\":\"https:\/\/www.blogsoestado.com\/danielmatos\/?s={search_term_string}\"},\"query-input\":{\"@type\":\"PropertyValueSpecification\",\"valueRequired\":true,\"valueName\":\"search_term_string\"}}],\"inLanguage\":\"pt-BR\"}]}<\/script>\n<!-- \/ Yoast SEO plugin. -->","yoast_head_json":{"title":"15 dias, 15 erros - Daniel Matos","robots":{"index":"index","follow":"follow","max-snippet":"max-snippet:-1","max-image-preview":"max-image-preview:large","max-video-preview":"max-video-preview:-1"},"canonical":"https:\/\/www.blogsoestado.com\/danielmatos\/15-dias-15-erros\/","og_locale":"pt_BR","og_type":"article","og_title":"15 dias, 15 erros - Daniel Matos","og_description":"O governo Fl\u00e1vio Dino completou ontem seus primeiros 15 dias, per\u00edodo marcado muito mais por discursos inaplic\u00e1veis, lamenta\u00e7\u00f5es e erros [&hellip;]","og_url":"https:\/\/www.blogsoestado.com\/danielmatos\/15-dias-15-erros\/","og_site_name":"Daniel Matos","article_published_time":"2015-01-16T15:27:56+00:00","og_image":[{"url":"https:\/\/www.blogsoestado.com\/danielmatos\/files\/2015\/01\/dino-posse-erros.jpg","type":"","width":"","height":""}],"twitter_card":"summary_large_image","twitter_misc":{"Est. tempo de leitura":"7 minutos"},"schema":{"@context":"https:\/\/schema.org","@graph":[{"@type":"WebPage","@id":"https:\/\/www.blogsoestado.com\/danielmatos\/15-dias-15-erros\/","url":"https:\/\/www.blogsoestado.com\/danielmatos\/15-dias-15-erros\/","name":"15 dias, 15 erros - Daniel Matos","isPartOf":{"@id":"https:\/\/www.blogsoestado.com\/danielmatos\/#website"},"primaryImageOfPage":{"@id":"https:\/\/www.blogsoestado.com\/danielmatos\/15-dias-15-erros\/#primaryimage"},"image":{"@id":"https:\/\/www.blogsoestado.com\/danielmatos\/15-dias-15-erros\/#primaryimage"},"thumbnailUrl":"https:\/\/www.blogsoestado.com\/danielmatos\/files\/2015\/01\/dino-posse-erros.jpg","datePublished":"2015-01-16T15:27:56+00:00","author":{"@id":""},"breadcrumb":{"@id":"https:\/\/www.blogsoestado.com\/danielmatos\/15-dias-15-erros\/#breadcrumb"},"inLanguage":"pt-BR","potentialAction":[{"@type":"ReadAction","target":["https:\/\/www.blogsoestado.com\/danielmatos\/15-dias-15-erros\/"]}]},{"@type":"ImageObject","inLanguage":"pt-BR","@id":"https:\/\/www.blogsoestado.com\/danielmatos\/15-dias-15-erros\/#primaryimage","url":"https:\/\/www.blogsoestado.com\/danielmatos\/files\/2015\/01\/dino-posse-erros.jpg","contentUrl":"https:\/\/www.blogsoestado.com\/danielmatos\/files\/2015\/01\/dino-posse-erros.jpg"},{"@type":"BreadcrumbList","@id":"https:\/\/www.blogsoestado.com\/danielmatos\/15-dias-15-erros\/#breadcrumb","itemListElement":[{"@type":"ListItem","position":1,"name":"In\u00edcio","item":"https:\/\/www.blogsoestado.com\/danielmatos\/"},{"@type":"ListItem","position":2,"name":"15 dias, 15 erros"}]},{"@type":"WebSite","@id":"https:\/\/www.blogsoestado.com\/danielmatos\/#website","url":"https:\/\/www.blogsoestado.com\/danielmatos\/","name":"Daniel Matos","description":"","potentialAction":[{"@type":"SearchAction","target":{"@type":"EntryPoint","urlTemplate":"https:\/\/www.blogsoestado.com\/danielmatos\/?s={search_term_string}"},"query-input":{"@type":"PropertyValueSpecification","valueRequired":true,"valueName":"search_term_string"}}],"inLanguage":"pt-BR"}]}},"jetpack_featured_media_url":"","_links":{"self":[{"href":"https:\/\/www.blogsoestado.com\/danielmatos\/wp-json\/wp\/v2\/posts\/21650","targetHints":{"allow":["GET"]}}],"collection":[{"href":"https:\/\/www.blogsoestado.com\/danielmatos\/wp-json\/wp\/v2\/posts"}],"about":[{"href":"https:\/\/www.blogsoestado.com\/danielmatos\/wp-json\/wp\/v2\/types\/post"}],"replies":[{"embeddable":true,"href":"https:\/\/www.blogsoestado.com\/danielmatos\/wp-json\/wp\/v2\/comments?post=21650"}],"version-history":[{"count":0,"href":"https:\/\/www.blogsoestado.com\/danielmatos\/wp-json\/wp\/v2\/posts\/21650\/revisions"}],"wp:attachment":[{"href":"https:\/\/www.blogsoestado.com\/danielmatos\/wp-json\/wp\/v2\/media?parent=21650"}],"wp:term":[{"taxonomy":"category","embeddable":true,"href":"https:\/\/www.blogsoestado.com\/danielmatos\/wp-json\/wp\/v2\/categories?post=21650"},{"taxonomy":"post_tag","embeddable":true,"href":"https:\/\/www.blogsoestado.com\/danielmatos\/wp-json\/wp\/v2\/tags?post=21650"}],"curies":[{"name":"wp","href":"https:\/\/api.w.org\/{rel}","templated":true}]}}