{"id":21659,"date":"2015-01-16T16:04:11","date_gmt":"2015-01-16T19:04:11","guid":{"rendered":"https:\/\/www.blogsoestado.com\/danielmatos\/?p=21659"},"modified":"2015-01-16T16:04:11","modified_gmt":"2015-01-16T19:04:11","slug":"prefeitura-de-paco-do-lumiar-conclui-obras-do-corredor-interbairros","status":"publish","type":"post","link":"https:\/\/www.blogsoestado.com\/danielmatos\/prefeitura-de-paco-do-lumiar-conclui-obras-do-corredor-interbairros\/","title":{"rendered":"Prefeitura de Pa\u00e7o do Lumiar conclui obras do Corredor Interbairros"},"content":{"rendered":"<figure id=\"attachment_21660\" aria-describedby=\"caption-attachment-21660\" style=\"width: 448px\" class=\"wp-caption alignright\"><a href=\"https:\/\/www.blogsoestado.com\/danielmatos\/files\/2015\/01\/josemar-corredor.jpg\"><img fetchpriority=\"high\" decoding=\"async\" class=\"size-full wp-image-21660\" src=\"https:\/\/www.blogsoestado.com\/danielmatos\/files\/2015\/01\/josemar-corredor.jpg\" alt=\"Prefeito Josemar percorre trecho do Corredor Interbairros\" width=\"448\" height=\"299\" \/><\/a><figcaption id=\"caption-attachment-21660\" class=\"wp-caption-text\">Prefeito Josemar Sobreiro percorre trecho do Corredor Interbairros<\/figcaption><\/figure>\n<p>A via com dois quil\u00f4metros novos de asfaltamento \u00e9 mais uma grande obra da administra\u00e7\u00e3o do prefeito professor Josemar Sobreiro (PR). O corredor entregue \u00e0 popula\u00e7\u00e3o no anivers\u00e1rio da cidade \u2013 14 de janeiro \u2013 \u00e9 uma alternativa de tr\u00e1fego entre MA 201 \u2013 Estrada de Ribamar, e a MA 204.<\/p>\n<p>O percurso feito de carro, em apenas cinco minutos entre as duas rodovias, passa pelos conjuntos, Maiob\u00e3o, Paran\u00e3, Vila Cafeteira, conjunto Habitar, Roseana Sarney, e Zumbi dos Palmares.<\/p>\n<p>O Corredor Interbairros beneficiar\u00e1 o transporte coletivo e escolar da regi\u00e3o, e ainda aos usu\u00e1rios dos servi\u00e7os de sa\u00fade localizados na Sede de Pa\u00e7o do Lumiar, e trabalhadores.<\/p>\n<figure id=\"attachment_21661\" aria-describedby=\"caption-attachment-21661\" style=\"width: 448px\" class=\"wp-caption alignleft\"><a href=\"https:\/\/www.blogsoestado.com\/danielmatos\/files\/2015\/01\/josemar-corredor2.jpg\"><img decoding=\"async\" class=\"size-full wp-image-21661\" src=\"https:\/\/www.blogsoestado.com\/danielmatos\/files\/2015\/01\/josemar-corredor2.jpg\" alt=\"O percurso feito de carro, em apenas cinco minutos entre as duas rodovias\" width=\"448\" height=\"299\" \/><\/a><figcaption id=\"caption-attachment-21661\" class=\"wp-caption-text\">Tempo gasto\u00a0de carro entre as rodovias MA-201 e MA-204 \u00e9 de apenas 5 minutos<\/figcaption><\/figure>\n<p>De acordo com o prefeito Josemar, a pr\u00f3xima medida ser\u00e1 estabelecer junto ao Governo do Estado, uma linha de \u00f4nibus entre a Maiob\u00e3o e o centro de Pa\u00e7o do Lumiar, sem a necessidade do pagamento de v\u00e1rias passagens.<\/p>\n<p><strong>Mais<\/strong><\/p>\n<p>A Prefeitura de Pa\u00e7o do Lumiar, por meio da Secretaria de Infraestrutura, Urbanismo, Transito e Transporte (Sinfra) realiza, em todo munic\u00edpio, servi\u00e7os de recomposi\u00e7\u00e3o da camada asf\u00e1ltica, tapa-buracos e melhorias na trafegabilidade, no conjunto Maiob\u00e3o, Sede, S\u00edtio Grande e Pir\u00e2mide.<\/p>\n<p>Os servi\u00e7os chegar\u00e3o, ainda, aos conjuntos Tamba\u00fa, Caiar\u00e9 Residencial Safira, Saramanta, Vila Nova Jerusal\u00e9m, Cotovelo e Pindoba.<\/p>\n","protected":false},"excerpt":{"rendered":"<p>A via com dois quil\u00f4metros novos de asfaltamento \u00e9 mais uma grande obra da administra\u00e7\u00e3o do prefeito professor Josemar Sobreiro [&hellip;]<\/p>\n","protected":false},"author":0,"featured_media":0,"comment_status":"open","ping_status":"open","sticky":false,"template":"","format":"standard","meta":{"site-sidebar-layout":"default","site-content-layout":"","ast-site-content-layout":"default","site-content-style":"default","site-sidebar-style":"default","ast-global-header-display":"","ast-banner-title-visibility":"","ast-main-header-display":"","ast-hfb-above-header-display":"","ast-hfb-below-header-display":"","ast-hfb-mobile-header-display":"","site-post-title":"","ast-breadcrumbs-content":"","ast-featured-img":"","footer-sml-layout":"","ast-disable-related-posts":"","theme-transparent-header-meta":"","adv-header-id-meta":"","stick-header-meta":"","header-above-stick-meta":"","header-main-stick-meta":"","header-below-stick-meta":"","astra-migrate-meta-layouts":"default","ast-page-background-enabled":"default","ast-page-background-meta":{"desktop":{"background-color":"var(--ast-global-color-5)","background-image":"","background-repeat":"repeat","background-position":"center center","background-size":"auto","background-attachment":"scroll","background-type":"","background-media":"","overlay-type":"","overlay-color":"","overlay-opacity":"","overlay-gradient":""},"tablet":{"background-color":"","background-image":"","background-repeat":"repeat","background-position":"center center","background-size":"auto","background-attachment":"scroll","background-type":"","background-media":"","overlay-type":"","overlay-color":"","overlay-opacity":"","overlay-gradient":""},"mobile":{"background-color":"","background-image":"","background-repeat":"repeat","background-position":"center center","background-size":"auto","background-attachment":"scroll","background-type":"","background-media":"","overlay-type":"","overlay-color":"","overlay-opacity":"","overlay-gradient":""}},"ast-content-background-meta":{"desktop":{"background-color":"var(--ast-global-color-4)","background-image":"","background-repeat":"repeat","background-position":"center center","background-size":"auto","background-attachment":"scroll","background-type":"","background-media":"","overlay-type":"","overlay-color":"","overlay-opacity":"","overlay-gradient":""},"tablet":{"background-color":"var(--ast-global-color-4)","background-image":"","background-repeat":"repeat","background-position":"center center","background-size":"auto","background-attachment":"scroll","background-type":"","background-media":"","overlay-type":"","overlay-color":"","overlay-opacity":"","overlay-gradient":""},"mobile":{"background-color":"var(--ast-global-color-4)","background-image":"","background-repeat":"repeat","background-position":"center center","background-size":"auto","background-attachment":"scroll","background-type":"","background-media":"","overlay-type":"","overlay-color":"","overlay-opacity":"","overlay-gradient":""}},"footnotes":""},"categories":[1],"tags":[],"class_list":["post-21659","post","type-post","status-publish","format-standard","hentry","category-sem-categoria"],"yoast_head":"<!-- This site is optimized with the Yoast SEO plugin v26.6 - https:\/\/yoast.com\/wordpress\/plugins\/seo\/ -->\n<title>Prefeitura de Pa\u00e7o do Lumiar conclui obras do Corredor Interbairros - Daniel Matos<\/title>\n<meta name=\"robots\" content=\"index, follow, max-snippet:-1, max-image-preview:large, max-video-preview:-1\" \/>\n<link rel=\"canonical\" href=\"https:\/\/www.blogsoestado.com\/danielmatos\/prefeitura-de-paco-do-lumiar-conclui-obras-do-corredor-interbairros\/\" \/>\n<meta property=\"og:locale\" content=\"pt_BR\" \/>\n<meta property=\"og:type\" content=\"article\" \/>\n<meta property=\"og:title\" content=\"Prefeitura de Pa\u00e7o do Lumiar conclui obras do Corredor Interbairros - Daniel Matos\" \/>\n<meta property=\"og:description\" content=\"A via com dois quil\u00f4metros novos de asfaltamento \u00e9 mais uma grande obra da administra\u00e7\u00e3o do prefeito professor Josemar Sobreiro [&hellip;]\" \/>\n<meta property=\"og:url\" content=\"https:\/\/www.blogsoestado.com\/danielmatos\/prefeitura-de-paco-do-lumiar-conclui-obras-do-corredor-interbairros\/\" \/>\n<meta property=\"og:site_name\" content=\"Daniel Matos\" \/>\n<meta property=\"article:published_time\" content=\"2015-01-16T19:04:11+00:00\" \/>\n<meta property=\"og:image\" content=\"https:\/\/www.blogsoestado.com\/danielmatos\/files\/2015\/01\/josemar-corredor.jpg\" \/>\n<meta name=\"twitter:card\" content=\"summary_large_image\" \/>\n<meta name=\"twitter:label1\" content=\"Est. tempo de leitura\" \/>\n\t<meta name=\"twitter:data1\" content=\"1 minuto\" \/>\n<script type=\"application\/ld+json\" class=\"yoast-schema-graph\">{\"@context\":\"https:\/\/schema.org\",\"@graph\":[{\"@type\":\"WebPage\",\"@id\":\"https:\/\/www.blogsoestado.com\/danielmatos\/prefeitura-de-paco-do-lumiar-conclui-obras-do-corredor-interbairros\/\",\"url\":\"https:\/\/www.blogsoestado.com\/danielmatos\/prefeitura-de-paco-do-lumiar-conclui-obras-do-corredor-interbairros\/\",\"name\":\"Prefeitura de Pa\u00e7o do Lumiar conclui obras do Corredor Interbairros - Daniel Matos\",\"isPartOf\":{\"@id\":\"https:\/\/www.blogsoestado.com\/danielmatos\/#website\"},\"primaryImageOfPage\":{\"@id\":\"https:\/\/www.blogsoestado.com\/danielmatos\/prefeitura-de-paco-do-lumiar-conclui-obras-do-corredor-interbairros\/#primaryimage\"},\"image\":{\"@id\":\"https:\/\/www.blogsoestado.com\/danielmatos\/prefeitura-de-paco-do-lumiar-conclui-obras-do-corredor-interbairros\/#primaryimage\"},\"thumbnailUrl\":\"https:\/\/www.blogsoestado.com\/danielmatos\/files\/2015\/01\/josemar-corredor.jpg\",\"datePublished\":\"2015-01-16T19:04:11+00:00\",\"author\":{\"@id\":\"\"},\"breadcrumb\":{\"@id\":\"https:\/\/www.blogsoestado.com\/danielmatos\/prefeitura-de-paco-do-lumiar-conclui-obras-do-corredor-interbairros\/#breadcrumb\"},\"inLanguage\":\"pt-BR\",\"potentialAction\":[{\"@type\":\"ReadAction\",\"target\":[\"https:\/\/www.blogsoestado.com\/danielmatos\/prefeitura-de-paco-do-lumiar-conclui-obras-do-corredor-interbairros\/\"]}]},{\"@type\":\"ImageObject\",\"inLanguage\":\"pt-BR\",\"@id\":\"https:\/\/www.blogsoestado.com\/danielmatos\/prefeitura-de-paco-do-lumiar-conclui-obras-do-corredor-interbairros\/#primaryimage\",\"url\":\"https:\/\/www.blogsoestado.com\/danielmatos\/files\/2015\/01\/josemar-corredor.jpg\",\"contentUrl\":\"https:\/\/www.blogsoestado.com\/danielmatos\/files\/2015\/01\/josemar-corredor.jpg\"},{\"@type\":\"BreadcrumbList\",\"@id\":\"https:\/\/www.blogsoestado.com\/danielmatos\/prefeitura-de-paco-do-lumiar-conclui-obras-do-corredor-interbairros\/#breadcrumb\",\"itemListElement\":[{\"@type\":\"ListItem\",\"position\":1,\"name\":\"In\u00edcio\",\"item\":\"https:\/\/www.blogsoestado.com\/danielmatos\/\"},{\"@type\":\"ListItem\",\"position\":2,\"name\":\"Prefeitura de Pa\u00e7o do Lumiar conclui obras do Corredor Interbairros\"}]},{\"@type\":\"WebSite\",\"@id\":\"https:\/\/www.blogsoestado.com\/danielmatos\/#website\",\"url\":\"https:\/\/www.blogsoestado.com\/danielmatos\/\",\"name\":\"Daniel Matos\",\"description\":\"\",\"potentialAction\":[{\"@type\":\"SearchAction\",\"target\":{\"@type\":\"EntryPoint\",\"urlTemplate\":\"https:\/\/www.blogsoestado.com\/danielmatos\/?s={search_term_string}\"},\"query-input\":{\"@type\":\"PropertyValueSpecification\",\"valueRequired\":true,\"valueName\":\"search_term_string\"}}],\"inLanguage\":\"pt-BR\"}]}<\/script>\n<!-- \/ Yoast SEO plugin. -->","yoast_head_json":{"title":"Prefeitura de Pa\u00e7o do Lumiar conclui obras do Corredor Interbairros - Daniel Matos","robots":{"index":"index","follow":"follow","max-snippet":"max-snippet:-1","max-image-preview":"max-image-preview:large","max-video-preview":"max-video-preview:-1"},"canonical":"https:\/\/www.blogsoestado.com\/danielmatos\/prefeitura-de-paco-do-lumiar-conclui-obras-do-corredor-interbairros\/","og_locale":"pt_BR","og_type":"article","og_title":"Prefeitura de Pa\u00e7o do Lumiar conclui obras do Corredor Interbairros - Daniel Matos","og_description":"A via com dois quil\u00f4metros novos de asfaltamento \u00e9 mais uma grande obra da administra\u00e7\u00e3o do prefeito professor Josemar Sobreiro [&hellip;]","og_url":"https:\/\/www.blogsoestado.com\/danielmatos\/prefeitura-de-paco-do-lumiar-conclui-obras-do-corredor-interbairros\/","og_site_name":"Daniel Matos","article_published_time":"2015-01-16T19:04:11+00:00","og_image":[{"url":"https:\/\/www.blogsoestado.com\/danielmatos\/files\/2015\/01\/josemar-corredor.jpg","type":"","width":"","height":""}],"twitter_card":"summary_large_image","twitter_misc":{"Est. tempo de leitura":"1 minuto"},"schema":{"@context":"https:\/\/schema.org","@graph":[{"@type":"WebPage","@id":"https:\/\/www.blogsoestado.com\/danielmatos\/prefeitura-de-paco-do-lumiar-conclui-obras-do-corredor-interbairros\/","url":"https:\/\/www.blogsoestado.com\/danielmatos\/prefeitura-de-paco-do-lumiar-conclui-obras-do-corredor-interbairros\/","name":"Prefeitura de Pa\u00e7o do Lumiar conclui obras do Corredor Interbairros - Daniel Matos","isPartOf":{"@id":"https:\/\/www.blogsoestado.com\/danielmatos\/#website"},"primaryImageOfPage":{"@id":"https:\/\/www.blogsoestado.com\/danielmatos\/prefeitura-de-paco-do-lumiar-conclui-obras-do-corredor-interbairros\/#primaryimage"},"image":{"@id":"https:\/\/www.blogsoestado.com\/danielmatos\/prefeitura-de-paco-do-lumiar-conclui-obras-do-corredor-interbairros\/#primaryimage"},"thumbnailUrl":"https:\/\/www.blogsoestado.com\/danielmatos\/files\/2015\/01\/josemar-corredor.jpg","datePublished":"2015-01-16T19:04:11+00:00","author":{"@id":""},"breadcrumb":{"@id":"https:\/\/www.blogsoestado.com\/danielmatos\/prefeitura-de-paco-do-lumiar-conclui-obras-do-corredor-interbairros\/#breadcrumb"},"inLanguage":"pt-BR","potentialAction":[{"@type":"ReadAction","target":["https:\/\/www.blogsoestado.com\/danielmatos\/prefeitura-de-paco-do-lumiar-conclui-obras-do-corredor-interbairros\/"]}]},{"@type":"ImageObject","inLanguage":"pt-BR","@id":"https:\/\/www.blogsoestado.com\/danielmatos\/prefeitura-de-paco-do-lumiar-conclui-obras-do-corredor-interbairros\/#primaryimage","url":"https:\/\/www.blogsoestado.com\/danielmatos\/files\/2015\/01\/josemar-corredor.jpg","contentUrl":"https:\/\/www.blogsoestado.com\/danielmatos\/files\/2015\/01\/josemar-corredor.jpg"},{"@type":"BreadcrumbList","@id":"https:\/\/www.blogsoestado.com\/danielmatos\/prefeitura-de-paco-do-lumiar-conclui-obras-do-corredor-interbairros\/#breadcrumb","itemListElement":[{"@type":"ListItem","position":1,"name":"In\u00edcio","item":"https:\/\/www.blogsoestado.com\/danielmatos\/"},{"@type":"ListItem","position":2,"name":"Prefeitura de Pa\u00e7o do Lumiar conclui obras do Corredor Interbairros"}]},{"@type":"WebSite","@id":"https:\/\/www.blogsoestado.com\/danielmatos\/#website","url":"https:\/\/www.blogsoestado.com\/danielmatos\/","name":"Daniel Matos","description":"","potentialAction":[{"@type":"SearchAction","target":{"@type":"EntryPoint","urlTemplate":"https:\/\/www.blogsoestado.com\/danielmatos\/?s={search_term_string}"},"query-input":{"@type":"PropertyValueSpecification","valueRequired":true,"valueName":"search_term_string"}}],"inLanguage":"pt-BR"}]}},"jetpack_featured_media_url":"","_links":{"self":[{"href":"https:\/\/www.blogsoestado.com\/danielmatos\/wp-json\/wp\/v2\/posts\/21659","targetHints":{"allow":["GET"]}}],"collection":[{"href":"https:\/\/www.blogsoestado.com\/danielmatos\/wp-json\/wp\/v2\/posts"}],"about":[{"href":"https:\/\/www.blogsoestado.com\/danielmatos\/wp-json\/wp\/v2\/types\/post"}],"replies":[{"embeddable":true,"href":"https:\/\/www.blogsoestado.com\/danielmatos\/wp-json\/wp\/v2\/comments?post=21659"}],"version-history":[{"count":0,"href":"https:\/\/www.blogsoestado.com\/danielmatos\/wp-json\/wp\/v2\/posts\/21659\/revisions"}],"wp:attachment":[{"href":"https:\/\/www.blogsoestado.com\/danielmatos\/wp-json\/wp\/v2\/media?parent=21659"}],"wp:term":[{"taxonomy":"category","embeddable":true,"href":"https:\/\/www.blogsoestado.com\/danielmatos\/wp-json\/wp\/v2\/categories?post=21659"},{"taxonomy":"post_tag","embeddable":true,"href":"https:\/\/www.blogsoestado.com\/danielmatos\/wp-json\/wp\/v2\/tags?post=21659"}],"curies":[{"name":"wp","href":"https:\/\/api.w.org\/{rel}","templated":true}]}}