{"id":21666,"date":"2015-01-16T17:06:11","date_gmt":"2015-01-16T20:06:11","guid":{"rendered":"https:\/\/www.blogsoestado.com\/danielmatos\/?p=21666"},"modified":"2015-01-16T17:06:11","modified_gmt":"2015-01-16T20:06:11","slug":"ministro-dos-esportes-vai-inaugurar-pista-olimpica-de-atletismo-da-ufma","status":"publish","type":"post","link":"https:\/\/www.blogsoestado.com\/danielmatos\/ministro-dos-esportes-vai-inaugurar-pista-olimpica-de-atletismo-da-ufma\/","title":{"rendered":"Ministro dos Esportes vai inaugurar pista ol\u00edmpica de atletismo da UFMA"},"content":{"rendered":"<figure id=\"attachment_21667\" aria-describedby=\"caption-attachment-21667\" style=\"width: 640px\" class=\"wp-caption aligncenter\"><a href=\"https:\/\/www.blogsoestado.com\/danielmatos\/files\/2015\/01\/ministro-esporte-ufma.jpg\"><img fetchpriority=\"high\" decoding=\"async\" class=\"size-full wp-image-21667\" src=\"https:\/\/www.blogsoestado.com\/danielmatos\/files\/2015\/01\/ministro-esporte-ufma.jpg\" alt=\" Reitor Natalino Salgado; ministro de esporte, George Hilton; Secret\u00e1rio de Estado do Esporte, M\u00e1rcio Jardim; Secret\u00e1rio Nacional de Esporte de Alto Rendimento, Ricardo Leyser Gon\u00e7alves e a Secret\u00e1ria-adjunta da Sedel, Joslea Rodrigues\" width=\"640\" height=\"427\" \/><\/a><figcaption id=\"caption-attachment-21667\" class=\"wp-caption-text\">Reitor Natalino Salgado; ministro dos\u00a0Esportes, George Hilton; secret\u00e1rio M\u00e1rcio Jardim; secret\u00e1rio Nacional de Esporte de Alto Rendimento, Ricardo Leyser Gon\u00e7alves; e a secret\u00e1ria-adjunta da Sedel, Joslea Rodrigues<\/figcaption><\/figure>\n<p><strong>Bras\u00edlia \u2013<\/strong> O reitor Natalino Salgado se reuniu na tarde de ontem, 15, com o ministro do Esporte, George Hilton, para tratar de a\u00e7\u00f5es que ampliem e incentivem o esporte universit\u00e1rio no Estado. Na reuni\u00e3o ficou acertado que o ministro visitar\u00e1 a UFMA quando de sua vinda ao Maranh\u00e3o para participar do Encontro de Secret\u00e1rios Estaduais de Esporte, que acontece entre os dias 5 e 6 de fevereiro, em S\u00e3o Lu\u00eds.<\/p>\n<p>Na ocasi\u00e3o, o ministro far\u00e1 a inaugura\u00e7\u00e3o da pista de atletismo da UFMA, capaz de abrigar qualquer tipo de competi\u00e7\u00e3o. A pista, no mesmo padr\u00e3o da utilizada nas olimp\u00edadas de Londres, foi constru\u00edda com recursos no valor de seis milh\u00f5es do Minist\u00e9rio do Esporte, possui quatrocentos metros de comprimento e dez de largura. O equipamento faz parte de um conjunto de obras que correspondem ao legado que os Jogos Ol\u00edmpicos de 2016 pretendem deixar na infraestrutura do esporte brasileiro.<\/p>\n<p>Segundo Natalino Salgado, os investimentos, tanto do Minist\u00e9rio da Educa\u00e7\u00e3o quanto do Minist\u00e9rio do Esporte, modificaram de forma positiva a realidade do esporte na Universidade. \u201cA pista tem padr\u00f5es internacionais e se somar\u00e1 \u00e0s demais estruturas que j\u00e1 dispomos na UFMA. Al\u00e9m do atletismo, diversas modalidades foram dinamizadas com a reforma do n\u00facleo de esportes, das quadras poliesportivas, da piscina semi-ol\u00edmpica, bem como com a aquisi\u00e7\u00e3o de equipamentos necess\u00e1rios para a pr\u00e1tica desportiva e paradesportiva. Conv\u00e9m destacar que, para tanto, tivemos o incondicional apoio do governador Fl\u00e1vio Dino que se empenhou pessoalmente para a libera\u00e7\u00e3o dos recursos\u201d, enfatizou.<\/p>\n<p><strong>Bacharelado em Educa\u00e7\u00e3o F\u00edsica<\/strong><\/p>\n<p>O curso de Educa\u00e7\u00e3o F\u00edsica tamb\u00e9m ganhou com a implanta\u00e7\u00e3o do bacharelado, que formar\u00e1 profissionais empenhados em desenvolver atletas de alto rendimento no Maranh\u00e3o. Com toda essa estrutura, a UFMA espera a aprova\u00e7\u00e3o do mestrado em Educa\u00e7\u00e3o F\u00edsica, que j\u00e1 est\u00e1 em an\u00e1lise pela Coordena\u00e7\u00e3o de Aperfei\u00e7oamento de Pessoa de N\u00edvel Superior.<\/p>\n<p>A pista de atletismo possui um formato de meia-lua com caixas de areia para saltos \u00e0 dist\u00e2ncia e triplo. De acordo com o coordenador do curso de Educa\u00e7\u00e3o F\u00edsica, e professor respons\u00e1vel pela disciplina de atletismo, Alex Bezerra, esta pista \u00e9 um sonho realizado. \u201cOs benef\u00edcios s\u00e3o incont\u00e1veis, porque com a certifica\u00e7\u00e3o classe dois que ela obteve pela Associa\u00e7\u00e3o Internacional das Federa\u00e7\u00f5es de Atletismo, poderemos registrar os recordes dos atletas\u201d, contou, acrescentando que a pista obedece a padr\u00f5es ol\u00edmpicos e foi importada da Noruega.<\/p>\n<p>Tamb\u00e9m estiveram presentes na reuni\u00e3o o secret\u00e1rio executivo do Minist\u00e9rio de Esportes, Ricardo Laser, o secret\u00e1rio de Estado do Esporte e Lazer, M\u00e1rcio Jardim e a secret\u00e1ria-adjunta da Sedel, Joslea Rodrigues.<\/p>\n","protected":false},"excerpt":{"rendered":"<p>Bras\u00edlia \u2013 O reitor Natalino Salgado se reuniu na tarde de ontem, 15, com o ministro do Esporte, George Hilton, [&hellip;]<\/p>\n","protected":false},"author":0,"featured_media":0,"comment_status":"open","ping_status":"open","sticky":false,"template":"","format":"standard","meta":{"site-sidebar-layout":"default","site-content-layout":"","ast-site-content-layout":"default","site-content-style":"default","site-sidebar-style":"default","ast-global-header-display":"","ast-banner-title-visibility":"","ast-main-header-display":"","ast-hfb-above-header-display":"","ast-hfb-below-header-display":"","ast-hfb-mobile-header-display":"","site-post-title":"","ast-breadcrumbs-content":"","ast-featured-img":"","footer-sml-layout":"","ast-disable-related-posts":"","theme-transparent-header-meta":"","adv-header-id-meta":"","stick-header-meta":"","header-above-stick-meta":"","header-main-stick-meta":"","header-below-stick-meta":"","astra-migrate-meta-layouts":"default","ast-page-background-enabled":"default","ast-page-background-meta":{"desktop":{"background-color":"var(--ast-global-color-5)","background-image":"","background-repeat":"repeat","background-position":"center center","background-size":"auto","background-attachment":"scroll","background-type":"","background-media":"","overlay-type":"","overlay-color":"","overlay-opacity":"","overlay-gradient":""},"tablet":{"background-color":"","background-image":"","background-repeat":"repeat","background-position":"center center","background-size":"auto","background-attachment":"scroll","background-type":"","background-media":"","overlay-type":"","overlay-color":"","overlay-opacity":"","overlay-gradient":""},"mobile":{"background-color":"","background-image":"","background-repeat":"repeat","background-position":"center center","background-size":"auto","background-attachment":"scroll","background-type":"","background-media":"","overlay-type":"","overlay-color":"","overlay-opacity":"","overlay-gradient":""}},"ast-content-background-meta":{"desktop":{"background-color":"var(--ast-global-color-4)","background-image":"","background-repeat":"repeat","background-position":"center center","background-size":"auto","background-attachment":"scroll","background-type":"","background-media":"","overlay-type":"","overlay-color":"","overlay-opacity":"","overlay-gradient":""},"tablet":{"background-color":"var(--ast-global-color-4)","background-image":"","background-repeat":"repeat","background-position":"center center","background-size":"auto","background-attachment":"scroll","background-type":"","background-media":"","overlay-type":"","overlay-color":"","overlay-opacity":"","overlay-gradient":""},"mobile":{"background-color":"var(--ast-global-color-4)","background-image":"","background-repeat":"repeat","background-position":"center center","background-size":"auto","background-attachment":"scroll","background-type":"","background-media":"","overlay-type":"","overlay-color":"","overlay-opacity":"","overlay-gradient":""}},"footnotes":""},"categories":[1],"tags":[],"class_list":["post-21666","post","type-post","status-publish","format-standard","hentry","category-sem-categoria"],"yoast_head":"<!-- This site is optimized with the Yoast SEO plugin v26.6 - https:\/\/yoast.com\/wordpress\/plugins\/seo\/ -->\n<title>Ministro dos Esportes vai inaugurar pista ol\u00edmpica de atletismo da UFMA - Daniel Matos<\/title>\n<meta name=\"robots\" content=\"index, follow, max-snippet:-1, max-image-preview:large, max-video-preview:-1\" \/>\n<link rel=\"canonical\" href=\"https:\/\/www.blogsoestado.com\/danielmatos\/ministro-dos-esportes-vai-inaugurar-pista-olimpica-de-atletismo-da-ufma\/\" \/>\n<meta property=\"og:locale\" content=\"pt_BR\" \/>\n<meta property=\"og:type\" content=\"article\" \/>\n<meta property=\"og:title\" content=\"Ministro dos Esportes vai inaugurar pista ol\u00edmpica de atletismo da UFMA - Daniel Matos\" \/>\n<meta property=\"og:description\" content=\"Bras\u00edlia \u2013 O reitor Natalino Salgado se reuniu na tarde de ontem, 15, com o ministro do Esporte, George Hilton, [&hellip;]\" \/>\n<meta property=\"og:url\" content=\"https:\/\/www.blogsoestado.com\/danielmatos\/ministro-dos-esportes-vai-inaugurar-pista-olimpica-de-atletismo-da-ufma\/\" \/>\n<meta property=\"og:site_name\" content=\"Daniel Matos\" \/>\n<meta property=\"article:published_time\" content=\"2015-01-16T20:06:11+00:00\" \/>\n<meta property=\"og:image\" content=\"https:\/\/www.blogsoestado.com\/danielmatos\/files\/2015\/01\/ministro-esporte-ufma.jpg\" \/>\n<meta name=\"twitter:card\" content=\"summary_large_image\" \/>\n<meta name=\"twitter:label1\" content=\"Est. tempo de leitura\" \/>\n\t<meta name=\"twitter:data1\" content=\"3 minutos\" \/>\n<script type=\"application\/ld+json\" class=\"yoast-schema-graph\">{\"@context\":\"https:\/\/schema.org\",\"@graph\":[{\"@type\":\"WebPage\",\"@id\":\"https:\/\/www.blogsoestado.com\/danielmatos\/ministro-dos-esportes-vai-inaugurar-pista-olimpica-de-atletismo-da-ufma\/\",\"url\":\"https:\/\/www.blogsoestado.com\/danielmatos\/ministro-dos-esportes-vai-inaugurar-pista-olimpica-de-atletismo-da-ufma\/\",\"name\":\"Ministro dos Esportes vai inaugurar pista ol\u00edmpica de atletismo da UFMA - Daniel Matos\",\"isPartOf\":{\"@id\":\"https:\/\/www.blogsoestado.com\/danielmatos\/#website\"},\"primaryImageOfPage\":{\"@id\":\"https:\/\/www.blogsoestado.com\/danielmatos\/ministro-dos-esportes-vai-inaugurar-pista-olimpica-de-atletismo-da-ufma\/#primaryimage\"},\"image\":{\"@id\":\"https:\/\/www.blogsoestado.com\/danielmatos\/ministro-dos-esportes-vai-inaugurar-pista-olimpica-de-atletismo-da-ufma\/#primaryimage\"},\"thumbnailUrl\":\"https:\/\/www.blogsoestado.com\/danielmatos\/files\/2015\/01\/ministro-esporte-ufma.jpg\",\"datePublished\":\"2015-01-16T20:06:11+00:00\",\"author\":{\"@id\":\"\"},\"breadcrumb\":{\"@id\":\"https:\/\/www.blogsoestado.com\/danielmatos\/ministro-dos-esportes-vai-inaugurar-pista-olimpica-de-atletismo-da-ufma\/#breadcrumb\"},\"inLanguage\":\"pt-BR\",\"potentialAction\":[{\"@type\":\"ReadAction\",\"target\":[\"https:\/\/www.blogsoestado.com\/danielmatos\/ministro-dos-esportes-vai-inaugurar-pista-olimpica-de-atletismo-da-ufma\/\"]}]},{\"@type\":\"ImageObject\",\"inLanguage\":\"pt-BR\",\"@id\":\"https:\/\/www.blogsoestado.com\/danielmatos\/ministro-dos-esportes-vai-inaugurar-pista-olimpica-de-atletismo-da-ufma\/#primaryimage\",\"url\":\"https:\/\/www.blogsoestado.com\/danielmatos\/files\/2015\/01\/ministro-esporte-ufma.jpg\",\"contentUrl\":\"https:\/\/www.blogsoestado.com\/danielmatos\/files\/2015\/01\/ministro-esporte-ufma.jpg\"},{\"@type\":\"BreadcrumbList\",\"@id\":\"https:\/\/www.blogsoestado.com\/danielmatos\/ministro-dos-esportes-vai-inaugurar-pista-olimpica-de-atletismo-da-ufma\/#breadcrumb\",\"itemListElement\":[{\"@type\":\"ListItem\",\"position\":1,\"name\":\"In\u00edcio\",\"item\":\"https:\/\/www.blogsoestado.com\/danielmatos\/\"},{\"@type\":\"ListItem\",\"position\":2,\"name\":\"Ministro dos Esportes vai inaugurar pista ol\u00edmpica de atletismo da UFMA\"}]},{\"@type\":\"WebSite\",\"@id\":\"https:\/\/www.blogsoestado.com\/danielmatos\/#website\",\"url\":\"https:\/\/www.blogsoestado.com\/danielmatos\/\",\"name\":\"Daniel Matos\",\"description\":\"\",\"potentialAction\":[{\"@type\":\"SearchAction\",\"target\":{\"@type\":\"EntryPoint\",\"urlTemplate\":\"https:\/\/www.blogsoestado.com\/danielmatos\/?s={search_term_string}\"},\"query-input\":{\"@type\":\"PropertyValueSpecification\",\"valueRequired\":true,\"valueName\":\"search_term_string\"}}],\"inLanguage\":\"pt-BR\"}]}<\/script>\n<!-- \/ Yoast SEO plugin. -->","yoast_head_json":{"title":"Ministro dos Esportes vai inaugurar pista ol\u00edmpica de atletismo da UFMA - Daniel Matos","robots":{"index":"index","follow":"follow","max-snippet":"max-snippet:-1","max-image-preview":"max-image-preview:large","max-video-preview":"max-video-preview:-1"},"canonical":"https:\/\/www.blogsoestado.com\/danielmatos\/ministro-dos-esportes-vai-inaugurar-pista-olimpica-de-atletismo-da-ufma\/","og_locale":"pt_BR","og_type":"article","og_title":"Ministro dos Esportes vai inaugurar pista ol\u00edmpica de atletismo da UFMA - Daniel Matos","og_description":"Bras\u00edlia \u2013 O reitor Natalino Salgado se reuniu na tarde de ontem, 15, com o ministro do Esporte, George Hilton, [&hellip;]","og_url":"https:\/\/www.blogsoestado.com\/danielmatos\/ministro-dos-esportes-vai-inaugurar-pista-olimpica-de-atletismo-da-ufma\/","og_site_name":"Daniel Matos","article_published_time":"2015-01-16T20:06:11+00:00","og_image":[{"url":"https:\/\/www.blogsoestado.com\/danielmatos\/files\/2015\/01\/ministro-esporte-ufma.jpg","type":"","width":"","height":""}],"twitter_card":"summary_large_image","twitter_misc":{"Est. tempo de leitura":"3 minutos"},"schema":{"@context":"https:\/\/schema.org","@graph":[{"@type":"WebPage","@id":"https:\/\/www.blogsoestado.com\/danielmatos\/ministro-dos-esportes-vai-inaugurar-pista-olimpica-de-atletismo-da-ufma\/","url":"https:\/\/www.blogsoestado.com\/danielmatos\/ministro-dos-esportes-vai-inaugurar-pista-olimpica-de-atletismo-da-ufma\/","name":"Ministro dos Esportes vai inaugurar pista ol\u00edmpica de atletismo da UFMA - Daniel Matos","isPartOf":{"@id":"https:\/\/www.blogsoestado.com\/danielmatos\/#website"},"primaryImageOfPage":{"@id":"https:\/\/www.blogsoestado.com\/danielmatos\/ministro-dos-esportes-vai-inaugurar-pista-olimpica-de-atletismo-da-ufma\/#primaryimage"},"image":{"@id":"https:\/\/www.blogsoestado.com\/danielmatos\/ministro-dos-esportes-vai-inaugurar-pista-olimpica-de-atletismo-da-ufma\/#primaryimage"},"thumbnailUrl":"https:\/\/www.blogsoestado.com\/danielmatos\/files\/2015\/01\/ministro-esporte-ufma.jpg","datePublished":"2015-01-16T20:06:11+00:00","author":{"@id":""},"breadcrumb":{"@id":"https:\/\/www.blogsoestado.com\/danielmatos\/ministro-dos-esportes-vai-inaugurar-pista-olimpica-de-atletismo-da-ufma\/#breadcrumb"},"inLanguage":"pt-BR","potentialAction":[{"@type":"ReadAction","target":["https:\/\/www.blogsoestado.com\/danielmatos\/ministro-dos-esportes-vai-inaugurar-pista-olimpica-de-atletismo-da-ufma\/"]}]},{"@type":"ImageObject","inLanguage":"pt-BR","@id":"https:\/\/www.blogsoestado.com\/danielmatos\/ministro-dos-esportes-vai-inaugurar-pista-olimpica-de-atletismo-da-ufma\/#primaryimage","url":"https:\/\/www.blogsoestado.com\/danielmatos\/files\/2015\/01\/ministro-esporte-ufma.jpg","contentUrl":"https:\/\/www.blogsoestado.com\/danielmatos\/files\/2015\/01\/ministro-esporte-ufma.jpg"},{"@type":"BreadcrumbList","@id":"https:\/\/www.blogsoestado.com\/danielmatos\/ministro-dos-esportes-vai-inaugurar-pista-olimpica-de-atletismo-da-ufma\/#breadcrumb","itemListElement":[{"@type":"ListItem","position":1,"name":"In\u00edcio","item":"https:\/\/www.blogsoestado.com\/danielmatos\/"},{"@type":"ListItem","position":2,"name":"Ministro dos Esportes vai inaugurar pista ol\u00edmpica de atletismo da UFMA"}]},{"@type":"WebSite","@id":"https:\/\/www.blogsoestado.com\/danielmatos\/#website","url":"https:\/\/www.blogsoestado.com\/danielmatos\/","name":"Daniel Matos","description":"","potentialAction":[{"@type":"SearchAction","target":{"@type":"EntryPoint","urlTemplate":"https:\/\/www.blogsoestado.com\/danielmatos\/?s={search_term_string}"},"query-input":{"@type":"PropertyValueSpecification","valueRequired":true,"valueName":"search_term_string"}}],"inLanguage":"pt-BR"}]}},"jetpack_featured_media_url":"","_links":{"self":[{"href":"https:\/\/www.blogsoestado.com\/danielmatos\/wp-json\/wp\/v2\/posts\/21666","targetHints":{"allow":["GET"]}}],"collection":[{"href":"https:\/\/www.blogsoestado.com\/danielmatos\/wp-json\/wp\/v2\/posts"}],"about":[{"href":"https:\/\/www.blogsoestado.com\/danielmatos\/wp-json\/wp\/v2\/types\/post"}],"replies":[{"embeddable":true,"href":"https:\/\/www.blogsoestado.com\/danielmatos\/wp-json\/wp\/v2\/comments?post=21666"}],"version-history":[{"count":0,"href":"https:\/\/www.blogsoestado.com\/danielmatos\/wp-json\/wp\/v2\/posts\/21666\/revisions"}],"wp:attachment":[{"href":"https:\/\/www.blogsoestado.com\/danielmatos\/wp-json\/wp\/v2\/media?parent=21666"}],"wp:term":[{"taxonomy":"category","embeddable":true,"href":"https:\/\/www.blogsoestado.com\/danielmatos\/wp-json\/wp\/v2\/categories?post=21666"},{"taxonomy":"post_tag","embeddable":true,"href":"https:\/\/www.blogsoestado.com\/danielmatos\/wp-json\/wp\/v2\/tags?post=21666"}],"curies":[{"name":"wp","href":"https:\/\/api.w.org\/{rel}","templated":true}]}}