{"id":21677,"date":"2015-01-18T11:32:32","date_gmt":"2015-01-18T14:32:32","guid":{"rendered":"https:\/\/www.blogsoestado.com\/danielmatos\/?p=21677"},"modified":"2015-01-18T11:32:32","modified_gmt":"2015-01-18T14:32:32","slug":"paraenses-sao-presos-com-15-celulares-furtados-em-show-de-axe-em-sao-luis","status":"publish","type":"post","link":"https:\/\/www.blogsoestado.com\/danielmatos\/paraenses-sao-presos-com-15-celulares-furtados-em-show-de-axe-em-sao-luis\/","title":{"rendered":"Paraenses s\u00e3o presos com 15 celulares furtados em show de ax\u00e9 em S\u00e3o Lu\u00eds"},"content":{"rendered":"<figure id=\"attachment_21678\" aria-describedby=\"caption-attachment-21678\" style=\"width: 640px\" class=\"wp-caption aligncenter\"><a href=\"https:\/\/www.blogsoestado.com\/danielmatos\/files\/2015\/01\/celulares-bel\u00e9m.jpg\"><img fetchpriority=\"high\" decoding=\"async\" class=\"size-full wp-image-21678\" src=\"https:\/\/www.blogsoestado.com\/danielmatos\/files\/2015\/01\/celulares-bel\u00e9m.jpg\" alt=\"Celulares, dinheiro, rel\u00f3gios e outros objetivos apreendidos com o bando paraense\" width=\"640\" height=\"480\" \/><\/a><figcaption id=\"caption-attachment-21678\" class=\"wp-caption-text\">Celulares, dinheiro, rel\u00f3gios e outros objetos apreendidos em poder do bando paraense no show de Durval L\u00e9lys<\/figcaption><\/figure>\n<p>Tr\u00eas paraenses foram presos\u00a0com 15\u00a0celulares roubados\u00a0no show do cantor de ax\u00e9\u00a0Durval L\u00e9lys (ex-Asa de \u00c1guia), realizado ontem no\u00a0Beach Club dos Smiths, no\u00a0Calhau. Um quarto homem detido, identificado como Wemerson Rocha Sequeira, \u00e9 suspeito de dar suporte aos forasteiros em S\u00e3o Lu\u00eds.<\/p>\n<p>Os celulares apreendidos foram furtados de pessoas que se divertiam no show do artista baiano. N\u00e3o \u00e9 a primeira vez que bandidos de outros estados s\u00e3o presos praticando crimes em eventos\u00a0na capital maranhense. H\u00e1 alguns anos, um grupo de baianos tamb\u00e9m foi flagrado furtando celulares em um show na cidade.<\/p>\n<p>Os paraenses presos s\u00e3o Adevan Rocha Castanheira, Emerson Millher Monteiro dos Santos e F\u00e1bio Miranda Santos, todos de Bel\u00e9m. Al\u00e9m dos 15 celulares, foram apreendidos R$ 443,30, um Fiat Fiesta Hatch prata, dois rel\u00f3gios e outros objetos.<\/p>\n<p>Participaram da\u00a0opera\u00e7\u00e3o policiais do Grupo T\u00e1tico M\u00f3vel (GTM) do 1\u00b0 Batalh\u00e3o da Pol\u00edcia Militar.<\/p>\n","protected":false},"excerpt":{"rendered":"<p>Tr\u00eas paraenses foram presos\u00a0com 15\u00a0celulares roubados\u00a0no show do cantor de ax\u00e9\u00a0Durval L\u00e9lys (ex-Asa de \u00c1guia), realizado ontem no\u00a0Beach Club dos [&hellip;]<\/p>\n","protected":false},"author":0,"featured_media":0,"comment_status":"open","ping_status":"open","sticky":false,"template":"","format":"standard","meta":{"site-sidebar-layout":"default","site-content-layout":"","ast-site-content-layout":"default","site-content-style":"default","site-sidebar-style":"default","ast-global-header-display":"","ast-banner-title-visibility":"","ast-main-header-display":"","ast-hfb-above-header-display":"","ast-hfb-below-header-display":"","ast-hfb-mobile-header-display":"","site-post-title":"","ast-breadcrumbs-content":"","ast-featured-img":"","footer-sml-layout":"","ast-disable-related-posts":"","theme-transparent-header-meta":"","adv-header-id-meta":"","stick-header-meta":"","header-above-stick-meta":"","header-main-stick-meta":"","header-below-stick-meta":"","astra-migrate-meta-layouts":"default","ast-page-background-enabled":"default","ast-page-background-meta":{"desktop":{"background-color":"var(--ast-global-color-5)","background-image":"","background-repeat":"repeat","background-position":"center center","background-size":"auto","background-attachment":"scroll","background-type":"","background-media":"","overlay-type":"","overlay-color":"","overlay-opacity":"","overlay-gradient":""},"tablet":{"background-color":"","background-image":"","background-repeat":"repeat","background-position":"center center","background-size":"auto","background-attachment":"scroll","background-type":"","background-media":"","overlay-type":"","overlay-color":"","overlay-opacity":"","overlay-gradient":""},"mobile":{"background-color":"","background-image":"","background-repeat":"repeat","background-position":"center center","background-size":"auto","background-attachment":"scroll","background-type":"","background-media":"","overlay-type":"","overlay-color":"","overlay-opacity":"","overlay-gradient":""}},"ast-content-background-meta":{"desktop":{"background-color":"var(--ast-global-color-4)","background-image":"","background-repeat":"repeat","background-position":"center center","background-size":"auto","background-attachment":"scroll","background-type":"","background-media":"","overlay-type":"","overlay-color":"","overlay-opacity":"","overlay-gradient":""},"tablet":{"background-color":"var(--ast-global-color-4)","background-image":"","background-repeat":"repeat","background-position":"center center","background-size":"auto","background-attachment":"scroll","background-type":"","background-media":"","overlay-type":"","overlay-color":"","overlay-opacity":"","overlay-gradient":""},"mobile":{"background-color":"var(--ast-global-color-4)","background-image":"","background-repeat":"repeat","background-position":"center center","background-size":"auto","background-attachment":"scroll","background-type":"","background-media":"","overlay-type":"","overlay-color":"","overlay-opacity":"","overlay-gradient":""}},"footnotes":""},"categories":[1],"tags":[],"class_list":["post-21677","post","type-post","status-publish","format-standard","hentry","category-sem-categoria"],"yoast_head":"<!-- This site is optimized with the Yoast SEO plugin v26.6 - https:\/\/yoast.com\/wordpress\/plugins\/seo\/ -->\n<title>Paraenses s\u00e3o presos com 15 celulares furtados em show de ax\u00e9 em S\u00e3o Lu\u00eds - Daniel Matos<\/title>\n<meta name=\"robots\" content=\"index, follow, max-snippet:-1, max-image-preview:large, max-video-preview:-1\" \/>\n<link rel=\"canonical\" href=\"https:\/\/www.blogsoestado.com\/danielmatos\/paraenses-sao-presos-com-15-celulares-furtados-em-show-de-axe-em-sao-luis\/\" \/>\n<meta property=\"og:locale\" content=\"pt_BR\" \/>\n<meta property=\"og:type\" content=\"article\" \/>\n<meta property=\"og:title\" content=\"Paraenses s\u00e3o presos com 15 celulares furtados em show de ax\u00e9 em S\u00e3o Lu\u00eds - Daniel Matos\" \/>\n<meta property=\"og:description\" content=\"Tr\u00eas paraenses foram presos\u00a0com 15\u00a0celulares roubados\u00a0no show do cantor de ax\u00e9\u00a0Durval L\u00e9lys (ex-Asa de \u00c1guia), realizado ontem no\u00a0Beach Club dos [&hellip;]\" \/>\n<meta property=\"og:url\" content=\"https:\/\/www.blogsoestado.com\/danielmatos\/paraenses-sao-presos-com-15-celulares-furtados-em-show-de-axe-em-sao-luis\/\" \/>\n<meta property=\"og:site_name\" content=\"Daniel Matos\" \/>\n<meta property=\"article:published_time\" content=\"2015-01-18T14:32:32+00:00\" \/>\n<meta name=\"twitter:card\" content=\"summary_large_image\" \/>\n<meta name=\"twitter:label1\" content=\"Est. tempo de leitura\" \/>\n\t<meta name=\"twitter:data1\" content=\"1 minuto\" \/>\n<script type=\"application\/ld+json\" class=\"yoast-schema-graph\">{\"@context\":\"https:\/\/schema.org\",\"@graph\":[{\"@type\":\"WebPage\",\"@id\":\"https:\/\/www.blogsoestado.com\/danielmatos\/paraenses-sao-presos-com-15-celulares-furtados-em-show-de-axe-em-sao-luis\/\",\"url\":\"https:\/\/www.blogsoestado.com\/danielmatos\/paraenses-sao-presos-com-15-celulares-furtados-em-show-de-axe-em-sao-luis\/\",\"name\":\"Paraenses s\u00e3o presos com 15 celulares furtados em show de ax\u00e9 em S\u00e3o Lu\u00eds - Daniel Matos\",\"isPartOf\":{\"@id\":\"https:\/\/www.blogsoestado.com\/danielmatos\/#website\"},\"datePublished\":\"2015-01-18T14:32:32+00:00\",\"author\":{\"@id\":\"\"},\"breadcrumb\":{\"@id\":\"https:\/\/www.blogsoestado.com\/danielmatos\/paraenses-sao-presos-com-15-celulares-furtados-em-show-de-axe-em-sao-luis\/#breadcrumb\"},\"inLanguage\":\"pt-BR\",\"potentialAction\":[{\"@type\":\"ReadAction\",\"target\":[\"https:\/\/www.blogsoestado.com\/danielmatos\/paraenses-sao-presos-com-15-celulares-furtados-em-show-de-axe-em-sao-luis\/\"]}]},{\"@type\":\"BreadcrumbList\",\"@id\":\"https:\/\/www.blogsoestado.com\/danielmatos\/paraenses-sao-presos-com-15-celulares-furtados-em-show-de-axe-em-sao-luis\/#breadcrumb\",\"itemListElement\":[{\"@type\":\"ListItem\",\"position\":1,\"name\":\"In\u00edcio\",\"item\":\"https:\/\/www.blogsoestado.com\/danielmatos\/\"},{\"@type\":\"ListItem\",\"position\":2,\"name\":\"Paraenses s\u00e3o presos com 15 celulares furtados em show de ax\u00e9 em S\u00e3o Lu\u00eds\"}]},{\"@type\":\"WebSite\",\"@id\":\"https:\/\/www.blogsoestado.com\/danielmatos\/#website\",\"url\":\"https:\/\/www.blogsoestado.com\/danielmatos\/\",\"name\":\"Daniel Matos\",\"description\":\"\",\"potentialAction\":[{\"@type\":\"SearchAction\",\"target\":{\"@type\":\"EntryPoint\",\"urlTemplate\":\"https:\/\/www.blogsoestado.com\/danielmatos\/?s={search_term_string}\"},\"query-input\":{\"@type\":\"PropertyValueSpecification\",\"valueRequired\":true,\"valueName\":\"search_term_string\"}}],\"inLanguage\":\"pt-BR\"}]}<\/script>\n<!-- \/ Yoast SEO plugin. -->","yoast_head_json":{"title":"Paraenses s\u00e3o presos com 15 celulares furtados em show de ax\u00e9 em S\u00e3o Lu\u00eds - Daniel Matos","robots":{"index":"index","follow":"follow","max-snippet":"max-snippet:-1","max-image-preview":"max-image-preview:large","max-video-preview":"max-video-preview:-1"},"canonical":"https:\/\/www.blogsoestado.com\/danielmatos\/paraenses-sao-presos-com-15-celulares-furtados-em-show-de-axe-em-sao-luis\/","og_locale":"pt_BR","og_type":"article","og_title":"Paraenses s\u00e3o presos com 15 celulares furtados em show de ax\u00e9 em S\u00e3o Lu\u00eds - Daniel Matos","og_description":"Tr\u00eas paraenses foram presos\u00a0com 15\u00a0celulares roubados\u00a0no show do cantor de ax\u00e9\u00a0Durval L\u00e9lys (ex-Asa de \u00c1guia), realizado ontem no\u00a0Beach Club dos [&hellip;]","og_url":"https:\/\/www.blogsoestado.com\/danielmatos\/paraenses-sao-presos-com-15-celulares-furtados-em-show-de-axe-em-sao-luis\/","og_site_name":"Daniel Matos","article_published_time":"2015-01-18T14:32:32+00:00","twitter_card":"summary_large_image","twitter_misc":{"Est. tempo de leitura":"1 minuto"},"schema":{"@context":"https:\/\/schema.org","@graph":[{"@type":"WebPage","@id":"https:\/\/www.blogsoestado.com\/danielmatos\/paraenses-sao-presos-com-15-celulares-furtados-em-show-de-axe-em-sao-luis\/","url":"https:\/\/www.blogsoestado.com\/danielmatos\/paraenses-sao-presos-com-15-celulares-furtados-em-show-de-axe-em-sao-luis\/","name":"Paraenses s\u00e3o presos com 15 celulares furtados em show de ax\u00e9 em S\u00e3o Lu\u00eds - Daniel Matos","isPartOf":{"@id":"https:\/\/www.blogsoestado.com\/danielmatos\/#website"},"datePublished":"2015-01-18T14:32:32+00:00","author":{"@id":""},"breadcrumb":{"@id":"https:\/\/www.blogsoestado.com\/danielmatos\/paraenses-sao-presos-com-15-celulares-furtados-em-show-de-axe-em-sao-luis\/#breadcrumb"},"inLanguage":"pt-BR","potentialAction":[{"@type":"ReadAction","target":["https:\/\/www.blogsoestado.com\/danielmatos\/paraenses-sao-presos-com-15-celulares-furtados-em-show-de-axe-em-sao-luis\/"]}]},{"@type":"BreadcrumbList","@id":"https:\/\/www.blogsoestado.com\/danielmatos\/paraenses-sao-presos-com-15-celulares-furtados-em-show-de-axe-em-sao-luis\/#breadcrumb","itemListElement":[{"@type":"ListItem","position":1,"name":"In\u00edcio","item":"https:\/\/www.blogsoestado.com\/danielmatos\/"},{"@type":"ListItem","position":2,"name":"Paraenses s\u00e3o presos com 15 celulares furtados em show de ax\u00e9 em S\u00e3o Lu\u00eds"}]},{"@type":"WebSite","@id":"https:\/\/www.blogsoestado.com\/danielmatos\/#website","url":"https:\/\/www.blogsoestado.com\/danielmatos\/","name":"Daniel Matos","description":"","potentialAction":[{"@type":"SearchAction","target":{"@type":"EntryPoint","urlTemplate":"https:\/\/www.blogsoestado.com\/danielmatos\/?s={search_term_string}"},"query-input":{"@type":"PropertyValueSpecification","valueRequired":true,"valueName":"search_term_string"}}],"inLanguage":"pt-BR"}]}},"jetpack_featured_media_url":"","_links":{"self":[{"href":"https:\/\/www.blogsoestado.com\/danielmatos\/wp-json\/wp\/v2\/posts\/21677","targetHints":{"allow":["GET"]}}],"collection":[{"href":"https:\/\/www.blogsoestado.com\/danielmatos\/wp-json\/wp\/v2\/posts"}],"about":[{"href":"https:\/\/www.blogsoestado.com\/danielmatos\/wp-json\/wp\/v2\/types\/post"}],"replies":[{"embeddable":true,"href":"https:\/\/www.blogsoestado.com\/danielmatos\/wp-json\/wp\/v2\/comments?post=21677"}],"version-history":[{"count":0,"href":"https:\/\/www.blogsoestado.com\/danielmatos\/wp-json\/wp\/v2\/posts\/21677\/revisions"}],"wp:attachment":[{"href":"https:\/\/www.blogsoestado.com\/danielmatos\/wp-json\/wp\/v2\/media?parent=21677"}],"wp:term":[{"taxonomy":"category","embeddable":true,"href":"https:\/\/www.blogsoestado.com\/danielmatos\/wp-json\/wp\/v2\/categories?post=21677"},{"taxonomy":"post_tag","embeddable":true,"href":"https:\/\/www.blogsoestado.com\/danielmatos\/wp-json\/wp\/v2\/tags?post=21677"}],"curies":[{"name":"wp","href":"https:\/\/api.w.org\/{rel}","templated":true}]}}