{"id":21682,"date":"2015-01-18T11:47:41","date_gmt":"2015-01-18T14:47:41","guid":{"rendered":"https:\/\/www.blogsoestado.com\/danielmatos\/?p=21682"},"modified":"2015-01-18T11:47:41","modified_gmt":"2015-01-18T14:47:41","slug":"a-regressao-ao-vitorinismo","status":"publish","type":"post","link":"https:\/\/www.blogsoestado.com\/danielmatos\/a-regressao-ao-vitorinismo\/","title":{"rendered":"A regress\u00e3o ao Vitorinismo"},"content":{"rendered":"<p><strong>Por Joaquim Itapary<\/strong><\/p>\n<p>15 dias de governo novo no Maranh\u00e3o! J\u00e1 d\u00e1 para ter-se ideia de como ser\u00e3o as reais mudan\u00e7as pol\u00edticas e administrativas t\u00e3o esperadas. Come\u00e7o a desconfiar que botei fora meu voto, mais uma vez. A balb\u00fardia que se instalou no servi\u00e7o p\u00fablico estadual reproduz em escala maior o caos em que se encontra a prefeitura de S\u00e3o Lu\u00eds. Tenho a impress\u00e3o de que um bando de menininhas assanhadas e tr\u00eafegos garotinhos hermafroditas juntaram-se nos fundos de um quintal para brincarem de governar, ou melhor, \u201cbrincarem de casinha.\u201d Mas, como nenhum deles est\u00e1 de fato apto para a pr\u00e1tica de absolutamente nada o que seja racional em termos de constru\u00e7\u00e3o de governos ou de casinhas, simplesmente divertem-se no desmonte da casinha que encontraram pronta. Nesse desvario, destroem tudo e praticam atos que, se praticados por adultos menos irrespons\u00e1veis, n\u00e3o passariam de conden\u00e1vel iniquidade.<\/p>\n<p>Ontem, na Emap, por ordem do seu jovem e impotente presidente, uma ass\u00eddua e respeitosa funcion\u00e1ria com cerca de 15 anos naquela empresa, tendo servido com aplica\u00e7\u00e3o a mais de cinco administra\u00e7\u00f5es e durante governos das mais variadas correntes pol\u00edticas, foi demitida, sem justa causa legal. Al\u00e9m de sumariamente desempregada, n\u00e3o lhe pagaram verbas rescis\u00f3rias legais; e ainda ouviu: V\u00e1 procurar seus direitos na Justi\u00e7a! Que beleza de mudan\u00e7a!<\/p>\n<p>Mas, como n\u00e3o existe fato sem causa, e considerando que o atual governador foi eleito exatamente porque nos prometeu a restaura\u00e7\u00e3o do imp\u00e9rio da lei, da dec\u00eancia e da verdade, a funcion\u00e1ria demitida pediu que lhe explicassem a real causa da sua sum\u00e1ria dispensa. Estarrecida, recebeu a resposta muito clara: Minha senhora, apenas cumprimos ordem do governador. Aqui n\u00e3o trabalha mais ningu\u00e9m que tenha Itapary no nome!<\/p>\n<p>E ficamos assim: A funcion\u00e1ria demitida \u00e9 nora de Joaquim Itapary, que \u00e9 amigo de Jos\u00e9 Sarney. Pronto, rua! \u00c9 incr\u00edvel? Pois deixou de ser!<\/p>\n<p>Agora, que estou aposentado, gra\u00e7as a Deus penso encontrar-me pessoalmente fora do alcance do \u00e2nimo dessa crian\u00e7ada endiabrada. A n\u00e3o ser que a buli\u00e7osa e inepta m\u00e3o desse governo tr\u00eafego tenha o insuspeitado poder de exonerar-me da cadeira que ocupo na Academia Maranhense de Letras e cassar-me o direito de uso de t\u00edtulos e honrarias recebidos do Estado do Maranh\u00e3o.<\/p>\n<p>Ali\u00e1s, como se v\u00ea, na marcha em que a crian\u00e7ada se esbalda nos fundos do quintal, n\u00e3o causar\u00e1 espanto a exonera\u00e7\u00e3o do meu caro e velho colega Salvio Dino das fun\u00e7\u00f5es de pai do governador, simplesmente por ser ele tamb\u00e9m amigo de Jos\u00e9 Sarney.<\/p>\n<p>Lament\u00e1vel que um jovem e antes promissor empres\u00e1rio se submeta ao constrangimento de n\u00e3o poder sequer escolher seus companheiros de gest\u00e3o apenas para n\u00e3o perder um posto que pouco ou nada acrescentar\u00e1 \u00e0 longa biografia que ainda lhe resta construir. \u00c9 uma pena!<\/p>\n<p>Deixemos a meninada na sua brincadeira de fundos de quintal da Hist\u00f3ria :<\/p>\n<p>\u201cBoca de forno?<\/p>\n<p>Forno!<\/p>\n<p>Onde eu mandar?<\/p>\n<p>Vou!<\/p>\n<p>Se n\u00e3o for?<\/p>\n<p>Pega bolo!\u201d<\/p>\n<p>Enfim, j\u00e1 que mudamos em marcha \u00e0 r\u00e9, Viva Vitorino Freire!<\/p>\n","protected":false},"excerpt":{"rendered":"<p>Por Joaquim Itapary 15 dias de governo novo no Maranh\u00e3o! J\u00e1 d\u00e1 para ter-se ideia de como ser\u00e3o as reais [&hellip;]<\/p>\n","protected":false},"author":0,"featured_media":0,"comment_status":"open","ping_status":"open","sticky":false,"template":"","format":"standard","meta":{"site-sidebar-layout":"default","site-content-layout":"","ast-site-content-layout":"default","site-content-style":"default","site-sidebar-style":"default","ast-global-header-display":"","ast-banner-title-visibility":"","ast-main-header-display":"","ast-hfb-above-header-display":"","ast-hfb-below-header-display":"","ast-hfb-mobile-header-display":"","site-post-title":"","ast-breadcrumbs-content":"","ast-featured-img":"","footer-sml-layout":"","ast-disable-related-posts":"","theme-transparent-header-meta":"","adv-header-id-meta":"","stick-header-meta":"","header-above-stick-meta":"","header-main-stick-meta":"","header-below-stick-meta":"","astra-migrate-meta-layouts":"default","ast-page-background-enabled":"default","ast-page-background-meta":{"desktop":{"background-color":"var(--ast-global-color-5)","background-image":"","background-repeat":"repeat","background-position":"center center","background-size":"auto","background-attachment":"scroll","background-type":"","background-media":"","overlay-type":"","overlay-color":"","overlay-opacity":"","overlay-gradient":""},"tablet":{"background-color":"","background-image":"","background-repeat":"repeat","background-position":"center center","background-size":"auto","background-attachment":"scroll","background-type":"","background-media":"","overlay-type":"","overlay-color":"","overlay-opacity":"","overlay-gradient":""},"mobile":{"background-color":"","background-image":"","background-repeat":"repeat","background-position":"center center","background-size":"auto","background-attachment":"scroll","background-type":"","background-media":"","overlay-type":"","overlay-color":"","overlay-opacity":"","overlay-gradient":""}},"ast-content-background-meta":{"desktop":{"background-color":"var(--ast-global-color-4)","background-image":"","background-repeat":"repeat","background-position":"center center","background-size":"auto","background-attachment":"scroll","background-type":"","background-media":"","overlay-type":"","overlay-color":"","overlay-opacity":"","overlay-gradient":""},"tablet":{"background-color":"var(--ast-global-color-4)","background-image":"","background-repeat":"repeat","background-position":"center center","background-size":"auto","background-attachment":"scroll","background-type":"","background-media":"","overlay-type":"","overlay-color":"","overlay-opacity":"","overlay-gradient":""},"mobile":{"background-color":"var(--ast-global-color-4)","background-image":"","background-repeat":"repeat","background-position":"center center","background-size":"auto","background-attachment":"scroll","background-type":"","background-media":"","overlay-type":"","overlay-color":"","overlay-opacity":"","overlay-gradient":""}},"footnotes":""},"categories":[1],"tags":[],"class_list":["post-21682","post","type-post","status-publish","format-standard","hentry","category-sem-categoria"],"yoast_head":"<!-- This site is optimized with the Yoast SEO plugin v26.6 - https:\/\/yoast.com\/wordpress\/plugins\/seo\/ -->\n<title>A regress\u00e3o ao Vitorinismo - Daniel Matos<\/title>\n<meta name=\"robots\" content=\"index, follow, max-snippet:-1, max-image-preview:large, max-video-preview:-1\" \/>\n<link rel=\"canonical\" href=\"https:\/\/www.blogsoestado.com\/danielmatos\/a-regressao-ao-vitorinismo\/\" \/>\n<meta property=\"og:locale\" content=\"pt_BR\" \/>\n<meta property=\"og:type\" content=\"article\" \/>\n<meta property=\"og:title\" content=\"A regress\u00e3o ao Vitorinismo - Daniel Matos\" \/>\n<meta property=\"og:description\" content=\"Por Joaquim Itapary 15 dias de governo novo no Maranh\u00e3o! J\u00e1 d\u00e1 para ter-se ideia de como ser\u00e3o as reais [&hellip;]\" \/>\n<meta property=\"og:url\" content=\"https:\/\/www.blogsoestado.com\/danielmatos\/a-regressao-ao-vitorinismo\/\" \/>\n<meta property=\"og:site_name\" content=\"Daniel Matos\" \/>\n<meta property=\"article:published_time\" content=\"2015-01-18T14:47:41+00:00\" \/>\n<meta name=\"twitter:card\" content=\"summary_large_image\" \/>\n<meta name=\"twitter:label1\" content=\"Est. tempo de leitura\" \/>\n\t<meta name=\"twitter:data1\" content=\"3 minutos\" \/>\n<script type=\"application\/ld+json\" class=\"yoast-schema-graph\">{\"@context\":\"https:\/\/schema.org\",\"@graph\":[{\"@type\":\"WebPage\",\"@id\":\"https:\/\/www.blogsoestado.com\/danielmatos\/a-regressao-ao-vitorinismo\/\",\"url\":\"https:\/\/www.blogsoestado.com\/danielmatos\/a-regressao-ao-vitorinismo\/\",\"name\":\"A regress\u00e3o ao Vitorinismo - Daniel Matos\",\"isPartOf\":{\"@id\":\"https:\/\/www.blogsoestado.com\/danielmatos\/#website\"},\"datePublished\":\"2015-01-18T14:47:41+00:00\",\"author\":{\"@id\":\"\"},\"breadcrumb\":{\"@id\":\"https:\/\/www.blogsoestado.com\/danielmatos\/a-regressao-ao-vitorinismo\/#breadcrumb\"},\"inLanguage\":\"pt-BR\",\"potentialAction\":[{\"@type\":\"ReadAction\",\"target\":[\"https:\/\/www.blogsoestado.com\/danielmatos\/a-regressao-ao-vitorinismo\/\"]}]},{\"@type\":\"BreadcrumbList\",\"@id\":\"https:\/\/www.blogsoestado.com\/danielmatos\/a-regressao-ao-vitorinismo\/#breadcrumb\",\"itemListElement\":[{\"@type\":\"ListItem\",\"position\":1,\"name\":\"In\u00edcio\",\"item\":\"https:\/\/www.blogsoestado.com\/danielmatos\/\"},{\"@type\":\"ListItem\",\"position\":2,\"name\":\"A regress\u00e3o ao Vitorinismo\"}]},{\"@type\":\"WebSite\",\"@id\":\"https:\/\/www.blogsoestado.com\/danielmatos\/#website\",\"url\":\"https:\/\/www.blogsoestado.com\/danielmatos\/\",\"name\":\"Daniel Matos\",\"description\":\"\",\"potentialAction\":[{\"@type\":\"SearchAction\",\"target\":{\"@type\":\"EntryPoint\",\"urlTemplate\":\"https:\/\/www.blogsoestado.com\/danielmatos\/?s={search_term_string}\"},\"query-input\":{\"@type\":\"PropertyValueSpecification\",\"valueRequired\":true,\"valueName\":\"search_term_string\"}}],\"inLanguage\":\"pt-BR\"}]}<\/script>\n<!-- \/ Yoast SEO plugin. -->","yoast_head_json":{"title":"A regress\u00e3o ao Vitorinismo - Daniel Matos","robots":{"index":"index","follow":"follow","max-snippet":"max-snippet:-1","max-image-preview":"max-image-preview:large","max-video-preview":"max-video-preview:-1"},"canonical":"https:\/\/www.blogsoestado.com\/danielmatos\/a-regressao-ao-vitorinismo\/","og_locale":"pt_BR","og_type":"article","og_title":"A regress\u00e3o ao Vitorinismo - Daniel Matos","og_description":"Por Joaquim Itapary 15 dias de governo novo no Maranh\u00e3o! J\u00e1 d\u00e1 para ter-se ideia de como ser\u00e3o as reais [&hellip;]","og_url":"https:\/\/www.blogsoestado.com\/danielmatos\/a-regressao-ao-vitorinismo\/","og_site_name":"Daniel Matos","article_published_time":"2015-01-18T14:47:41+00:00","twitter_card":"summary_large_image","twitter_misc":{"Est. tempo de leitura":"3 minutos"},"schema":{"@context":"https:\/\/schema.org","@graph":[{"@type":"WebPage","@id":"https:\/\/www.blogsoestado.com\/danielmatos\/a-regressao-ao-vitorinismo\/","url":"https:\/\/www.blogsoestado.com\/danielmatos\/a-regressao-ao-vitorinismo\/","name":"A regress\u00e3o ao Vitorinismo - Daniel Matos","isPartOf":{"@id":"https:\/\/www.blogsoestado.com\/danielmatos\/#website"},"datePublished":"2015-01-18T14:47:41+00:00","author":{"@id":""},"breadcrumb":{"@id":"https:\/\/www.blogsoestado.com\/danielmatos\/a-regressao-ao-vitorinismo\/#breadcrumb"},"inLanguage":"pt-BR","potentialAction":[{"@type":"ReadAction","target":["https:\/\/www.blogsoestado.com\/danielmatos\/a-regressao-ao-vitorinismo\/"]}]},{"@type":"BreadcrumbList","@id":"https:\/\/www.blogsoestado.com\/danielmatos\/a-regressao-ao-vitorinismo\/#breadcrumb","itemListElement":[{"@type":"ListItem","position":1,"name":"In\u00edcio","item":"https:\/\/www.blogsoestado.com\/danielmatos\/"},{"@type":"ListItem","position":2,"name":"A regress\u00e3o ao Vitorinismo"}]},{"@type":"WebSite","@id":"https:\/\/www.blogsoestado.com\/danielmatos\/#website","url":"https:\/\/www.blogsoestado.com\/danielmatos\/","name":"Daniel Matos","description":"","potentialAction":[{"@type":"SearchAction","target":{"@type":"EntryPoint","urlTemplate":"https:\/\/www.blogsoestado.com\/danielmatos\/?s={search_term_string}"},"query-input":{"@type":"PropertyValueSpecification","valueRequired":true,"valueName":"search_term_string"}}],"inLanguage":"pt-BR"}]}},"jetpack_featured_media_url":"","_links":{"self":[{"href":"https:\/\/www.blogsoestado.com\/danielmatos\/wp-json\/wp\/v2\/posts\/21682","targetHints":{"allow":["GET"]}}],"collection":[{"href":"https:\/\/www.blogsoestado.com\/danielmatos\/wp-json\/wp\/v2\/posts"}],"about":[{"href":"https:\/\/www.blogsoestado.com\/danielmatos\/wp-json\/wp\/v2\/types\/post"}],"replies":[{"embeddable":true,"href":"https:\/\/www.blogsoestado.com\/danielmatos\/wp-json\/wp\/v2\/comments?post=21682"}],"version-history":[{"count":0,"href":"https:\/\/www.blogsoestado.com\/danielmatos\/wp-json\/wp\/v2\/posts\/21682\/revisions"}],"wp:attachment":[{"href":"https:\/\/www.blogsoestado.com\/danielmatos\/wp-json\/wp\/v2\/media?parent=21682"}],"wp:term":[{"taxonomy":"category","embeddable":true,"href":"https:\/\/www.blogsoestado.com\/danielmatos\/wp-json\/wp\/v2\/categories?post=21682"},{"taxonomy":"post_tag","embeddable":true,"href":"https:\/\/www.blogsoestado.com\/danielmatos\/wp-json\/wp\/v2\/tags?post=21682"}],"curies":[{"name":"wp","href":"https:\/\/api.w.org\/{rel}","templated":true}]}}