{"id":21687,"date":"2015-01-18T21:08:10","date_gmt":"2015-01-19T00:08:10","guid":{"rendered":"https:\/\/www.blogsoestado.com\/danielmatos\/?p=21687"},"modified":"2015-01-18T21:08:10","modified_gmt":"2015-01-19T00:08:10","slug":"flavio-dino-recua-de-novo-e-anuncia-ampliacao-de-atividades-da-fmrb","status":"publish","type":"post","link":"https:\/\/www.blogsoestado.com\/danielmatos\/flavio-dino-recua-de-novo-e-anuncia-ampliacao-de-atividades-da-fmrb\/","title":{"rendered":"Fl\u00e1vio Dino recua de novo e anuncia amplia\u00e7\u00e3o de atividades da FMRB"},"content":{"rendered":"<figure id=\"attachment_21688\" aria-describedby=\"caption-attachment-21688\" style=\"width: 640px\" class=\"wp-caption aligncenter\"><a href=\"https:\/\/www.blogsoestado.com\/danielmatos\/files\/2015\/01\/fmrb.jpg\"><img fetchpriority=\"high\" decoding=\"async\" class=\"size-full wp-image-21688\" src=\"https:\/\/www.blogsoestado.com\/danielmatos\/files\/2015\/01\/fmrb.jpg\" alt=\"Secret\u00e1rio de Articula\u00e7\u00e3o Pol\u00edtica e Assuntos Federativos, M\u00e1rcio Jerry, garante manuten\u00e7\u00e3o das atividades em prol da comunidade\" width=\"640\" height=\"427\" \/><\/a><figcaption id=\"caption-attachment-21688\" class=\"wp-caption-text\">Secret\u00e1rio de Articula\u00e7\u00e3o Pol\u00edtica e Assuntos Federativos, M\u00e1rcio Jerry, garante manuten\u00e7\u00e3o de atividades da FMRB\u00a0<\/figcaption><\/figure>\n<p>O Governo do Maranh\u00e3o instituiu uma comiss\u00e3o para assumir a Funda\u00e7\u00e3o da Mem\u00f3ria Republicana Brasileira (FMRB), que funciona no Convento das Merc\u00eas, no Bairro do Desterro. Formada por representantes do governo, especialistas t\u00e9cnicos e pessoas do bairro, a comiss\u00e3o dar\u00e1 continuidade a partir de amanh\u00e3 (19) \u00e0s atividades j\u00e1 desenvolvidas no local e ampliar\u00e1 a programa\u00e7\u00e3o a partir de estudos de necessidades e de demandas da pr\u00f3pria comunidade.<\/p>\n<p>\u201cVamos manter as atividades em prol da comunidade e ainda ampliar a programa\u00e7\u00e3o\u201d, explicou o secret\u00e1rio de Articula\u00e7\u00e3o Pol\u00edtica e Assuntos Federativos, M\u00e1rcio Jerry. Atualmente, a FMRB oferece \u00e0s crian\u00e7as e aos jovens do bairro do Desterro e adjac\u00eancias projetos de refor\u00e7o escolar, cursos profissionalizantes e curso pr\u00e9-vestibular.<\/p>\n<p>Desde o dia 2 de janeiro, a FMR est\u00e1 sob a gest\u00e3o da Secretaria de Cultura. \u201cEssa comiss\u00e3o que assumir\u00e1 a Funda\u00e7\u00e3o a partir de amanh\u00e3 realizar\u00e1 estudos sobre a estrutura do pr\u00e9dio, sobre as atividades j\u00e1 desenvolvidas e sobre o importante acervo hist\u00f3rico ali presente\u201d, destacou a secret\u00e1ria de Cultura, Ester Marques.<\/p>\n<p><strong>Di\u00e1logo com a comunidade<\/strong><\/p>\n<p>Para garantir a continuidade das atividades da FMRB, representantes do governo se reuniram na tarde de hoje (18) com a comunidade do Desterro. Al\u00e9m dos secret\u00e1rios M\u00e1rcio Jerry e Ester Marques, participaram do encontro os secret\u00e1rios Francisco Gon\u00e7alves (Direitos Humanos e Participa\u00e7\u00e3o Popular), M\u00e1rcio Jardim (Esportes) e o presidente da Funda\u00e7\u00e3o de Amparo \u00e0 Pesquisa e ao Desenvolvimento Cient\u00edfico e Tecnol\u00f3gico do Maranh\u00e3o (Fapema), Alex Oliveira.<\/p>\n<p>\u201cFicamos todos muito satisfeitos com a vinda de todos esses representantes do governo aqui. Isso nunca havia acontecido antes. Estamos muito felizes com a garantia de que os bons projetos v\u00e3o continuar e outros novos ser\u00e3o iniciados, ainda mais com a nossa participa\u00e7\u00e3o nesse processo de amplia\u00e7\u00e3o\u201d, destacou o presidente da Associa\u00e7\u00e3o de Moradores do Centro Hist\u00f3rico de S\u00e3o Lu\u00eds, D\u00eanis Cutrim de Lima.<\/p>\n<p>Al\u00e9m da garantia da continuidade das atividades, a comunidade do Desterro ainda recebeu duas outras boas not\u00edcias na reuni\u00e3o: a instala\u00e7\u00e3o de um Ponto do Saber no bairro e o Projeto Universidade para Todos N\u00f3s, ambos da Fapema. \u201cO Ponto do Saber consiste na instala\u00e7\u00e3o de um laborat\u00f3rio com computadores e internet no bairro, facilitando o acesso a cursos online pela popula\u00e7\u00e3o da \u00e1rea. J\u00e1 o Universidade para Todos N\u00f3s prev\u00ea bolsas de estudos para alunos de cursos universit\u00e1rios instalados no Centro Hist\u00f3rico, que desenvolvam trabalhos que melhorem a vida dessa popula\u00e7\u00e3o\u201d, explicou o presidente do \u00f3rg\u00e3o, Alex Oliveira.<\/p>\n<p><strong>Fonte:<\/strong> Secretaria Estadual de Comunica\u00e7\u00e3o (Secom)<\/p>\n","protected":false},"excerpt":{"rendered":"<p>O Governo do Maranh\u00e3o instituiu uma comiss\u00e3o para assumir a Funda\u00e7\u00e3o da Mem\u00f3ria Republicana Brasileira (FMRB), que funciona no Convento [&hellip;]<\/p>\n","protected":false},"author":0,"featured_media":0,"comment_status":"open","ping_status":"open","sticky":false,"template":"","format":"standard","meta":{"site-sidebar-layout":"default","site-content-layout":"","ast-site-content-layout":"default","site-content-style":"default","site-sidebar-style":"default","ast-global-header-display":"","ast-banner-title-visibility":"","ast-main-header-display":"","ast-hfb-above-header-display":"","ast-hfb-below-header-display":"","ast-hfb-mobile-header-display":"","site-post-title":"","ast-breadcrumbs-content":"","ast-featured-img":"","footer-sml-layout":"","ast-disable-related-posts":"","theme-transparent-header-meta":"","adv-header-id-meta":"","stick-header-meta":"","header-above-stick-meta":"","header-main-stick-meta":"","header-below-stick-meta":"","astra-migrate-meta-layouts":"default","ast-page-background-enabled":"default","ast-page-background-meta":{"desktop":{"background-color":"var(--ast-global-color-5)","background-image":"","background-repeat":"repeat","background-position":"center center","background-size":"auto","background-attachment":"scroll","background-type":"","background-media":"","overlay-type":"","overlay-color":"","overlay-opacity":"","overlay-gradient":""},"tablet":{"background-color":"","background-image":"","background-repeat":"repeat","background-position":"center center","background-size":"auto","background-attachment":"scroll","background-type":"","background-media":"","overlay-type":"","overlay-color":"","overlay-opacity":"","overlay-gradient":""},"mobile":{"background-color":"","background-image":"","background-repeat":"repeat","background-position":"center center","background-size":"auto","background-attachment":"scroll","background-type":"","background-media":"","overlay-type":"","overlay-color":"","overlay-opacity":"","overlay-gradient":""}},"ast-content-background-meta":{"desktop":{"background-color":"var(--ast-global-color-4)","background-image":"","background-repeat":"repeat","background-position":"center center","background-size":"auto","background-attachment":"scroll","background-type":"","background-media":"","overlay-type":"","overlay-color":"","overlay-opacity":"","overlay-gradient":""},"tablet":{"background-color":"var(--ast-global-color-4)","background-image":"","background-repeat":"repeat","background-position":"center center","background-size":"auto","background-attachment":"scroll","background-type":"","background-media":"","overlay-type":"","overlay-color":"","overlay-opacity":"","overlay-gradient":""},"mobile":{"background-color":"var(--ast-global-color-4)","background-image":"","background-repeat":"repeat","background-position":"center center","background-size":"auto","background-attachment":"scroll","background-type":"","background-media":"","overlay-type":"","overlay-color":"","overlay-opacity":"","overlay-gradient":""}},"footnotes":""},"categories":[1],"tags":[],"class_list":["post-21687","post","type-post","status-publish","format-standard","hentry","category-sem-categoria"],"yoast_head":"<!-- This site is optimized with the Yoast SEO plugin v26.6 - https:\/\/yoast.com\/wordpress\/plugins\/seo\/ -->\n<title>Fl\u00e1vio Dino recua de novo e anuncia amplia\u00e7\u00e3o de atividades da FMRB - Daniel Matos<\/title>\n<meta name=\"robots\" content=\"index, follow, max-snippet:-1, max-image-preview:large, max-video-preview:-1\" \/>\n<link rel=\"canonical\" href=\"https:\/\/www.blogsoestado.com\/danielmatos\/flavio-dino-recua-de-novo-e-anuncia-ampliacao-de-atividades-da-fmrb\/\" \/>\n<meta property=\"og:locale\" content=\"pt_BR\" \/>\n<meta property=\"og:type\" content=\"article\" \/>\n<meta property=\"og:title\" content=\"Fl\u00e1vio Dino recua de novo e anuncia amplia\u00e7\u00e3o de atividades da FMRB - Daniel Matos\" \/>\n<meta property=\"og:description\" content=\"O Governo do Maranh\u00e3o instituiu uma comiss\u00e3o para assumir a Funda\u00e7\u00e3o da Mem\u00f3ria Republicana Brasileira (FMRB), que funciona no Convento [&hellip;]\" \/>\n<meta property=\"og:url\" content=\"https:\/\/www.blogsoestado.com\/danielmatos\/flavio-dino-recua-de-novo-e-anuncia-ampliacao-de-atividades-da-fmrb\/\" \/>\n<meta property=\"og:site_name\" content=\"Daniel Matos\" \/>\n<meta property=\"article:published_time\" content=\"2015-01-19T00:08:10+00:00\" \/>\n<meta property=\"og:image\" content=\"https:\/\/www.blogsoestado.com\/danielmatos\/files\/2015\/01\/fmrb.jpg\" \/>\n<meta name=\"twitter:card\" content=\"summary_large_image\" \/>\n<meta name=\"twitter:label1\" content=\"Est. tempo de leitura\" \/>\n\t<meta name=\"twitter:data1\" content=\"2 minutos\" \/>\n<script type=\"application\/ld+json\" class=\"yoast-schema-graph\">{\"@context\":\"https:\/\/schema.org\",\"@graph\":[{\"@type\":\"WebPage\",\"@id\":\"https:\/\/www.blogsoestado.com\/danielmatos\/flavio-dino-recua-de-novo-e-anuncia-ampliacao-de-atividades-da-fmrb\/\",\"url\":\"https:\/\/www.blogsoestado.com\/danielmatos\/flavio-dino-recua-de-novo-e-anuncia-ampliacao-de-atividades-da-fmrb\/\",\"name\":\"Fl\u00e1vio Dino recua de novo e anuncia amplia\u00e7\u00e3o de atividades da FMRB - Daniel Matos\",\"isPartOf\":{\"@id\":\"https:\/\/www.blogsoestado.com\/danielmatos\/#website\"},\"primaryImageOfPage\":{\"@id\":\"https:\/\/www.blogsoestado.com\/danielmatos\/flavio-dino-recua-de-novo-e-anuncia-ampliacao-de-atividades-da-fmrb\/#primaryimage\"},\"image\":{\"@id\":\"https:\/\/www.blogsoestado.com\/danielmatos\/flavio-dino-recua-de-novo-e-anuncia-ampliacao-de-atividades-da-fmrb\/#primaryimage\"},\"thumbnailUrl\":\"https:\/\/www.blogsoestado.com\/danielmatos\/files\/2015\/01\/fmrb.jpg\",\"datePublished\":\"2015-01-19T00:08:10+00:00\",\"author\":{\"@id\":\"\"},\"breadcrumb\":{\"@id\":\"https:\/\/www.blogsoestado.com\/danielmatos\/flavio-dino-recua-de-novo-e-anuncia-ampliacao-de-atividades-da-fmrb\/#breadcrumb\"},\"inLanguage\":\"pt-BR\",\"potentialAction\":[{\"@type\":\"ReadAction\",\"target\":[\"https:\/\/www.blogsoestado.com\/danielmatos\/flavio-dino-recua-de-novo-e-anuncia-ampliacao-de-atividades-da-fmrb\/\"]}]},{\"@type\":\"ImageObject\",\"inLanguage\":\"pt-BR\",\"@id\":\"https:\/\/www.blogsoestado.com\/danielmatos\/flavio-dino-recua-de-novo-e-anuncia-ampliacao-de-atividades-da-fmrb\/#primaryimage\",\"url\":\"https:\/\/www.blogsoestado.com\/danielmatos\/files\/2015\/01\/fmrb.jpg\",\"contentUrl\":\"https:\/\/www.blogsoestado.com\/danielmatos\/files\/2015\/01\/fmrb.jpg\"},{\"@type\":\"BreadcrumbList\",\"@id\":\"https:\/\/www.blogsoestado.com\/danielmatos\/flavio-dino-recua-de-novo-e-anuncia-ampliacao-de-atividades-da-fmrb\/#breadcrumb\",\"itemListElement\":[{\"@type\":\"ListItem\",\"position\":1,\"name\":\"In\u00edcio\",\"item\":\"https:\/\/www.blogsoestado.com\/danielmatos\/\"},{\"@type\":\"ListItem\",\"position\":2,\"name\":\"Fl\u00e1vio Dino recua de novo e anuncia amplia\u00e7\u00e3o de atividades da FMRB\"}]},{\"@type\":\"WebSite\",\"@id\":\"https:\/\/www.blogsoestado.com\/danielmatos\/#website\",\"url\":\"https:\/\/www.blogsoestado.com\/danielmatos\/\",\"name\":\"Daniel Matos\",\"description\":\"\",\"potentialAction\":[{\"@type\":\"SearchAction\",\"target\":{\"@type\":\"EntryPoint\",\"urlTemplate\":\"https:\/\/www.blogsoestado.com\/danielmatos\/?s={search_term_string}\"},\"query-input\":{\"@type\":\"PropertyValueSpecification\",\"valueRequired\":true,\"valueName\":\"search_term_string\"}}],\"inLanguage\":\"pt-BR\"}]}<\/script>\n<!-- \/ Yoast SEO plugin. -->","yoast_head_json":{"title":"Fl\u00e1vio Dino recua de novo e anuncia amplia\u00e7\u00e3o de atividades da FMRB - Daniel Matos","robots":{"index":"index","follow":"follow","max-snippet":"max-snippet:-1","max-image-preview":"max-image-preview:large","max-video-preview":"max-video-preview:-1"},"canonical":"https:\/\/www.blogsoestado.com\/danielmatos\/flavio-dino-recua-de-novo-e-anuncia-ampliacao-de-atividades-da-fmrb\/","og_locale":"pt_BR","og_type":"article","og_title":"Fl\u00e1vio Dino recua de novo e anuncia amplia\u00e7\u00e3o de atividades da FMRB - Daniel Matos","og_description":"O Governo do Maranh\u00e3o instituiu uma comiss\u00e3o para assumir a Funda\u00e7\u00e3o da Mem\u00f3ria Republicana Brasileira (FMRB), que funciona no Convento [&hellip;]","og_url":"https:\/\/www.blogsoestado.com\/danielmatos\/flavio-dino-recua-de-novo-e-anuncia-ampliacao-de-atividades-da-fmrb\/","og_site_name":"Daniel Matos","article_published_time":"2015-01-19T00:08:10+00:00","og_image":[{"url":"https:\/\/www.blogsoestado.com\/danielmatos\/files\/2015\/01\/fmrb.jpg","type":"","width":"","height":""}],"twitter_card":"summary_large_image","twitter_misc":{"Est. tempo de leitura":"2 minutos"},"schema":{"@context":"https:\/\/schema.org","@graph":[{"@type":"WebPage","@id":"https:\/\/www.blogsoestado.com\/danielmatos\/flavio-dino-recua-de-novo-e-anuncia-ampliacao-de-atividades-da-fmrb\/","url":"https:\/\/www.blogsoestado.com\/danielmatos\/flavio-dino-recua-de-novo-e-anuncia-ampliacao-de-atividades-da-fmrb\/","name":"Fl\u00e1vio Dino recua de novo e anuncia amplia\u00e7\u00e3o de atividades da FMRB - Daniel Matos","isPartOf":{"@id":"https:\/\/www.blogsoestado.com\/danielmatos\/#website"},"primaryImageOfPage":{"@id":"https:\/\/www.blogsoestado.com\/danielmatos\/flavio-dino-recua-de-novo-e-anuncia-ampliacao-de-atividades-da-fmrb\/#primaryimage"},"image":{"@id":"https:\/\/www.blogsoestado.com\/danielmatos\/flavio-dino-recua-de-novo-e-anuncia-ampliacao-de-atividades-da-fmrb\/#primaryimage"},"thumbnailUrl":"https:\/\/www.blogsoestado.com\/danielmatos\/files\/2015\/01\/fmrb.jpg","datePublished":"2015-01-19T00:08:10+00:00","author":{"@id":""},"breadcrumb":{"@id":"https:\/\/www.blogsoestado.com\/danielmatos\/flavio-dino-recua-de-novo-e-anuncia-ampliacao-de-atividades-da-fmrb\/#breadcrumb"},"inLanguage":"pt-BR","potentialAction":[{"@type":"ReadAction","target":["https:\/\/www.blogsoestado.com\/danielmatos\/flavio-dino-recua-de-novo-e-anuncia-ampliacao-de-atividades-da-fmrb\/"]}]},{"@type":"ImageObject","inLanguage":"pt-BR","@id":"https:\/\/www.blogsoestado.com\/danielmatos\/flavio-dino-recua-de-novo-e-anuncia-ampliacao-de-atividades-da-fmrb\/#primaryimage","url":"https:\/\/www.blogsoestado.com\/danielmatos\/files\/2015\/01\/fmrb.jpg","contentUrl":"https:\/\/www.blogsoestado.com\/danielmatos\/files\/2015\/01\/fmrb.jpg"},{"@type":"BreadcrumbList","@id":"https:\/\/www.blogsoestado.com\/danielmatos\/flavio-dino-recua-de-novo-e-anuncia-ampliacao-de-atividades-da-fmrb\/#breadcrumb","itemListElement":[{"@type":"ListItem","position":1,"name":"In\u00edcio","item":"https:\/\/www.blogsoestado.com\/danielmatos\/"},{"@type":"ListItem","position":2,"name":"Fl\u00e1vio Dino recua de novo e anuncia amplia\u00e7\u00e3o de atividades da FMRB"}]},{"@type":"WebSite","@id":"https:\/\/www.blogsoestado.com\/danielmatos\/#website","url":"https:\/\/www.blogsoestado.com\/danielmatos\/","name":"Daniel Matos","description":"","potentialAction":[{"@type":"SearchAction","target":{"@type":"EntryPoint","urlTemplate":"https:\/\/www.blogsoestado.com\/danielmatos\/?s={search_term_string}"},"query-input":{"@type":"PropertyValueSpecification","valueRequired":true,"valueName":"search_term_string"}}],"inLanguage":"pt-BR"}]}},"jetpack_featured_media_url":"","_links":{"self":[{"href":"https:\/\/www.blogsoestado.com\/danielmatos\/wp-json\/wp\/v2\/posts\/21687","targetHints":{"allow":["GET"]}}],"collection":[{"href":"https:\/\/www.blogsoestado.com\/danielmatos\/wp-json\/wp\/v2\/posts"}],"about":[{"href":"https:\/\/www.blogsoestado.com\/danielmatos\/wp-json\/wp\/v2\/types\/post"}],"replies":[{"embeddable":true,"href":"https:\/\/www.blogsoestado.com\/danielmatos\/wp-json\/wp\/v2\/comments?post=21687"}],"version-history":[{"count":0,"href":"https:\/\/www.blogsoestado.com\/danielmatos\/wp-json\/wp\/v2\/posts\/21687\/revisions"}],"wp:attachment":[{"href":"https:\/\/www.blogsoestado.com\/danielmatos\/wp-json\/wp\/v2\/media?parent=21687"}],"wp:term":[{"taxonomy":"category","embeddable":true,"href":"https:\/\/www.blogsoestado.com\/danielmatos\/wp-json\/wp\/v2\/categories?post=21687"},{"taxonomy":"post_tag","embeddable":true,"href":"https:\/\/www.blogsoestado.com\/danielmatos\/wp-json\/wp\/v2\/tags?post=21687"}],"curies":[{"name":"wp","href":"https:\/\/api.w.org\/{rel}","templated":true}]}}