{"id":21690,"date":"2015-01-19T09:28:52","date_gmt":"2015-01-19T12:28:52","guid":{"rendered":"https:\/\/www.blogsoestado.com\/danielmatos\/?p=21690"},"modified":"2015-01-19T09:28:52","modified_gmt":"2015-01-19T12:28:52","slug":"e-grave-o-estado-de-saude-de-humberto-de-maracana","status":"publish","type":"post","link":"https:\/\/www.blogsoestado.com\/danielmatos\/e-grave-o-estado-de-saude-de-humberto-de-maracana\/","title":{"rendered":"\u00c9 grave o estado de sa\u00fade de Humberto de Maracan\u00e3"},"content":{"rendered":"<figure id=\"attachment_21691\" aria-describedby=\"caption-attachment-21691\" style=\"width: 336px\" class=\"wp-caption alignleft\"><a href=\"https:\/\/www.blogsoestado.com\/danielmatos\/files\/2015\/01\/humberto-de-maracan\u00e3.jpg\"><img fetchpriority=\"high\" decoding=\"async\" class=\"size-full wp-image-21691\" src=\"https:\/\/www.blogsoestado.com\/danielmatos\/files\/2015\/01\/humberto-de-maracan\u00e3.jpg\" alt=\"Humberto teve a perna esquerda amputada devido a uma infec\u00e7\u00e3o\" width=\"336\" height=\"448\" \/><\/a><figcaption id=\"caption-attachment-21691\" class=\"wp-caption-text\">Humberto teve perna amputada devido a uma infec\u00e7\u00e3o<\/figcaption><\/figure>\n<p>O cantador de bumba-meu-boi Humberto de Maracan\u00e3, uma das figuras mais representativas do folclore maranhense,\u00a0segue internado em estado grave no Hospital Carlos Macieira. Ele deu entrada na unidade hospitalar\u00a0com quadro de infec\u00e7\u00e3o generalizada e teve a perna esquerda amputada. O\u00a0quadro\u00a0de sa\u00fade do artista ainda \u00e9 considerado grave, mas houve melhora na infec\u00e7\u00e3o ap\u00f3s o procedimento no membro inferior.<\/p>\n<p>Humberto nasceu em S\u00e3o Lu\u00eds, tem 75 anos e 22 filhos. Tornou-se amo do Boi de Maracan\u00e3 aos 34 anos e desde ent\u00e3o participa ativamente do cen\u00e1rio cultural maranhense, tendo sido\u00a0agraciado, inclusive, com o t\u00edtulo de Mestre em Cultura Popular pelo Minist\u00e9rio da Cultura. Ganhou tamb\u00e9m diversos outros pr\u00eamios em n\u00edvel local e j\u00e1 foi homenageado pela C\u00e2mara Municipal de S\u00e3o Lu\u00eds e pela Assembleia Legislativa, entre tantas outras honrarias.<\/p>\n<p>Sua toada mais conhecida, &#8220;Maranh\u00e3o, Meu Tesouro, Meu Torr\u00e3o&#8221;, virou hino do folclore do estado e foi gravada pela conterr\u00e2nea Alcione.<\/p>\n<p>Abaixo,\u00a0o boletim m\u00e9dico divulgado no final da tarde de ontem pela Secretaria de Estado da Sa\u00fade (SES):<\/p>\n<p><em>O Governo do Maranh\u00e3o, por meio da Secretaria de Estado da Sa\u00fade (SES) informa que o \u00faltimo boletim m\u00e9dico do paciente Humberto Barbosa Mendes, mestre do Boi de Maracan\u00e3 desde 1972, saiu \u00e0s 17h deste domingo (18). O paciente deu entrada no Hospital Carlos Macieira, v\u00edtima de infec\u00e7\u00e3o generalizada, e, por esta raz\u00e3o, foi submetido a uma cirurgia para amputa\u00e7\u00e3o do membro inferior esquerdo. No momento, Humberto Barbosa Mendes encontra-se na UTI (Unidade de Tratamento Intensivo), sob seda\u00e7\u00e3o, e mantido em ventila\u00e7\u00e3o mec\u00e2nica. O estado de sa\u00fade \u00e9 grave, mas houve melhora no quadro de infec\u00e7\u00e3o ap\u00f3s o procedimento realizado no membro inferior esquerdo.<\/em><\/p>\n","protected":false},"excerpt":{"rendered":"<p>O cantador de bumba-meu-boi Humberto de Maracan\u00e3, uma das figuras mais representativas do folclore maranhense,\u00a0segue internado em estado grave no [&hellip;]<\/p>\n","protected":false},"author":0,"featured_media":0,"comment_status":"open","ping_status":"open","sticky":false,"template":"","format":"standard","meta":{"site-sidebar-layout":"default","site-content-layout":"","ast-site-content-layout":"default","site-content-style":"default","site-sidebar-style":"default","ast-global-header-display":"","ast-banner-title-visibility":"","ast-main-header-display":"","ast-hfb-above-header-display":"","ast-hfb-below-header-display":"","ast-hfb-mobile-header-display":"","site-post-title":"","ast-breadcrumbs-content":"","ast-featured-img":"","footer-sml-layout":"","ast-disable-related-posts":"","theme-transparent-header-meta":"","adv-header-id-meta":"","stick-header-meta":"","header-above-stick-meta":"","header-main-stick-meta":"","header-below-stick-meta":"","astra-migrate-meta-layouts":"default","ast-page-background-enabled":"default","ast-page-background-meta":{"desktop":{"background-color":"var(--ast-global-color-5)","background-image":"","background-repeat":"repeat","background-position":"center center","background-size":"auto","background-attachment":"scroll","background-type":"","background-media":"","overlay-type":"","overlay-color":"","overlay-opacity":"","overlay-gradient":""},"tablet":{"background-color":"","background-image":"","background-repeat":"repeat","background-position":"center center","background-size":"auto","background-attachment":"scroll","background-type":"","background-media":"","overlay-type":"","overlay-color":"","overlay-opacity":"","overlay-gradient":""},"mobile":{"background-color":"","background-image":"","background-repeat":"repeat","background-position":"center center","background-size":"auto","background-attachment":"scroll","background-type":"","background-media":"","overlay-type":"","overlay-color":"","overlay-opacity":"","overlay-gradient":""}},"ast-content-background-meta":{"desktop":{"background-color":"var(--ast-global-color-4)","background-image":"","background-repeat":"repeat","background-position":"center center","background-size":"auto","background-attachment":"scroll","background-type":"","background-media":"","overlay-type":"","overlay-color":"","overlay-opacity":"","overlay-gradient":""},"tablet":{"background-color":"var(--ast-global-color-4)","background-image":"","background-repeat":"repeat","background-position":"center center","background-size":"auto","background-attachment":"scroll","background-type":"","background-media":"","overlay-type":"","overlay-color":"","overlay-opacity":"","overlay-gradient":""},"mobile":{"background-color":"var(--ast-global-color-4)","background-image":"","background-repeat":"repeat","background-position":"center center","background-size":"auto","background-attachment":"scroll","background-type":"","background-media":"","overlay-type":"","overlay-color":"","overlay-opacity":"","overlay-gradient":""}},"footnotes":""},"categories":[1],"tags":[],"class_list":["post-21690","post","type-post","status-publish","format-standard","hentry","category-sem-categoria"],"yoast_head":"<!-- This site is optimized with the Yoast SEO plugin v26.6 - https:\/\/yoast.com\/wordpress\/plugins\/seo\/ -->\n<title>\u00c9 grave o estado de sa\u00fade de Humberto de Maracan\u00e3 - Daniel Matos<\/title>\n<meta name=\"robots\" content=\"index, follow, max-snippet:-1, max-image-preview:large, max-video-preview:-1\" \/>\n<link rel=\"canonical\" href=\"https:\/\/www.blogsoestado.com\/danielmatos\/e-grave-o-estado-de-saude-de-humberto-de-maracana\/\" \/>\n<meta property=\"og:locale\" content=\"pt_BR\" \/>\n<meta property=\"og:type\" content=\"article\" \/>\n<meta property=\"og:title\" content=\"\u00c9 grave o estado de sa\u00fade de Humberto de Maracan\u00e3 - Daniel Matos\" \/>\n<meta property=\"og:description\" content=\"O cantador de bumba-meu-boi Humberto de Maracan\u00e3, uma das figuras mais representativas do folclore maranhense,\u00a0segue internado em estado grave no [&hellip;]\" \/>\n<meta property=\"og:url\" content=\"https:\/\/www.blogsoestado.com\/danielmatos\/e-grave-o-estado-de-saude-de-humberto-de-maracana\/\" \/>\n<meta property=\"og:site_name\" content=\"Daniel Matos\" \/>\n<meta property=\"article:published_time\" content=\"2015-01-19T12:28:52+00:00\" \/>\n<meta name=\"twitter:card\" content=\"summary_large_image\" \/>\n<meta name=\"twitter:label1\" content=\"Est. tempo de leitura\" \/>\n\t<meta name=\"twitter:data1\" content=\"2 minutos\" \/>\n<script type=\"application\/ld+json\" class=\"yoast-schema-graph\">{\"@context\":\"https:\/\/schema.org\",\"@graph\":[{\"@type\":\"WebPage\",\"@id\":\"https:\/\/www.blogsoestado.com\/danielmatos\/e-grave-o-estado-de-saude-de-humberto-de-maracana\/\",\"url\":\"https:\/\/www.blogsoestado.com\/danielmatos\/e-grave-o-estado-de-saude-de-humberto-de-maracana\/\",\"name\":\"\u00c9 grave o estado de sa\u00fade de Humberto de Maracan\u00e3 - Daniel Matos\",\"isPartOf\":{\"@id\":\"https:\/\/www.blogsoestado.com\/danielmatos\/#website\"},\"datePublished\":\"2015-01-19T12:28:52+00:00\",\"author\":{\"@id\":\"\"},\"breadcrumb\":{\"@id\":\"https:\/\/www.blogsoestado.com\/danielmatos\/e-grave-o-estado-de-saude-de-humberto-de-maracana\/#breadcrumb\"},\"inLanguage\":\"pt-BR\",\"potentialAction\":[{\"@type\":\"ReadAction\",\"target\":[\"https:\/\/www.blogsoestado.com\/danielmatos\/e-grave-o-estado-de-saude-de-humberto-de-maracana\/\"]}]},{\"@type\":\"BreadcrumbList\",\"@id\":\"https:\/\/www.blogsoestado.com\/danielmatos\/e-grave-o-estado-de-saude-de-humberto-de-maracana\/#breadcrumb\",\"itemListElement\":[{\"@type\":\"ListItem\",\"position\":1,\"name\":\"In\u00edcio\",\"item\":\"https:\/\/www.blogsoestado.com\/danielmatos\/\"},{\"@type\":\"ListItem\",\"position\":2,\"name\":\"\u00c9 grave o estado de sa\u00fade de Humberto de Maracan\u00e3\"}]},{\"@type\":\"WebSite\",\"@id\":\"https:\/\/www.blogsoestado.com\/danielmatos\/#website\",\"url\":\"https:\/\/www.blogsoestado.com\/danielmatos\/\",\"name\":\"Daniel Matos\",\"description\":\"\",\"potentialAction\":[{\"@type\":\"SearchAction\",\"target\":{\"@type\":\"EntryPoint\",\"urlTemplate\":\"https:\/\/www.blogsoestado.com\/danielmatos\/?s={search_term_string}\"},\"query-input\":{\"@type\":\"PropertyValueSpecification\",\"valueRequired\":true,\"valueName\":\"search_term_string\"}}],\"inLanguage\":\"pt-BR\"}]}<\/script>\n<!-- \/ Yoast SEO plugin. -->","yoast_head_json":{"title":"\u00c9 grave o estado de sa\u00fade de Humberto de Maracan\u00e3 - Daniel Matos","robots":{"index":"index","follow":"follow","max-snippet":"max-snippet:-1","max-image-preview":"max-image-preview:large","max-video-preview":"max-video-preview:-1"},"canonical":"https:\/\/www.blogsoestado.com\/danielmatos\/e-grave-o-estado-de-saude-de-humberto-de-maracana\/","og_locale":"pt_BR","og_type":"article","og_title":"\u00c9 grave o estado de sa\u00fade de Humberto de Maracan\u00e3 - Daniel Matos","og_description":"O cantador de bumba-meu-boi Humberto de Maracan\u00e3, uma das figuras mais representativas do folclore maranhense,\u00a0segue internado em estado grave no [&hellip;]","og_url":"https:\/\/www.blogsoestado.com\/danielmatos\/e-grave-o-estado-de-saude-de-humberto-de-maracana\/","og_site_name":"Daniel Matos","article_published_time":"2015-01-19T12:28:52+00:00","twitter_card":"summary_large_image","twitter_misc":{"Est. tempo de leitura":"2 minutos"},"schema":{"@context":"https:\/\/schema.org","@graph":[{"@type":"WebPage","@id":"https:\/\/www.blogsoestado.com\/danielmatos\/e-grave-o-estado-de-saude-de-humberto-de-maracana\/","url":"https:\/\/www.blogsoestado.com\/danielmatos\/e-grave-o-estado-de-saude-de-humberto-de-maracana\/","name":"\u00c9 grave o estado de sa\u00fade de Humberto de Maracan\u00e3 - Daniel Matos","isPartOf":{"@id":"https:\/\/www.blogsoestado.com\/danielmatos\/#website"},"datePublished":"2015-01-19T12:28:52+00:00","author":{"@id":""},"breadcrumb":{"@id":"https:\/\/www.blogsoestado.com\/danielmatos\/e-grave-o-estado-de-saude-de-humberto-de-maracana\/#breadcrumb"},"inLanguage":"pt-BR","potentialAction":[{"@type":"ReadAction","target":["https:\/\/www.blogsoestado.com\/danielmatos\/e-grave-o-estado-de-saude-de-humberto-de-maracana\/"]}]},{"@type":"BreadcrumbList","@id":"https:\/\/www.blogsoestado.com\/danielmatos\/e-grave-o-estado-de-saude-de-humberto-de-maracana\/#breadcrumb","itemListElement":[{"@type":"ListItem","position":1,"name":"In\u00edcio","item":"https:\/\/www.blogsoestado.com\/danielmatos\/"},{"@type":"ListItem","position":2,"name":"\u00c9 grave o estado de sa\u00fade de Humberto de Maracan\u00e3"}]},{"@type":"WebSite","@id":"https:\/\/www.blogsoestado.com\/danielmatos\/#website","url":"https:\/\/www.blogsoestado.com\/danielmatos\/","name":"Daniel Matos","description":"","potentialAction":[{"@type":"SearchAction","target":{"@type":"EntryPoint","urlTemplate":"https:\/\/www.blogsoestado.com\/danielmatos\/?s={search_term_string}"},"query-input":{"@type":"PropertyValueSpecification","valueRequired":true,"valueName":"search_term_string"}}],"inLanguage":"pt-BR"}]}},"jetpack_featured_media_url":"","_links":{"self":[{"href":"https:\/\/www.blogsoestado.com\/danielmatos\/wp-json\/wp\/v2\/posts\/21690","targetHints":{"allow":["GET"]}}],"collection":[{"href":"https:\/\/www.blogsoestado.com\/danielmatos\/wp-json\/wp\/v2\/posts"}],"about":[{"href":"https:\/\/www.blogsoestado.com\/danielmatos\/wp-json\/wp\/v2\/types\/post"}],"replies":[{"embeddable":true,"href":"https:\/\/www.blogsoestado.com\/danielmatos\/wp-json\/wp\/v2\/comments?post=21690"}],"version-history":[{"count":0,"href":"https:\/\/www.blogsoestado.com\/danielmatos\/wp-json\/wp\/v2\/posts\/21690\/revisions"}],"wp:attachment":[{"href":"https:\/\/www.blogsoestado.com\/danielmatos\/wp-json\/wp\/v2\/media?parent=21690"}],"wp:term":[{"taxonomy":"category","embeddable":true,"href":"https:\/\/www.blogsoestado.com\/danielmatos\/wp-json\/wp\/v2\/categories?post=21690"},{"taxonomy":"post_tag","embeddable":true,"href":"https:\/\/www.blogsoestado.com\/danielmatos\/wp-json\/wp\/v2\/tags?post=21690"}],"curies":[{"name":"wp","href":"https:\/\/api.w.org\/{rel}","templated":true}]}}