{"id":21701,"date":"2015-01-19T15:29:27","date_gmt":"2015-01-19T18:29:27","guid":{"rendered":"https:\/\/www.blogsoestado.com\/danielmatos\/?p=21701"},"modified":"2015-01-19T15:29:27","modified_gmt":"2015-01-19T18:29:27","slug":"deputado-ze-inacio-recebe-placa-em-reconhecimento-a-servicos-prestados-ao-ifma","status":"publish","type":"post","link":"https:\/\/www.blogsoestado.com\/danielmatos\/deputado-ze-inacio-recebe-placa-em-reconhecimento-a-servicos-prestados-ao-ifma\/","title":{"rendered":"Deputado Z\u00e9 In\u00e1cio recebe placa em reconhecimento a servi\u00e7os prestados ao IFMA"},"content":{"rendered":"<figure id=\"attachment_21702\" aria-describedby=\"caption-attachment-21702\" style=\"width: 448px\" class=\"wp-caption alignright\"><a href=\"https:\/\/www.blogsoestado.com\/danielmatos\/files\/2015\/01\/ze-inacio-placa.jpg\"><img fetchpriority=\"high\" decoding=\"async\" class=\"size-full wp-image-21702\" src=\"https:\/\/www.blogsoestado.com\/danielmatos\/files\/2015\/01\/ze-inacio-placa.jpg\" alt=\"Z\u00e9 In\u00e1cio recebe placa das m\u00e3os do reitor do IFMA, Roberto Brand\u00e3o\" width=\"448\" height=\"305\" \/><\/a><figcaption id=\"caption-attachment-21702\" class=\"wp-caption-text\">Z\u00e9 In\u00e1cio recebe placa das m\u00e3os do reitor do IFMA, Francisco Roberto Brand\u00e3o<\/figcaption><\/figure>\n<p>O deputado estadual eleito\u00a0Z\u00e9 In\u00e1cio (PT) recebeu placa de agradecimento aos relevantes servi\u00e7os prestados ao Instituto Federal de Educa\u00e7\u00e3o, Ci\u00eancias e Tecnologia do Maranh\u00e3o\u00a0(IFMA) durante o per\u00edodo em que esteve \u00e0 frente do Instituto de Coloniza\u00e7\u00e3o e Reforma Agr\u00e1ria do Maranh\u00e3o (Incra).<\/p>\n<p>O ex-superintendente do Incra destacou a parceria firmada tamb\u00e9m junto ao Programa Nacional de Educa\u00e7\u00e3o na Reforma Agr\u00e1ria (Pronera), enfatizando que esta\u00a0continuar durante o seu mandato parlamentar.<\/p>\n<p>\u201cAgrade\u00e7o ao IFMA pela homenagem e reitero que a nossa parceria continuar\u00e1 durante todo o meu mandato de deputado estadual\u201d, declara Z\u00e9 In\u00e1cio.<\/p>\n<figure id=\"attachment_21703\" aria-describedby=\"caption-attachment-21703\" style=\"width: 448px\" class=\"wp-caption alignleft\"><a href=\"https:\/\/www.blogsoestado.com\/danielmatos\/files\/2015\/01\/ze-inacio-placa2.jpg\"><img decoding=\"async\" class=\"size-full wp-image-21703\" src=\"https:\/\/www.blogsoestado.com\/danielmatos\/files\/2015\/01\/ze-inacio-placa2.jpg\" alt=\"Deputado eleito entre o reitor Roberto Brand\u00e3o, o pr\u00f3-reitor Carlos C\u00e9sar Teixeira e o diretor Agenor Almeida Filho\" width=\"448\" height=\"295\" \/><\/a><figcaption id=\"caption-attachment-21703\" class=\"wp-caption-text\">Deputado eleito Z\u00e9 In\u00e1cio entre o reitor Roberto Brand\u00e3o, o pr\u00f3-reitor Carlos C\u00e9sar Teixeira e o diretor de Desenvolvimento Institucional, Agenor Almeida Filho<\/figcaption><\/figure>\n<p>O ato solene aconteceu na Reitoria do IFMA.\u00a0O deputado eleito\u00a0recebeu a placa das m\u00e3os do reitor Francisco Roberto Brand\u00e3o Ferreira, que destacou os relevantes servi\u00e7os prestados pelo ent\u00e3o superintendente do Infra\u00a0\u00e0 institui\u00e7\u00e3o de ensino.\u00a0\u00a0\u201cDestaco aqui dois pontos da sua atua\u00e7\u00e3o como gestor do Incra: a ajuda estrat\u00e9gica junto ao Campus Barreirinhas e, tamb\u00e9m, ao Campus Mirinzal, que em 2015 iniciar\u00e1 o processo de licita\u00e7\u00e3o para a constru\u00e7\u00e3o de sua sede\u201d, ressaltou o reitor.<\/p>\n<p>Tamb\u00e9m esteve presente \u00e0\u00a0solenidade o pr\u00f3-reitor de Planejamento e Gest\u00e3o do IFMA, Carlos Cesar Ferreira Teixeira, e o diretor de Desenvolvimento Institucional, Agenor Almeida Filho.<\/p>\n<p><strong>Gest\u00e3o <\/strong><\/p>\n<p>Z\u00e9 In\u00e1cio\u00a0promover\u00e1\u00a0um semin\u00e1rio para\u00a0discutir com a sociedade civil estrat\u00e9gias e a\u00e7\u00f5es priorit\u00e1rias do seu mandato. A previs\u00e3o \u00e9 que o semin\u00e1rio seja realizado at\u00e9 o inicio de fevereiro, ap\u00f3s a posse dos 42 deputados eleitos para a legislatura 2015-2018, no pr\u00f3ximo dia 1\u00ba.<\/p>\n","protected":false},"excerpt":{"rendered":"<p>O deputado estadual eleito\u00a0Z\u00e9 In\u00e1cio (PT) recebeu placa de agradecimento aos relevantes servi\u00e7os prestados ao Instituto Federal de Educa\u00e7\u00e3o, Ci\u00eancias [&hellip;]<\/p>\n","protected":false},"author":0,"featured_media":0,"comment_status":"open","ping_status":"open","sticky":false,"template":"","format":"standard","meta":{"site-sidebar-layout":"default","site-content-layout":"","ast-site-content-layout":"default","site-content-style":"default","site-sidebar-style":"default","ast-global-header-display":"","ast-banner-title-visibility":"","ast-main-header-display":"","ast-hfb-above-header-display":"","ast-hfb-below-header-display":"","ast-hfb-mobile-header-display":"","site-post-title":"","ast-breadcrumbs-content":"","ast-featured-img":"","footer-sml-layout":"","ast-disable-related-posts":"","theme-transparent-header-meta":"","adv-header-id-meta":"","stick-header-meta":"","header-above-stick-meta":"","header-main-stick-meta":"","header-below-stick-meta":"","astra-migrate-meta-layouts":"default","ast-page-background-enabled":"default","ast-page-background-meta":{"desktop":{"background-color":"var(--ast-global-color-5)","background-image":"","background-repeat":"repeat","background-position":"center center","background-size":"auto","background-attachment":"scroll","background-type":"","background-media":"","overlay-type":"","overlay-color":"","overlay-opacity":"","overlay-gradient":""},"tablet":{"background-color":"","background-image":"","background-repeat":"repeat","background-position":"center center","background-size":"auto","background-attachment":"scroll","background-type":"","background-media":"","overlay-type":"","overlay-color":"","overlay-opacity":"","overlay-gradient":""},"mobile":{"background-color":"","background-image":"","background-repeat":"repeat","background-position":"center center","background-size":"auto","background-attachment":"scroll","background-type":"","background-media":"","overlay-type":"","overlay-color":"","overlay-opacity":"","overlay-gradient":""}},"ast-content-background-meta":{"desktop":{"background-color":"var(--ast-global-color-4)","background-image":"","background-repeat":"repeat","background-position":"center center","background-size":"auto","background-attachment":"scroll","background-type":"","background-media":"","overlay-type":"","overlay-color":"","overlay-opacity":"","overlay-gradient":""},"tablet":{"background-color":"var(--ast-global-color-4)","background-image":"","background-repeat":"repeat","background-position":"center center","background-size":"auto","background-attachment":"scroll","background-type":"","background-media":"","overlay-type":"","overlay-color":"","overlay-opacity":"","overlay-gradient":""},"mobile":{"background-color":"var(--ast-global-color-4)","background-image":"","background-repeat":"repeat","background-position":"center center","background-size":"auto","background-attachment":"scroll","background-type":"","background-media":"","overlay-type":"","overlay-color":"","overlay-opacity":"","overlay-gradient":""}},"footnotes":""},"categories":[1],"tags":[],"class_list":["post-21701","post","type-post","status-publish","format-standard","hentry","category-sem-categoria"],"yoast_head":"<!-- This site is optimized with the Yoast SEO plugin v26.6 - https:\/\/yoast.com\/wordpress\/plugins\/seo\/ -->\n<title>Deputado Z\u00e9 In\u00e1cio recebe placa em reconhecimento a servi\u00e7os prestados ao IFMA - Daniel Matos<\/title>\n<meta name=\"robots\" content=\"index, follow, max-snippet:-1, max-image-preview:large, max-video-preview:-1\" \/>\n<link rel=\"canonical\" href=\"https:\/\/www.blogsoestado.com\/danielmatos\/deputado-ze-inacio-recebe-placa-em-reconhecimento-a-servicos-prestados-ao-ifma\/\" \/>\n<meta property=\"og:locale\" content=\"pt_BR\" \/>\n<meta property=\"og:type\" content=\"article\" \/>\n<meta property=\"og:title\" content=\"Deputado Z\u00e9 In\u00e1cio recebe placa em reconhecimento a servi\u00e7os prestados ao IFMA - Daniel Matos\" \/>\n<meta property=\"og:description\" content=\"O deputado estadual eleito\u00a0Z\u00e9 In\u00e1cio (PT) recebeu placa de agradecimento aos relevantes servi\u00e7os prestados ao Instituto Federal de Educa\u00e7\u00e3o, Ci\u00eancias [&hellip;]\" \/>\n<meta property=\"og:url\" content=\"https:\/\/www.blogsoestado.com\/danielmatos\/deputado-ze-inacio-recebe-placa-em-reconhecimento-a-servicos-prestados-ao-ifma\/\" \/>\n<meta property=\"og:site_name\" content=\"Daniel Matos\" \/>\n<meta property=\"article:published_time\" content=\"2015-01-19T18:29:27+00:00\" \/>\n<meta property=\"og:image\" content=\"https:\/\/www.blogsoestado.com\/danielmatos\/files\/2015\/01\/ze-inacio-placa.jpg\" \/>\n<meta name=\"twitter:card\" content=\"summary_large_image\" \/>\n<meta name=\"twitter:label1\" content=\"Est. tempo de leitura\" \/>\n\t<meta name=\"twitter:data1\" content=\"2 minutos\" \/>\n<script type=\"application\/ld+json\" class=\"yoast-schema-graph\">{\"@context\":\"https:\/\/schema.org\",\"@graph\":[{\"@type\":\"WebPage\",\"@id\":\"https:\/\/www.blogsoestado.com\/danielmatos\/deputado-ze-inacio-recebe-placa-em-reconhecimento-a-servicos-prestados-ao-ifma\/\",\"url\":\"https:\/\/www.blogsoestado.com\/danielmatos\/deputado-ze-inacio-recebe-placa-em-reconhecimento-a-servicos-prestados-ao-ifma\/\",\"name\":\"Deputado Z\u00e9 In\u00e1cio recebe placa em reconhecimento a servi\u00e7os prestados ao IFMA - Daniel Matos\",\"isPartOf\":{\"@id\":\"https:\/\/www.blogsoestado.com\/danielmatos\/#website\"},\"primaryImageOfPage\":{\"@id\":\"https:\/\/www.blogsoestado.com\/danielmatos\/deputado-ze-inacio-recebe-placa-em-reconhecimento-a-servicos-prestados-ao-ifma\/#primaryimage\"},\"image\":{\"@id\":\"https:\/\/www.blogsoestado.com\/danielmatos\/deputado-ze-inacio-recebe-placa-em-reconhecimento-a-servicos-prestados-ao-ifma\/#primaryimage\"},\"thumbnailUrl\":\"https:\/\/www.blogsoestado.com\/danielmatos\/files\/2015\/01\/ze-inacio-placa.jpg\",\"datePublished\":\"2015-01-19T18:29:27+00:00\",\"author\":{\"@id\":\"\"},\"breadcrumb\":{\"@id\":\"https:\/\/www.blogsoestado.com\/danielmatos\/deputado-ze-inacio-recebe-placa-em-reconhecimento-a-servicos-prestados-ao-ifma\/#breadcrumb\"},\"inLanguage\":\"pt-BR\",\"potentialAction\":[{\"@type\":\"ReadAction\",\"target\":[\"https:\/\/www.blogsoestado.com\/danielmatos\/deputado-ze-inacio-recebe-placa-em-reconhecimento-a-servicos-prestados-ao-ifma\/\"]}]},{\"@type\":\"ImageObject\",\"inLanguage\":\"pt-BR\",\"@id\":\"https:\/\/www.blogsoestado.com\/danielmatos\/deputado-ze-inacio-recebe-placa-em-reconhecimento-a-servicos-prestados-ao-ifma\/#primaryimage\",\"url\":\"https:\/\/www.blogsoestado.com\/danielmatos\/files\/2015\/01\/ze-inacio-placa.jpg\",\"contentUrl\":\"https:\/\/www.blogsoestado.com\/danielmatos\/files\/2015\/01\/ze-inacio-placa.jpg\"},{\"@type\":\"BreadcrumbList\",\"@id\":\"https:\/\/www.blogsoestado.com\/danielmatos\/deputado-ze-inacio-recebe-placa-em-reconhecimento-a-servicos-prestados-ao-ifma\/#breadcrumb\",\"itemListElement\":[{\"@type\":\"ListItem\",\"position\":1,\"name\":\"In\u00edcio\",\"item\":\"https:\/\/www.blogsoestado.com\/danielmatos\/\"},{\"@type\":\"ListItem\",\"position\":2,\"name\":\"Deputado Z\u00e9 In\u00e1cio recebe placa em reconhecimento a servi\u00e7os prestados ao IFMA\"}]},{\"@type\":\"WebSite\",\"@id\":\"https:\/\/www.blogsoestado.com\/danielmatos\/#website\",\"url\":\"https:\/\/www.blogsoestado.com\/danielmatos\/\",\"name\":\"Daniel Matos\",\"description\":\"\",\"potentialAction\":[{\"@type\":\"SearchAction\",\"target\":{\"@type\":\"EntryPoint\",\"urlTemplate\":\"https:\/\/www.blogsoestado.com\/danielmatos\/?s={search_term_string}\"},\"query-input\":{\"@type\":\"PropertyValueSpecification\",\"valueRequired\":true,\"valueName\":\"search_term_string\"}}],\"inLanguage\":\"pt-BR\"}]}<\/script>\n<!-- \/ Yoast SEO plugin. -->","yoast_head_json":{"title":"Deputado Z\u00e9 In\u00e1cio recebe placa em reconhecimento a servi\u00e7os prestados ao IFMA - Daniel Matos","robots":{"index":"index","follow":"follow","max-snippet":"max-snippet:-1","max-image-preview":"max-image-preview:large","max-video-preview":"max-video-preview:-1"},"canonical":"https:\/\/www.blogsoestado.com\/danielmatos\/deputado-ze-inacio-recebe-placa-em-reconhecimento-a-servicos-prestados-ao-ifma\/","og_locale":"pt_BR","og_type":"article","og_title":"Deputado Z\u00e9 In\u00e1cio recebe placa em reconhecimento a servi\u00e7os prestados ao IFMA - Daniel Matos","og_description":"O deputado estadual eleito\u00a0Z\u00e9 In\u00e1cio (PT) recebeu placa de agradecimento aos relevantes servi\u00e7os prestados ao Instituto Federal de Educa\u00e7\u00e3o, Ci\u00eancias [&hellip;]","og_url":"https:\/\/www.blogsoestado.com\/danielmatos\/deputado-ze-inacio-recebe-placa-em-reconhecimento-a-servicos-prestados-ao-ifma\/","og_site_name":"Daniel Matos","article_published_time":"2015-01-19T18:29:27+00:00","og_image":[{"url":"https:\/\/www.blogsoestado.com\/danielmatos\/files\/2015\/01\/ze-inacio-placa.jpg","type":"","width":"","height":""}],"twitter_card":"summary_large_image","twitter_misc":{"Est. tempo de leitura":"2 minutos"},"schema":{"@context":"https:\/\/schema.org","@graph":[{"@type":"WebPage","@id":"https:\/\/www.blogsoestado.com\/danielmatos\/deputado-ze-inacio-recebe-placa-em-reconhecimento-a-servicos-prestados-ao-ifma\/","url":"https:\/\/www.blogsoestado.com\/danielmatos\/deputado-ze-inacio-recebe-placa-em-reconhecimento-a-servicos-prestados-ao-ifma\/","name":"Deputado Z\u00e9 In\u00e1cio recebe placa em reconhecimento a servi\u00e7os prestados ao IFMA - Daniel Matos","isPartOf":{"@id":"https:\/\/www.blogsoestado.com\/danielmatos\/#website"},"primaryImageOfPage":{"@id":"https:\/\/www.blogsoestado.com\/danielmatos\/deputado-ze-inacio-recebe-placa-em-reconhecimento-a-servicos-prestados-ao-ifma\/#primaryimage"},"image":{"@id":"https:\/\/www.blogsoestado.com\/danielmatos\/deputado-ze-inacio-recebe-placa-em-reconhecimento-a-servicos-prestados-ao-ifma\/#primaryimage"},"thumbnailUrl":"https:\/\/www.blogsoestado.com\/danielmatos\/files\/2015\/01\/ze-inacio-placa.jpg","datePublished":"2015-01-19T18:29:27+00:00","author":{"@id":""},"breadcrumb":{"@id":"https:\/\/www.blogsoestado.com\/danielmatos\/deputado-ze-inacio-recebe-placa-em-reconhecimento-a-servicos-prestados-ao-ifma\/#breadcrumb"},"inLanguage":"pt-BR","potentialAction":[{"@type":"ReadAction","target":["https:\/\/www.blogsoestado.com\/danielmatos\/deputado-ze-inacio-recebe-placa-em-reconhecimento-a-servicos-prestados-ao-ifma\/"]}]},{"@type":"ImageObject","inLanguage":"pt-BR","@id":"https:\/\/www.blogsoestado.com\/danielmatos\/deputado-ze-inacio-recebe-placa-em-reconhecimento-a-servicos-prestados-ao-ifma\/#primaryimage","url":"https:\/\/www.blogsoestado.com\/danielmatos\/files\/2015\/01\/ze-inacio-placa.jpg","contentUrl":"https:\/\/www.blogsoestado.com\/danielmatos\/files\/2015\/01\/ze-inacio-placa.jpg"},{"@type":"BreadcrumbList","@id":"https:\/\/www.blogsoestado.com\/danielmatos\/deputado-ze-inacio-recebe-placa-em-reconhecimento-a-servicos-prestados-ao-ifma\/#breadcrumb","itemListElement":[{"@type":"ListItem","position":1,"name":"In\u00edcio","item":"https:\/\/www.blogsoestado.com\/danielmatos\/"},{"@type":"ListItem","position":2,"name":"Deputado Z\u00e9 In\u00e1cio recebe placa em reconhecimento a servi\u00e7os prestados ao IFMA"}]},{"@type":"WebSite","@id":"https:\/\/www.blogsoestado.com\/danielmatos\/#website","url":"https:\/\/www.blogsoestado.com\/danielmatos\/","name":"Daniel Matos","description":"","potentialAction":[{"@type":"SearchAction","target":{"@type":"EntryPoint","urlTemplate":"https:\/\/www.blogsoestado.com\/danielmatos\/?s={search_term_string}"},"query-input":{"@type":"PropertyValueSpecification","valueRequired":true,"valueName":"search_term_string"}}],"inLanguage":"pt-BR"}]}},"jetpack_featured_media_url":"","_links":{"self":[{"href":"https:\/\/www.blogsoestado.com\/danielmatos\/wp-json\/wp\/v2\/posts\/21701","targetHints":{"allow":["GET"]}}],"collection":[{"href":"https:\/\/www.blogsoestado.com\/danielmatos\/wp-json\/wp\/v2\/posts"}],"about":[{"href":"https:\/\/www.blogsoestado.com\/danielmatos\/wp-json\/wp\/v2\/types\/post"}],"replies":[{"embeddable":true,"href":"https:\/\/www.blogsoestado.com\/danielmatos\/wp-json\/wp\/v2\/comments?post=21701"}],"version-history":[{"count":0,"href":"https:\/\/www.blogsoestado.com\/danielmatos\/wp-json\/wp\/v2\/posts\/21701\/revisions"}],"wp:attachment":[{"href":"https:\/\/www.blogsoestado.com\/danielmatos\/wp-json\/wp\/v2\/media?parent=21701"}],"wp:term":[{"taxonomy":"category","embeddable":true,"href":"https:\/\/www.blogsoestado.com\/danielmatos\/wp-json\/wp\/v2\/categories?post=21701"},{"taxonomy":"post_tag","embeddable":true,"href":"https:\/\/www.blogsoestado.com\/danielmatos\/wp-json\/wp\/v2\/tags?post=21701"}],"curies":[{"name":"wp","href":"https:\/\/api.w.org\/{rel}","templated":true}]}}