{"id":21707,"date":"2015-01-19T17:09:43","date_gmt":"2015-01-19T20:09:43","guid":{"rendered":"https:\/\/www.blogsoestado.com\/danielmatos\/?p=21707"},"modified":"2015-01-19T17:09:43","modified_gmt":"2015-01-19T20:09:43","slug":"morre-humberto-de-maracana","status":"publish","type":"post","link":"https:\/\/www.blogsoestado.com\/danielmatos\/morre-humberto-de-maracana\/","title":{"rendered":"Morre Humberto de Maracan\u00e3"},"content":{"rendered":"<figure id=\"attachment_21691\" aria-describedby=\"caption-attachment-21691\" style=\"width: 336px\" class=\"wp-caption alignleft\"><a href=\"https:\/\/www.blogsoestado.com\/danielmatos\/files\/2015\/01\/humberto-de-maracan\u00e3.jpg\"><img fetchpriority=\"high\" decoding=\"async\" class=\"size-full wp-image-21691\" src=\"https:\/\/www.blogsoestado.com\/danielmatos\/files\/2015\/01\/humberto-de-maracan\u00e3.jpg\" alt=\"Humberto teve a perna esquerda amputada devido a uma infec\u00e7\u00e3o\" width=\"336\" height=\"448\" \/><\/a><figcaption id=\"caption-attachment-21691\" class=\"wp-caption-text\">Humberto\u00a0n\u00e3o resistiu a quadro de infec\u00e7\u00e3o generalizada<\/figcaption><\/figure>\n<p>Morreu por volta das 16h desta segunda-feira\u00a0o cantador de bumba-meu-boi Humberto de Maracan\u00e3, uma das figuras mais representativas do folclore maranhense. Ele estava internado desde a \u00faltima ter\u00e7a-feira (13) na Unidade de Terapia Intensiva (UTI) do Hospital Carlos Macieira. Humberto tinha 75 anos e comandava o batalh\u00e3o de Maracan\u00e3, do sotaque de matraca, desde 1972. Ele deixa esposa e 22 filhos.<\/p>\n<p>Humberto\u00a0deu entrada na unidade hospitalar com quadro de infec\u00e7\u00e3o generalizada e teve a perna esquerda amputada. O quadro de sa\u00fade do artista era\u00a0considerado grave, mas o boletim m\u00e9dico divulgado ontem pela Secretaria de Estado da Sa\u00fade (SES) informou que houve melhora na infec\u00e7\u00e3o ap\u00f3s o procedimento no membro inferior. Hoje, no entanto, o estado se agravou e o cantador\u00a0n\u00e3o resistiu.<\/p>\n<p>Conhecido no meio folcl\u00f3rico tamb\u00e9m como Guriat\u00e3 (ave de canto melodioso), Humberto nasceu em S\u00e3o Lu\u00eds\u00a0e tornou-se amo do Boi de Maracan\u00e3 aos 34 anos.\u00a0Desde ent\u00e3o, participava ativamente do cen\u00e1rio cultural maranhense, tendo sido agraciado, inclusive, com o t\u00edtulo de Mestre em Cultura Popular pelo Minist\u00e9rio da Cultura.<\/p>\n<p>Ganhou tamb\u00e9m diversos outros pr\u00eamios em n\u00edvel local e foi homenageado pela C\u00e2mara Municipal de S\u00e3o Lu\u00eds e pela Assembleia Legislativa, entre tantas outras honrarias.<\/p>\n<p>Sua toada mais conhecida, \u201cMaranh\u00e3o, Meu Tesouro, Meu Torr\u00e3o\u201d, virou hino do folclore do estado e foi gravada pela conterr\u00e2nea Alcione.<\/p>\n<p>Artistas, pol\u00edticos, escritores e demais personalidades lamentaram a morte de Humberto. Os poderes Executivo e Legislativo estaduais e municipais\u00a0lan\u00e7ar\u00e3o, nas pr\u00f3ximas horas, notas de pesar pelo falecimento do cantador.<\/p>\n<p>Ou\u00e7a a toada &#8220;Maranh\u00e3o, Meu Tesouro, Meu Torr\u00e3o&#8221;, obra-prima de Humberto de Maracan\u00e3:<\/p>\n<p>[youtube\u00a0eGna25C6V3c]<\/p>\n","protected":false},"excerpt":{"rendered":"<p>Morreu por volta das 16h desta segunda-feira\u00a0o cantador de bumba-meu-boi Humberto de Maracan\u00e3, uma das figuras mais representativas do folclore [&hellip;]<\/p>\n","protected":false},"author":0,"featured_media":0,"comment_status":"open","ping_status":"open","sticky":false,"template":"","format":"standard","meta":{"site-sidebar-layout":"default","site-content-layout":"","ast-site-content-layout":"default","site-content-style":"default","site-sidebar-style":"default","ast-global-header-display":"","ast-banner-title-visibility":"","ast-main-header-display":"","ast-hfb-above-header-display":"","ast-hfb-below-header-display":"","ast-hfb-mobile-header-display":"","site-post-title":"","ast-breadcrumbs-content":"","ast-featured-img":"","footer-sml-layout":"","ast-disable-related-posts":"","theme-transparent-header-meta":"","adv-header-id-meta":"","stick-header-meta":"","header-above-stick-meta":"","header-main-stick-meta":"","header-below-stick-meta":"","astra-migrate-meta-layouts":"default","ast-page-background-enabled":"default","ast-page-background-meta":{"desktop":{"background-color":"var(--ast-global-color-5)","background-image":"","background-repeat":"repeat","background-position":"center center","background-size":"auto","background-attachment":"scroll","background-type":"","background-media":"","overlay-type":"","overlay-color":"","overlay-opacity":"","overlay-gradient":""},"tablet":{"background-color":"","background-image":"","background-repeat":"repeat","background-position":"center center","background-size":"auto","background-attachment":"scroll","background-type":"","background-media":"","overlay-type":"","overlay-color":"","overlay-opacity":"","overlay-gradient":""},"mobile":{"background-color":"","background-image":"","background-repeat":"repeat","background-position":"center center","background-size":"auto","background-attachment":"scroll","background-type":"","background-media":"","overlay-type":"","overlay-color":"","overlay-opacity":"","overlay-gradient":""}},"ast-content-background-meta":{"desktop":{"background-color":"var(--ast-global-color-4)","background-image":"","background-repeat":"repeat","background-position":"center center","background-size":"auto","background-attachment":"scroll","background-type":"","background-media":"","overlay-type":"","overlay-color":"","overlay-opacity":"","overlay-gradient":""},"tablet":{"background-color":"var(--ast-global-color-4)","background-image":"","background-repeat":"repeat","background-position":"center center","background-size":"auto","background-attachment":"scroll","background-type":"","background-media":"","overlay-type":"","overlay-color":"","overlay-opacity":"","overlay-gradient":""},"mobile":{"background-color":"var(--ast-global-color-4)","background-image":"","background-repeat":"repeat","background-position":"center center","background-size":"auto","background-attachment":"scroll","background-type":"","background-media":"","overlay-type":"","overlay-color":"","overlay-opacity":"","overlay-gradient":""}},"footnotes":""},"categories":[1],"tags":[],"class_list":["post-21707","post","type-post","status-publish","format-standard","hentry","category-sem-categoria"],"yoast_head":"<!-- This site is optimized with the Yoast SEO plugin v26.6 - https:\/\/yoast.com\/wordpress\/plugins\/seo\/ -->\n<title>Morre Humberto de Maracan\u00e3 - Daniel Matos<\/title>\n<meta name=\"robots\" content=\"index, follow, max-snippet:-1, max-image-preview:large, max-video-preview:-1\" \/>\n<link rel=\"canonical\" href=\"https:\/\/www.blogsoestado.com\/danielmatos\/morre-humberto-de-maracana\/\" \/>\n<meta property=\"og:locale\" content=\"pt_BR\" \/>\n<meta property=\"og:type\" content=\"article\" \/>\n<meta property=\"og:title\" content=\"Morre Humberto de Maracan\u00e3 - Daniel Matos\" \/>\n<meta property=\"og:description\" content=\"Morreu por volta das 16h desta segunda-feira\u00a0o cantador de bumba-meu-boi Humberto de Maracan\u00e3, uma das figuras mais representativas do folclore [&hellip;]\" \/>\n<meta property=\"og:url\" content=\"https:\/\/www.blogsoestado.com\/danielmatos\/morre-humberto-de-maracana\/\" \/>\n<meta property=\"og:site_name\" content=\"Daniel Matos\" \/>\n<meta property=\"article:published_time\" content=\"2015-01-19T20:09:43+00:00\" \/>\n<meta name=\"twitter:card\" content=\"summary_large_image\" \/>\n<meta name=\"twitter:label1\" content=\"Est. tempo de leitura\" \/>\n\t<meta name=\"twitter:data1\" content=\"2 minutos\" \/>\n<script type=\"application\/ld+json\" class=\"yoast-schema-graph\">{\"@context\":\"https:\/\/schema.org\",\"@graph\":[{\"@type\":\"WebPage\",\"@id\":\"https:\/\/www.blogsoestado.com\/danielmatos\/morre-humberto-de-maracana\/\",\"url\":\"https:\/\/www.blogsoestado.com\/danielmatos\/morre-humberto-de-maracana\/\",\"name\":\"Morre Humberto de Maracan\u00e3 - Daniel Matos\",\"isPartOf\":{\"@id\":\"https:\/\/www.blogsoestado.com\/danielmatos\/#website\"},\"datePublished\":\"2015-01-19T20:09:43+00:00\",\"author\":{\"@id\":\"\"},\"breadcrumb\":{\"@id\":\"https:\/\/www.blogsoestado.com\/danielmatos\/morre-humberto-de-maracana\/#breadcrumb\"},\"inLanguage\":\"pt-BR\",\"potentialAction\":[{\"@type\":\"ReadAction\",\"target\":[\"https:\/\/www.blogsoestado.com\/danielmatos\/morre-humberto-de-maracana\/\"]}]},{\"@type\":\"BreadcrumbList\",\"@id\":\"https:\/\/www.blogsoestado.com\/danielmatos\/morre-humberto-de-maracana\/#breadcrumb\",\"itemListElement\":[{\"@type\":\"ListItem\",\"position\":1,\"name\":\"In\u00edcio\",\"item\":\"https:\/\/www.blogsoestado.com\/danielmatos\/\"},{\"@type\":\"ListItem\",\"position\":2,\"name\":\"Morre Humberto de Maracan\u00e3\"}]},{\"@type\":\"WebSite\",\"@id\":\"https:\/\/www.blogsoestado.com\/danielmatos\/#website\",\"url\":\"https:\/\/www.blogsoestado.com\/danielmatos\/\",\"name\":\"Daniel Matos\",\"description\":\"\",\"potentialAction\":[{\"@type\":\"SearchAction\",\"target\":{\"@type\":\"EntryPoint\",\"urlTemplate\":\"https:\/\/www.blogsoestado.com\/danielmatos\/?s={search_term_string}\"},\"query-input\":{\"@type\":\"PropertyValueSpecification\",\"valueRequired\":true,\"valueName\":\"search_term_string\"}}],\"inLanguage\":\"pt-BR\"}]}<\/script>\n<!-- \/ Yoast SEO plugin. -->","yoast_head_json":{"title":"Morre Humberto de Maracan\u00e3 - Daniel Matos","robots":{"index":"index","follow":"follow","max-snippet":"max-snippet:-1","max-image-preview":"max-image-preview:large","max-video-preview":"max-video-preview:-1"},"canonical":"https:\/\/www.blogsoestado.com\/danielmatos\/morre-humberto-de-maracana\/","og_locale":"pt_BR","og_type":"article","og_title":"Morre Humberto de Maracan\u00e3 - Daniel Matos","og_description":"Morreu por volta das 16h desta segunda-feira\u00a0o cantador de bumba-meu-boi Humberto de Maracan\u00e3, uma das figuras mais representativas do folclore [&hellip;]","og_url":"https:\/\/www.blogsoestado.com\/danielmatos\/morre-humberto-de-maracana\/","og_site_name":"Daniel Matos","article_published_time":"2015-01-19T20:09:43+00:00","twitter_card":"summary_large_image","twitter_misc":{"Est. tempo de leitura":"2 minutos"},"schema":{"@context":"https:\/\/schema.org","@graph":[{"@type":"WebPage","@id":"https:\/\/www.blogsoestado.com\/danielmatos\/morre-humberto-de-maracana\/","url":"https:\/\/www.blogsoestado.com\/danielmatos\/morre-humberto-de-maracana\/","name":"Morre Humberto de Maracan\u00e3 - Daniel Matos","isPartOf":{"@id":"https:\/\/www.blogsoestado.com\/danielmatos\/#website"},"datePublished":"2015-01-19T20:09:43+00:00","author":{"@id":""},"breadcrumb":{"@id":"https:\/\/www.blogsoestado.com\/danielmatos\/morre-humberto-de-maracana\/#breadcrumb"},"inLanguage":"pt-BR","potentialAction":[{"@type":"ReadAction","target":["https:\/\/www.blogsoestado.com\/danielmatos\/morre-humberto-de-maracana\/"]}]},{"@type":"BreadcrumbList","@id":"https:\/\/www.blogsoestado.com\/danielmatos\/morre-humberto-de-maracana\/#breadcrumb","itemListElement":[{"@type":"ListItem","position":1,"name":"In\u00edcio","item":"https:\/\/www.blogsoestado.com\/danielmatos\/"},{"@type":"ListItem","position":2,"name":"Morre Humberto de Maracan\u00e3"}]},{"@type":"WebSite","@id":"https:\/\/www.blogsoestado.com\/danielmatos\/#website","url":"https:\/\/www.blogsoestado.com\/danielmatos\/","name":"Daniel Matos","description":"","potentialAction":[{"@type":"SearchAction","target":{"@type":"EntryPoint","urlTemplate":"https:\/\/www.blogsoestado.com\/danielmatos\/?s={search_term_string}"},"query-input":{"@type":"PropertyValueSpecification","valueRequired":true,"valueName":"search_term_string"}}],"inLanguage":"pt-BR"}]}},"jetpack_featured_media_url":"","_links":{"self":[{"href":"https:\/\/www.blogsoestado.com\/danielmatos\/wp-json\/wp\/v2\/posts\/21707","targetHints":{"allow":["GET"]}}],"collection":[{"href":"https:\/\/www.blogsoestado.com\/danielmatos\/wp-json\/wp\/v2\/posts"}],"about":[{"href":"https:\/\/www.blogsoestado.com\/danielmatos\/wp-json\/wp\/v2\/types\/post"}],"replies":[{"embeddable":true,"href":"https:\/\/www.blogsoestado.com\/danielmatos\/wp-json\/wp\/v2\/comments?post=21707"}],"version-history":[{"count":0,"href":"https:\/\/www.blogsoestado.com\/danielmatos\/wp-json\/wp\/v2\/posts\/21707\/revisions"}],"wp:attachment":[{"href":"https:\/\/www.blogsoestado.com\/danielmatos\/wp-json\/wp\/v2\/media?parent=21707"}],"wp:term":[{"taxonomy":"category","embeddable":true,"href":"https:\/\/www.blogsoestado.com\/danielmatos\/wp-json\/wp\/v2\/categories?post=21707"},{"taxonomy":"post_tag","embeddable":true,"href":"https:\/\/www.blogsoestado.com\/danielmatos\/wp-json\/wp\/v2\/tags?post=21707"}],"curies":[{"name":"wp","href":"https:\/\/api.w.org\/{rel}","templated":true}]}}