{"id":21730,"date":"2015-01-20T15:13:42","date_gmt":"2015-01-20T18:13:42","guid":{"rendered":"https:\/\/www.blogsoestado.com\/danielmatos\/?p=21730"},"modified":"2015-01-20T15:13:42","modified_gmt":"2015-01-20T18:13:42","slug":"prefeitura-de-paco-do-lumiar-abre-inscricoes-para-processo-seletivo-de-gestores-escolares","status":"publish","type":"post","link":"https:\/\/www.blogsoestado.com\/danielmatos\/prefeitura-de-paco-do-lumiar-abre-inscricoes-para-processo-seletivo-de-gestores-escolares\/","title":{"rendered":"Prefeitura de Pa\u00e7o do Lumiar abre inscri\u00e7\u00f5es para processo seletivo de gestores escolares"},"content":{"rendered":"<figure id=\"attachment_21731\" aria-describedby=\"caption-attachment-21731\" style=\"width: 448px\" class=\"wp-caption alignright\"><a href=\"https:\/\/www.blogsoestado.com\/danielmatos\/files\/2015\/01\/pa\u00e7o-seletivo-gestores.jpg\"><img fetchpriority=\"high\" decoding=\"async\" class=\"size-full wp-image-21731\" src=\"https:\/\/www.blogsoestado.com\/danielmatos\/files\/2015\/01\/pa\u00e7o-seletivo-gestores.jpg\" alt=\"Prefeitura selecionar\u00e1 diretores e diretores adjuntos de escolas\" width=\"448\" height=\"299\" \/><\/a><figcaption id=\"caption-attachment-21731\" class=\"wp-caption-text\">Prefeitura selecionar\u00e1 diretores e diretores adjuntos de escolas do Munic\u00edpio<\/figcaption><\/figure>\n<p>A Prefeitura Municipal de Pa\u00e7o do Lumiar, atrav\u00e9s da Secretaria Municipal de Educa\u00e7\u00e3o (SEMED), informa que est\u00e3o abertas as inscri\u00e7\u00f5es para o processo seletivo interno, que objetiva selecionar professores efetivos, para os cargos de Diretor de Unidade Escolar e Diretor Adjunto. Esta \u00e9 a segunda vez que o munic\u00edpio realizar\u00e1 seletivo para escolha de gestores de escola. No primeiro seletivo, 37 gestores foram aprovados e nomeados.<\/p>\n<p>O processo de sele\u00e7\u00e3o interna \u00e9 composto por tr\u00eas etapas: prova escrita, plano de gest\u00e3o escolar e an\u00e1lise de t\u00edtulos. A prova escrita, que ser\u00e1 aplicada no pr\u00f3ximo dia 27, ser\u00e1 composta por quest\u00f5es de conhecimentos espec\u00edficos em gest\u00e3o escolar e quest\u00f5es de m\u00faltipla escolha e ter\u00e1 dura\u00e7\u00e3o de 3 horas.<\/p>\n<p>Os professores interessados dever\u00e3o preencher os seguintes crit\u00e9rios: ser portador de diploma de ensino superior em Pedagogia e\/ou licenciatura plena; estar no efetivo exerc\u00edcio das atividades correspondentes \u00e0s atribui\u00e7\u00f5es do cargo de professor ou exercendo a fun\u00e7\u00e3o de coordenador pedag\u00f3gico designado; ter disponibilidade para atendimento em regime integral; n\u00e3o ter sofrido pena de advert\u00eancia ou suspens\u00e3o nos \u00faltimos 04 anos; apresentar declara\u00e7\u00e3o de regularidade na presta\u00e7\u00e3o de contas anuais dos recursos financeiros recebidos pela unidade escolar, na hip\u00f3tese de ter exercido fun\u00e7\u00e3o de dire\u00e7\u00e3o escolar ou assemelhado.<\/p>\n<p>As inscri\u00e7\u00f5es dever\u00e3o ser realizadas na sede da Secretaria Municipal de Educa\u00e7\u00e3o &#8211; SEMED, localizada na Av. 13, Quadra 142, n\u00ba 05, bairro Maiob\u00e3o, Pa\u00e7o do Lumiar\/MA, no per\u00edodo de 19 a 22 de janeiro de 2015, por meio de preenchimento de Ficha de Inscri\u00e7\u00e3o, dispon\u00edvel na sede do \u00f3rg\u00e3o.<\/p>\n<p>Mais informa\u00e7\u00f5es no Edital dispon\u00edvel no site da Prefeitura de Pa\u00e7o do Lumiar (<a href=\"http:\/\/www.pacodolumiar.ma.gov.br\" target=\"_blank\">www.pacodolumiar.ma.gov.br<\/a>).<\/p>\n","protected":false},"excerpt":{"rendered":"<p>A Prefeitura Municipal de Pa\u00e7o do Lumiar, atrav\u00e9s da Secretaria Municipal de Educa\u00e7\u00e3o (SEMED), informa que est\u00e3o abertas as inscri\u00e7\u00f5es [&hellip;]<\/p>\n","protected":false},"author":0,"featured_media":0,"comment_status":"open","ping_status":"open","sticky":false,"template":"","format":"standard","meta":{"site-sidebar-layout":"default","site-content-layout":"","ast-site-content-layout":"default","site-content-style":"default","site-sidebar-style":"default","ast-global-header-display":"","ast-banner-title-visibility":"","ast-main-header-display":"","ast-hfb-above-header-display":"","ast-hfb-below-header-display":"","ast-hfb-mobile-header-display":"","site-post-title":"","ast-breadcrumbs-content":"","ast-featured-img":"","footer-sml-layout":"","ast-disable-related-posts":"","theme-transparent-header-meta":"","adv-header-id-meta":"","stick-header-meta":"","header-above-stick-meta":"","header-main-stick-meta":"","header-below-stick-meta":"","astra-migrate-meta-layouts":"default","ast-page-background-enabled":"default","ast-page-background-meta":{"desktop":{"background-color":"var(--ast-global-color-5)","background-image":"","background-repeat":"repeat","background-position":"center center","background-size":"auto","background-attachment":"scroll","background-type":"","background-media":"","overlay-type":"","overlay-color":"","overlay-opacity":"","overlay-gradient":""},"tablet":{"background-color":"","background-image":"","background-repeat":"repeat","background-position":"center center","background-size":"auto","background-attachment":"scroll","background-type":"","background-media":"","overlay-type":"","overlay-color":"","overlay-opacity":"","overlay-gradient":""},"mobile":{"background-color":"","background-image":"","background-repeat":"repeat","background-position":"center center","background-size":"auto","background-attachment":"scroll","background-type":"","background-media":"","overlay-type":"","overlay-color":"","overlay-opacity":"","overlay-gradient":""}},"ast-content-background-meta":{"desktop":{"background-color":"var(--ast-global-color-4)","background-image":"","background-repeat":"repeat","background-position":"center center","background-size":"auto","background-attachment":"scroll","background-type":"","background-media":"","overlay-type":"","overlay-color":"","overlay-opacity":"","overlay-gradient":""},"tablet":{"background-color":"var(--ast-global-color-4)","background-image":"","background-repeat":"repeat","background-position":"center center","background-size":"auto","background-attachment":"scroll","background-type":"","background-media":"","overlay-type":"","overlay-color":"","overlay-opacity":"","overlay-gradient":""},"mobile":{"background-color":"var(--ast-global-color-4)","background-image":"","background-repeat":"repeat","background-position":"center center","background-size":"auto","background-attachment":"scroll","background-type":"","background-media":"","overlay-type":"","overlay-color":"","overlay-opacity":"","overlay-gradient":""}},"footnotes":""},"categories":[1],"tags":[],"class_list":["post-21730","post","type-post","status-publish","format-standard","hentry","category-sem-categoria"],"yoast_head":"<!-- This site is optimized with the Yoast SEO plugin v26.6 - https:\/\/yoast.com\/wordpress\/plugins\/seo\/ -->\n<title>Prefeitura de Pa\u00e7o do Lumiar abre inscri\u00e7\u00f5es para processo seletivo de gestores escolares - Daniel Matos<\/title>\n<meta name=\"robots\" content=\"index, follow, max-snippet:-1, max-image-preview:large, max-video-preview:-1\" \/>\n<link rel=\"canonical\" href=\"https:\/\/www.blogsoestado.com\/danielmatos\/prefeitura-de-paco-do-lumiar-abre-inscricoes-para-processo-seletivo-de-gestores-escolares\/\" \/>\n<meta property=\"og:locale\" content=\"pt_BR\" \/>\n<meta property=\"og:type\" content=\"article\" \/>\n<meta property=\"og:title\" content=\"Prefeitura de Pa\u00e7o do Lumiar abre inscri\u00e7\u00f5es para processo seletivo de gestores escolares - Daniel Matos\" \/>\n<meta property=\"og:description\" content=\"A Prefeitura Municipal de Pa\u00e7o do Lumiar, atrav\u00e9s da Secretaria Municipal de Educa\u00e7\u00e3o (SEMED), informa que est\u00e3o abertas as inscri\u00e7\u00f5es [&hellip;]\" \/>\n<meta property=\"og:url\" content=\"https:\/\/www.blogsoestado.com\/danielmatos\/prefeitura-de-paco-do-lumiar-abre-inscricoes-para-processo-seletivo-de-gestores-escolares\/\" \/>\n<meta property=\"og:site_name\" content=\"Daniel Matos\" \/>\n<meta property=\"article:published_time\" content=\"2015-01-20T18:13:42+00:00\" \/>\n<meta name=\"twitter:card\" content=\"summary_large_image\" \/>\n<meta name=\"twitter:label1\" content=\"Est. tempo de leitura\" \/>\n\t<meta name=\"twitter:data1\" content=\"2 minutos\" \/>\n<script type=\"application\/ld+json\" class=\"yoast-schema-graph\">{\"@context\":\"https:\/\/schema.org\",\"@graph\":[{\"@type\":\"WebPage\",\"@id\":\"https:\/\/www.blogsoestado.com\/danielmatos\/prefeitura-de-paco-do-lumiar-abre-inscricoes-para-processo-seletivo-de-gestores-escolares\/\",\"url\":\"https:\/\/www.blogsoestado.com\/danielmatos\/prefeitura-de-paco-do-lumiar-abre-inscricoes-para-processo-seletivo-de-gestores-escolares\/\",\"name\":\"Prefeitura de Pa\u00e7o do Lumiar abre inscri\u00e7\u00f5es para processo seletivo de gestores escolares - Daniel Matos\",\"isPartOf\":{\"@id\":\"https:\/\/www.blogsoestado.com\/danielmatos\/#website\"},\"datePublished\":\"2015-01-20T18:13:42+00:00\",\"author\":{\"@id\":\"\"},\"breadcrumb\":{\"@id\":\"https:\/\/www.blogsoestado.com\/danielmatos\/prefeitura-de-paco-do-lumiar-abre-inscricoes-para-processo-seletivo-de-gestores-escolares\/#breadcrumb\"},\"inLanguage\":\"pt-BR\",\"potentialAction\":[{\"@type\":\"ReadAction\",\"target\":[\"https:\/\/www.blogsoestado.com\/danielmatos\/prefeitura-de-paco-do-lumiar-abre-inscricoes-para-processo-seletivo-de-gestores-escolares\/\"]}]},{\"@type\":\"BreadcrumbList\",\"@id\":\"https:\/\/www.blogsoestado.com\/danielmatos\/prefeitura-de-paco-do-lumiar-abre-inscricoes-para-processo-seletivo-de-gestores-escolares\/#breadcrumb\",\"itemListElement\":[{\"@type\":\"ListItem\",\"position\":1,\"name\":\"In\u00edcio\",\"item\":\"https:\/\/www.blogsoestado.com\/danielmatos\/\"},{\"@type\":\"ListItem\",\"position\":2,\"name\":\"Prefeitura de Pa\u00e7o do Lumiar abre inscri\u00e7\u00f5es para processo seletivo de gestores escolares\"}]},{\"@type\":\"WebSite\",\"@id\":\"https:\/\/www.blogsoestado.com\/danielmatos\/#website\",\"url\":\"https:\/\/www.blogsoestado.com\/danielmatos\/\",\"name\":\"Daniel Matos\",\"description\":\"\",\"potentialAction\":[{\"@type\":\"SearchAction\",\"target\":{\"@type\":\"EntryPoint\",\"urlTemplate\":\"https:\/\/www.blogsoestado.com\/danielmatos\/?s={search_term_string}\"},\"query-input\":{\"@type\":\"PropertyValueSpecification\",\"valueRequired\":true,\"valueName\":\"search_term_string\"}}],\"inLanguage\":\"pt-BR\"}]}<\/script>\n<!-- \/ Yoast SEO plugin. -->","yoast_head_json":{"title":"Prefeitura de Pa\u00e7o do Lumiar abre inscri\u00e7\u00f5es para processo seletivo de gestores escolares - Daniel Matos","robots":{"index":"index","follow":"follow","max-snippet":"max-snippet:-1","max-image-preview":"max-image-preview:large","max-video-preview":"max-video-preview:-1"},"canonical":"https:\/\/www.blogsoestado.com\/danielmatos\/prefeitura-de-paco-do-lumiar-abre-inscricoes-para-processo-seletivo-de-gestores-escolares\/","og_locale":"pt_BR","og_type":"article","og_title":"Prefeitura de Pa\u00e7o do Lumiar abre inscri\u00e7\u00f5es para processo seletivo de gestores escolares - Daniel Matos","og_description":"A Prefeitura Municipal de Pa\u00e7o do Lumiar, atrav\u00e9s da Secretaria Municipal de Educa\u00e7\u00e3o (SEMED), informa que est\u00e3o abertas as inscri\u00e7\u00f5es [&hellip;]","og_url":"https:\/\/www.blogsoestado.com\/danielmatos\/prefeitura-de-paco-do-lumiar-abre-inscricoes-para-processo-seletivo-de-gestores-escolares\/","og_site_name":"Daniel Matos","article_published_time":"2015-01-20T18:13:42+00:00","twitter_card":"summary_large_image","twitter_misc":{"Est. tempo de leitura":"2 minutos"},"schema":{"@context":"https:\/\/schema.org","@graph":[{"@type":"WebPage","@id":"https:\/\/www.blogsoestado.com\/danielmatos\/prefeitura-de-paco-do-lumiar-abre-inscricoes-para-processo-seletivo-de-gestores-escolares\/","url":"https:\/\/www.blogsoestado.com\/danielmatos\/prefeitura-de-paco-do-lumiar-abre-inscricoes-para-processo-seletivo-de-gestores-escolares\/","name":"Prefeitura de Pa\u00e7o do Lumiar abre inscri\u00e7\u00f5es para processo seletivo de gestores escolares - Daniel Matos","isPartOf":{"@id":"https:\/\/www.blogsoestado.com\/danielmatos\/#website"},"datePublished":"2015-01-20T18:13:42+00:00","author":{"@id":""},"breadcrumb":{"@id":"https:\/\/www.blogsoestado.com\/danielmatos\/prefeitura-de-paco-do-lumiar-abre-inscricoes-para-processo-seletivo-de-gestores-escolares\/#breadcrumb"},"inLanguage":"pt-BR","potentialAction":[{"@type":"ReadAction","target":["https:\/\/www.blogsoestado.com\/danielmatos\/prefeitura-de-paco-do-lumiar-abre-inscricoes-para-processo-seletivo-de-gestores-escolares\/"]}]},{"@type":"BreadcrumbList","@id":"https:\/\/www.blogsoestado.com\/danielmatos\/prefeitura-de-paco-do-lumiar-abre-inscricoes-para-processo-seletivo-de-gestores-escolares\/#breadcrumb","itemListElement":[{"@type":"ListItem","position":1,"name":"In\u00edcio","item":"https:\/\/www.blogsoestado.com\/danielmatos\/"},{"@type":"ListItem","position":2,"name":"Prefeitura de Pa\u00e7o do Lumiar abre inscri\u00e7\u00f5es para processo seletivo de gestores escolares"}]},{"@type":"WebSite","@id":"https:\/\/www.blogsoestado.com\/danielmatos\/#website","url":"https:\/\/www.blogsoestado.com\/danielmatos\/","name":"Daniel Matos","description":"","potentialAction":[{"@type":"SearchAction","target":{"@type":"EntryPoint","urlTemplate":"https:\/\/www.blogsoestado.com\/danielmatos\/?s={search_term_string}"},"query-input":{"@type":"PropertyValueSpecification","valueRequired":true,"valueName":"search_term_string"}}],"inLanguage":"pt-BR"}]}},"jetpack_featured_media_url":"","_links":{"self":[{"href":"https:\/\/www.blogsoestado.com\/danielmatos\/wp-json\/wp\/v2\/posts\/21730","targetHints":{"allow":["GET"]}}],"collection":[{"href":"https:\/\/www.blogsoestado.com\/danielmatos\/wp-json\/wp\/v2\/posts"}],"about":[{"href":"https:\/\/www.blogsoestado.com\/danielmatos\/wp-json\/wp\/v2\/types\/post"}],"replies":[{"embeddable":true,"href":"https:\/\/www.blogsoestado.com\/danielmatos\/wp-json\/wp\/v2\/comments?post=21730"}],"version-history":[{"count":0,"href":"https:\/\/www.blogsoestado.com\/danielmatos\/wp-json\/wp\/v2\/posts\/21730\/revisions"}],"wp:attachment":[{"href":"https:\/\/www.blogsoestado.com\/danielmatos\/wp-json\/wp\/v2\/media?parent=21730"}],"wp:term":[{"taxonomy":"category","embeddable":true,"href":"https:\/\/www.blogsoestado.com\/danielmatos\/wp-json\/wp\/v2\/categories?post=21730"},{"taxonomy":"post_tag","embeddable":true,"href":"https:\/\/www.blogsoestado.com\/danielmatos\/wp-json\/wp\/v2\/tags?post=21730"}],"curies":[{"name":"wp","href":"https:\/\/api.w.org\/{rel}","templated":true}]}}