{"id":21737,"date":"2015-01-20T17:17:15","date_gmt":"2015-01-20T20:17:15","guid":{"rendered":"https:\/\/www.blogsoestado.com\/danielmatos\/?p=21737"},"modified":"2015-01-20T17:17:15","modified_gmt":"2015-01-20T20:17:15","slug":"prefeitura-de-sao-luis-inicia-matricula-para-o-projovem-urbano","status":"publish","type":"post","link":"https:\/\/www.blogsoestado.com\/danielmatos\/prefeitura-de-sao-luis-inicia-matricula-para-o-projovem-urbano\/","title":{"rendered":"Prefeitura de S\u00e3o Lu\u00eds inicia matr\u00edcula para o Projovem Urbano"},"content":{"rendered":"<figure id=\"attachment_21738\" aria-describedby=\"caption-attachment-21738\" style=\"width: 336px\" class=\"wp-caption alignright\"><a href=\"https:\/\/www.blogsoestado.com\/danielmatos\/files\/2015\/01\/geraldo-projovem.jpeg\"><img fetchpriority=\"high\" decoding=\"async\" class=\"size-full wp-image-21738\" src=\"https:\/\/www.blogsoestado.com\/danielmatos\/files\/2015\/01\/geraldo-projovem.jpeg\" alt=\"Geraldo Castro: &quot;Projovem Urbano \u00e9 uma ferramenta eficaz de forma\u00e7\u00e3o cidad\u00e3&quot;\" width=\"336\" height=\"402\" \/><\/a><figcaption id=\"caption-attachment-21738\" class=\"wp-caption-text\">Geraldo Castro Sobrinho: &#8220;Projovem Urbano \u00e9 uma ferramenta eficaz de forma\u00e7\u00e3o cidad\u00e3&#8221;<\/figcaption><\/figure>\n<p>A Prefeitura de S\u00e3o Lu\u00eds, por meio da Secretaria Municipal de Educa\u00e7\u00e3o (Semed) e em parceria com o governo federal, inicia nesta quarta-feira (21) as matr\u00edculas para Programa Nacional de Inclus\u00e3o de Jovens &#8211; Projovem Urbano. As inscri\u00e7\u00f5es podem ser efetivadas at\u00e9 o dia 23 de fevereiro em 12 Unidades de Educa\u00e7\u00e3o B\u00e1sica da Prefeitura de S\u00e3o Lu\u00eds. Neste ano, a parceria entre os governos federal e municipal garantiu 2100 vagas para jovens de 18 a 29 anos que s\u00e3o alfabetizados e n\u00e3o conclu\u00edram o Ensino Fundamental.<\/p>\n<p>O desenvovimento do Projovem Urbano em S\u00e3o Lu\u00eds est\u00e1 associado \u00e0 pol\u00edtica de Educa\u00e7\u00e3o Integral do prefeito Edivaldo Holanda J\u00fanior, que prev\u00ea a eleva\u00e7\u00e3o do n\u00edvel de escolaridade aliada \u00e0 qualifica\u00e7\u00e3o profissional. &#8220;O Projovem Urbano \u00e9 uma ferramenta eficaz de forma\u00e7\u00e3o cidad\u00e3, que possibilita aos jovens abrir novas possibilidades profissionais e de vida. Por isso mesmo, \u00e9 um programa que tem e ter\u00e1 toda a aten\u00e7\u00e3o do prefeito Edivaldo&#8221;, afirmou o secret\u00e1rio municipal de Educa\u00e7\u00e3o, Geraldo Castro Sobrinho.<\/p>\n<p>O Projovem Urbano tem dura\u00e7\u00e3o de 18 meses e, ao longo do per\u00edodo, oferece aos jovens a possibilidade de concluir o Ensino Fundamental e ainda um curso de inicia\u00e7\u00e3o profissional com certifica\u00e7\u00e3o, aulas de inform\u00e1tica e aux\u00edlio de R$ 100 por m\u00eas. O Programa tamb\u00e9m possibilita ao participante o desenvolvimento de a\u00e7\u00f5es comunit\u00e1rias com efetivo exerc\u00edcio da cidadania.<\/p>\n<p><strong>Matr\u00edculas<\/strong><\/p>\n<p>Neste ano, as matr\u00edculas poder\u00e3o ser feitas nas Unidades de Educa\u00e7\u00e3o B\u00e1sica (U.E.B.) Roseno de Jesus Mendes (Vila Jana\u00edna), Tancredo Neves (Cidade Oper\u00e1ria), Cidade Ol\u00edmpica (Cidade Ol\u00edmpica), Alberto Pinheiro (Centro), Monsenhor Frederico Chaves (S\u00e3o Francisco), Olinda Desterro (Vicente Fialho), Rubem Almeida (Coroadinho), Newton Neves (Vila Palmeira), Ministro M\u00e1rio Andreazza (Liberdade), Ros\u00e1lia Freire (Vila Izabel), Jo\u00e3o de Souza Guimar\u00e3es (Divin\u00e9ia) e Luzenir Mata Roma (Cidade Oper\u00e1ria).<\/p>\n<p>Para efetivar a inscri\u00e7\u00e3o, o interessado deve apresentar original e c\u00f3pia dos seguintes documentos: carteira de identidade, comprovante de resid\u00eancia e Hist\u00f3rico Escolar ou Declara\u00e7\u00e3o Escolar que informe \u00faltimo ano cursado pelo jovem. &#8220;Caso o interessado n\u00e3o possua hist\u00f3rico ou a declara\u00e7\u00e3o escolar, ser\u00e1 realizado um teste de profici\u00eancia no ato da matr\u00edcula para efetiv\u00e1-la&#8221;, explicou a coordenadora do Projovem Urbano em S\u00e3o Lu\u00eds, Karla Santos.<\/p>\n<p>Neste ano, o jovem poder\u00e1 optar por um dos tr\u00eas arcos ocupacionais no ato da matr\u00edcula: Constru\u00e7\u00e3o e Reparos II, Servi\u00e7os Pessoais ou Telem\u00e1tica. O primeiro garante qualifica\u00e7\u00e3o profissional para os interessados em se tornar eletricista de instala\u00e7\u00f5es, trabalhador da manuten\u00e7\u00e3o de edifica\u00e7\u00f5es, instalador e reparador de linhas e aparelhos de telecomunica\u00e7\u00f5es, bem como instalador de sistemas de telecomunica\u00e7\u00f5es. J\u00e1 os jovens que optarem por Servi\u00e7os Pessoais ser\u00e3o qualificados para atuar como depilador, cabeleireiro, maquiador, manicure e pedicure. J\u00e1 os jovens que optarem pelo arco ocupacional Telem\u00e1tica receber\u00e3o qualifica\u00e7\u00e3o profissional para atuar como helpdesk\/ operador de microcomputador, assistente de vendas e telemarketing.<\/p>\n<p><strong>LOCAIS DE MATR\u00cdCULA DO PROJOVEM URBANO COM ENDERE\u00c7O COMPLETO:<\/strong><\/p>\n<p>1 &#8211; UEB. ROSENO DE JESUS MENDES:<br \/>\nAvenida Jos\u00e9 Ribamar de Oliveira, s\/n\u00ba &#8211; Vila Jana\u00edna.<\/p>\n<p>2- UEB TANCREDO NEVES:<br \/>\nAvenida Este, Unidade 201, n\u00ba 500 &#8211; Cidade Oper\u00e1ria.<\/p>\n<p>3 &#8211; UEB CIDADE OL\u00cdMPICA:<br \/>\nAvenida 29 de Dezembro, N\u00ba 50, Quadra 39, Bloco B &#8211; Cidade Ol\u00edmpica.<\/p>\n<p>4 &#8211; UEB ALBERTO PINHEIRO<br \/>\nRua do Passeio s\/n\u00ba &#8211; Centro (antigo pr\u00e9dio do Col\u00e9gio Dom Bosco).<\/p>\n<p>5 &#8211; UEB MONSENHOR FREDERICO CHAVES<br \/>\nRua Presidente Dutra, n\u00ba 200, S\u00edtio Campinas &#8211; S\u00e3o Francisco.<\/p>\n<p>6 &#8211; UEB OLINDA DESTERRO<br \/>\nAvenida Brasil, n\u00ba 100 &#8211; Vicente Fialho.<\/p>\n<p>7- UEB RUBEM ALMEIDA<br \/>\nRua da Mangueira, n\u00ba 400 &#8220;B&#8221; &#8211; Coroadinho.<\/p>\n<p>8 &#8211; UEB NEWTON NEVES<br \/>\nAvenida Principal, n\u00ba 100 &#8211; Vila Palmeira.<\/p>\n<p>9 &#8211; UEB MINISTRO M\u00c1RIO ANDREAZZA<br \/>\nRua Correa de Ara\u00fajo, n\u00ba 400 &#8211; Liberdade.<\/p>\n<p>10 &#8211; UEB PROFA. ROS\u00c1LIA FREIRE<br \/>\nAvenida dos Portugueses n\u00ba 1000 &#8211; Vila Izabel.<\/p>\n<p>11 &#8211; UEB PROFESSOR JO\u00c3O DE SOUZA GUIMAR\u00c3ES<br \/>\nAvenida Argentina, n\u00ba 94 &#8211; Divin\u00e9ia.<\/p>\n<p>12 &#8211; UEB PROFESSOR LUZENIR MATA ROMA<br \/>\nAvenida Este Interna, Unidade 205, n\u00ba 100 &#8211; Cidade Oper\u00e1ria<\/p>\n<p><strong>Fonte:<\/strong> Secretaria Municipal de Comunica\u00e7\u00e3o (Secom)<\/p>\n","protected":false},"excerpt":{"rendered":"<p>A Prefeitura de S\u00e3o Lu\u00eds, por meio da Secretaria Municipal de Educa\u00e7\u00e3o (Semed) e em parceria com o governo federal, [&hellip;]<\/p>\n","protected":false},"author":0,"featured_media":0,"comment_status":"open","ping_status":"open","sticky":false,"template":"","format":"standard","meta":{"site-sidebar-layout":"default","site-content-layout":"","ast-site-content-layout":"default","site-content-style":"default","site-sidebar-style":"default","ast-global-header-display":"","ast-banner-title-visibility":"","ast-main-header-display":"","ast-hfb-above-header-display":"","ast-hfb-below-header-display":"","ast-hfb-mobile-header-display":"","site-post-title":"","ast-breadcrumbs-content":"","ast-featured-img":"","footer-sml-layout":"","ast-disable-related-posts":"","theme-transparent-header-meta":"","adv-header-id-meta":"","stick-header-meta":"","header-above-stick-meta":"","header-main-stick-meta":"","header-below-stick-meta":"","astra-migrate-meta-layouts":"default","ast-page-background-enabled":"default","ast-page-background-meta":{"desktop":{"background-color":"var(--ast-global-color-5)","background-image":"","background-repeat":"repeat","background-position":"center center","background-size":"auto","background-attachment":"scroll","background-type":"","background-media":"","overlay-type":"","overlay-color":"","overlay-opacity":"","overlay-gradient":""},"tablet":{"background-color":"","background-image":"","background-repeat":"repeat","background-position":"center center","background-size":"auto","background-attachment":"scroll","background-type":"","background-media":"","overlay-type":"","overlay-color":"","overlay-opacity":"","overlay-gradient":""},"mobile":{"background-color":"","background-image":"","background-repeat":"repeat","background-position":"center center","background-size":"auto","background-attachment":"scroll","background-type":"","background-media":"","overlay-type":"","overlay-color":"","overlay-opacity":"","overlay-gradient":""}},"ast-content-background-meta":{"desktop":{"background-color":"var(--ast-global-color-4)","background-image":"","background-repeat":"repeat","background-position":"center center","background-size":"auto","background-attachment":"scroll","background-type":"","background-media":"","overlay-type":"","overlay-color":"","overlay-opacity":"","overlay-gradient":""},"tablet":{"background-color":"var(--ast-global-color-4)","background-image":"","background-repeat":"repeat","background-position":"center center","background-size":"auto","background-attachment":"scroll","background-type":"","background-media":"","overlay-type":"","overlay-color":"","overlay-opacity":"","overlay-gradient":""},"mobile":{"background-color":"var(--ast-global-color-4)","background-image":"","background-repeat":"repeat","background-position":"center center","background-size":"auto","background-attachment":"scroll","background-type":"","background-media":"","overlay-type":"","overlay-color":"","overlay-opacity":"","overlay-gradient":""}},"footnotes":""},"categories":[1],"tags":[],"class_list":["post-21737","post","type-post","status-publish","format-standard","hentry","category-sem-categoria"],"yoast_head":"<!-- This site is optimized with the Yoast SEO plugin v26.6 - https:\/\/yoast.com\/wordpress\/plugins\/seo\/ -->\n<title>Prefeitura de S\u00e3o Lu\u00eds inicia matr\u00edcula para o Projovem Urbano - Daniel Matos<\/title>\n<meta name=\"robots\" content=\"index, follow, max-snippet:-1, max-image-preview:large, max-video-preview:-1\" \/>\n<link rel=\"canonical\" href=\"https:\/\/www.blogsoestado.com\/danielmatos\/prefeitura-de-sao-luis-inicia-matricula-para-o-projovem-urbano\/\" \/>\n<meta property=\"og:locale\" content=\"pt_BR\" \/>\n<meta property=\"og:type\" content=\"article\" \/>\n<meta property=\"og:title\" content=\"Prefeitura de S\u00e3o Lu\u00eds inicia matr\u00edcula para o Projovem Urbano - Daniel Matos\" \/>\n<meta property=\"og:description\" content=\"A Prefeitura de S\u00e3o Lu\u00eds, por meio da Secretaria Municipal de Educa\u00e7\u00e3o (Semed) e em parceria com o governo federal, [&hellip;]\" \/>\n<meta property=\"og:url\" content=\"https:\/\/www.blogsoestado.com\/danielmatos\/prefeitura-de-sao-luis-inicia-matricula-para-o-projovem-urbano\/\" \/>\n<meta property=\"og:site_name\" content=\"Daniel Matos\" \/>\n<meta property=\"article:published_time\" content=\"2015-01-20T20:17:15+00:00\" \/>\n<meta property=\"og:image\" content=\"https:\/\/www.blogsoestado.com\/danielmatos\/files\/2015\/01\/geraldo-projovem.jpeg\" \/>\n<meta name=\"twitter:card\" content=\"summary_large_image\" \/>\n<meta name=\"twitter:label1\" content=\"Est. tempo de leitura\" \/>\n\t<meta name=\"twitter:data1\" content=\"4 minutos\" \/>\n<script type=\"application\/ld+json\" class=\"yoast-schema-graph\">{\"@context\":\"https:\/\/schema.org\",\"@graph\":[{\"@type\":\"WebPage\",\"@id\":\"https:\/\/www.blogsoestado.com\/danielmatos\/prefeitura-de-sao-luis-inicia-matricula-para-o-projovem-urbano\/\",\"url\":\"https:\/\/www.blogsoestado.com\/danielmatos\/prefeitura-de-sao-luis-inicia-matricula-para-o-projovem-urbano\/\",\"name\":\"Prefeitura de S\u00e3o Lu\u00eds inicia matr\u00edcula para o Projovem Urbano - Daniel Matos\",\"isPartOf\":{\"@id\":\"https:\/\/www.blogsoestado.com\/danielmatos\/#website\"},\"primaryImageOfPage\":{\"@id\":\"https:\/\/www.blogsoestado.com\/danielmatos\/prefeitura-de-sao-luis-inicia-matricula-para-o-projovem-urbano\/#primaryimage\"},\"image\":{\"@id\":\"https:\/\/www.blogsoestado.com\/danielmatos\/prefeitura-de-sao-luis-inicia-matricula-para-o-projovem-urbano\/#primaryimage\"},\"thumbnailUrl\":\"https:\/\/www.blogsoestado.com\/danielmatos\/files\/2015\/01\/geraldo-projovem.jpeg\",\"datePublished\":\"2015-01-20T20:17:15+00:00\",\"author\":{\"@id\":\"\"},\"breadcrumb\":{\"@id\":\"https:\/\/www.blogsoestado.com\/danielmatos\/prefeitura-de-sao-luis-inicia-matricula-para-o-projovem-urbano\/#breadcrumb\"},\"inLanguage\":\"pt-BR\",\"potentialAction\":[{\"@type\":\"ReadAction\",\"target\":[\"https:\/\/www.blogsoestado.com\/danielmatos\/prefeitura-de-sao-luis-inicia-matricula-para-o-projovem-urbano\/\"]}]},{\"@type\":\"ImageObject\",\"inLanguage\":\"pt-BR\",\"@id\":\"https:\/\/www.blogsoestado.com\/danielmatos\/prefeitura-de-sao-luis-inicia-matricula-para-o-projovem-urbano\/#primaryimage\",\"url\":\"https:\/\/www.blogsoestado.com\/danielmatos\/files\/2015\/01\/geraldo-projovem.jpeg\",\"contentUrl\":\"https:\/\/www.blogsoestado.com\/danielmatos\/files\/2015\/01\/geraldo-projovem.jpeg\"},{\"@type\":\"BreadcrumbList\",\"@id\":\"https:\/\/www.blogsoestado.com\/danielmatos\/prefeitura-de-sao-luis-inicia-matricula-para-o-projovem-urbano\/#breadcrumb\",\"itemListElement\":[{\"@type\":\"ListItem\",\"position\":1,\"name\":\"In\u00edcio\",\"item\":\"https:\/\/www.blogsoestado.com\/danielmatos\/\"},{\"@type\":\"ListItem\",\"position\":2,\"name\":\"Prefeitura de S\u00e3o Lu\u00eds inicia matr\u00edcula para o Projovem Urbano\"}]},{\"@type\":\"WebSite\",\"@id\":\"https:\/\/www.blogsoestado.com\/danielmatos\/#website\",\"url\":\"https:\/\/www.blogsoestado.com\/danielmatos\/\",\"name\":\"Daniel Matos\",\"description\":\"\",\"potentialAction\":[{\"@type\":\"SearchAction\",\"target\":{\"@type\":\"EntryPoint\",\"urlTemplate\":\"https:\/\/www.blogsoestado.com\/danielmatos\/?s={search_term_string}\"},\"query-input\":{\"@type\":\"PropertyValueSpecification\",\"valueRequired\":true,\"valueName\":\"search_term_string\"}}],\"inLanguage\":\"pt-BR\"}]}<\/script>\n<!-- \/ Yoast SEO plugin. -->","yoast_head_json":{"title":"Prefeitura de S\u00e3o Lu\u00eds inicia matr\u00edcula para o Projovem Urbano - Daniel Matos","robots":{"index":"index","follow":"follow","max-snippet":"max-snippet:-1","max-image-preview":"max-image-preview:large","max-video-preview":"max-video-preview:-1"},"canonical":"https:\/\/www.blogsoestado.com\/danielmatos\/prefeitura-de-sao-luis-inicia-matricula-para-o-projovem-urbano\/","og_locale":"pt_BR","og_type":"article","og_title":"Prefeitura de S\u00e3o Lu\u00eds inicia matr\u00edcula para o Projovem Urbano - Daniel Matos","og_description":"A Prefeitura de S\u00e3o Lu\u00eds, por meio da Secretaria Municipal de Educa\u00e7\u00e3o (Semed) e em parceria com o governo federal, [&hellip;]","og_url":"https:\/\/www.blogsoestado.com\/danielmatos\/prefeitura-de-sao-luis-inicia-matricula-para-o-projovem-urbano\/","og_site_name":"Daniel Matos","article_published_time":"2015-01-20T20:17:15+00:00","og_image":[{"url":"https:\/\/www.blogsoestado.com\/danielmatos\/files\/2015\/01\/geraldo-projovem.jpeg","type":"","width":"","height":""}],"twitter_card":"summary_large_image","twitter_misc":{"Est. tempo de leitura":"4 minutos"},"schema":{"@context":"https:\/\/schema.org","@graph":[{"@type":"WebPage","@id":"https:\/\/www.blogsoestado.com\/danielmatos\/prefeitura-de-sao-luis-inicia-matricula-para-o-projovem-urbano\/","url":"https:\/\/www.blogsoestado.com\/danielmatos\/prefeitura-de-sao-luis-inicia-matricula-para-o-projovem-urbano\/","name":"Prefeitura de S\u00e3o Lu\u00eds inicia matr\u00edcula para o Projovem Urbano - Daniel Matos","isPartOf":{"@id":"https:\/\/www.blogsoestado.com\/danielmatos\/#website"},"primaryImageOfPage":{"@id":"https:\/\/www.blogsoestado.com\/danielmatos\/prefeitura-de-sao-luis-inicia-matricula-para-o-projovem-urbano\/#primaryimage"},"image":{"@id":"https:\/\/www.blogsoestado.com\/danielmatos\/prefeitura-de-sao-luis-inicia-matricula-para-o-projovem-urbano\/#primaryimage"},"thumbnailUrl":"https:\/\/www.blogsoestado.com\/danielmatos\/files\/2015\/01\/geraldo-projovem.jpeg","datePublished":"2015-01-20T20:17:15+00:00","author":{"@id":""},"breadcrumb":{"@id":"https:\/\/www.blogsoestado.com\/danielmatos\/prefeitura-de-sao-luis-inicia-matricula-para-o-projovem-urbano\/#breadcrumb"},"inLanguage":"pt-BR","potentialAction":[{"@type":"ReadAction","target":["https:\/\/www.blogsoestado.com\/danielmatos\/prefeitura-de-sao-luis-inicia-matricula-para-o-projovem-urbano\/"]}]},{"@type":"ImageObject","inLanguage":"pt-BR","@id":"https:\/\/www.blogsoestado.com\/danielmatos\/prefeitura-de-sao-luis-inicia-matricula-para-o-projovem-urbano\/#primaryimage","url":"https:\/\/www.blogsoestado.com\/danielmatos\/files\/2015\/01\/geraldo-projovem.jpeg","contentUrl":"https:\/\/www.blogsoestado.com\/danielmatos\/files\/2015\/01\/geraldo-projovem.jpeg"},{"@type":"BreadcrumbList","@id":"https:\/\/www.blogsoestado.com\/danielmatos\/prefeitura-de-sao-luis-inicia-matricula-para-o-projovem-urbano\/#breadcrumb","itemListElement":[{"@type":"ListItem","position":1,"name":"In\u00edcio","item":"https:\/\/www.blogsoestado.com\/danielmatos\/"},{"@type":"ListItem","position":2,"name":"Prefeitura de S\u00e3o Lu\u00eds inicia matr\u00edcula para o Projovem Urbano"}]},{"@type":"WebSite","@id":"https:\/\/www.blogsoestado.com\/danielmatos\/#website","url":"https:\/\/www.blogsoestado.com\/danielmatos\/","name":"Daniel Matos","description":"","potentialAction":[{"@type":"SearchAction","target":{"@type":"EntryPoint","urlTemplate":"https:\/\/www.blogsoestado.com\/danielmatos\/?s={search_term_string}"},"query-input":{"@type":"PropertyValueSpecification","valueRequired":true,"valueName":"search_term_string"}}],"inLanguage":"pt-BR"}]}},"jetpack_featured_media_url":"","_links":{"self":[{"href":"https:\/\/www.blogsoestado.com\/danielmatos\/wp-json\/wp\/v2\/posts\/21737","targetHints":{"allow":["GET"]}}],"collection":[{"href":"https:\/\/www.blogsoestado.com\/danielmatos\/wp-json\/wp\/v2\/posts"}],"about":[{"href":"https:\/\/www.blogsoestado.com\/danielmatos\/wp-json\/wp\/v2\/types\/post"}],"replies":[{"embeddable":true,"href":"https:\/\/www.blogsoestado.com\/danielmatos\/wp-json\/wp\/v2\/comments?post=21737"}],"version-history":[{"count":0,"href":"https:\/\/www.blogsoestado.com\/danielmatos\/wp-json\/wp\/v2\/posts\/21737\/revisions"}],"wp:attachment":[{"href":"https:\/\/www.blogsoestado.com\/danielmatos\/wp-json\/wp\/v2\/media?parent=21737"}],"wp:term":[{"taxonomy":"category","embeddable":true,"href":"https:\/\/www.blogsoestado.com\/danielmatos\/wp-json\/wp\/v2\/categories?post=21737"},{"taxonomy":"post_tag","embeddable":true,"href":"https:\/\/www.blogsoestado.com\/danielmatos\/wp-json\/wp\/v2\/tags?post=21737"}],"curies":[{"name":"wp","href":"https:\/\/api.w.org\/{rel}","templated":true}]}}