{"id":21741,"date":"2015-01-21T08:36:43","date_gmt":"2015-01-21T11:36:43","guid":{"rendered":"https:\/\/www.blogsoestado.com\/danielmatos\/?p=21741"},"modified":"2015-01-21T08:36:43","modified_gmt":"2015-01-21T11:36:43","slug":"orgaos-estaduais-podem-ficar-sem-vigilantes","status":"publish","type":"post","link":"https:\/\/www.blogsoestado.com\/danielmatos\/orgaos-estaduais-podem-ficar-sem-vigilantes\/","title":{"rendered":"\u00d3rg\u00e3os estaduais podem ficar sem vigilantes"},"content":{"rendered":"<p>Com os sal\u00e1rios atrasados, vigilantes de todos os \u00f3rg\u00e3os do Governo do Maranh\u00e3o amea\u00e7am entrar em greve a partir da pr\u00f3xima semana. Assim como os servidores terceirizados das secretariais de Estado da\u00a0Sa\u00fade e de Seguran\u00e7a P\u00fablica, os vigilantes\u00a0n\u00e3o receberam os vencimentos de dezembro por causa da decis\u00e3o do governador Fl\u00e1vio Dino (PCdoB) de suspender as ordens de pagamento\u00a0emitidas nos \u00faltimos dias do governo passado.<\/p>\n<p>Os profissionais\u00a0s\u00e3o vinculados a cinco empresas: Cefor, Potencial, Mafra, Colt Brasil e New Serv Seguran\u00e7a e prestam servi\u00e7os a dezenas de \u00f3rg\u00e3os da administra\u00e7\u00e3o estadual.\u00a0Caso os profissionais decidam cruzar os bra\u00e7os, todos ficar\u00e3o sem seguran\u00e7a e com suas respectivas rotinas comprometidas.<\/p>\n<p>Al\u00e9m das reparti\u00e7\u00f5es p\u00fablicas, respons\u00e1veis pelos servi\u00e7os burocr\u00e1ticos, escolas, hospitais e delegacias de pol\u00edcia correm o risco de ficar desprotegidas.<\/p>\n<p>Abaixo, a convoca\u00e7\u00e3o para assembleia geral feita pelo Sindicato dos Vigilantes do Maranh\u00e3o:<\/p>\n<p><a href=\"https:\/\/www.blogsoestado.com\/danielmatos\/files\/2015\/01\/greve-vigilantes.jpg\"><img fetchpriority=\"high\" decoding=\"async\" class=\"aligncenter size-full wp-image-21742\" src=\"https:\/\/www.blogsoestado.com\/danielmatos\/files\/2015\/01\/greve-vigilantes.jpg\" alt=\"greve vigilantes\" width=\"640\" height=\"431\" \/><\/a><\/p>\n","protected":false},"excerpt":{"rendered":"<p>Com os sal\u00e1rios atrasados, vigilantes de todos os \u00f3rg\u00e3os do Governo do Maranh\u00e3o amea\u00e7am entrar em greve a partir da [&hellip;]<\/p>\n","protected":false},"author":0,"featured_media":0,"comment_status":"open","ping_status":"open","sticky":false,"template":"","format":"standard","meta":{"site-sidebar-layout":"default","site-content-layout":"","ast-site-content-layout":"default","site-content-style":"default","site-sidebar-style":"default","ast-global-header-display":"","ast-banner-title-visibility":"","ast-main-header-display":"","ast-hfb-above-header-display":"","ast-hfb-below-header-display":"","ast-hfb-mobile-header-display":"","site-post-title":"","ast-breadcrumbs-content":"","ast-featured-img":"","footer-sml-layout":"","ast-disable-related-posts":"","theme-transparent-header-meta":"","adv-header-id-meta":"","stick-header-meta":"","header-above-stick-meta":"","header-main-stick-meta":"","header-below-stick-meta":"","astra-migrate-meta-layouts":"default","ast-page-background-enabled":"default","ast-page-background-meta":{"desktop":{"background-color":"var(--ast-global-color-5)","background-image":"","background-repeat":"repeat","background-position":"center center","background-size":"auto","background-attachment":"scroll","background-type":"","background-media":"","overlay-type":"","overlay-color":"","overlay-opacity":"","overlay-gradient":""},"tablet":{"background-color":"","background-image":"","background-repeat":"repeat","background-position":"center center","background-size":"auto","background-attachment":"scroll","background-type":"","background-media":"","overlay-type":"","overlay-color":"","overlay-opacity":"","overlay-gradient":""},"mobile":{"background-color":"","background-image":"","background-repeat":"repeat","background-position":"center center","background-size":"auto","background-attachment":"scroll","background-type":"","background-media":"","overlay-type":"","overlay-color":"","overlay-opacity":"","overlay-gradient":""}},"ast-content-background-meta":{"desktop":{"background-color":"var(--ast-global-color-4)","background-image":"","background-repeat":"repeat","background-position":"center center","background-size":"auto","background-attachment":"scroll","background-type":"","background-media":"","overlay-type":"","overlay-color":"","overlay-opacity":"","overlay-gradient":""},"tablet":{"background-color":"var(--ast-global-color-4)","background-image":"","background-repeat":"repeat","background-position":"center center","background-size":"auto","background-attachment":"scroll","background-type":"","background-media":"","overlay-type":"","overlay-color":"","overlay-opacity":"","overlay-gradient":""},"mobile":{"background-color":"var(--ast-global-color-4)","background-image":"","background-repeat":"repeat","background-position":"center center","background-size":"auto","background-attachment":"scroll","background-type":"","background-media":"","overlay-type":"","overlay-color":"","overlay-opacity":"","overlay-gradient":""}},"footnotes":""},"categories":[1],"tags":[],"class_list":["post-21741","post","type-post","status-publish","format-standard","hentry","category-sem-categoria"],"yoast_head":"<!-- This site is optimized with the Yoast SEO plugin v26.6 - https:\/\/yoast.com\/wordpress\/plugins\/seo\/ -->\n<title>\u00d3rg\u00e3os estaduais podem ficar sem vigilantes - Daniel Matos<\/title>\n<meta name=\"robots\" content=\"index, follow, max-snippet:-1, max-image-preview:large, max-video-preview:-1\" \/>\n<link rel=\"canonical\" href=\"https:\/\/www.blogsoestado.com\/danielmatos\/orgaos-estaduais-podem-ficar-sem-vigilantes\/\" \/>\n<meta property=\"og:locale\" content=\"pt_BR\" \/>\n<meta property=\"og:type\" content=\"article\" \/>\n<meta property=\"og:title\" content=\"\u00d3rg\u00e3os estaduais podem ficar sem vigilantes - Daniel Matos\" \/>\n<meta property=\"og:description\" content=\"Com os sal\u00e1rios atrasados, vigilantes de todos os \u00f3rg\u00e3os do Governo do Maranh\u00e3o amea\u00e7am entrar em greve a partir da [&hellip;]\" \/>\n<meta property=\"og:url\" content=\"https:\/\/www.blogsoestado.com\/danielmatos\/orgaos-estaduais-podem-ficar-sem-vigilantes\/\" \/>\n<meta property=\"og:site_name\" content=\"Daniel Matos\" \/>\n<meta property=\"article:published_time\" content=\"2015-01-21T11:36:43+00:00\" \/>\n<meta property=\"og:image\" content=\"https:\/\/www.blogsoestado.com\/danielmatos\/files\/2015\/01\/greve-vigilantes.jpg\" \/>\n<meta name=\"twitter:card\" content=\"summary_large_image\" \/>\n<meta name=\"twitter:label1\" content=\"Est. tempo de leitura\" \/>\n\t<meta name=\"twitter:data1\" content=\"1 minuto\" \/>\n<script type=\"application\/ld+json\" class=\"yoast-schema-graph\">{\"@context\":\"https:\/\/schema.org\",\"@graph\":[{\"@type\":\"WebPage\",\"@id\":\"https:\/\/www.blogsoestado.com\/danielmatos\/orgaos-estaduais-podem-ficar-sem-vigilantes\/\",\"url\":\"https:\/\/www.blogsoestado.com\/danielmatos\/orgaos-estaduais-podem-ficar-sem-vigilantes\/\",\"name\":\"\u00d3rg\u00e3os estaduais podem ficar sem vigilantes - Daniel Matos\",\"isPartOf\":{\"@id\":\"https:\/\/www.blogsoestado.com\/danielmatos\/#website\"},\"primaryImageOfPage\":{\"@id\":\"https:\/\/www.blogsoestado.com\/danielmatos\/orgaos-estaduais-podem-ficar-sem-vigilantes\/#primaryimage\"},\"image\":{\"@id\":\"https:\/\/www.blogsoestado.com\/danielmatos\/orgaos-estaduais-podem-ficar-sem-vigilantes\/#primaryimage\"},\"thumbnailUrl\":\"https:\/\/www.blogsoestado.com\/danielmatos\/files\/2015\/01\/greve-vigilantes.jpg\",\"datePublished\":\"2015-01-21T11:36:43+00:00\",\"author\":{\"@id\":\"\"},\"breadcrumb\":{\"@id\":\"https:\/\/www.blogsoestado.com\/danielmatos\/orgaos-estaduais-podem-ficar-sem-vigilantes\/#breadcrumb\"},\"inLanguage\":\"pt-BR\",\"potentialAction\":[{\"@type\":\"ReadAction\",\"target\":[\"https:\/\/www.blogsoestado.com\/danielmatos\/orgaos-estaduais-podem-ficar-sem-vigilantes\/\"]}]},{\"@type\":\"ImageObject\",\"inLanguage\":\"pt-BR\",\"@id\":\"https:\/\/www.blogsoestado.com\/danielmatos\/orgaos-estaduais-podem-ficar-sem-vigilantes\/#primaryimage\",\"url\":\"https:\/\/www.blogsoestado.com\/danielmatos\/files\/2015\/01\/greve-vigilantes.jpg\",\"contentUrl\":\"https:\/\/www.blogsoestado.com\/danielmatos\/files\/2015\/01\/greve-vigilantes.jpg\"},{\"@type\":\"BreadcrumbList\",\"@id\":\"https:\/\/www.blogsoestado.com\/danielmatos\/orgaos-estaduais-podem-ficar-sem-vigilantes\/#breadcrumb\",\"itemListElement\":[{\"@type\":\"ListItem\",\"position\":1,\"name\":\"In\u00edcio\",\"item\":\"https:\/\/www.blogsoestado.com\/danielmatos\/\"},{\"@type\":\"ListItem\",\"position\":2,\"name\":\"\u00d3rg\u00e3os estaduais podem ficar sem vigilantes\"}]},{\"@type\":\"WebSite\",\"@id\":\"https:\/\/www.blogsoestado.com\/danielmatos\/#website\",\"url\":\"https:\/\/www.blogsoestado.com\/danielmatos\/\",\"name\":\"Daniel Matos\",\"description\":\"\",\"potentialAction\":[{\"@type\":\"SearchAction\",\"target\":{\"@type\":\"EntryPoint\",\"urlTemplate\":\"https:\/\/www.blogsoestado.com\/danielmatos\/?s={search_term_string}\"},\"query-input\":{\"@type\":\"PropertyValueSpecification\",\"valueRequired\":true,\"valueName\":\"search_term_string\"}}],\"inLanguage\":\"pt-BR\"}]}<\/script>\n<!-- \/ Yoast SEO plugin. -->","yoast_head_json":{"title":"\u00d3rg\u00e3os estaduais podem ficar sem vigilantes - Daniel Matos","robots":{"index":"index","follow":"follow","max-snippet":"max-snippet:-1","max-image-preview":"max-image-preview:large","max-video-preview":"max-video-preview:-1"},"canonical":"https:\/\/www.blogsoestado.com\/danielmatos\/orgaos-estaduais-podem-ficar-sem-vigilantes\/","og_locale":"pt_BR","og_type":"article","og_title":"\u00d3rg\u00e3os estaduais podem ficar sem vigilantes - Daniel Matos","og_description":"Com os sal\u00e1rios atrasados, vigilantes de todos os \u00f3rg\u00e3os do Governo do Maranh\u00e3o amea\u00e7am entrar em greve a partir da [&hellip;]","og_url":"https:\/\/www.blogsoestado.com\/danielmatos\/orgaos-estaduais-podem-ficar-sem-vigilantes\/","og_site_name":"Daniel Matos","article_published_time":"2015-01-21T11:36:43+00:00","og_image":[{"url":"https:\/\/www.blogsoestado.com\/danielmatos\/files\/2015\/01\/greve-vigilantes.jpg","type":"","width":"","height":""}],"twitter_card":"summary_large_image","twitter_misc":{"Est. tempo de leitura":"1 minuto"},"schema":{"@context":"https:\/\/schema.org","@graph":[{"@type":"WebPage","@id":"https:\/\/www.blogsoestado.com\/danielmatos\/orgaos-estaduais-podem-ficar-sem-vigilantes\/","url":"https:\/\/www.blogsoestado.com\/danielmatos\/orgaos-estaduais-podem-ficar-sem-vigilantes\/","name":"\u00d3rg\u00e3os estaduais podem ficar sem vigilantes - Daniel Matos","isPartOf":{"@id":"https:\/\/www.blogsoestado.com\/danielmatos\/#website"},"primaryImageOfPage":{"@id":"https:\/\/www.blogsoestado.com\/danielmatos\/orgaos-estaduais-podem-ficar-sem-vigilantes\/#primaryimage"},"image":{"@id":"https:\/\/www.blogsoestado.com\/danielmatos\/orgaos-estaduais-podem-ficar-sem-vigilantes\/#primaryimage"},"thumbnailUrl":"https:\/\/www.blogsoestado.com\/danielmatos\/files\/2015\/01\/greve-vigilantes.jpg","datePublished":"2015-01-21T11:36:43+00:00","author":{"@id":""},"breadcrumb":{"@id":"https:\/\/www.blogsoestado.com\/danielmatos\/orgaos-estaduais-podem-ficar-sem-vigilantes\/#breadcrumb"},"inLanguage":"pt-BR","potentialAction":[{"@type":"ReadAction","target":["https:\/\/www.blogsoestado.com\/danielmatos\/orgaos-estaduais-podem-ficar-sem-vigilantes\/"]}]},{"@type":"ImageObject","inLanguage":"pt-BR","@id":"https:\/\/www.blogsoestado.com\/danielmatos\/orgaos-estaduais-podem-ficar-sem-vigilantes\/#primaryimage","url":"https:\/\/www.blogsoestado.com\/danielmatos\/files\/2015\/01\/greve-vigilantes.jpg","contentUrl":"https:\/\/www.blogsoestado.com\/danielmatos\/files\/2015\/01\/greve-vigilantes.jpg"},{"@type":"BreadcrumbList","@id":"https:\/\/www.blogsoestado.com\/danielmatos\/orgaos-estaduais-podem-ficar-sem-vigilantes\/#breadcrumb","itemListElement":[{"@type":"ListItem","position":1,"name":"In\u00edcio","item":"https:\/\/www.blogsoestado.com\/danielmatos\/"},{"@type":"ListItem","position":2,"name":"\u00d3rg\u00e3os estaduais podem ficar sem vigilantes"}]},{"@type":"WebSite","@id":"https:\/\/www.blogsoestado.com\/danielmatos\/#website","url":"https:\/\/www.blogsoestado.com\/danielmatos\/","name":"Daniel Matos","description":"","potentialAction":[{"@type":"SearchAction","target":{"@type":"EntryPoint","urlTemplate":"https:\/\/www.blogsoestado.com\/danielmatos\/?s={search_term_string}"},"query-input":{"@type":"PropertyValueSpecification","valueRequired":true,"valueName":"search_term_string"}}],"inLanguage":"pt-BR"}]}},"jetpack_featured_media_url":"","_links":{"self":[{"href":"https:\/\/www.blogsoestado.com\/danielmatos\/wp-json\/wp\/v2\/posts\/21741","targetHints":{"allow":["GET"]}}],"collection":[{"href":"https:\/\/www.blogsoestado.com\/danielmatos\/wp-json\/wp\/v2\/posts"}],"about":[{"href":"https:\/\/www.blogsoestado.com\/danielmatos\/wp-json\/wp\/v2\/types\/post"}],"replies":[{"embeddable":true,"href":"https:\/\/www.blogsoestado.com\/danielmatos\/wp-json\/wp\/v2\/comments?post=21741"}],"version-history":[{"count":0,"href":"https:\/\/www.blogsoestado.com\/danielmatos\/wp-json\/wp\/v2\/posts\/21741\/revisions"}],"wp:attachment":[{"href":"https:\/\/www.blogsoestado.com\/danielmatos\/wp-json\/wp\/v2\/media?parent=21741"}],"wp:term":[{"taxonomy":"category","embeddable":true,"href":"https:\/\/www.blogsoestado.com\/danielmatos\/wp-json\/wp\/v2\/categories?post=21741"},{"taxonomy":"post_tag","embeddable":true,"href":"https:\/\/www.blogsoestado.com\/danielmatos\/wp-json\/wp\/v2\/tags?post=21741"}],"curies":[{"name":"wp","href":"https:\/\/api.w.org\/{rel}","templated":true}]}}