{"id":21745,"date":"2015-01-21T09:15:37","date_gmt":"2015-01-21T12:15:37","guid":{"rendered":"https:\/\/www.blogsoestado.com\/danielmatos\/?p=21745"},"modified":"2015-01-21T09:15:37","modified_gmt":"2015-01-21T12:15:37","slug":"associacao-de-magistrados-repudia-incendio-ao-forum-de-buriti","status":"publish","type":"post","link":"https:\/\/www.blogsoestado.com\/danielmatos\/associacao-de-magistrados-repudia-incendio-ao-forum-de-buriti\/","title":{"rendered":"Associa\u00e7\u00e3o de Magistrados repudia inc\u00eandio ao F\u00f3rum de Buriti"},"content":{"rendered":"<figure id=\"attachment_21746\" aria-describedby=\"caption-attachment-21746\" style=\"width: 448px\" class=\"wp-caption alignleft\"><a href=\"https:\/\/www.blogsoestado.com\/danielmatos\/files\/2015\/01\/amma.jpg\"><img fetchpriority=\"high\" decoding=\"async\" class=\"size-full wp-image-21746\" src=\"https:\/\/www.blogsoestado.com\/danielmatos\/files\/2015\/01\/amma.jpg\" alt=\"Presidente da AMMA conferiu in loco, com o juiz Jorge Leite, os estragos causados pelo inc\u00eandio ao F\u00f3rum de Buriti\" width=\"448\" height=\"252\" \/><\/a><figcaption id=\"caption-attachment-21746\" class=\"wp-caption-text\">Presidente da AMMA, Gerv\u00e1rio Santos, conferiu in loco, com o juiz Jorge Leite, os estragos causados pelo inc\u00eandio ao F\u00f3rum de Buriti<\/figcaption><\/figure>\n<p>Os ju\u00edzes Gerv\u00e1sio Santos e Angelo Alencar dos Santos, presidente e vice-presidente da AMMA, deslocaram-se no final da tarde desta ter\u00e7a-feira (20) para a Comarca de Buriti a fim de prestar solidariedade ao juiz Jorge Ant\u00f4nio Sales Leite, que foi v\u00edtima de atentado no exerc\u00edcio da jurisdi\u00e7\u00e3o.<\/p>\n<p>Na hora do atentado os diretores da AMMA se encontravam reunidos com ju\u00edzes de Caxias e assim que souberam da invas\u00e3o ao f\u00f3rum de Buriti, por meio do pr\u00f3prio juiz Jorge Leite, acionaram o diretor de Seguran\u00e7a Institucional do Tribunal de Justi\u00e7a, major Alexandre, e o secret\u00e1rio de Seguran\u00e7a P\u00fablica, Jefferson Portela, para que tomassem as provid\u00eancias cab\u00edveis.<\/p>\n<p>O juiz Jorge Leite foi amea\u00e7ado de morte dentro do seu gabinete ap\u00f3s o F\u00f3rum ter sido invadido por cerca de 15 pessoas armadas de fac\u00f5es, que incendiaram parte das depend\u00eancias do pr\u00e9dio, destruindo computadores, urnas eletr\u00f4nicas e cerca de 50 processos.<\/p>\n<figure id=\"attachment_21747\" aria-describedby=\"caption-attachment-21747\" style=\"width: 640px\" class=\"wp-caption aligncenter\"><a href=\"https:\/\/www.blogsoestado.com\/danielmatos\/files\/2015\/01\/amma2.jpg\"><img decoding=\"async\" class=\"size-full wp-image-21747\" src=\"https:\/\/www.blogsoestado.com\/danielmatos\/files\/2015\/01\/amma2.jpg\" alt=\"Inc\u00eandio criminoso destruiu instala\u00e7\u00f5es do f\u00f3rum, inviabilizando servi\u00e7os jurisdicionais \" width=\"640\" height=\"480\" \/><\/a><figcaption id=\"caption-attachment-21747\" class=\"wp-caption-text\">Inc\u00eandio criminoso destruiu parcialmente instala\u00e7\u00f5es do F\u00f3rum, inviabilizando servi\u00e7os jurisdicionais<\/figcaption><\/figure>\n<p>A revolta dos agressores, segundo o pr\u00f3prio magistrado, teve motiva\u00e7\u00e3o pol\u00edtica, ap\u00f3s ele ter proferido a decis\u00e3o em uma a\u00e7\u00e3o civil p\u00fablica, mantendo no cargo o atual prefeito Rafael Mesquita Brasil.<\/p>\n<p>H\u00e1 suspeitas de que os revoltosos que invadiram o f\u00f3rum e atentaram contra a vida do juiz tenham sido comandados por Lourival Batista, irm\u00e3o de Lourinaldo Batista, candidato derrotado nas \u00faltimas elei\u00e7\u00f5es, que n\u00e3o aceitaram a decis\u00e3o judicial.<\/p>\n<p><strong>Amea\u00e7a e danos<\/strong><\/p>\n<p>O juiz Jorge Leite relatou que se encontrava em seu gabinete quando ouviu gritos do lado de fora e cheiro de fuma\u00e7a, tentou sair, mas recuou e se trancou na sala. Foi quando come\u00e7aram os golpes de machado tentando derrubar a porta. Ele afirmou que a porta foi arrombada e Lourival entrou no gabinete visivelmente alcoolizado com o machado e uma corda nas m\u00e3os.<\/p>\n<figure id=\"attachment_21748\" aria-describedby=\"caption-attachment-21748\" style=\"width: 640px\" class=\"wp-caption aligncenter\"><a href=\"https:\/\/www.blogsoestado.com\/danielmatos\/files\/2015\/01\/amma3.jpg\"><img decoding=\"async\" class=\"size-full wp-image-21748\" src=\"https:\/\/www.blogsoestado.com\/danielmatos\/files\/2015\/01\/amma3.jpg\" alt=\"Material preservado, inclusive centenas de processos. foi colocado na parte externa do pr\u00e9dio\" width=\"640\" height=\"480\" \/><\/a><figcaption id=\"caption-attachment-21748\" class=\"wp-caption-text\">Urnas eletr\u00f4nicas e outros equipamentos\u00a0foram colocados na parte externa do pr\u00e9dio para evitar perda\u00a0total<\/figcaption><\/figure>\n<p>Jorge Leite relatou que ao constatar que o agressor estava disposto a mat\u00e1-lo, armou-se com o seu rev\u00f3lver que estava dentro da gaveta e pediu para que ele sa\u00edsse da sala. \u201cMas ele estava transtornado e repetia a frase: o senhor vem comigo, seu safado\u201d, relata o magistrado.<\/p>\n<p>\u201cEu acho que a inten\u00e7\u00e3o deles era me amarrar e me linchar na rua\u201d, afirmou o juiz. Os agressores tinham cordas nas m\u00e3os, paus e gasolina que foi jogada sobre as mesas, equipamentos e processos, iniciando o inc\u00eandio.<\/p>\n<figure id=\"attachment_21749\" aria-describedby=\"caption-attachment-21749\" style=\"width: 564px\" class=\"wp-caption aligncenter\"><a href=\"https:\/\/www.blogsoestado.com\/danielmatos\/files\/2015\/01\/amma4.jpg\"><img loading=\"lazy\" decoding=\"async\" class=\"size-full wp-image-21749\" src=\"https:\/\/www.blogsoestado.com\/danielmatos\/files\/2015\/01\/amma4.jpg\" alt=\"Dezenas de processos foram queimados, o que prejudicar\u00e1 o andamento das a\u00e7\u00f5es \" width=\"564\" height=\"375\" \/><\/a><figcaption id=\"caption-attachment-21749\" class=\"wp-caption-text\">Dezenas de processos foram queimados, o que prejudicar\u00e1 o andamento das a\u00e7\u00f5es<\/figcaption><\/figure>\n<p>O secret\u00e1rio judicial Claudionor Rodrigues presenciou toda a a\u00e7\u00e3o dos v\u00e2ndalos desde que estes chegaram ao pr\u00e9dio por volta das 1530. Ele relata n\u00e3o ter d\u00favidas de que foram para o f\u00f3rum dispostos a matar o juiz. Ele disse que os v\u00e2ndalos chegaram quebrando tudo e se dirigiram direto para uma sala que tem a placa JUIZ, mas quem fica l\u00e1 \u00e9 a assessora que est\u00e1 de f\u00e9rias. N\u00e3o encontraram ningu\u00e9m e partiram para o gabinete do magistrado.<\/p>\n<p>Claudionor ainda conseguiu ligar para um carro pipa que serve ao munic\u00edpio que chegou a tempo de conter o inc\u00eandio.<br \/>\nA a\u00e7\u00e3o contra o magistrado s\u00f3 n\u00e3o se concretizou porque houve a interven\u00e7\u00e3o de um policial militar, que conseguiu entrar no gabinete e controlar o agressor, e do oficial de justi\u00e7a Robson do Vale, que sacou uma arma, dispersando os v\u00e2ndalos que se encontravam nas depend\u00eancias do pr\u00e9dio provocando a destrui\u00e7\u00e3o.<\/p>\n<figure id=\"attachment_21750\" aria-describedby=\"caption-attachment-21750\" style=\"width: 564px\" class=\"wp-caption aligncenter\"><a href=\"https:\/\/www.blogsoestado.com\/danielmatos\/files\/2015\/01\/amma5.jpg\"><img loading=\"lazy\" decoding=\"async\" class=\"size-full wp-image-21750\" src=\"https:\/\/www.blogsoestado.com\/danielmatos\/files\/2015\/01\/amma5.jpg\" alt=\"Sala de audi\u00eancias do F\u00f3rum de Buriti tamb\u00e9m foi atingida pelas chamas \" width=\"564\" height=\"375\" \/><\/a><figcaption id=\"caption-attachment-21750\" class=\"wp-caption-text\">Sala de audi\u00eancias do F\u00f3rum de Buriti tamb\u00e9m foi atingida pelas chamas e sofreu danos<\/figcaption><\/figure>\n<p>Nesta quarta-feira a Diretoria Executiva da AMMA vai se reunir com a presidente do Tribunal de Justi\u00e7a, desembargadora Cleonice Freire, para ratar sobre o fato ocorrido em Buriti e tomar as provid\u00eancias cab\u00edveis.<\/p>\n","protected":false},"excerpt":{"rendered":"<p>Os ju\u00edzes Gerv\u00e1sio Santos e Angelo Alencar dos Santos, presidente e vice-presidente da AMMA, deslocaram-se no final da tarde desta [&hellip;]<\/p>\n","protected":false},"author":0,"featured_media":0,"comment_status":"open","ping_status":"open","sticky":false,"template":"","format":"standard","meta":{"site-sidebar-layout":"default","site-content-layout":"","ast-site-content-layout":"default","site-content-style":"default","site-sidebar-style":"default","ast-global-header-display":"","ast-banner-title-visibility":"","ast-main-header-display":"","ast-hfb-above-header-display":"","ast-hfb-below-header-display":"","ast-hfb-mobile-header-display":"","site-post-title":"","ast-breadcrumbs-content":"","ast-featured-img":"","footer-sml-layout":"","ast-disable-related-posts":"","theme-transparent-header-meta":"","adv-header-id-meta":"","stick-header-meta":"","header-above-stick-meta":"","header-main-stick-meta":"","header-below-stick-meta":"","astra-migrate-meta-layouts":"default","ast-page-background-enabled":"default","ast-page-background-meta":{"desktop":{"background-color":"var(--ast-global-color-5)","background-image":"","background-repeat":"repeat","background-position":"center center","background-size":"auto","background-attachment":"scroll","background-type":"","background-media":"","overlay-type":"","overlay-color":"","overlay-opacity":"","overlay-gradient":""},"tablet":{"background-color":"","background-image":"","background-repeat":"repeat","background-position":"center center","background-size":"auto","background-attachment":"scroll","background-type":"","background-media":"","overlay-type":"","overlay-color":"","overlay-opacity":"","overlay-gradient":""},"mobile":{"background-color":"","background-image":"","background-repeat":"repeat","background-position":"center center","background-size":"auto","background-attachment":"scroll","background-type":"","background-media":"","overlay-type":"","overlay-color":"","overlay-opacity":"","overlay-gradient":""}},"ast-content-background-meta":{"desktop":{"background-color":"var(--ast-global-color-4)","background-image":"","background-repeat":"repeat","background-position":"center center","background-size":"auto","background-attachment":"scroll","background-type":"","background-media":"","overlay-type":"","overlay-color":"","overlay-opacity":"","overlay-gradient":""},"tablet":{"background-color":"var(--ast-global-color-4)","background-image":"","background-repeat":"repeat","background-position":"center center","background-size":"auto","background-attachment":"scroll","background-type":"","background-media":"","overlay-type":"","overlay-color":"","overlay-opacity":"","overlay-gradient":""},"mobile":{"background-color":"var(--ast-global-color-4)","background-image":"","background-repeat":"repeat","background-position":"center center","background-size":"auto","background-attachment":"scroll","background-type":"","background-media":"","overlay-type":"","overlay-color":"","overlay-opacity":"","overlay-gradient":""}},"footnotes":""},"categories":[1],"tags":[],"class_list":["post-21745","post","type-post","status-publish","format-standard","hentry","category-sem-categoria"],"yoast_head":"<!-- This site is optimized with the Yoast SEO plugin v26.6 - https:\/\/yoast.com\/wordpress\/plugins\/seo\/ -->\n<title>Associa\u00e7\u00e3o de Magistrados repudia inc\u00eandio ao F\u00f3rum de Buriti - Daniel Matos<\/title>\n<meta name=\"robots\" content=\"index, follow, max-snippet:-1, max-image-preview:large, max-video-preview:-1\" \/>\n<link rel=\"canonical\" href=\"https:\/\/www.blogsoestado.com\/danielmatos\/associacao-de-magistrados-repudia-incendio-ao-forum-de-buriti\/\" \/>\n<meta property=\"og:locale\" content=\"pt_BR\" \/>\n<meta property=\"og:type\" content=\"article\" \/>\n<meta property=\"og:title\" content=\"Associa\u00e7\u00e3o de Magistrados repudia inc\u00eandio ao F\u00f3rum de Buriti - Daniel Matos\" \/>\n<meta property=\"og:description\" content=\"Os ju\u00edzes Gerv\u00e1sio Santos e Angelo Alencar dos Santos, presidente e vice-presidente da AMMA, deslocaram-se no final da tarde desta [&hellip;]\" \/>\n<meta property=\"og:url\" content=\"https:\/\/www.blogsoestado.com\/danielmatos\/associacao-de-magistrados-repudia-incendio-ao-forum-de-buriti\/\" \/>\n<meta property=\"og:site_name\" content=\"Daniel Matos\" \/>\n<meta property=\"article:published_time\" content=\"2015-01-21T12:15:37+00:00\" \/>\n<meta property=\"og:image\" content=\"https:\/\/www.blogsoestado.com\/danielmatos\/files\/2015\/01\/amma.jpg\" \/>\n<meta name=\"twitter:card\" content=\"summary_large_image\" \/>\n<meta name=\"twitter:label1\" content=\"Est. tempo de leitura\" \/>\n\t<meta name=\"twitter:data1\" content=\"4 minutos\" \/>\n<script type=\"application\/ld+json\" class=\"yoast-schema-graph\">{\"@context\":\"https:\/\/schema.org\",\"@graph\":[{\"@type\":\"WebPage\",\"@id\":\"https:\/\/www.blogsoestado.com\/danielmatos\/associacao-de-magistrados-repudia-incendio-ao-forum-de-buriti\/\",\"url\":\"https:\/\/www.blogsoestado.com\/danielmatos\/associacao-de-magistrados-repudia-incendio-ao-forum-de-buriti\/\",\"name\":\"Associa\u00e7\u00e3o de Magistrados repudia inc\u00eandio ao F\u00f3rum de Buriti - Daniel Matos\",\"isPartOf\":{\"@id\":\"https:\/\/www.blogsoestado.com\/danielmatos\/#website\"},\"primaryImageOfPage\":{\"@id\":\"https:\/\/www.blogsoestado.com\/danielmatos\/associacao-de-magistrados-repudia-incendio-ao-forum-de-buriti\/#primaryimage\"},\"image\":{\"@id\":\"https:\/\/www.blogsoestado.com\/danielmatos\/associacao-de-magistrados-repudia-incendio-ao-forum-de-buriti\/#primaryimage\"},\"thumbnailUrl\":\"https:\/\/www.blogsoestado.com\/danielmatos\/files\/2015\/01\/amma.jpg\",\"datePublished\":\"2015-01-21T12:15:37+00:00\",\"author\":{\"@id\":\"\"},\"breadcrumb\":{\"@id\":\"https:\/\/www.blogsoestado.com\/danielmatos\/associacao-de-magistrados-repudia-incendio-ao-forum-de-buriti\/#breadcrumb\"},\"inLanguage\":\"pt-BR\",\"potentialAction\":[{\"@type\":\"ReadAction\",\"target\":[\"https:\/\/www.blogsoestado.com\/danielmatos\/associacao-de-magistrados-repudia-incendio-ao-forum-de-buriti\/\"]}]},{\"@type\":\"ImageObject\",\"inLanguage\":\"pt-BR\",\"@id\":\"https:\/\/www.blogsoestado.com\/danielmatos\/associacao-de-magistrados-repudia-incendio-ao-forum-de-buriti\/#primaryimage\",\"url\":\"https:\/\/www.blogsoestado.com\/danielmatos\/files\/2015\/01\/amma.jpg\",\"contentUrl\":\"https:\/\/www.blogsoestado.com\/danielmatos\/files\/2015\/01\/amma.jpg\"},{\"@type\":\"BreadcrumbList\",\"@id\":\"https:\/\/www.blogsoestado.com\/danielmatos\/associacao-de-magistrados-repudia-incendio-ao-forum-de-buriti\/#breadcrumb\",\"itemListElement\":[{\"@type\":\"ListItem\",\"position\":1,\"name\":\"In\u00edcio\",\"item\":\"https:\/\/www.blogsoestado.com\/danielmatos\/\"},{\"@type\":\"ListItem\",\"position\":2,\"name\":\"Associa\u00e7\u00e3o de Magistrados repudia inc\u00eandio ao F\u00f3rum de Buriti\"}]},{\"@type\":\"WebSite\",\"@id\":\"https:\/\/www.blogsoestado.com\/danielmatos\/#website\",\"url\":\"https:\/\/www.blogsoestado.com\/danielmatos\/\",\"name\":\"Daniel Matos\",\"description\":\"\",\"potentialAction\":[{\"@type\":\"SearchAction\",\"target\":{\"@type\":\"EntryPoint\",\"urlTemplate\":\"https:\/\/www.blogsoestado.com\/danielmatos\/?s={search_term_string}\"},\"query-input\":{\"@type\":\"PropertyValueSpecification\",\"valueRequired\":true,\"valueName\":\"search_term_string\"}}],\"inLanguage\":\"pt-BR\"}]}<\/script>\n<!-- \/ Yoast SEO plugin. -->","yoast_head_json":{"title":"Associa\u00e7\u00e3o de Magistrados repudia inc\u00eandio ao F\u00f3rum de Buriti - Daniel Matos","robots":{"index":"index","follow":"follow","max-snippet":"max-snippet:-1","max-image-preview":"max-image-preview:large","max-video-preview":"max-video-preview:-1"},"canonical":"https:\/\/www.blogsoestado.com\/danielmatos\/associacao-de-magistrados-repudia-incendio-ao-forum-de-buriti\/","og_locale":"pt_BR","og_type":"article","og_title":"Associa\u00e7\u00e3o de Magistrados repudia inc\u00eandio ao F\u00f3rum de Buriti - Daniel Matos","og_description":"Os ju\u00edzes Gerv\u00e1sio Santos e Angelo Alencar dos Santos, presidente e vice-presidente da AMMA, deslocaram-se no final da tarde desta [&hellip;]","og_url":"https:\/\/www.blogsoestado.com\/danielmatos\/associacao-de-magistrados-repudia-incendio-ao-forum-de-buriti\/","og_site_name":"Daniel Matos","article_published_time":"2015-01-21T12:15:37+00:00","og_image":[{"url":"https:\/\/www.blogsoestado.com\/danielmatos\/files\/2015\/01\/amma.jpg","type":"","width":"","height":""}],"twitter_card":"summary_large_image","twitter_misc":{"Est. tempo de leitura":"4 minutos"},"schema":{"@context":"https:\/\/schema.org","@graph":[{"@type":"WebPage","@id":"https:\/\/www.blogsoestado.com\/danielmatos\/associacao-de-magistrados-repudia-incendio-ao-forum-de-buriti\/","url":"https:\/\/www.blogsoestado.com\/danielmatos\/associacao-de-magistrados-repudia-incendio-ao-forum-de-buriti\/","name":"Associa\u00e7\u00e3o de Magistrados repudia inc\u00eandio ao F\u00f3rum de Buriti - Daniel Matos","isPartOf":{"@id":"https:\/\/www.blogsoestado.com\/danielmatos\/#website"},"primaryImageOfPage":{"@id":"https:\/\/www.blogsoestado.com\/danielmatos\/associacao-de-magistrados-repudia-incendio-ao-forum-de-buriti\/#primaryimage"},"image":{"@id":"https:\/\/www.blogsoestado.com\/danielmatos\/associacao-de-magistrados-repudia-incendio-ao-forum-de-buriti\/#primaryimage"},"thumbnailUrl":"https:\/\/www.blogsoestado.com\/danielmatos\/files\/2015\/01\/amma.jpg","datePublished":"2015-01-21T12:15:37+00:00","author":{"@id":""},"breadcrumb":{"@id":"https:\/\/www.blogsoestado.com\/danielmatos\/associacao-de-magistrados-repudia-incendio-ao-forum-de-buriti\/#breadcrumb"},"inLanguage":"pt-BR","potentialAction":[{"@type":"ReadAction","target":["https:\/\/www.blogsoestado.com\/danielmatos\/associacao-de-magistrados-repudia-incendio-ao-forum-de-buriti\/"]}]},{"@type":"ImageObject","inLanguage":"pt-BR","@id":"https:\/\/www.blogsoestado.com\/danielmatos\/associacao-de-magistrados-repudia-incendio-ao-forum-de-buriti\/#primaryimage","url":"https:\/\/www.blogsoestado.com\/danielmatos\/files\/2015\/01\/amma.jpg","contentUrl":"https:\/\/www.blogsoestado.com\/danielmatos\/files\/2015\/01\/amma.jpg"},{"@type":"BreadcrumbList","@id":"https:\/\/www.blogsoestado.com\/danielmatos\/associacao-de-magistrados-repudia-incendio-ao-forum-de-buriti\/#breadcrumb","itemListElement":[{"@type":"ListItem","position":1,"name":"In\u00edcio","item":"https:\/\/www.blogsoestado.com\/danielmatos\/"},{"@type":"ListItem","position":2,"name":"Associa\u00e7\u00e3o de Magistrados repudia inc\u00eandio ao F\u00f3rum de Buriti"}]},{"@type":"WebSite","@id":"https:\/\/www.blogsoestado.com\/danielmatos\/#website","url":"https:\/\/www.blogsoestado.com\/danielmatos\/","name":"Daniel Matos","description":"","potentialAction":[{"@type":"SearchAction","target":{"@type":"EntryPoint","urlTemplate":"https:\/\/www.blogsoestado.com\/danielmatos\/?s={search_term_string}"},"query-input":{"@type":"PropertyValueSpecification","valueRequired":true,"valueName":"search_term_string"}}],"inLanguage":"pt-BR"}]}},"jetpack_featured_media_url":"","_links":{"self":[{"href":"https:\/\/www.blogsoestado.com\/danielmatos\/wp-json\/wp\/v2\/posts\/21745","targetHints":{"allow":["GET"]}}],"collection":[{"href":"https:\/\/www.blogsoestado.com\/danielmatos\/wp-json\/wp\/v2\/posts"}],"about":[{"href":"https:\/\/www.blogsoestado.com\/danielmatos\/wp-json\/wp\/v2\/types\/post"}],"replies":[{"embeddable":true,"href":"https:\/\/www.blogsoestado.com\/danielmatos\/wp-json\/wp\/v2\/comments?post=21745"}],"version-history":[{"count":0,"href":"https:\/\/www.blogsoestado.com\/danielmatos\/wp-json\/wp\/v2\/posts\/21745\/revisions"}],"wp:attachment":[{"href":"https:\/\/www.blogsoestado.com\/danielmatos\/wp-json\/wp\/v2\/media?parent=21745"}],"wp:term":[{"taxonomy":"category","embeddable":true,"href":"https:\/\/www.blogsoestado.com\/danielmatos\/wp-json\/wp\/v2\/categories?post=21745"},{"taxonomy":"post_tag","embeddable":true,"href":"https:\/\/www.blogsoestado.com\/danielmatos\/wp-json\/wp\/v2\/tags?post=21745"}],"curies":[{"name":"wp","href":"https:\/\/api.w.org\/{rel}","templated":true}]}}