{"id":21763,"date":"2015-01-21T18:06:35","date_gmt":"2015-01-21T21:06:35","guid":{"rendered":"https:\/\/www.blogsoestado.com\/danielmatos\/?p=21763"},"modified":"2015-01-21T18:06:35","modified_gmt":"2015-01-21T21:06:35","slug":"tre-remanejara-eleitores-de-sao-luis-por-zonas","status":"publish","type":"post","link":"https:\/\/www.blogsoestado.com\/danielmatos\/tre-remanejara-eleitores-de-sao-luis-por-zonas\/","title":{"rendered":"TRE remanejar\u00e1 eleitores de S\u00e3o Lu\u00eds por zonas"},"content":{"rendered":"<p>Ju\u00edzes e chefes de cart\u00f3rios eleitorais de S\u00e3o Lu\u00eds reuniram-se nesta ter\u00e7a-feira, 20 de janeiro, com o juiz auxiliar Sebasti\u00e3o Bonfim e assessores da Corregedoria do Tribunal Regional Eleitoral do Maranh\u00e3o para tratarem acerca da car\u00eancia de pessoal, rezoneamento da capital e distribui\u00e7\u00e3o das compet\u00eancias das zonas eleitorais para as elei\u00e7\u00f5es municipais de 2016.<\/p>\n<p>Entre as medidas adotadas por eles neste encontro est\u00e3o a aprova\u00e7\u00e3o de minutas de duas Resolu\u00e7\u00f5es &#8211; que devem ser apreciadas pela Corte do TRE-MA ainda no m\u00eas de janeiro, e refor\u00e7o na urg\u00eancia de conseguir disponibiliza\u00e7\u00e3o de gente para trabalhar no atendimento ao p\u00fablico no F\u00f3rum da capital, auxiliando nos servi\u00e7os prestados \u00e0 sociedade.<\/p>\n<p>Quanto \u00e0s compet\u00eancias das zonas eleitorais da capital para as Elei\u00e7\u00f5es 2016, o texto aprovado da minuta prev\u00ea a designa\u00e7\u00e3o dos ju\u00edzes das 1\u00aa, 3\u00aa, 10\u00aa, 76\u00aa e 88\u00aa zonas eleitorais competentes para processar e julgar (por distribui\u00e7\u00e3o) os pedidos de registro de candidatura e as respectivas impugna\u00e7\u00f5es, reclama\u00e7\u00f5es e representa\u00e7\u00f5es; as reclama\u00e7\u00f5es e representa\u00e7\u00f5es que objetivem a cassa\u00e7\u00e3o do registro de candidatura ou de diploma; as presta\u00e7\u00f5es de contas da arrecada\u00e7\u00e3o e aplica\u00e7\u00e3o dos recursos financeiros nas campanhas eleitorais; as a\u00e7\u00f5es de investiga\u00e7\u00e3o judicial eleitoral (art. 22, da Lei Complementar 64\/90); as a\u00e7\u00f5es de impugna\u00e7\u00e3o de mandato eletivo.<\/p>\n<p>J\u00e1 a distribui\u00e7\u00e3o dos feitos nas zonas eleitorais da capital ser\u00e1 feita de forma autom\u00e1tica, por meio do Sistema de Acompanhamento de Documentos e Processos (SADP) do Tribunal. Os diplomas dever\u00e3o ser expedidos pela junta eleitoral que for presidida pelo juiz eleitoral mais antigo, \u00e0 qual as demais enviar\u00e3o os documentos da elei\u00e7\u00e3o. Ao diretor do F\u00f3rum caber\u00e1 presidir a junta eleitoral respons\u00e1vel pela totaliza\u00e7\u00e3o dos votos e divulga\u00e7\u00e3o dos resultados do pleito.<\/p>\n<p>A Comiss\u00e3o de Poder de Pol\u00edcia sobre a propaganda em S\u00e3o Lu\u00eds ser\u00e1 formada pelos ju\u00edzos eleitorais das 2\u00aa (que coordenar\u00e1 os trabalhos), 89\u00aa, 90\u00aa e 91\u00aa zonas, que deve tamb\u00e9m (por distribui\u00e7\u00e3o) processar e julgar as representa\u00e7\u00f5es e reclama\u00e7\u00f5es relativas ao descumprimento da Lei n.\u00ba 9.504\/97, salvo as hip\u00f3teses do art. 1\u00ba, desta Resolu\u00e7\u00e3o (art. 96, \u00a7 2\u00b0, da Lei n.\u00ba 9.504\/97); processar e julgar os pedidos de direito de resposta a que se refere o art. 58 da Lei n\u00b0 9.504\/97; os pedidos de registro de pesquisa eleitoral e as reclama\u00e7\u00f5es e representa\u00e7\u00f5es a ela pertinentes; entre outras atribui\u00e7\u00f5es.<\/p>\n<p>No tocante ao rezoneamento, o TRE-MA, ap\u00f3s considerar a necessidade de minimizar as distor\u00e7\u00f5es do eleitorado existente nas 9 zonas eleitorais da capital diante da impossibilidade de criar nova zona eleitoral (que prev\u00ea o n\u00famero m\u00ednimo de 80 mil eleitores na zona eleitoral a ser criada e na remanescente), pretende remanejar eleitores de uma zona para outra. Pela proposta, cada uma das zonas possuir\u00e1 cerca de 70 mil eleitores.<\/p>\n<p><strong>Fonte:<\/strong> Tribunal Regional Eleitoral (TRE-MA)<\/p>\n","protected":false},"excerpt":{"rendered":"<p>Ju\u00edzes e chefes de cart\u00f3rios eleitorais de S\u00e3o Lu\u00eds reuniram-se nesta ter\u00e7a-feira, 20 de janeiro, com o juiz auxiliar Sebasti\u00e3o [&hellip;]<\/p>\n","protected":false},"author":0,"featured_media":0,"comment_status":"open","ping_status":"open","sticky":false,"template":"","format":"standard","meta":{"site-sidebar-layout":"default","site-content-layout":"","ast-site-content-layout":"default","site-content-style":"default","site-sidebar-style":"default","ast-global-header-display":"","ast-banner-title-visibility":"","ast-main-header-display":"","ast-hfb-above-header-display":"","ast-hfb-below-header-display":"","ast-hfb-mobile-header-display":"","site-post-title":"","ast-breadcrumbs-content":"","ast-featured-img":"","footer-sml-layout":"","ast-disable-related-posts":"","theme-transparent-header-meta":"","adv-header-id-meta":"","stick-header-meta":"","header-above-stick-meta":"","header-main-stick-meta":"","header-below-stick-meta":"","astra-migrate-meta-layouts":"default","ast-page-background-enabled":"default","ast-page-background-meta":{"desktop":{"background-color":"var(--ast-global-color-5)","background-image":"","background-repeat":"repeat","background-position":"center center","background-size":"auto","background-attachment":"scroll","background-type":"","background-media":"","overlay-type":"","overlay-color":"","overlay-opacity":"","overlay-gradient":""},"tablet":{"background-color":"","background-image":"","background-repeat":"repeat","background-position":"center center","background-size":"auto","background-attachment":"scroll","background-type":"","background-media":"","overlay-type":"","overlay-color":"","overlay-opacity":"","overlay-gradient":""},"mobile":{"background-color":"","background-image":"","background-repeat":"repeat","background-position":"center center","background-size":"auto","background-attachment":"scroll","background-type":"","background-media":"","overlay-type":"","overlay-color":"","overlay-opacity":"","overlay-gradient":""}},"ast-content-background-meta":{"desktop":{"background-color":"var(--ast-global-color-4)","background-image":"","background-repeat":"repeat","background-position":"center center","background-size":"auto","background-attachment":"scroll","background-type":"","background-media":"","overlay-type":"","overlay-color":"","overlay-opacity":"","overlay-gradient":""},"tablet":{"background-color":"var(--ast-global-color-4)","background-image":"","background-repeat":"repeat","background-position":"center center","background-size":"auto","background-attachment":"scroll","background-type":"","background-media":"","overlay-type":"","overlay-color":"","overlay-opacity":"","overlay-gradient":""},"mobile":{"background-color":"var(--ast-global-color-4)","background-image":"","background-repeat":"repeat","background-position":"center center","background-size":"auto","background-attachment":"scroll","background-type":"","background-media":"","overlay-type":"","overlay-color":"","overlay-opacity":"","overlay-gradient":""}},"footnotes":""},"categories":[1],"tags":[],"class_list":["post-21763","post","type-post","status-publish","format-standard","hentry","category-sem-categoria"],"yoast_head":"<!-- This site is optimized with the Yoast SEO plugin v26.6 - https:\/\/yoast.com\/wordpress\/plugins\/seo\/ -->\n<title>TRE remanejar\u00e1 eleitores de S\u00e3o Lu\u00eds por zonas - Daniel Matos<\/title>\n<meta name=\"robots\" content=\"index, follow, max-snippet:-1, max-image-preview:large, max-video-preview:-1\" \/>\n<link rel=\"canonical\" href=\"https:\/\/www.blogsoestado.com\/danielmatos\/tre-remanejara-eleitores-de-sao-luis-por-zonas\/\" \/>\n<meta property=\"og:locale\" content=\"pt_BR\" \/>\n<meta property=\"og:type\" content=\"article\" \/>\n<meta property=\"og:title\" content=\"TRE remanejar\u00e1 eleitores de S\u00e3o Lu\u00eds por zonas - Daniel Matos\" \/>\n<meta property=\"og:description\" content=\"Ju\u00edzes e chefes de cart\u00f3rios eleitorais de S\u00e3o Lu\u00eds reuniram-se nesta ter\u00e7a-feira, 20 de janeiro, com o juiz auxiliar Sebasti\u00e3o [&hellip;]\" \/>\n<meta property=\"og:url\" content=\"https:\/\/www.blogsoestado.com\/danielmatos\/tre-remanejara-eleitores-de-sao-luis-por-zonas\/\" \/>\n<meta property=\"og:site_name\" content=\"Daniel Matos\" \/>\n<meta property=\"article:published_time\" content=\"2015-01-21T21:06:35+00:00\" \/>\n<meta name=\"twitter:card\" content=\"summary_large_image\" \/>\n<meta name=\"twitter:label1\" content=\"Est. tempo de leitura\" \/>\n\t<meta name=\"twitter:data1\" content=\"2 minutos\" \/>\n<script type=\"application\/ld+json\" class=\"yoast-schema-graph\">{\"@context\":\"https:\/\/schema.org\",\"@graph\":[{\"@type\":\"WebPage\",\"@id\":\"https:\/\/www.blogsoestado.com\/danielmatos\/tre-remanejara-eleitores-de-sao-luis-por-zonas\/\",\"url\":\"https:\/\/www.blogsoestado.com\/danielmatos\/tre-remanejara-eleitores-de-sao-luis-por-zonas\/\",\"name\":\"TRE remanejar\u00e1 eleitores de S\u00e3o Lu\u00eds por zonas - Daniel Matos\",\"isPartOf\":{\"@id\":\"https:\/\/www.blogsoestado.com\/danielmatos\/#website\"},\"datePublished\":\"2015-01-21T21:06:35+00:00\",\"author\":{\"@id\":\"\"},\"breadcrumb\":{\"@id\":\"https:\/\/www.blogsoestado.com\/danielmatos\/tre-remanejara-eleitores-de-sao-luis-por-zonas\/#breadcrumb\"},\"inLanguage\":\"pt-BR\",\"potentialAction\":[{\"@type\":\"ReadAction\",\"target\":[\"https:\/\/www.blogsoestado.com\/danielmatos\/tre-remanejara-eleitores-de-sao-luis-por-zonas\/\"]}]},{\"@type\":\"BreadcrumbList\",\"@id\":\"https:\/\/www.blogsoestado.com\/danielmatos\/tre-remanejara-eleitores-de-sao-luis-por-zonas\/#breadcrumb\",\"itemListElement\":[{\"@type\":\"ListItem\",\"position\":1,\"name\":\"In\u00edcio\",\"item\":\"https:\/\/www.blogsoestado.com\/danielmatos\/\"},{\"@type\":\"ListItem\",\"position\":2,\"name\":\"TRE remanejar\u00e1 eleitores de S\u00e3o Lu\u00eds por zonas\"}]},{\"@type\":\"WebSite\",\"@id\":\"https:\/\/www.blogsoestado.com\/danielmatos\/#website\",\"url\":\"https:\/\/www.blogsoestado.com\/danielmatos\/\",\"name\":\"Daniel Matos\",\"description\":\"\",\"potentialAction\":[{\"@type\":\"SearchAction\",\"target\":{\"@type\":\"EntryPoint\",\"urlTemplate\":\"https:\/\/www.blogsoestado.com\/danielmatos\/?s={search_term_string}\"},\"query-input\":{\"@type\":\"PropertyValueSpecification\",\"valueRequired\":true,\"valueName\":\"search_term_string\"}}],\"inLanguage\":\"pt-BR\"}]}<\/script>\n<!-- \/ Yoast SEO plugin. -->","yoast_head_json":{"title":"TRE remanejar\u00e1 eleitores de S\u00e3o Lu\u00eds por zonas - Daniel Matos","robots":{"index":"index","follow":"follow","max-snippet":"max-snippet:-1","max-image-preview":"max-image-preview:large","max-video-preview":"max-video-preview:-1"},"canonical":"https:\/\/www.blogsoestado.com\/danielmatos\/tre-remanejara-eleitores-de-sao-luis-por-zonas\/","og_locale":"pt_BR","og_type":"article","og_title":"TRE remanejar\u00e1 eleitores de S\u00e3o Lu\u00eds por zonas - Daniel Matos","og_description":"Ju\u00edzes e chefes de cart\u00f3rios eleitorais de S\u00e3o Lu\u00eds reuniram-se nesta ter\u00e7a-feira, 20 de janeiro, com o juiz auxiliar Sebasti\u00e3o [&hellip;]","og_url":"https:\/\/www.blogsoestado.com\/danielmatos\/tre-remanejara-eleitores-de-sao-luis-por-zonas\/","og_site_name":"Daniel Matos","article_published_time":"2015-01-21T21:06:35+00:00","twitter_card":"summary_large_image","twitter_misc":{"Est. tempo de leitura":"2 minutos"},"schema":{"@context":"https:\/\/schema.org","@graph":[{"@type":"WebPage","@id":"https:\/\/www.blogsoestado.com\/danielmatos\/tre-remanejara-eleitores-de-sao-luis-por-zonas\/","url":"https:\/\/www.blogsoestado.com\/danielmatos\/tre-remanejara-eleitores-de-sao-luis-por-zonas\/","name":"TRE remanejar\u00e1 eleitores de S\u00e3o Lu\u00eds por zonas - Daniel Matos","isPartOf":{"@id":"https:\/\/www.blogsoestado.com\/danielmatos\/#website"},"datePublished":"2015-01-21T21:06:35+00:00","author":{"@id":""},"breadcrumb":{"@id":"https:\/\/www.blogsoestado.com\/danielmatos\/tre-remanejara-eleitores-de-sao-luis-por-zonas\/#breadcrumb"},"inLanguage":"pt-BR","potentialAction":[{"@type":"ReadAction","target":["https:\/\/www.blogsoestado.com\/danielmatos\/tre-remanejara-eleitores-de-sao-luis-por-zonas\/"]}]},{"@type":"BreadcrumbList","@id":"https:\/\/www.blogsoestado.com\/danielmatos\/tre-remanejara-eleitores-de-sao-luis-por-zonas\/#breadcrumb","itemListElement":[{"@type":"ListItem","position":1,"name":"In\u00edcio","item":"https:\/\/www.blogsoestado.com\/danielmatos\/"},{"@type":"ListItem","position":2,"name":"TRE remanejar\u00e1 eleitores de S\u00e3o Lu\u00eds por zonas"}]},{"@type":"WebSite","@id":"https:\/\/www.blogsoestado.com\/danielmatos\/#website","url":"https:\/\/www.blogsoestado.com\/danielmatos\/","name":"Daniel Matos","description":"","potentialAction":[{"@type":"SearchAction","target":{"@type":"EntryPoint","urlTemplate":"https:\/\/www.blogsoestado.com\/danielmatos\/?s={search_term_string}"},"query-input":{"@type":"PropertyValueSpecification","valueRequired":true,"valueName":"search_term_string"}}],"inLanguage":"pt-BR"}]}},"jetpack_featured_media_url":"","_links":{"self":[{"href":"https:\/\/www.blogsoestado.com\/danielmatos\/wp-json\/wp\/v2\/posts\/21763","targetHints":{"allow":["GET"]}}],"collection":[{"href":"https:\/\/www.blogsoestado.com\/danielmatos\/wp-json\/wp\/v2\/posts"}],"about":[{"href":"https:\/\/www.blogsoestado.com\/danielmatos\/wp-json\/wp\/v2\/types\/post"}],"replies":[{"embeddable":true,"href":"https:\/\/www.blogsoestado.com\/danielmatos\/wp-json\/wp\/v2\/comments?post=21763"}],"version-history":[{"count":0,"href":"https:\/\/www.blogsoestado.com\/danielmatos\/wp-json\/wp\/v2\/posts\/21763\/revisions"}],"wp:attachment":[{"href":"https:\/\/www.blogsoestado.com\/danielmatos\/wp-json\/wp\/v2\/media?parent=21763"}],"wp:term":[{"taxonomy":"category","embeddable":true,"href":"https:\/\/www.blogsoestado.com\/danielmatos\/wp-json\/wp\/v2\/categories?post=21763"},{"taxonomy":"post_tag","embeddable":true,"href":"https:\/\/www.blogsoestado.com\/danielmatos\/wp-json\/wp\/v2\/tags?post=21763"}],"curies":[{"name":"wp","href":"https:\/\/api.w.org\/{rel}","templated":true}]}}