{"id":21765,"date":"2015-01-22T10:41:23","date_gmt":"2015-01-22T13:41:23","guid":{"rendered":"https:\/\/www.blogsoestado.com\/danielmatos\/?p=21765"},"modified":"2015-01-22T10:41:23","modified_gmt":"2015-01-22T13:41:23","slug":"odio-sem-precedentes","status":"publish","type":"post","link":"https:\/\/www.blogsoestado.com\/danielmatos\/odio-sem-precedentes\/","title":{"rendered":"\u00d3dio sem precedentes"},"content":{"rendered":"<figure id=\"attachment_21766\" aria-describedby=\"caption-attachment-21766\" style=\"width: 369px\" class=\"wp-caption alignright\"><a href=\"https:\/\/www.blogsoestado.com\/danielmatos\/files\/2015\/01\/flavio-e-jerry.jpg\"><img fetchpriority=\"high\" decoding=\"async\" class=\"size-full wp-image-21766\" src=\"https:\/\/www.blogsoestado.com\/danielmatos\/files\/2015\/01\/flavio-e-jerry.jpg\" alt=\"Fl\u00e1vio Dino e M\u00e1rcio Jerry: afagos entre si e \u00f3dio aos advers\u00e1rios\" width=\"369\" height=\"336\" \/><\/a><figcaption id=\"caption-attachment-21766\" class=\"wp-caption-text\">Fl\u00e1vio Dino e M\u00e1rcio Jerry: afagos entre si e \u00f3dio aos advers\u00e1rios<\/figcaption><\/figure>\n<p>O atual Governo do Maranh\u00e3o tem como marca principal o \u00f3dio. Um \u00f3dio sem precedentes, diga-se, pois nenhum outro grupo pol\u00edtico que governou\u00a0o estado assumiu uma postura t\u00e3o hostil aos advers\u00e1rios do que os atuais donos do poder. Fl\u00e1vio Dino, M\u00e1rcio Jerry e comandita fazem uma persegui\u00e7\u00e3o implac\u00e1vel aos antagonistas, que extrapola\u00a0o espectro pol\u00edtico e invade perversamente o campo pessoal.<\/p>\n<p>Existe prova mais cabal de hostilidade do que vetar o ingresso de profissionais em \u00f3rg\u00e3os do governo pelo simples fato de um dia estes j\u00e1 terem trabalhado com os advers\u00e1rios?\u00a0Para o grupo que domina o Maranh\u00e3o no momento, as diferen\u00e7as pol\u00edticas tornam os opositores inimigos mortais, que merecem ser combatidos sem piedade\u00a0ou senso de justi\u00e7a.<\/p>\n<p>Nem mesmo a qualifica\u00e7\u00e3o profissional importa na hora de preencher um cargo hoje em dia. Para os comunistas, os principais crit\u00e9rios para\u00a0admiss\u00e3o s\u00e3o a sujei\u00e7\u00e3o, a bajula\u00e7\u00e3o e a disposi\u00e7\u00e3o para empunhar a\u00a0bandeira governista e\u00a0para tentar\u00a0defender o indefens\u00e1vel, como tem ocorrido em alguns casos recentes.<\/p>\n<p>Antes que algu\u00e9m interprete o que escrevo como recalque ou outro sentimento que remeta \u00e0 desonra, quero garantir que n\u00e3o pretendo ocupar cargo algum, em nenhuma inst\u00e2ncia de poder, embora j\u00e1 tenha recebido alguns convites &#8211; n\u00e3o deste governo, obviamente.<\/p>\n<p>Sempre prestei meus servi\u00e7os \u00e0\u00a0inciativa privada e, para minha felicidade, jamais precisei e espero nunca precisar me submeter a interesses que contrariem meus valores. Tenho disposi\u00e7\u00e3o para trabalhar e continuo\u00a0satisfeito onde estou. Ao mesmo tempo,\u00a0tenho consci\u00eancia\u00a0de que mudan\u00e7as de rota acontecem e que nesse caso deve-se buscar algo ainda melhor.<\/p>\n<p>Quanto \u00e0 postura cr\u00edtica permanente, trata-se da principal caracter\u00edstica deste\u00a0blog. Basta consultar os arquivos aqui dispon\u00edveis para constatar a permanente aptid\u00e3o deste jornalista ao confronto\u00a0de ideias. Nos quase\u00a0oito anos em que o blog est\u00e1 no ar, n\u00e3o houve um \u00fanico dia em que n\u00e3o procurei me diferenciar pelo conte\u00fado. E venho seguindo \u00e0 risca\u00a0esse princ\u00edpio.<\/p>\n<p>No mais, continuo disposto a combater o bom combate, a reconhecer acertos\u00a0e a recha\u00e7ar, dentro da legalidade, qualquer tentativa de intimida\u00e7\u00e3o.<\/p>\n","protected":false},"excerpt":{"rendered":"<p>O atual Governo do Maranh\u00e3o tem como marca principal o \u00f3dio. Um \u00f3dio sem precedentes, diga-se, pois nenhum outro grupo [&hellip;]<\/p>\n","protected":false},"author":0,"featured_media":0,"comment_status":"open","ping_status":"open","sticky":false,"template":"","format":"standard","meta":{"site-sidebar-layout":"default","site-content-layout":"","ast-site-content-layout":"default","site-content-style":"default","site-sidebar-style":"default","ast-global-header-display":"","ast-banner-title-visibility":"","ast-main-header-display":"","ast-hfb-above-header-display":"","ast-hfb-below-header-display":"","ast-hfb-mobile-header-display":"","site-post-title":"","ast-breadcrumbs-content":"","ast-featured-img":"","footer-sml-layout":"","ast-disable-related-posts":"","theme-transparent-header-meta":"","adv-header-id-meta":"","stick-header-meta":"","header-above-stick-meta":"","header-main-stick-meta":"","header-below-stick-meta":"","astra-migrate-meta-layouts":"default","ast-page-background-enabled":"default","ast-page-background-meta":{"desktop":{"background-color":"var(--ast-global-color-5)","background-image":"","background-repeat":"repeat","background-position":"center center","background-size":"auto","background-attachment":"scroll","background-type":"","background-media":"","overlay-type":"","overlay-color":"","overlay-opacity":"","overlay-gradient":""},"tablet":{"background-color":"","background-image":"","background-repeat":"repeat","background-position":"center center","background-size":"auto","background-attachment":"scroll","background-type":"","background-media":"","overlay-type":"","overlay-color":"","overlay-opacity":"","overlay-gradient":""},"mobile":{"background-color":"","background-image":"","background-repeat":"repeat","background-position":"center center","background-size":"auto","background-attachment":"scroll","background-type":"","background-media":"","overlay-type":"","overlay-color":"","overlay-opacity":"","overlay-gradient":""}},"ast-content-background-meta":{"desktop":{"background-color":"var(--ast-global-color-4)","background-image":"","background-repeat":"repeat","background-position":"center center","background-size":"auto","background-attachment":"scroll","background-type":"","background-media":"","overlay-type":"","overlay-color":"","overlay-opacity":"","overlay-gradient":""},"tablet":{"background-color":"var(--ast-global-color-4)","background-image":"","background-repeat":"repeat","background-position":"center center","background-size":"auto","background-attachment":"scroll","background-type":"","background-media":"","overlay-type":"","overlay-color":"","overlay-opacity":"","overlay-gradient":""},"mobile":{"background-color":"var(--ast-global-color-4)","background-image":"","background-repeat":"repeat","background-position":"center center","background-size":"auto","background-attachment":"scroll","background-type":"","background-media":"","overlay-type":"","overlay-color":"","overlay-opacity":"","overlay-gradient":""}},"footnotes":""},"categories":[1],"tags":[],"class_list":["post-21765","post","type-post","status-publish","format-standard","hentry","category-sem-categoria"],"yoast_head":"<!-- This site is optimized with the Yoast SEO plugin v26.6 - https:\/\/yoast.com\/wordpress\/plugins\/seo\/ -->\n<title>\u00d3dio sem precedentes - Daniel Matos<\/title>\n<meta name=\"robots\" content=\"index, follow, max-snippet:-1, max-image-preview:large, max-video-preview:-1\" \/>\n<link rel=\"canonical\" href=\"https:\/\/www.blogsoestado.com\/danielmatos\/odio-sem-precedentes\/\" \/>\n<meta property=\"og:locale\" content=\"pt_BR\" \/>\n<meta property=\"og:type\" content=\"article\" \/>\n<meta property=\"og:title\" content=\"\u00d3dio sem precedentes - Daniel Matos\" \/>\n<meta property=\"og:description\" content=\"O atual Governo do Maranh\u00e3o tem como marca principal o \u00f3dio. Um \u00f3dio sem precedentes, diga-se, pois nenhum outro grupo [&hellip;]\" \/>\n<meta property=\"og:url\" content=\"https:\/\/www.blogsoestado.com\/danielmatos\/odio-sem-precedentes\/\" \/>\n<meta property=\"og:site_name\" content=\"Daniel Matos\" \/>\n<meta property=\"article:published_time\" content=\"2015-01-22T13:41:23+00:00\" \/>\n<meta property=\"og:image\" content=\"https:\/\/www.blogsoestado.com\/danielmatos\/files\/2015\/01\/flavio-e-jerry.jpg\" \/>\n<meta name=\"twitter:card\" content=\"summary_large_image\" \/>\n<meta name=\"twitter:label1\" content=\"Est. tempo de leitura\" \/>\n\t<meta name=\"twitter:data1\" content=\"2 minutos\" \/>\n<script type=\"application\/ld+json\" class=\"yoast-schema-graph\">{\"@context\":\"https:\/\/schema.org\",\"@graph\":[{\"@type\":\"WebPage\",\"@id\":\"https:\/\/www.blogsoestado.com\/danielmatos\/odio-sem-precedentes\/\",\"url\":\"https:\/\/www.blogsoestado.com\/danielmatos\/odio-sem-precedentes\/\",\"name\":\"\u00d3dio sem precedentes - Daniel Matos\",\"isPartOf\":{\"@id\":\"https:\/\/www.blogsoestado.com\/danielmatos\/#website\"},\"primaryImageOfPage\":{\"@id\":\"https:\/\/www.blogsoestado.com\/danielmatos\/odio-sem-precedentes\/#primaryimage\"},\"image\":{\"@id\":\"https:\/\/www.blogsoestado.com\/danielmatos\/odio-sem-precedentes\/#primaryimage\"},\"thumbnailUrl\":\"https:\/\/www.blogsoestado.com\/danielmatos\/files\/2015\/01\/flavio-e-jerry.jpg\",\"datePublished\":\"2015-01-22T13:41:23+00:00\",\"author\":{\"@id\":\"\"},\"breadcrumb\":{\"@id\":\"https:\/\/www.blogsoestado.com\/danielmatos\/odio-sem-precedentes\/#breadcrumb\"},\"inLanguage\":\"pt-BR\",\"potentialAction\":[{\"@type\":\"ReadAction\",\"target\":[\"https:\/\/www.blogsoestado.com\/danielmatos\/odio-sem-precedentes\/\"]}]},{\"@type\":\"ImageObject\",\"inLanguage\":\"pt-BR\",\"@id\":\"https:\/\/www.blogsoestado.com\/danielmatos\/odio-sem-precedentes\/#primaryimage\",\"url\":\"https:\/\/www.blogsoestado.com\/danielmatos\/files\/2015\/01\/flavio-e-jerry.jpg\",\"contentUrl\":\"https:\/\/www.blogsoestado.com\/danielmatos\/files\/2015\/01\/flavio-e-jerry.jpg\"},{\"@type\":\"BreadcrumbList\",\"@id\":\"https:\/\/www.blogsoestado.com\/danielmatos\/odio-sem-precedentes\/#breadcrumb\",\"itemListElement\":[{\"@type\":\"ListItem\",\"position\":1,\"name\":\"In\u00edcio\",\"item\":\"https:\/\/www.blogsoestado.com\/danielmatos\/\"},{\"@type\":\"ListItem\",\"position\":2,\"name\":\"\u00d3dio sem precedentes\"}]},{\"@type\":\"WebSite\",\"@id\":\"https:\/\/www.blogsoestado.com\/danielmatos\/#website\",\"url\":\"https:\/\/www.blogsoestado.com\/danielmatos\/\",\"name\":\"Daniel Matos\",\"description\":\"\",\"potentialAction\":[{\"@type\":\"SearchAction\",\"target\":{\"@type\":\"EntryPoint\",\"urlTemplate\":\"https:\/\/www.blogsoestado.com\/danielmatos\/?s={search_term_string}\"},\"query-input\":{\"@type\":\"PropertyValueSpecification\",\"valueRequired\":true,\"valueName\":\"search_term_string\"}}],\"inLanguage\":\"pt-BR\"}]}<\/script>\n<!-- \/ Yoast SEO plugin. -->","yoast_head_json":{"title":"\u00d3dio sem precedentes - Daniel Matos","robots":{"index":"index","follow":"follow","max-snippet":"max-snippet:-1","max-image-preview":"max-image-preview:large","max-video-preview":"max-video-preview:-1"},"canonical":"https:\/\/www.blogsoestado.com\/danielmatos\/odio-sem-precedentes\/","og_locale":"pt_BR","og_type":"article","og_title":"\u00d3dio sem precedentes - Daniel Matos","og_description":"O atual Governo do Maranh\u00e3o tem como marca principal o \u00f3dio. Um \u00f3dio sem precedentes, diga-se, pois nenhum outro grupo [&hellip;]","og_url":"https:\/\/www.blogsoestado.com\/danielmatos\/odio-sem-precedentes\/","og_site_name":"Daniel Matos","article_published_time":"2015-01-22T13:41:23+00:00","og_image":[{"url":"https:\/\/www.blogsoestado.com\/danielmatos\/files\/2015\/01\/flavio-e-jerry.jpg","type":"","width":"","height":""}],"twitter_card":"summary_large_image","twitter_misc":{"Est. tempo de leitura":"2 minutos"},"schema":{"@context":"https:\/\/schema.org","@graph":[{"@type":"WebPage","@id":"https:\/\/www.blogsoestado.com\/danielmatos\/odio-sem-precedentes\/","url":"https:\/\/www.blogsoestado.com\/danielmatos\/odio-sem-precedentes\/","name":"\u00d3dio sem precedentes - Daniel Matos","isPartOf":{"@id":"https:\/\/www.blogsoestado.com\/danielmatos\/#website"},"primaryImageOfPage":{"@id":"https:\/\/www.blogsoestado.com\/danielmatos\/odio-sem-precedentes\/#primaryimage"},"image":{"@id":"https:\/\/www.blogsoestado.com\/danielmatos\/odio-sem-precedentes\/#primaryimage"},"thumbnailUrl":"https:\/\/www.blogsoestado.com\/danielmatos\/files\/2015\/01\/flavio-e-jerry.jpg","datePublished":"2015-01-22T13:41:23+00:00","author":{"@id":""},"breadcrumb":{"@id":"https:\/\/www.blogsoestado.com\/danielmatos\/odio-sem-precedentes\/#breadcrumb"},"inLanguage":"pt-BR","potentialAction":[{"@type":"ReadAction","target":["https:\/\/www.blogsoestado.com\/danielmatos\/odio-sem-precedentes\/"]}]},{"@type":"ImageObject","inLanguage":"pt-BR","@id":"https:\/\/www.blogsoestado.com\/danielmatos\/odio-sem-precedentes\/#primaryimage","url":"https:\/\/www.blogsoestado.com\/danielmatos\/files\/2015\/01\/flavio-e-jerry.jpg","contentUrl":"https:\/\/www.blogsoestado.com\/danielmatos\/files\/2015\/01\/flavio-e-jerry.jpg"},{"@type":"BreadcrumbList","@id":"https:\/\/www.blogsoestado.com\/danielmatos\/odio-sem-precedentes\/#breadcrumb","itemListElement":[{"@type":"ListItem","position":1,"name":"In\u00edcio","item":"https:\/\/www.blogsoestado.com\/danielmatos\/"},{"@type":"ListItem","position":2,"name":"\u00d3dio sem precedentes"}]},{"@type":"WebSite","@id":"https:\/\/www.blogsoestado.com\/danielmatos\/#website","url":"https:\/\/www.blogsoestado.com\/danielmatos\/","name":"Daniel Matos","description":"","potentialAction":[{"@type":"SearchAction","target":{"@type":"EntryPoint","urlTemplate":"https:\/\/www.blogsoestado.com\/danielmatos\/?s={search_term_string}"},"query-input":{"@type":"PropertyValueSpecification","valueRequired":true,"valueName":"search_term_string"}}],"inLanguage":"pt-BR"}]}},"jetpack_featured_media_url":"","_links":{"self":[{"href":"https:\/\/www.blogsoestado.com\/danielmatos\/wp-json\/wp\/v2\/posts\/21765","targetHints":{"allow":["GET"]}}],"collection":[{"href":"https:\/\/www.blogsoestado.com\/danielmatos\/wp-json\/wp\/v2\/posts"}],"about":[{"href":"https:\/\/www.blogsoestado.com\/danielmatos\/wp-json\/wp\/v2\/types\/post"}],"replies":[{"embeddable":true,"href":"https:\/\/www.blogsoestado.com\/danielmatos\/wp-json\/wp\/v2\/comments?post=21765"}],"version-history":[{"count":0,"href":"https:\/\/www.blogsoestado.com\/danielmatos\/wp-json\/wp\/v2\/posts\/21765\/revisions"}],"wp:attachment":[{"href":"https:\/\/www.blogsoestado.com\/danielmatos\/wp-json\/wp\/v2\/media?parent=21765"}],"wp:term":[{"taxonomy":"category","embeddable":true,"href":"https:\/\/www.blogsoestado.com\/danielmatos\/wp-json\/wp\/v2\/categories?post=21765"},{"taxonomy":"post_tag","embeddable":true,"href":"https:\/\/www.blogsoestado.com\/danielmatos\/wp-json\/wp\/v2\/tags?post=21765"}],"curies":[{"name":"wp","href":"https:\/\/api.w.org\/{rel}","templated":true}]}}