{"id":21774,"date":"2015-01-22T16:39:21","date_gmt":"2015-01-22T19:39:21","guid":{"rendered":"https:\/\/www.blogsoestado.com\/danielmatos\/?p=21774"},"modified":"2015-01-22T16:39:21","modified_gmt":"2015-01-22T19:39:21","slug":"pf-investiga-invasao-ao-forum-de-buriti-e-ameacas-sofridas-pelo-juiz-da-comarca","status":"publish","type":"post","link":"https:\/\/www.blogsoestado.com\/danielmatos\/pf-investiga-invasao-ao-forum-de-buriti-e-ameacas-sofridas-pelo-juiz-da-comarca\/","title":{"rendered":"PF investiga invas\u00e3o ao F\u00f3rum de Buriti e amea\u00e7as sofridas pelo juiz da Comarca"},"content":{"rendered":"<figure id=\"attachment_21775\" aria-describedby=\"caption-attachment-21775\" style=\"width: 640px\" class=\"wp-caption aligncenter\"><a href=\"https:\/\/www.blogsoestado.com\/danielmatos\/files\/2015\/01\/tj-pf.jpg\"><img fetchpriority=\"high\" decoding=\"async\" class=\"size-full wp-image-21775\" src=\"https:\/\/www.blogsoestado.com\/danielmatos\/files\/2015\/01\/tj-pf.jpg\" alt=\"Comiss\u00e3o de Seguran\u00e7a Institucional do TJ est\u00e1 acompanhando todas as provid\u00eancias acerca do caso de viol\u00eancia contra o juiz titular da Comarca de Buriti\" width=\"640\" height=\"425\" \/><\/a><figcaption id=\"caption-attachment-21775\" class=\"wp-caption-text\">Comiss\u00e3o de Seguran\u00e7a Institucional do TJ est\u00e1 acompanhando todas as provid\u00eancias acerca do caso de viol\u00eancia contra o juiz titular da Comarca de Buriti<\/figcaption><\/figure>\n<p>Os Tribunais Regional Eleitoral e de Justi\u00e7a do Maranh\u00e3o est\u00e3o trabalhando juntos desde que seus respectivos presidentes tomaram conhecimento que o F\u00f3rum de Buriti tinha sido invadido e incendiado por populares revoltados com decis\u00e3o dada pelo juiz Jorge Antonio Sales Leite (titular da Comarca e da 25\u00aa zona eleitoral) que julgou improcedente a\u00e7\u00e3o com poder de cassar o atual prefeito da cidade, eleito em 2012.<\/p>\n<p>A invas\u00e3o ao F\u00f3rum de Buriti se deu na tarde da ter\u00e7a-feira, 20 de janeiro. De acordo com as informa\u00e7\u00f5es que fazem parte do inqu\u00e9rito aberto pela Pol\u00edcia Federal, 9 urnas eletr\u00f4nicas foram queimadas, al\u00e9m de processos judiciais e documentos administrativos. O pr\u00e9dio, que leva o nome de F\u00f3rum Desembargadora Madalena Alves Serejo, onde funciona tanto a Justi\u00e7a Comum como a Eleitoral do munic\u00edpio, tamb\u00e9m ficou bastante depredado.<\/p>\n<p>O desembargador Froz Sobrinho (presidente do TRE-MA), assim que tomou conhecimento dos atos de vandalismo que ocorriam na cidade de Buriti, acionou a Pol\u00edcia Federal e comunicou o fato ao Tribunal Superior Eleitoral.<\/p>\n<p>\u201cCaber\u00e1 \u00e0 Pol\u00edcia Federal apurar os crimes cometidos e a identifica\u00e7\u00e3o dos respons\u00e1veis\u201d, explica Froz Sobrinho, que complementa: \u201cnaquele momento precis\u00e1vamos garantir a seguran\u00e7a n\u00e3o s\u00f3 do magistrado, assim como dos servidores e da popula\u00e7\u00e3o do munic\u00edpio. Por este motivo, tamb\u00e9m solicitamos refor\u00e7o policial atrav\u00e9s da Diretoria de Seguran\u00e7a Institucional do TJMA, que j\u00e1 estava autorizada pela sua presidente, desembargadora Cleonice Freire, para agir\u201d.<\/p>\n<p><strong>Apoio<\/strong><\/p>\n<p>Na quarta-feira (21) pela manh\u00e3, a desembargadora Cleonice Freire garantiu apoio irrestrito ao juiz Jorge Sales, que sofreu amea\u00e7as no exerc\u00edcio de sua fun\u00e7\u00e3o judicante. Reunido com a presidente no TJ, ele contou os momentos de terror pelos quais passou, ouvindo da presidente o compromisso do Judici\u00e1rio de preservar sua seguran\u00e7a.<\/p>\n<p>\u201cO Judici\u00e1rio buscou todos os instrumentos legais para a preserva\u00e7\u00e3o da seguran\u00e7a do magistrado que em momento algum ficar\u00e1 desassistido\u201d, informou Cleonice Freire, que ainda foi taxativa ao dizer que atos de viol\u00eancia de transgressores da lei n\u00e3o v\u00e3o interferir na atividade judicante. \u201cN\u00e3o vamos nos intimidar por pessoas que tentam agredir o Estado Democr\u00e1tico de Direito. A lei deve prevalecer e a ordem deve ser mantida\u201d.<\/p>\n<p>\u201cA Justi\u00e7a Eleitoral tamb\u00e9m n\u00e3o permitir\u00e1 que amea\u00e7as e intimida\u00e7\u00f5es de v\u00e2ndalos e criminosos desmoralizem o Poder Judici\u00e1rio, pois continuaremos cumprindo a nossa miss\u00e3o de organizar e superintender os trabalhos referentes aos pleitos eleitorais, instrumento essencial \u00e0 realiza\u00e7\u00e3o da democracia\u201d, salientou Froz Sobrinho.<\/p>\n<p>Para Froz Sobrinho, estes atos de vandalismo remetem aos tempos em que a justi\u00e7a era feita com as pr\u00f3prias m\u00e3os, ideia veementemente condenada pela legisla\u00e7\u00e3o p\u00e1tria que consagra o princ\u00edpio da interven\u00e7\u00e3o estatal nos conflitos sociais, o que obriga os inconformados com as decis\u00f5es judiciais a procurarem os meios processuais e recursos previstos constitucionalmente.<\/p>\n<p><strong>Fonte:<\/strong> Tribunal Regional de Eleitoral (TRE)<\/p>\n","protected":false},"excerpt":{"rendered":"<p>Os Tribunais Regional Eleitoral e de Justi\u00e7a do Maranh\u00e3o est\u00e3o trabalhando juntos desde que seus respectivos presidentes tomaram conhecimento que [&hellip;]<\/p>\n","protected":false},"author":0,"featured_media":0,"comment_status":"open","ping_status":"open","sticky":false,"template":"","format":"standard","meta":{"site-sidebar-layout":"default","site-content-layout":"","ast-site-content-layout":"default","site-content-style":"default","site-sidebar-style":"default","ast-global-header-display":"","ast-banner-title-visibility":"","ast-main-header-display":"","ast-hfb-above-header-display":"","ast-hfb-below-header-display":"","ast-hfb-mobile-header-display":"","site-post-title":"","ast-breadcrumbs-content":"","ast-featured-img":"","footer-sml-layout":"","ast-disable-related-posts":"","theme-transparent-header-meta":"","adv-header-id-meta":"","stick-header-meta":"","header-above-stick-meta":"","header-main-stick-meta":"","header-below-stick-meta":"","astra-migrate-meta-layouts":"default","ast-page-background-enabled":"default","ast-page-background-meta":{"desktop":{"background-color":"var(--ast-global-color-5)","background-image":"","background-repeat":"repeat","background-position":"center center","background-size":"auto","background-attachment":"scroll","background-type":"","background-media":"","overlay-type":"","overlay-color":"","overlay-opacity":"","overlay-gradient":""},"tablet":{"background-color":"","background-image":"","background-repeat":"repeat","background-position":"center center","background-size":"auto","background-attachment":"scroll","background-type":"","background-media":"","overlay-type":"","overlay-color":"","overlay-opacity":"","overlay-gradient":""},"mobile":{"background-color":"","background-image":"","background-repeat":"repeat","background-position":"center center","background-size":"auto","background-attachment":"scroll","background-type":"","background-media":"","overlay-type":"","overlay-color":"","overlay-opacity":"","overlay-gradient":""}},"ast-content-background-meta":{"desktop":{"background-color":"var(--ast-global-color-4)","background-image":"","background-repeat":"repeat","background-position":"center center","background-size":"auto","background-attachment":"scroll","background-type":"","background-media":"","overlay-type":"","overlay-color":"","overlay-opacity":"","overlay-gradient":""},"tablet":{"background-color":"var(--ast-global-color-4)","background-image":"","background-repeat":"repeat","background-position":"center center","background-size":"auto","background-attachment":"scroll","background-type":"","background-media":"","overlay-type":"","overlay-color":"","overlay-opacity":"","overlay-gradient":""},"mobile":{"background-color":"var(--ast-global-color-4)","background-image":"","background-repeat":"repeat","background-position":"center center","background-size":"auto","background-attachment":"scroll","background-type":"","background-media":"","overlay-type":"","overlay-color":"","overlay-opacity":"","overlay-gradient":""}},"footnotes":""},"categories":[1],"tags":[],"class_list":["post-21774","post","type-post","status-publish","format-standard","hentry","category-sem-categoria"],"yoast_head":"<!-- This site is optimized with the Yoast SEO plugin v26.6 - https:\/\/yoast.com\/wordpress\/plugins\/seo\/ -->\n<title>PF investiga invas\u00e3o ao F\u00f3rum de Buriti e amea\u00e7as sofridas pelo juiz da Comarca - Daniel Matos<\/title>\n<meta name=\"robots\" content=\"index, follow, max-snippet:-1, max-image-preview:large, max-video-preview:-1\" \/>\n<link rel=\"canonical\" href=\"https:\/\/www.blogsoestado.com\/danielmatos\/pf-investiga-invasao-ao-forum-de-buriti-e-ameacas-sofridas-pelo-juiz-da-comarca\/\" \/>\n<meta property=\"og:locale\" content=\"pt_BR\" \/>\n<meta property=\"og:type\" content=\"article\" \/>\n<meta property=\"og:title\" content=\"PF investiga invas\u00e3o ao F\u00f3rum de Buriti e amea\u00e7as sofridas pelo juiz da Comarca - Daniel Matos\" \/>\n<meta property=\"og:description\" content=\"Os Tribunais Regional Eleitoral e de Justi\u00e7a do Maranh\u00e3o est\u00e3o trabalhando juntos desde que seus respectivos presidentes tomaram conhecimento que [&hellip;]\" \/>\n<meta property=\"og:url\" content=\"https:\/\/www.blogsoestado.com\/danielmatos\/pf-investiga-invasao-ao-forum-de-buriti-e-ameacas-sofridas-pelo-juiz-da-comarca\/\" \/>\n<meta property=\"og:site_name\" content=\"Daniel Matos\" \/>\n<meta property=\"article:published_time\" content=\"2015-01-22T19:39:21+00:00\" \/>\n<meta property=\"og:image\" content=\"https:\/\/www.blogsoestado.com\/danielmatos\/files\/2015\/01\/tj-pf.jpg\" \/>\n<meta name=\"twitter:card\" content=\"summary_large_image\" \/>\n<meta name=\"twitter:label1\" content=\"Est. tempo de leitura\" \/>\n\t<meta name=\"twitter:data1\" content=\"3 minutos\" \/>\n<script type=\"application\/ld+json\" class=\"yoast-schema-graph\">{\"@context\":\"https:\/\/schema.org\",\"@graph\":[{\"@type\":\"WebPage\",\"@id\":\"https:\/\/www.blogsoestado.com\/danielmatos\/pf-investiga-invasao-ao-forum-de-buriti-e-ameacas-sofridas-pelo-juiz-da-comarca\/\",\"url\":\"https:\/\/www.blogsoestado.com\/danielmatos\/pf-investiga-invasao-ao-forum-de-buriti-e-ameacas-sofridas-pelo-juiz-da-comarca\/\",\"name\":\"PF investiga invas\u00e3o ao F\u00f3rum de Buriti e amea\u00e7as sofridas pelo juiz da Comarca - Daniel Matos\",\"isPartOf\":{\"@id\":\"https:\/\/www.blogsoestado.com\/danielmatos\/#website\"},\"primaryImageOfPage\":{\"@id\":\"https:\/\/www.blogsoestado.com\/danielmatos\/pf-investiga-invasao-ao-forum-de-buriti-e-ameacas-sofridas-pelo-juiz-da-comarca\/#primaryimage\"},\"image\":{\"@id\":\"https:\/\/www.blogsoestado.com\/danielmatos\/pf-investiga-invasao-ao-forum-de-buriti-e-ameacas-sofridas-pelo-juiz-da-comarca\/#primaryimage\"},\"thumbnailUrl\":\"https:\/\/www.blogsoestado.com\/danielmatos\/files\/2015\/01\/tj-pf.jpg\",\"datePublished\":\"2015-01-22T19:39:21+00:00\",\"author\":{\"@id\":\"\"},\"breadcrumb\":{\"@id\":\"https:\/\/www.blogsoestado.com\/danielmatos\/pf-investiga-invasao-ao-forum-de-buriti-e-ameacas-sofridas-pelo-juiz-da-comarca\/#breadcrumb\"},\"inLanguage\":\"pt-BR\",\"potentialAction\":[{\"@type\":\"ReadAction\",\"target\":[\"https:\/\/www.blogsoestado.com\/danielmatos\/pf-investiga-invasao-ao-forum-de-buriti-e-ameacas-sofridas-pelo-juiz-da-comarca\/\"]}]},{\"@type\":\"ImageObject\",\"inLanguage\":\"pt-BR\",\"@id\":\"https:\/\/www.blogsoestado.com\/danielmatos\/pf-investiga-invasao-ao-forum-de-buriti-e-ameacas-sofridas-pelo-juiz-da-comarca\/#primaryimage\",\"url\":\"https:\/\/www.blogsoestado.com\/danielmatos\/files\/2015\/01\/tj-pf.jpg\",\"contentUrl\":\"https:\/\/www.blogsoestado.com\/danielmatos\/files\/2015\/01\/tj-pf.jpg\"},{\"@type\":\"BreadcrumbList\",\"@id\":\"https:\/\/www.blogsoestado.com\/danielmatos\/pf-investiga-invasao-ao-forum-de-buriti-e-ameacas-sofridas-pelo-juiz-da-comarca\/#breadcrumb\",\"itemListElement\":[{\"@type\":\"ListItem\",\"position\":1,\"name\":\"In\u00edcio\",\"item\":\"https:\/\/www.blogsoestado.com\/danielmatos\/\"},{\"@type\":\"ListItem\",\"position\":2,\"name\":\"PF investiga invas\u00e3o ao F\u00f3rum de Buriti e amea\u00e7as sofridas pelo juiz da Comarca\"}]},{\"@type\":\"WebSite\",\"@id\":\"https:\/\/www.blogsoestado.com\/danielmatos\/#website\",\"url\":\"https:\/\/www.blogsoestado.com\/danielmatos\/\",\"name\":\"Daniel Matos\",\"description\":\"\",\"potentialAction\":[{\"@type\":\"SearchAction\",\"target\":{\"@type\":\"EntryPoint\",\"urlTemplate\":\"https:\/\/www.blogsoestado.com\/danielmatos\/?s={search_term_string}\"},\"query-input\":{\"@type\":\"PropertyValueSpecification\",\"valueRequired\":true,\"valueName\":\"search_term_string\"}}],\"inLanguage\":\"pt-BR\"}]}<\/script>\n<!-- \/ Yoast SEO plugin. -->","yoast_head_json":{"title":"PF investiga invas\u00e3o ao F\u00f3rum de Buriti e amea\u00e7as sofridas pelo juiz da Comarca - Daniel Matos","robots":{"index":"index","follow":"follow","max-snippet":"max-snippet:-1","max-image-preview":"max-image-preview:large","max-video-preview":"max-video-preview:-1"},"canonical":"https:\/\/www.blogsoestado.com\/danielmatos\/pf-investiga-invasao-ao-forum-de-buriti-e-ameacas-sofridas-pelo-juiz-da-comarca\/","og_locale":"pt_BR","og_type":"article","og_title":"PF investiga invas\u00e3o ao F\u00f3rum de Buriti e amea\u00e7as sofridas pelo juiz da Comarca - Daniel Matos","og_description":"Os Tribunais Regional Eleitoral e de Justi\u00e7a do Maranh\u00e3o est\u00e3o trabalhando juntos desde que seus respectivos presidentes tomaram conhecimento que [&hellip;]","og_url":"https:\/\/www.blogsoestado.com\/danielmatos\/pf-investiga-invasao-ao-forum-de-buriti-e-ameacas-sofridas-pelo-juiz-da-comarca\/","og_site_name":"Daniel Matos","article_published_time":"2015-01-22T19:39:21+00:00","og_image":[{"url":"https:\/\/www.blogsoestado.com\/danielmatos\/files\/2015\/01\/tj-pf.jpg","type":"","width":"","height":""}],"twitter_card":"summary_large_image","twitter_misc":{"Est. tempo de leitura":"3 minutos"},"schema":{"@context":"https:\/\/schema.org","@graph":[{"@type":"WebPage","@id":"https:\/\/www.blogsoestado.com\/danielmatos\/pf-investiga-invasao-ao-forum-de-buriti-e-ameacas-sofridas-pelo-juiz-da-comarca\/","url":"https:\/\/www.blogsoestado.com\/danielmatos\/pf-investiga-invasao-ao-forum-de-buriti-e-ameacas-sofridas-pelo-juiz-da-comarca\/","name":"PF investiga invas\u00e3o ao F\u00f3rum de Buriti e amea\u00e7as sofridas pelo juiz da Comarca - Daniel Matos","isPartOf":{"@id":"https:\/\/www.blogsoestado.com\/danielmatos\/#website"},"primaryImageOfPage":{"@id":"https:\/\/www.blogsoestado.com\/danielmatos\/pf-investiga-invasao-ao-forum-de-buriti-e-ameacas-sofridas-pelo-juiz-da-comarca\/#primaryimage"},"image":{"@id":"https:\/\/www.blogsoestado.com\/danielmatos\/pf-investiga-invasao-ao-forum-de-buriti-e-ameacas-sofridas-pelo-juiz-da-comarca\/#primaryimage"},"thumbnailUrl":"https:\/\/www.blogsoestado.com\/danielmatos\/files\/2015\/01\/tj-pf.jpg","datePublished":"2015-01-22T19:39:21+00:00","author":{"@id":""},"breadcrumb":{"@id":"https:\/\/www.blogsoestado.com\/danielmatos\/pf-investiga-invasao-ao-forum-de-buriti-e-ameacas-sofridas-pelo-juiz-da-comarca\/#breadcrumb"},"inLanguage":"pt-BR","potentialAction":[{"@type":"ReadAction","target":["https:\/\/www.blogsoestado.com\/danielmatos\/pf-investiga-invasao-ao-forum-de-buriti-e-ameacas-sofridas-pelo-juiz-da-comarca\/"]}]},{"@type":"ImageObject","inLanguage":"pt-BR","@id":"https:\/\/www.blogsoestado.com\/danielmatos\/pf-investiga-invasao-ao-forum-de-buriti-e-ameacas-sofridas-pelo-juiz-da-comarca\/#primaryimage","url":"https:\/\/www.blogsoestado.com\/danielmatos\/files\/2015\/01\/tj-pf.jpg","contentUrl":"https:\/\/www.blogsoestado.com\/danielmatos\/files\/2015\/01\/tj-pf.jpg"},{"@type":"BreadcrumbList","@id":"https:\/\/www.blogsoestado.com\/danielmatos\/pf-investiga-invasao-ao-forum-de-buriti-e-ameacas-sofridas-pelo-juiz-da-comarca\/#breadcrumb","itemListElement":[{"@type":"ListItem","position":1,"name":"In\u00edcio","item":"https:\/\/www.blogsoestado.com\/danielmatos\/"},{"@type":"ListItem","position":2,"name":"PF investiga invas\u00e3o ao F\u00f3rum de Buriti e amea\u00e7as sofridas pelo juiz da Comarca"}]},{"@type":"WebSite","@id":"https:\/\/www.blogsoestado.com\/danielmatos\/#website","url":"https:\/\/www.blogsoestado.com\/danielmatos\/","name":"Daniel Matos","description":"","potentialAction":[{"@type":"SearchAction","target":{"@type":"EntryPoint","urlTemplate":"https:\/\/www.blogsoestado.com\/danielmatos\/?s={search_term_string}"},"query-input":{"@type":"PropertyValueSpecification","valueRequired":true,"valueName":"search_term_string"}}],"inLanguage":"pt-BR"}]}},"jetpack_featured_media_url":"","_links":{"self":[{"href":"https:\/\/www.blogsoestado.com\/danielmatos\/wp-json\/wp\/v2\/posts\/21774","targetHints":{"allow":["GET"]}}],"collection":[{"href":"https:\/\/www.blogsoestado.com\/danielmatos\/wp-json\/wp\/v2\/posts"}],"about":[{"href":"https:\/\/www.blogsoestado.com\/danielmatos\/wp-json\/wp\/v2\/types\/post"}],"replies":[{"embeddable":true,"href":"https:\/\/www.blogsoestado.com\/danielmatos\/wp-json\/wp\/v2\/comments?post=21774"}],"version-history":[{"count":0,"href":"https:\/\/www.blogsoestado.com\/danielmatos\/wp-json\/wp\/v2\/posts\/21774\/revisions"}],"wp:attachment":[{"href":"https:\/\/www.blogsoestado.com\/danielmatos\/wp-json\/wp\/v2\/media?parent=21774"}],"wp:term":[{"taxonomy":"category","embeddable":true,"href":"https:\/\/www.blogsoestado.com\/danielmatos\/wp-json\/wp\/v2\/categories?post=21774"},{"taxonomy":"post_tag","embeddable":true,"href":"https:\/\/www.blogsoestado.com\/danielmatos\/wp-json\/wp\/v2\/tags?post=21774"}],"curies":[{"name":"wp","href":"https:\/\/api.w.org\/{rel}","templated":true}]}}