{"id":21788,"date":"2015-01-23T10:23:50","date_gmt":"2015-01-23T13:23:50","guid":{"rendered":"https:\/\/www.blogsoestado.com\/danielmatos\/?p=21788"},"modified":"2015-01-23T10:23:50","modified_gmt":"2015-01-23T13:23:50","slug":"novo-ministro-do-turismo-mostra-incompetencia-de-flavio-dino-diz-ricardo-murad","status":"publish","type":"post","link":"https:\/\/www.blogsoestado.com\/danielmatos\/novo-ministro-do-turismo-mostra-incompetencia-de-flavio-dino-diz-ricardo-murad\/","title":{"rendered":"&#8220;Novo ministro do Turismo mostra incompet\u00eancia de Fl\u00e1vio Dino&#8221;, diz Ricardo Murad"},"content":{"rendered":"<p>O ex-secret\u00e1rio de Estado de Sa\u00fade e deputado estadual Ricardo Murad (PMDB) voltou\u00a0a criticar duramente\u00a0o governador Fl\u00e1vio Dino (PCdoB). Desta vez, ele repercutiu\u00a0mat\u00e9ria publicada no \u00faltimo dia 21 pelo jornal ga\u00facho <a href=\"http:\/\/www.diariopopular.com.br\/index.php?n_sistema=3056&amp;id_noticia=OTQ4NzI=&amp;id_area=Mg==\" target=\"_blank\">Di\u00e1rio Popular<\/a>, em que o novo ministro do Turismo, Vin\u00edcius Lajes, diz que o Instituto Brasileiro de Turismo (Embratur), comandado pelo comunista entre 2011 e 2014, est\u00e1 enferrujado e precisa ser reformado.<\/p>\n<p>Ricardo Murad aproveitou a deixa do ministro para apontar os erros que tem\u00a0observado na atual gest\u00e3o, frutos, segundo ele, da incompet\u00eancia, \u00f3dio, arrog\u00e2ncia, prepot\u00eancia, autoritarismo, desrespeito aos trabalhadores, dentre outros.<\/p>\n<p>Eles condenou o atraso dos sal\u00e1rios dos servidores terceirizados da sa\u00fade, o que estaria &#8220;destruindo o\u00a0que de mais importante o povo maranhense conquistou nos \u00faltimos tempos: as UPAS e hospitais estaduais&#8221;.<\/p>\n<p>Abaixo, a cr\u00edtica feroz de Murad a Dino, postada pelo peemedebista em seu <a href=\"https:\/\/www.facebook.com\/rmuradma?fref=ts\" target=\"_blank\">perfil no Facebook<\/a>:<\/p>\n<h3><\/h3>\n<h2><span style=\"color: #ff0000;\">EMBRATUR EST\u00c1 &#8220;ENFERRUJADA&#8221; E PRECISA SER REFORMADA, disse o ministro do Turismo, Vin\u00edcius Lages, referindo-se \u00e0 p\u00e9ssima gest\u00e3o de Fl\u00e1vio Dino \u00e0 frente da Empresa<\/span><\/h2>\n<p><a href=\"https:\/\/www.blogsoestado.com\/danielmatos\/files\/2015\/01\/embratur-enferrujada.jpg\"><img fetchpriority=\"high\" decoding=\"async\" class=\"aligncenter size-full wp-image-21789\" src=\"https:\/\/www.blogsoestado.com\/danielmatos\/files\/2015\/01\/embratur-enferrujada.jpg\" alt=\"embratur enferrujada\" width=\"359\" height=\"640\" \/><\/a><\/p>\n<p>A incompet\u00eancia de Fl\u00e1vio Dino come\u00e7a a ser reconhecida nacionalmente. \u00a0Da mesma maneira que fez na Embratur, Dino \u00e9 uma decep\u00e7\u00e3o no governo do Maranh\u00e3o. \u00a0Passou o longo per\u00edodo de transi\u00e7\u00e3o s\u00f3 tagarelando e h\u00e1 quase um m\u00eas no governo o que se v\u00ea \u00e9 incompet\u00eancia, \u00f3dio, arrog\u00e2ncia, prepot\u00eancia, autoritarismo, desrespeito aos trabalhadores e servidores, nomea\u00e7\u00f5es de pessoas despreparadas, muitas delas condenadas por corrup\u00e7\u00e3o, outras nomeadas apenas pelo parentesco com altas figuras principalmente da fam\u00edlia do primeiro-damo.<\/p>\n<p>Tal qual na Embratur, &#8220;enferrujou&#8221; a m\u00e1quina administrativa que n\u00e3o consegue sair do lugar. \u00a0Preso a esquemas para saldar a gigantesca d\u00edvida que contraiu\u00a0campanha e ainda n\u00e3o saldou, ele est\u00e1 entregando setores estrat\u00e9gicos do governo a pessoas ligadas aos seus credores.<\/p>\n<p>E o pior, est\u00e1 destruindo o\u00a0que de mais importante o povo maranhense conquistou nos \u00faltimos tempos: as UPAS e hospitais estaduais. Todos se acabando por falta de pagamento dos sal\u00e1rios dos funcion\u00e1rios, pelos dirigentes incapazes que nomeou, pelo sucateamento da estrutura e dos equipamentos que mant\u00e9m as unidades com a qualidade invej\u00e1vel que implantamos.<\/p>\n<p>O ministro do Turismo em poucas dias verificou o estrago que Dino causou \u00e0 Embratur e o povo maranhense em menos de um m\u00eas j\u00e1 est\u00e1 sentindo na carne as conseq\u00fc\u00eancias de um governo incompetente e odiento. \u00a0Quem s\u00f3 pensa na vingan\u00e7a n\u00e3o tem tempo de governar.<\/p>\n<p>\u00d3dio, prepot\u00eancia e incompet\u00eancia juntos n\u00e3o poderiam dar em nada diferente do que estamos assistindo.<\/p>\n","protected":false},"excerpt":{"rendered":"<p>O ex-secret\u00e1rio de Estado de Sa\u00fade e deputado estadual Ricardo Murad (PMDB) voltou\u00a0a criticar duramente\u00a0o governador Fl\u00e1vio Dino (PCdoB). Desta [&hellip;]<\/p>\n","protected":false},"author":0,"featured_media":0,"comment_status":"open","ping_status":"open","sticky":false,"template":"","format":"standard","meta":{"site-sidebar-layout":"default","site-content-layout":"","ast-site-content-layout":"default","site-content-style":"default","site-sidebar-style":"default","ast-global-header-display":"","ast-banner-title-visibility":"","ast-main-header-display":"","ast-hfb-above-header-display":"","ast-hfb-below-header-display":"","ast-hfb-mobile-header-display":"","site-post-title":"","ast-breadcrumbs-content":"","ast-featured-img":"","footer-sml-layout":"","ast-disable-related-posts":"","theme-transparent-header-meta":"","adv-header-id-meta":"","stick-header-meta":"","header-above-stick-meta":"","header-main-stick-meta":"","header-below-stick-meta":"","astra-migrate-meta-layouts":"default","ast-page-background-enabled":"default","ast-page-background-meta":{"desktop":{"background-color":"var(--ast-global-color-5)","background-image":"","background-repeat":"repeat","background-position":"center center","background-size":"auto","background-attachment":"scroll","background-type":"","background-media":"","overlay-type":"","overlay-color":"","overlay-opacity":"","overlay-gradient":""},"tablet":{"background-color":"","background-image":"","background-repeat":"repeat","background-position":"center center","background-size":"auto","background-attachment":"scroll","background-type":"","background-media":"","overlay-type":"","overlay-color":"","overlay-opacity":"","overlay-gradient":""},"mobile":{"background-color":"","background-image":"","background-repeat":"repeat","background-position":"center center","background-size":"auto","background-attachment":"scroll","background-type":"","background-media":"","overlay-type":"","overlay-color":"","overlay-opacity":"","overlay-gradient":""}},"ast-content-background-meta":{"desktop":{"background-color":"var(--ast-global-color-4)","background-image":"","background-repeat":"repeat","background-position":"center center","background-size":"auto","background-attachment":"scroll","background-type":"","background-media":"","overlay-type":"","overlay-color":"","overlay-opacity":"","overlay-gradient":""},"tablet":{"background-color":"var(--ast-global-color-4)","background-image":"","background-repeat":"repeat","background-position":"center center","background-size":"auto","background-attachment":"scroll","background-type":"","background-media":"","overlay-type":"","overlay-color":"","overlay-opacity":"","overlay-gradient":""},"mobile":{"background-color":"var(--ast-global-color-4)","background-image":"","background-repeat":"repeat","background-position":"center center","background-size":"auto","background-attachment":"scroll","background-type":"","background-media":"","overlay-type":"","overlay-color":"","overlay-opacity":"","overlay-gradient":""}},"footnotes":""},"categories":[1],"tags":[],"class_list":["post-21788","post","type-post","status-publish","format-standard","hentry","category-sem-categoria"],"yoast_head":"<!-- This site is optimized with the Yoast SEO plugin v26.6 - https:\/\/yoast.com\/wordpress\/plugins\/seo\/ -->\n<title>&quot;Novo ministro do Turismo mostra incompet\u00eancia de Fl\u00e1vio Dino&quot;, diz Ricardo Murad - Daniel Matos<\/title>\n<meta name=\"robots\" content=\"index, follow, max-snippet:-1, max-image-preview:large, max-video-preview:-1\" \/>\n<link rel=\"canonical\" href=\"https:\/\/www.blogsoestado.com\/danielmatos\/novo-ministro-do-turismo-mostra-incompetencia-de-flavio-dino-diz-ricardo-murad\/\" \/>\n<meta property=\"og:locale\" content=\"pt_BR\" \/>\n<meta property=\"og:type\" content=\"article\" \/>\n<meta property=\"og:title\" content=\"&quot;Novo ministro do Turismo mostra incompet\u00eancia de Fl\u00e1vio Dino&quot;, diz Ricardo Murad - Daniel Matos\" \/>\n<meta property=\"og:description\" content=\"O ex-secret\u00e1rio de Estado de Sa\u00fade e deputado estadual Ricardo Murad (PMDB) voltou\u00a0a criticar duramente\u00a0o governador Fl\u00e1vio Dino (PCdoB). Desta [&hellip;]\" \/>\n<meta property=\"og:url\" content=\"https:\/\/www.blogsoestado.com\/danielmatos\/novo-ministro-do-turismo-mostra-incompetencia-de-flavio-dino-diz-ricardo-murad\/\" \/>\n<meta property=\"og:site_name\" content=\"Daniel Matos\" \/>\n<meta property=\"article:published_time\" content=\"2015-01-23T13:23:50+00:00\" \/>\n<meta property=\"og:image\" content=\"https:\/\/www.blogsoestado.com\/danielmatos\/files\/2015\/01\/embratur-enferrujada.jpg\" \/>\n<meta name=\"twitter:card\" content=\"summary_large_image\" \/>\n<meta name=\"twitter:label1\" content=\"Est. tempo de leitura\" \/>\n\t<meta name=\"twitter:data1\" content=\"2 minutos\" \/>\n<script type=\"application\/ld+json\" class=\"yoast-schema-graph\">{\"@context\":\"https:\/\/schema.org\",\"@graph\":[{\"@type\":\"WebPage\",\"@id\":\"https:\/\/www.blogsoestado.com\/danielmatos\/novo-ministro-do-turismo-mostra-incompetencia-de-flavio-dino-diz-ricardo-murad\/\",\"url\":\"https:\/\/www.blogsoestado.com\/danielmatos\/novo-ministro-do-turismo-mostra-incompetencia-de-flavio-dino-diz-ricardo-murad\/\",\"name\":\"\\\"Novo ministro do Turismo mostra incompet\u00eancia de Fl\u00e1vio Dino\\\", diz Ricardo Murad - Daniel Matos\",\"isPartOf\":{\"@id\":\"https:\/\/www.blogsoestado.com\/danielmatos\/#website\"},\"primaryImageOfPage\":{\"@id\":\"https:\/\/www.blogsoestado.com\/danielmatos\/novo-ministro-do-turismo-mostra-incompetencia-de-flavio-dino-diz-ricardo-murad\/#primaryimage\"},\"image\":{\"@id\":\"https:\/\/www.blogsoestado.com\/danielmatos\/novo-ministro-do-turismo-mostra-incompetencia-de-flavio-dino-diz-ricardo-murad\/#primaryimage\"},\"thumbnailUrl\":\"https:\/\/www.blogsoestado.com\/danielmatos\/files\/2015\/01\/embratur-enferrujada.jpg\",\"datePublished\":\"2015-01-23T13:23:50+00:00\",\"author\":{\"@id\":\"\"},\"breadcrumb\":{\"@id\":\"https:\/\/www.blogsoestado.com\/danielmatos\/novo-ministro-do-turismo-mostra-incompetencia-de-flavio-dino-diz-ricardo-murad\/#breadcrumb\"},\"inLanguage\":\"pt-BR\",\"potentialAction\":[{\"@type\":\"ReadAction\",\"target\":[\"https:\/\/www.blogsoestado.com\/danielmatos\/novo-ministro-do-turismo-mostra-incompetencia-de-flavio-dino-diz-ricardo-murad\/\"]}]},{\"@type\":\"ImageObject\",\"inLanguage\":\"pt-BR\",\"@id\":\"https:\/\/www.blogsoestado.com\/danielmatos\/novo-ministro-do-turismo-mostra-incompetencia-de-flavio-dino-diz-ricardo-murad\/#primaryimage\",\"url\":\"https:\/\/www.blogsoestado.com\/danielmatos\/files\/2015\/01\/embratur-enferrujada.jpg\",\"contentUrl\":\"https:\/\/www.blogsoestado.com\/danielmatos\/files\/2015\/01\/embratur-enferrujada.jpg\"},{\"@type\":\"BreadcrumbList\",\"@id\":\"https:\/\/www.blogsoestado.com\/danielmatos\/novo-ministro-do-turismo-mostra-incompetencia-de-flavio-dino-diz-ricardo-murad\/#breadcrumb\",\"itemListElement\":[{\"@type\":\"ListItem\",\"position\":1,\"name\":\"In\u00edcio\",\"item\":\"https:\/\/www.blogsoestado.com\/danielmatos\/\"},{\"@type\":\"ListItem\",\"position\":2,\"name\":\"&#8220;Novo ministro do Turismo mostra incompet\u00eancia de Fl\u00e1vio Dino&#8221;, diz Ricardo Murad\"}]},{\"@type\":\"WebSite\",\"@id\":\"https:\/\/www.blogsoestado.com\/danielmatos\/#website\",\"url\":\"https:\/\/www.blogsoestado.com\/danielmatos\/\",\"name\":\"Daniel Matos\",\"description\":\"\",\"potentialAction\":[{\"@type\":\"SearchAction\",\"target\":{\"@type\":\"EntryPoint\",\"urlTemplate\":\"https:\/\/www.blogsoestado.com\/danielmatos\/?s={search_term_string}\"},\"query-input\":{\"@type\":\"PropertyValueSpecification\",\"valueRequired\":true,\"valueName\":\"search_term_string\"}}],\"inLanguage\":\"pt-BR\"}]}<\/script>\n<!-- \/ Yoast SEO plugin. -->","yoast_head_json":{"title":"\"Novo ministro do Turismo mostra incompet\u00eancia de Fl\u00e1vio Dino\", diz Ricardo Murad - Daniel Matos","robots":{"index":"index","follow":"follow","max-snippet":"max-snippet:-1","max-image-preview":"max-image-preview:large","max-video-preview":"max-video-preview:-1"},"canonical":"https:\/\/www.blogsoestado.com\/danielmatos\/novo-ministro-do-turismo-mostra-incompetencia-de-flavio-dino-diz-ricardo-murad\/","og_locale":"pt_BR","og_type":"article","og_title":"\"Novo ministro do Turismo mostra incompet\u00eancia de Fl\u00e1vio Dino\", diz Ricardo Murad - Daniel Matos","og_description":"O ex-secret\u00e1rio de Estado de Sa\u00fade e deputado estadual Ricardo Murad (PMDB) voltou\u00a0a criticar duramente\u00a0o governador Fl\u00e1vio Dino (PCdoB). Desta [&hellip;]","og_url":"https:\/\/www.blogsoestado.com\/danielmatos\/novo-ministro-do-turismo-mostra-incompetencia-de-flavio-dino-diz-ricardo-murad\/","og_site_name":"Daniel Matos","article_published_time":"2015-01-23T13:23:50+00:00","og_image":[{"url":"https:\/\/www.blogsoestado.com\/danielmatos\/files\/2015\/01\/embratur-enferrujada.jpg","type":"","width":"","height":""}],"twitter_card":"summary_large_image","twitter_misc":{"Est. tempo de leitura":"2 minutos"},"schema":{"@context":"https:\/\/schema.org","@graph":[{"@type":"WebPage","@id":"https:\/\/www.blogsoestado.com\/danielmatos\/novo-ministro-do-turismo-mostra-incompetencia-de-flavio-dino-diz-ricardo-murad\/","url":"https:\/\/www.blogsoestado.com\/danielmatos\/novo-ministro-do-turismo-mostra-incompetencia-de-flavio-dino-diz-ricardo-murad\/","name":"\"Novo ministro do Turismo mostra incompet\u00eancia de Fl\u00e1vio Dino\", diz Ricardo Murad - Daniel Matos","isPartOf":{"@id":"https:\/\/www.blogsoestado.com\/danielmatos\/#website"},"primaryImageOfPage":{"@id":"https:\/\/www.blogsoestado.com\/danielmatos\/novo-ministro-do-turismo-mostra-incompetencia-de-flavio-dino-diz-ricardo-murad\/#primaryimage"},"image":{"@id":"https:\/\/www.blogsoestado.com\/danielmatos\/novo-ministro-do-turismo-mostra-incompetencia-de-flavio-dino-diz-ricardo-murad\/#primaryimage"},"thumbnailUrl":"https:\/\/www.blogsoestado.com\/danielmatos\/files\/2015\/01\/embratur-enferrujada.jpg","datePublished":"2015-01-23T13:23:50+00:00","author":{"@id":""},"breadcrumb":{"@id":"https:\/\/www.blogsoestado.com\/danielmatos\/novo-ministro-do-turismo-mostra-incompetencia-de-flavio-dino-diz-ricardo-murad\/#breadcrumb"},"inLanguage":"pt-BR","potentialAction":[{"@type":"ReadAction","target":["https:\/\/www.blogsoestado.com\/danielmatos\/novo-ministro-do-turismo-mostra-incompetencia-de-flavio-dino-diz-ricardo-murad\/"]}]},{"@type":"ImageObject","inLanguage":"pt-BR","@id":"https:\/\/www.blogsoestado.com\/danielmatos\/novo-ministro-do-turismo-mostra-incompetencia-de-flavio-dino-diz-ricardo-murad\/#primaryimage","url":"https:\/\/www.blogsoestado.com\/danielmatos\/files\/2015\/01\/embratur-enferrujada.jpg","contentUrl":"https:\/\/www.blogsoestado.com\/danielmatos\/files\/2015\/01\/embratur-enferrujada.jpg"},{"@type":"BreadcrumbList","@id":"https:\/\/www.blogsoestado.com\/danielmatos\/novo-ministro-do-turismo-mostra-incompetencia-de-flavio-dino-diz-ricardo-murad\/#breadcrumb","itemListElement":[{"@type":"ListItem","position":1,"name":"In\u00edcio","item":"https:\/\/www.blogsoestado.com\/danielmatos\/"},{"@type":"ListItem","position":2,"name":"&#8220;Novo ministro do Turismo mostra incompet\u00eancia de Fl\u00e1vio Dino&#8221;, diz Ricardo Murad"}]},{"@type":"WebSite","@id":"https:\/\/www.blogsoestado.com\/danielmatos\/#website","url":"https:\/\/www.blogsoestado.com\/danielmatos\/","name":"Daniel Matos","description":"","potentialAction":[{"@type":"SearchAction","target":{"@type":"EntryPoint","urlTemplate":"https:\/\/www.blogsoestado.com\/danielmatos\/?s={search_term_string}"},"query-input":{"@type":"PropertyValueSpecification","valueRequired":true,"valueName":"search_term_string"}}],"inLanguage":"pt-BR"}]}},"jetpack_featured_media_url":"","_links":{"self":[{"href":"https:\/\/www.blogsoestado.com\/danielmatos\/wp-json\/wp\/v2\/posts\/21788","targetHints":{"allow":["GET"]}}],"collection":[{"href":"https:\/\/www.blogsoestado.com\/danielmatos\/wp-json\/wp\/v2\/posts"}],"about":[{"href":"https:\/\/www.blogsoestado.com\/danielmatos\/wp-json\/wp\/v2\/types\/post"}],"replies":[{"embeddable":true,"href":"https:\/\/www.blogsoestado.com\/danielmatos\/wp-json\/wp\/v2\/comments?post=21788"}],"version-history":[{"count":0,"href":"https:\/\/www.blogsoestado.com\/danielmatos\/wp-json\/wp\/v2\/posts\/21788\/revisions"}],"wp:attachment":[{"href":"https:\/\/www.blogsoestado.com\/danielmatos\/wp-json\/wp\/v2\/media?parent=21788"}],"wp:term":[{"taxonomy":"category","embeddable":true,"href":"https:\/\/www.blogsoestado.com\/danielmatos\/wp-json\/wp\/v2\/categories?post=21788"},{"taxonomy":"post_tag","embeddable":true,"href":"https:\/\/www.blogsoestado.com\/danielmatos\/wp-json\/wp\/v2\/tags?post=21788"}],"curies":[{"name":"wp","href":"https:\/\/api.w.org\/{rel}","templated":true}]}}