{"id":21794,"date":"2015-01-23T16:12:45","date_gmt":"2015-01-23T19:12:45","guid":{"rendered":"https:\/\/www.blogsoestado.com\/danielmatos\/?p=21794"},"modified":"2015-01-23T16:12:45","modified_gmt":"2015-01-23T19:12:45","slug":"reitor-da-ufma-participa-de-reunioes-com-os-ministros-da-educacao-e-de-energia","status":"publish","type":"post","link":"https:\/\/www.blogsoestado.com\/danielmatos\/reitor-da-ufma-participa-de-reunioes-com-os-ministros-da-educacao-e-de-energia\/","title":{"rendered":"Reitor da UFMA participa de reuni\u00f5es com os ministros da Educa\u00e7\u00e3o e de Energia"},"content":{"rendered":"<figure id=\"attachment_21796\" aria-describedby=\"caption-attachment-21796\" style=\"width: 640px\" class=\"wp-caption aligncenter\"><a href=\"https:\/\/www.blogsoestado.com\/danielmatos\/files\/2015\/01\/natalino-ministro1.png\"><img fetchpriority=\"high\" decoding=\"async\" class=\"size-full wp-image-21796\" src=\"https:\/\/www.blogsoestado.com\/danielmatos\/files\/2015\/01\/natalino-ministro1.png\" alt=\"Reitor Natalino Salgado destacou que di\u00e1logo com Minist\u00e9rio da Educa\u00e7\u00e3o fortalece a educa\u00e7\u00e3o no pa\u00eds\" width=\"640\" height=\"426\" \/><\/a><figcaption id=\"caption-attachment-21796\" class=\"wp-caption-text\">Reitor Natalino Salgado destacou que di\u00e1logo com Minist\u00e9rio da Educa\u00e7\u00e3o fortalece a educa\u00e7\u00e3o no pa\u00eds<\/figcaption><\/figure>\n<p><strong>BRAS\u00cdLIA &#8211;<\/strong> O reitor da UFMA, Natalino Salgado, membro da Diretoria Executiva da Andifes, participou, nesta quarta-feira (21), de reuni\u00f5es com os Ministros Cid Gomes da Educa\u00e7\u00e3o, e Eduardo Braga de Minas e Energia. Os reitores entregaram documentos aos dois ministros com as demandas relativas ao ensino superior no Pa\u00eds. Ao Ministro da Educa\u00e7\u00e3o, Cid Gomes, foi entregue documento ressaltando os anseios dos dirigentes das institui\u00e7\u00f5es, representando as universidades federais, com rela\u00e7\u00e3o \u00e0 pasta da Educa\u00e7\u00e3o. Entre elas, uma maior autonomia do Minist\u00e9rio da Educa\u00e7\u00e3o e, consequentemente, das pol\u00edticas de educa\u00e7\u00e3o, a execu\u00e7\u00e3o do Plano de Desenvolvimento das Universidades, um novo ciclo de expans\u00e3o planejado, com foco na excel\u00eancia e com o objetivo de cumprir as metas do Plano Nacional de Educa\u00e7\u00e3o (PNE). Tamb\u00e9m foi solicitado a continuidade de programas relacionados \u00e0 p\u00f3s-gradua\u00e7\u00e3o, assist\u00eancia estudantil, internacionaliza\u00e7\u00e3o e dimensionamento de pessoal (professores e t\u00e9cnico-administrativos), entre outras demandas.<\/p>\n<p>Segundo o Reitor Natalino Salgado, esse di\u00e1logo com o Minist\u00e9rio da Educa\u00e7\u00e3o fortalece a educa\u00e7\u00e3o no Pa\u00eds, uma vez que, a Andifes, enquanto protagonista do desenvolvimento do sistema de educa\u00e7\u00e3o no Brasil, reuni-se com ministro Cid para apresentar a necessidade de continuar buscando recursos para fortalecer a educa\u00e7\u00e3o no Pa\u00eds e manter as linhas de financiamento das universidades. \u201cMesmo nesses momentos de dificuldades financeiras, conversamos com ele, sobre a libera\u00e7\u00e3o dos projetos de lei que est\u00e1 no congresso para libera\u00e7\u00e3o de vagas para contrata\u00e7\u00e3o de docentes e t\u00e9cnicos e tamb\u00e9m conversamos sobre a necessidade de um planejamento maior para libera\u00e7\u00e3o de or\u00e7amento que atenda as demandas da Universidade. Com isso, apontamos fatores como a assist\u00eancia estudantil, que \u00e9 uma das nossas prioridades, na qual buscamos recursos para dar condi\u00e7\u00f5es de estadia, alimenta\u00e7\u00e3o e perman\u00eancia dos estudantes na Universidade, al\u00e9m de convid\u00e1-lo para participar da pr\u00f3xima reuni\u00e3o da Andifes\u201d, explicou.<\/p>\n<p><strong>Energia<\/strong><\/p>\n<figure id=\"attachment_21797\" aria-describedby=\"caption-attachment-21797\" style=\"width: 640px\" class=\"wp-caption aligncenter\"><a href=\"https:\/\/www.blogsoestado.com\/danielmatos\/files\/2015\/01\/natalino-ministro2.png\"><img decoding=\"async\" class=\"size-full wp-image-21797\" src=\"https:\/\/www.blogsoestado.com\/danielmatos\/files\/2015\/01\/natalino-ministro2.png\" alt=\"Universidades gastam, atualmente, em torno de 16% de energia, valor excessivo, segundo o reitor da UFMA\" width=\"640\" height=\"368\" \/><\/a><figcaption id=\"caption-attachment-21797\" class=\"wp-caption-text\">Universidades gastam, atualmente, 16% dos seus recursos com\u00a0energia, valor excessivo, segundo reitor da UFMA<\/figcaption><\/figure>\n<p>J\u00e1 ao Ministro de Minas e Energia, Eduardo Braga, foi proposto a cria\u00e7\u00e3o de um plano, coordenado nacionalmente pelo Minist\u00e9rio e a Andifes, para racionaliza\u00e7\u00e3o e efici\u00eancia no uso de energia pelas institui\u00e7\u00f5es universit\u00e1rias, que possa tamb\u00e9m ser replicado a outros \u00f3rg\u00e3os p\u00fablicos. Considerando que a maioria das universidades federais j\u00e1 estabeleceram parcerias com as empresas de energia, subordinadas ao Minist\u00e9rio de Minas e Energia, uma segunda frente seria a cria\u00e7\u00e3o de mecanismos, incentivos e espa\u00e7os de interlocu\u00e7\u00e3o permanentes com objetivo de ampliar as condi\u00e7\u00f5es e diversificar as \u00e1reas desses relacionamentos. Tamb\u00e9m foi levantado que a inclus\u00e3o de outros \u00f3rg\u00e3os de governo nessa intera\u00e7\u00e3o, como as ag\u00eancias reguladoras e especialmente o Minist\u00e9rio da Educa\u00e7\u00e3o (MEC) e o Minist\u00e9rio da Ci\u00eancia, Tecnologia e Inova\u00e7\u00e3o (MCTI), podem dar maior escala e qualidade nessas parcerias.<\/p>\n<p>Nesse aspecto, Natalino Salgado ressalta que, atualmente, as universidades gastam em torno de 16% de energia, cujo valor \u00e9 excessivo, em se tratando que, com os reajustes, esse percentual subir\u00e1 para 20%, ou seja, \u00e9 necess\u00e1rio criar projetos que diminuam esse gasto exacerbado, o que penaliza e prejudica a manuten\u00e7\u00e3o das universidades. \u201cDialogamos com o ministro para obter apoio do minist\u00e9rio para financiamento de projetos que sejam autosustent\u00e1veis em termo de energia para diminuir as contas e fazer parcerias de energias alternativas para ajudar o Pa\u00eds a enfrentar esta crise energ\u00e9tica\u201d, afirma.<\/p>\n<p>Ele enfatiza tamb\u00e9m que h\u00e1 uma necessidade de buscar fontes alternativas de energia para que a energia possa ser barateada, armazenada e vendida para as concession\u00e1rias a fim de diminuir o custo com energia das universidades. \u201cFicou acordado com o ministro Eduardo Braga, que ele assinar\u00e1 um compromisso de pactua\u00e7\u00e3o com a Andifes e, a partir da\u00ed, vamos ter parcerias com v\u00e1rios \u00f3rg\u00e3os que comp\u00f5e o sistema de energia do minist\u00e9rio\u201d, concluiu.<\/p>\n","protected":false},"excerpt":{"rendered":"<p>BRAS\u00cdLIA &#8211; O reitor da UFMA, Natalino Salgado, membro da Diretoria Executiva da Andifes, participou, nesta quarta-feira (21), de reuni\u00f5es [&hellip;]<\/p>\n","protected":false},"author":0,"featured_media":0,"comment_status":"open","ping_status":"open","sticky":false,"template":"","format":"standard","meta":{"site-sidebar-layout":"default","site-content-layout":"","ast-site-content-layout":"default","site-content-style":"default","site-sidebar-style":"default","ast-global-header-display":"","ast-banner-title-visibility":"","ast-main-header-display":"","ast-hfb-above-header-display":"","ast-hfb-below-header-display":"","ast-hfb-mobile-header-display":"","site-post-title":"","ast-breadcrumbs-content":"","ast-featured-img":"","footer-sml-layout":"","ast-disable-related-posts":"","theme-transparent-header-meta":"","adv-header-id-meta":"","stick-header-meta":"","header-above-stick-meta":"","header-main-stick-meta":"","header-below-stick-meta":"","astra-migrate-meta-layouts":"default","ast-page-background-enabled":"default","ast-page-background-meta":{"desktop":{"background-color":"var(--ast-global-color-5)","background-image":"","background-repeat":"repeat","background-position":"center center","background-size":"auto","background-attachment":"scroll","background-type":"","background-media":"","overlay-type":"","overlay-color":"","overlay-opacity":"","overlay-gradient":""},"tablet":{"background-color":"","background-image":"","background-repeat":"repeat","background-position":"center center","background-size":"auto","background-attachment":"scroll","background-type":"","background-media":"","overlay-type":"","overlay-color":"","overlay-opacity":"","overlay-gradient":""},"mobile":{"background-color":"","background-image":"","background-repeat":"repeat","background-position":"center center","background-size":"auto","background-attachment":"scroll","background-type":"","background-media":"","overlay-type":"","overlay-color":"","overlay-opacity":"","overlay-gradient":""}},"ast-content-background-meta":{"desktop":{"background-color":"var(--ast-global-color-4)","background-image":"","background-repeat":"repeat","background-position":"center center","background-size":"auto","background-attachment":"scroll","background-type":"","background-media":"","overlay-type":"","overlay-color":"","overlay-opacity":"","overlay-gradient":""},"tablet":{"background-color":"var(--ast-global-color-4)","background-image":"","background-repeat":"repeat","background-position":"center center","background-size":"auto","background-attachment":"scroll","background-type":"","background-media":"","overlay-type":"","overlay-color":"","overlay-opacity":"","overlay-gradient":""},"mobile":{"background-color":"var(--ast-global-color-4)","background-image":"","background-repeat":"repeat","background-position":"center center","background-size":"auto","background-attachment":"scroll","background-type":"","background-media":"","overlay-type":"","overlay-color":"","overlay-opacity":"","overlay-gradient":""}},"footnotes":""},"categories":[1],"tags":[],"class_list":["post-21794","post","type-post","status-publish","format-standard","hentry","category-sem-categoria"],"yoast_head":"<!-- This site is optimized with the Yoast SEO plugin v26.6 - https:\/\/yoast.com\/wordpress\/plugins\/seo\/ -->\n<title>Reitor da UFMA participa de reuni\u00f5es com os ministros da Educa\u00e7\u00e3o e de Energia - Daniel Matos<\/title>\n<meta name=\"robots\" content=\"index, follow, max-snippet:-1, max-image-preview:large, max-video-preview:-1\" \/>\n<link rel=\"canonical\" href=\"https:\/\/www.blogsoestado.com\/danielmatos\/reitor-da-ufma-participa-de-reunioes-com-os-ministros-da-educacao-e-de-energia\/\" \/>\n<meta property=\"og:locale\" content=\"pt_BR\" \/>\n<meta property=\"og:type\" content=\"article\" \/>\n<meta property=\"og:title\" content=\"Reitor da UFMA participa de reuni\u00f5es com os ministros da Educa\u00e7\u00e3o e de Energia - Daniel Matos\" \/>\n<meta property=\"og:description\" content=\"BRAS\u00cdLIA &#8211; O reitor da UFMA, Natalino Salgado, membro da Diretoria Executiva da Andifes, participou, nesta quarta-feira (21), de reuni\u00f5es [&hellip;]\" \/>\n<meta property=\"og:url\" content=\"https:\/\/www.blogsoestado.com\/danielmatos\/reitor-da-ufma-participa-de-reunioes-com-os-ministros-da-educacao-e-de-energia\/\" \/>\n<meta property=\"og:site_name\" content=\"Daniel Matos\" \/>\n<meta property=\"article:published_time\" content=\"2015-01-23T19:12:45+00:00\" \/>\n<meta property=\"og:image\" content=\"https:\/\/www.blogsoestado.com\/danielmatos\/files\/2015\/01\/natalino-ministro1.png\" \/>\n<meta name=\"twitter:card\" content=\"summary_large_image\" \/>\n<meta name=\"twitter:label1\" content=\"Est. tempo de leitura\" \/>\n\t<meta name=\"twitter:data1\" content=\"4 minutos\" \/>\n<script type=\"application\/ld+json\" class=\"yoast-schema-graph\">{\"@context\":\"https:\/\/schema.org\",\"@graph\":[{\"@type\":\"WebPage\",\"@id\":\"https:\/\/www.blogsoestado.com\/danielmatos\/reitor-da-ufma-participa-de-reunioes-com-os-ministros-da-educacao-e-de-energia\/\",\"url\":\"https:\/\/www.blogsoestado.com\/danielmatos\/reitor-da-ufma-participa-de-reunioes-com-os-ministros-da-educacao-e-de-energia\/\",\"name\":\"Reitor da UFMA participa de reuni\u00f5es com os ministros da Educa\u00e7\u00e3o e de Energia - Daniel Matos\",\"isPartOf\":{\"@id\":\"https:\/\/www.blogsoestado.com\/danielmatos\/#website\"},\"primaryImageOfPage\":{\"@id\":\"https:\/\/www.blogsoestado.com\/danielmatos\/reitor-da-ufma-participa-de-reunioes-com-os-ministros-da-educacao-e-de-energia\/#primaryimage\"},\"image\":{\"@id\":\"https:\/\/www.blogsoestado.com\/danielmatos\/reitor-da-ufma-participa-de-reunioes-com-os-ministros-da-educacao-e-de-energia\/#primaryimage\"},\"thumbnailUrl\":\"https:\/\/www.blogsoestado.com\/danielmatos\/files\/2015\/01\/natalino-ministro1.png\",\"datePublished\":\"2015-01-23T19:12:45+00:00\",\"author\":{\"@id\":\"\"},\"breadcrumb\":{\"@id\":\"https:\/\/www.blogsoestado.com\/danielmatos\/reitor-da-ufma-participa-de-reunioes-com-os-ministros-da-educacao-e-de-energia\/#breadcrumb\"},\"inLanguage\":\"pt-BR\",\"potentialAction\":[{\"@type\":\"ReadAction\",\"target\":[\"https:\/\/www.blogsoestado.com\/danielmatos\/reitor-da-ufma-participa-de-reunioes-com-os-ministros-da-educacao-e-de-energia\/\"]}]},{\"@type\":\"ImageObject\",\"inLanguage\":\"pt-BR\",\"@id\":\"https:\/\/www.blogsoestado.com\/danielmatos\/reitor-da-ufma-participa-de-reunioes-com-os-ministros-da-educacao-e-de-energia\/#primaryimage\",\"url\":\"https:\/\/www.blogsoestado.com\/danielmatos\/files\/2015\/01\/natalino-ministro1.png\",\"contentUrl\":\"https:\/\/www.blogsoestado.com\/danielmatos\/files\/2015\/01\/natalino-ministro1.png\"},{\"@type\":\"BreadcrumbList\",\"@id\":\"https:\/\/www.blogsoestado.com\/danielmatos\/reitor-da-ufma-participa-de-reunioes-com-os-ministros-da-educacao-e-de-energia\/#breadcrumb\",\"itemListElement\":[{\"@type\":\"ListItem\",\"position\":1,\"name\":\"In\u00edcio\",\"item\":\"https:\/\/www.blogsoestado.com\/danielmatos\/\"},{\"@type\":\"ListItem\",\"position\":2,\"name\":\"Reitor da UFMA participa de reuni\u00f5es com os ministros da Educa\u00e7\u00e3o e de Energia\"}]},{\"@type\":\"WebSite\",\"@id\":\"https:\/\/www.blogsoestado.com\/danielmatos\/#website\",\"url\":\"https:\/\/www.blogsoestado.com\/danielmatos\/\",\"name\":\"Daniel Matos\",\"description\":\"\",\"potentialAction\":[{\"@type\":\"SearchAction\",\"target\":{\"@type\":\"EntryPoint\",\"urlTemplate\":\"https:\/\/www.blogsoestado.com\/danielmatos\/?s={search_term_string}\"},\"query-input\":{\"@type\":\"PropertyValueSpecification\",\"valueRequired\":true,\"valueName\":\"search_term_string\"}}],\"inLanguage\":\"pt-BR\"}]}<\/script>\n<!-- \/ Yoast SEO plugin. -->","yoast_head_json":{"title":"Reitor da UFMA participa de reuni\u00f5es com os ministros da Educa\u00e7\u00e3o e de Energia - Daniel Matos","robots":{"index":"index","follow":"follow","max-snippet":"max-snippet:-1","max-image-preview":"max-image-preview:large","max-video-preview":"max-video-preview:-1"},"canonical":"https:\/\/www.blogsoestado.com\/danielmatos\/reitor-da-ufma-participa-de-reunioes-com-os-ministros-da-educacao-e-de-energia\/","og_locale":"pt_BR","og_type":"article","og_title":"Reitor da UFMA participa de reuni\u00f5es com os ministros da Educa\u00e7\u00e3o e de Energia - Daniel Matos","og_description":"BRAS\u00cdLIA &#8211; O reitor da UFMA, Natalino Salgado, membro da Diretoria Executiva da Andifes, participou, nesta quarta-feira (21), de reuni\u00f5es [&hellip;]","og_url":"https:\/\/www.blogsoestado.com\/danielmatos\/reitor-da-ufma-participa-de-reunioes-com-os-ministros-da-educacao-e-de-energia\/","og_site_name":"Daniel Matos","article_published_time":"2015-01-23T19:12:45+00:00","og_image":[{"url":"https:\/\/www.blogsoestado.com\/danielmatos\/files\/2015\/01\/natalino-ministro1.png","type":"","width":"","height":""}],"twitter_card":"summary_large_image","twitter_misc":{"Est. tempo de leitura":"4 minutos"},"schema":{"@context":"https:\/\/schema.org","@graph":[{"@type":"WebPage","@id":"https:\/\/www.blogsoestado.com\/danielmatos\/reitor-da-ufma-participa-de-reunioes-com-os-ministros-da-educacao-e-de-energia\/","url":"https:\/\/www.blogsoestado.com\/danielmatos\/reitor-da-ufma-participa-de-reunioes-com-os-ministros-da-educacao-e-de-energia\/","name":"Reitor da UFMA participa de reuni\u00f5es com os ministros da Educa\u00e7\u00e3o e de Energia - Daniel Matos","isPartOf":{"@id":"https:\/\/www.blogsoestado.com\/danielmatos\/#website"},"primaryImageOfPage":{"@id":"https:\/\/www.blogsoestado.com\/danielmatos\/reitor-da-ufma-participa-de-reunioes-com-os-ministros-da-educacao-e-de-energia\/#primaryimage"},"image":{"@id":"https:\/\/www.blogsoestado.com\/danielmatos\/reitor-da-ufma-participa-de-reunioes-com-os-ministros-da-educacao-e-de-energia\/#primaryimage"},"thumbnailUrl":"https:\/\/www.blogsoestado.com\/danielmatos\/files\/2015\/01\/natalino-ministro1.png","datePublished":"2015-01-23T19:12:45+00:00","author":{"@id":""},"breadcrumb":{"@id":"https:\/\/www.blogsoestado.com\/danielmatos\/reitor-da-ufma-participa-de-reunioes-com-os-ministros-da-educacao-e-de-energia\/#breadcrumb"},"inLanguage":"pt-BR","potentialAction":[{"@type":"ReadAction","target":["https:\/\/www.blogsoestado.com\/danielmatos\/reitor-da-ufma-participa-de-reunioes-com-os-ministros-da-educacao-e-de-energia\/"]}]},{"@type":"ImageObject","inLanguage":"pt-BR","@id":"https:\/\/www.blogsoestado.com\/danielmatos\/reitor-da-ufma-participa-de-reunioes-com-os-ministros-da-educacao-e-de-energia\/#primaryimage","url":"https:\/\/www.blogsoestado.com\/danielmatos\/files\/2015\/01\/natalino-ministro1.png","contentUrl":"https:\/\/www.blogsoestado.com\/danielmatos\/files\/2015\/01\/natalino-ministro1.png"},{"@type":"BreadcrumbList","@id":"https:\/\/www.blogsoestado.com\/danielmatos\/reitor-da-ufma-participa-de-reunioes-com-os-ministros-da-educacao-e-de-energia\/#breadcrumb","itemListElement":[{"@type":"ListItem","position":1,"name":"In\u00edcio","item":"https:\/\/www.blogsoestado.com\/danielmatos\/"},{"@type":"ListItem","position":2,"name":"Reitor da UFMA participa de reuni\u00f5es com os ministros da Educa\u00e7\u00e3o e de Energia"}]},{"@type":"WebSite","@id":"https:\/\/www.blogsoestado.com\/danielmatos\/#website","url":"https:\/\/www.blogsoestado.com\/danielmatos\/","name":"Daniel Matos","description":"","potentialAction":[{"@type":"SearchAction","target":{"@type":"EntryPoint","urlTemplate":"https:\/\/www.blogsoestado.com\/danielmatos\/?s={search_term_string}"},"query-input":{"@type":"PropertyValueSpecification","valueRequired":true,"valueName":"search_term_string"}}],"inLanguage":"pt-BR"}]}},"jetpack_featured_media_url":"","_links":{"self":[{"href":"https:\/\/www.blogsoestado.com\/danielmatos\/wp-json\/wp\/v2\/posts\/21794","targetHints":{"allow":["GET"]}}],"collection":[{"href":"https:\/\/www.blogsoestado.com\/danielmatos\/wp-json\/wp\/v2\/posts"}],"about":[{"href":"https:\/\/www.blogsoestado.com\/danielmatos\/wp-json\/wp\/v2\/types\/post"}],"replies":[{"embeddable":true,"href":"https:\/\/www.blogsoestado.com\/danielmatos\/wp-json\/wp\/v2\/comments?post=21794"}],"version-history":[{"count":0,"href":"https:\/\/www.blogsoestado.com\/danielmatos\/wp-json\/wp\/v2\/posts\/21794\/revisions"}],"wp:attachment":[{"href":"https:\/\/www.blogsoestado.com\/danielmatos\/wp-json\/wp\/v2\/media?parent=21794"}],"wp:term":[{"taxonomy":"category","embeddable":true,"href":"https:\/\/www.blogsoestado.com\/danielmatos\/wp-json\/wp\/v2\/categories?post=21794"},{"taxonomy":"post_tag","embeddable":true,"href":"https:\/\/www.blogsoestado.com\/danielmatos\/wp-json\/wp\/v2\/tags?post=21794"}],"curies":[{"name":"wp","href":"https:\/\/api.w.org\/{rel}","templated":true}]}}