{"id":21801,"date":"2015-01-23T18:08:09","date_gmt":"2015-01-23T21:08:09","guid":{"rendered":"https:\/\/www.blogsoestado.com\/danielmatos\/?p=21801"},"modified":"2015-01-23T18:08:09","modified_gmt":"2015-01-23T21:08:09","slug":"notas-14","status":"publish","type":"post","link":"https:\/\/www.blogsoestado.com\/danielmatos\/notas-14\/","title":{"rendered":"Notas"},"content":{"rendered":"<p><strong>Contaminados<\/strong><\/p>\n<p>O \u00f3dio extremo que marca o governo Fl\u00e1vio Dino \u00e9 destilado em alta profus\u00e3o em blogs n\u00e3o alinhados ao comunista. Toda e\u00a0qualquer postagem\u00a0cujo teor desagrade a atual gest\u00e3o \u00e9 rebatida com ataques ferozes ao autor, desferidos por indiv\u00edduos que parecem estar sendo pagos para reagir \u00e0s cr\u00edticas com agress\u00f5es. Este jornalista, por exemplo, tem sido v\u00edtima\u00a0de insultos di\u00e1rios de internautas que vestem com ardor incomum a camisa do atual governo.\u00a0Tratam-se, quase sempre, das mesmas pessoas, que usam termos hostis, muitos dos quais impublic\u00e1veis, para tentar intimidar-me. A tropa de choque est\u00e1 t\u00e3o disposta ao combate que um\u00a0mesmo agressor chega a usar v\u00e1rios\u00a0pseud\u00f4nimos diferentes ao assinar suas inj\u00farias.\u00a0Tudo em v\u00e3o, obviamente.<\/p>\n<p><strong>Castel\u00e3o virou palanque<\/strong><\/p>\n<p>Depois de\u00a0afastar o Sampaio Corr\u00eaa e a Federa\u00e7\u00e3o Maranhense de Futebol (FMF) da administra\u00e7\u00e3o dos jogos no Castel\u00e3o, impondo grave perda de receita, principalmente ao clube tricolor,\u00a0a Secretaria de Estado de Desportos e Lazer (Sedel), comandada pelo petista M\u00e1rcio Jardim, resolveu transformar o est\u00e1dio em palanque. No in\u00edcio de cada partida, o servi\u00e7o de som\u00a0transmite um discurso com elogios rasgados \u00e0 gest\u00e3o comunista, algo nunca visto nos quase 33 anos de exist\u00eancia daquela pra\u00e7a esportiva.\u00a0Surpreendidos com o pronunciamento na abertura da Super Copa Maranh\u00e3o, ontem,\u00a0torcedores repudiaram a atitude, classificada como oportunismo pol\u00edtico barato.<\/p>\n<p><strong>Flerte<\/strong><\/p>\n<figure id=\"attachment_21804\" aria-describedby=\"caption-attachment-21804\" style=\"width: 448px\" class=\"wp-caption alignright\"><a href=\"https:\/\/www.blogsoestado.com\/danielmatos\/files\/2015\/01\/jardim-cuba.jpg\"><img fetchpriority=\"high\" decoding=\"async\" class=\"size-full wp-image-21804\" src=\"https:\/\/www.blogsoestado.com\/danielmatos\/files\/2015\/01\/jardim-cuba.jpg\" alt=\"M\u00e1rcio Jardim (e) em encontro na embaixada de Cuba\" width=\"448\" height=\"252\" \/><\/a><figcaption id=\"caption-attachment-21804\" class=\"wp-caption-text\">M\u00e1rcio Jardim (e) em encontro na embaixada de Cuba: simpatia \u00e0 ditadura<\/figcaption><\/figure>\n<p>Nem bem come\u00e7ou, o governo Fl\u00e1vio Dino j\u00e1 passou a flertar com o governo de Cuba,\u00a0criticado mundo afora por manter, h\u00e1 mais de cinco d\u00e9cadas, um\u00a0regime ditatorial, que imp\u00f5e\u00a0censura e viol\u00eancia aos cidad\u00e3os e relega a maioria da popula\u00e7\u00e3o\u00a0a uma vida de mis\u00e9ria. Coube ao petista M\u00e1rcio Jardim, titular da Sedel, fazer o contato\u00a0inicial com os cubanos, em viagem que fez, h\u00e1 uma\u00a0semana, a Bras\u00edlia, para um\u00a0encontro com o ministro do Esporte, George Hilton.<\/p>\n<p><strong>Flerte II<\/strong><\/p>\n<p>Adepto dos m\u00e9todos dos irm\u00e3os Fidel e Raul Castro, Jardim foi pessoalmente \u00e0 embaixada cubana, na capital federal, manifestar o interesse da atual gest\u00e3o &#8211; n\u00e3o do Maranh\u00e3o, como tentou fazer crer a vers\u00e3o oficial\u00a0&#8211; de acolher os atletas de Cuba que participar\u00e3o das Olimp\u00edadas de 2016, no Rio de Janeiro. Diante da\u00a0crise financeira\u00a0alegada pelo atual governo, fica a d\u00favida se foi uma proposta s\u00e9ria ou se o secret\u00e1rio quis apenas fazer m\u00e9dia.<\/p>\n<p><strong>Com atraso<\/strong><\/p>\n<p>A Secretaria de Seguran\u00e7a P\u00fablica demorou a se pronunciar sobre\u00a0o inc\u00eandio criminoso ao F\u00f3rum de Buriti, ocorrido na \u00faltima ter\u00e7a-feira, depois que\u00a0o juiz daquela comarca, Jorge Leite, indeferiu o pedido de cassa\u00e7\u00e3o do prefeito Rafael Mesquita.\u00a0S\u00f3 ontem, mais de 48 horas ap\u00f3s o epis\u00f3dio, o secret\u00e1rio Jefferson Portela veio a p\u00fablico falar sobre o caso, limitando-se a informar que os autores do crime j\u00e1 haviam sido\u00a0identificados. A manifesta\u00e7\u00e3o tardia veio ap\u00f3s audi\u00eancia em que\u00a0a Associa\u00e7\u00e3o dos Magistrados do Maranh\u00e3o (AMMA)\u00a0cobrou provid\u00eancias em rela\u00e7\u00e3o ao grave atentado. Antes da SSP, a\u00a0Pol\u00edcia Federal, o Tribunal de Justi\u00e7a e o Tribunal Regional Eleitoral (TRE) j\u00e1 haviam tomado medidas efetivas em rela\u00e7\u00e3o ao inc\u00eandio\u00a0e \u00e0s amea\u00e7adas de morte sofridas pelo juiz.<\/p>\n<p><strong>Folia pobre<\/strong><\/p>\n<p>Chama aten\u00e7\u00e3o a falta de apoio do atual governo do Maranh\u00e3o ao Carnaval. Faltando tr\u00eas semanas para a folia, n\u00e3o h\u00e1 qualquer ind\u00edcio de programa\u00e7\u00e3o carnavalesca do Estado, seja em S\u00e3o Lu\u00eds, seja no interior. Em vez de planejar e\u00a0destinar recursos \u00e0 festa e assim atrair mais turistas e dividendos ao Maranh\u00e3o, a gest\u00e3o comunista gasta tempo e recursos da \u00e1rea cultural com atos de persegui\u00e7\u00e3o a advers\u00e1rios pol\u00edticos, como no caso da Funda\u00e7\u00e3o da Mem\u00f3ria Republicana Brasileira (FMRB), cujas atividades est\u00e3o amea\u00e7adas por pura vingan\u00e7a.<\/p>\n","protected":false},"excerpt":{"rendered":"<p>Contaminados O \u00f3dio extremo que marca o governo Fl\u00e1vio Dino \u00e9 destilado em alta profus\u00e3o em blogs n\u00e3o alinhados ao [&hellip;]<\/p>\n","protected":false},"author":0,"featured_media":0,"comment_status":"open","ping_status":"open","sticky":false,"template":"","format":"standard","meta":{"site-sidebar-layout":"default","site-content-layout":"","ast-site-content-layout":"default","site-content-style":"default","site-sidebar-style":"default","ast-global-header-display":"","ast-banner-title-visibility":"","ast-main-header-display":"","ast-hfb-above-header-display":"","ast-hfb-below-header-display":"","ast-hfb-mobile-header-display":"","site-post-title":"","ast-breadcrumbs-content":"","ast-featured-img":"","footer-sml-layout":"","ast-disable-related-posts":"","theme-transparent-header-meta":"","adv-header-id-meta":"","stick-header-meta":"","header-above-stick-meta":"","header-main-stick-meta":"","header-below-stick-meta":"","astra-migrate-meta-layouts":"default","ast-page-background-enabled":"default","ast-page-background-meta":{"desktop":{"background-color":"var(--ast-global-color-5)","background-image":"","background-repeat":"repeat","background-position":"center center","background-size":"auto","background-attachment":"scroll","background-type":"","background-media":"","overlay-type":"","overlay-color":"","overlay-opacity":"","overlay-gradient":""},"tablet":{"background-color":"","background-image":"","background-repeat":"repeat","background-position":"center center","background-size":"auto","background-attachment":"scroll","background-type":"","background-media":"","overlay-type":"","overlay-color":"","overlay-opacity":"","overlay-gradient":""},"mobile":{"background-color":"","background-image":"","background-repeat":"repeat","background-position":"center center","background-size":"auto","background-attachment":"scroll","background-type":"","background-media":"","overlay-type":"","overlay-color":"","overlay-opacity":"","overlay-gradient":""}},"ast-content-background-meta":{"desktop":{"background-color":"var(--ast-global-color-4)","background-image":"","background-repeat":"repeat","background-position":"center center","background-size":"auto","background-attachment":"scroll","background-type":"","background-media":"","overlay-type":"","overlay-color":"","overlay-opacity":"","overlay-gradient":""},"tablet":{"background-color":"var(--ast-global-color-4)","background-image":"","background-repeat":"repeat","background-position":"center center","background-size":"auto","background-attachment":"scroll","background-type":"","background-media":"","overlay-type":"","overlay-color":"","overlay-opacity":"","overlay-gradient":""},"mobile":{"background-color":"var(--ast-global-color-4)","background-image":"","background-repeat":"repeat","background-position":"center center","background-size":"auto","background-attachment":"scroll","background-type":"","background-media":"","overlay-type":"","overlay-color":"","overlay-opacity":"","overlay-gradient":""}},"footnotes":""},"categories":[1],"tags":[],"class_list":["post-21801","post","type-post","status-publish","format-standard","hentry","category-sem-categoria"],"yoast_head":"<!-- This site is optimized with the Yoast SEO plugin v26.6 - https:\/\/yoast.com\/wordpress\/plugins\/seo\/ -->\n<title>Notas - Daniel Matos<\/title>\n<meta name=\"robots\" content=\"index, follow, max-snippet:-1, max-image-preview:large, max-video-preview:-1\" \/>\n<link rel=\"canonical\" href=\"https:\/\/www.blogsoestado.com\/danielmatos\/notas-14\/\" \/>\n<meta property=\"og:locale\" content=\"pt_BR\" \/>\n<meta property=\"og:type\" content=\"article\" \/>\n<meta property=\"og:title\" content=\"Notas - Daniel Matos\" \/>\n<meta property=\"og:description\" content=\"Contaminados O \u00f3dio extremo que marca o governo Fl\u00e1vio Dino \u00e9 destilado em alta profus\u00e3o em blogs n\u00e3o alinhados ao [&hellip;]\" \/>\n<meta property=\"og:url\" content=\"https:\/\/www.blogsoestado.com\/danielmatos\/notas-14\/\" \/>\n<meta property=\"og:site_name\" content=\"Daniel Matos\" \/>\n<meta property=\"article:published_time\" content=\"2015-01-23T21:08:09+00:00\" \/>\n<meta property=\"og:image\" content=\"https:\/\/www.blogsoestado.com\/danielmatos\/files\/2015\/01\/jardim-cuba.jpg\" \/>\n<meta name=\"twitter:card\" content=\"summary_large_image\" \/>\n<meta name=\"twitter:label1\" content=\"Est. tempo de leitura\" \/>\n\t<meta name=\"twitter:data1\" content=\"3 minutos\" \/>\n<script type=\"application\/ld+json\" class=\"yoast-schema-graph\">{\"@context\":\"https:\/\/schema.org\",\"@graph\":[{\"@type\":\"WebPage\",\"@id\":\"https:\/\/www.blogsoestado.com\/danielmatos\/notas-14\/\",\"url\":\"https:\/\/www.blogsoestado.com\/danielmatos\/notas-14\/\",\"name\":\"Notas - Daniel Matos\",\"isPartOf\":{\"@id\":\"https:\/\/www.blogsoestado.com\/danielmatos\/#website\"},\"primaryImageOfPage\":{\"@id\":\"https:\/\/www.blogsoestado.com\/danielmatos\/notas-14\/#primaryimage\"},\"image\":{\"@id\":\"https:\/\/www.blogsoestado.com\/danielmatos\/notas-14\/#primaryimage\"},\"thumbnailUrl\":\"https:\/\/www.blogsoestado.com\/danielmatos\/files\/2015\/01\/jardim-cuba.jpg\",\"datePublished\":\"2015-01-23T21:08:09+00:00\",\"author\":{\"@id\":\"\"},\"breadcrumb\":{\"@id\":\"https:\/\/www.blogsoestado.com\/danielmatos\/notas-14\/#breadcrumb\"},\"inLanguage\":\"pt-BR\",\"potentialAction\":[{\"@type\":\"ReadAction\",\"target\":[\"https:\/\/www.blogsoestado.com\/danielmatos\/notas-14\/\"]}]},{\"@type\":\"ImageObject\",\"inLanguage\":\"pt-BR\",\"@id\":\"https:\/\/www.blogsoestado.com\/danielmatos\/notas-14\/#primaryimage\",\"url\":\"https:\/\/www.blogsoestado.com\/danielmatos\/files\/2015\/01\/jardim-cuba.jpg\",\"contentUrl\":\"https:\/\/www.blogsoestado.com\/danielmatos\/files\/2015\/01\/jardim-cuba.jpg\"},{\"@type\":\"BreadcrumbList\",\"@id\":\"https:\/\/www.blogsoestado.com\/danielmatos\/notas-14\/#breadcrumb\",\"itemListElement\":[{\"@type\":\"ListItem\",\"position\":1,\"name\":\"In\u00edcio\",\"item\":\"https:\/\/www.blogsoestado.com\/danielmatos\/\"},{\"@type\":\"ListItem\",\"position\":2,\"name\":\"Notas\"}]},{\"@type\":\"WebSite\",\"@id\":\"https:\/\/www.blogsoestado.com\/danielmatos\/#website\",\"url\":\"https:\/\/www.blogsoestado.com\/danielmatos\/\",\"name\":\"Daniel Matos\",\"description\":\"\",\"potentialAction\":[{\"@type\":\"SearchAction\",\"target\":{\"@type\":\"EntryPoint\",\"urlTemplate\":\"https:\/\/www.blogsoestado.com\/danielmatos\/?s={search_term_string}\"},\"query-input\":{\"@type\":\"PropertyValueSpecification\",\"valueRequired\":true,\"valueName\":\"search_term_string\"}}],\"inLanguage\":\"pt-BR\"}]}<\/script>\n<!-- \/ Yoast SEO plugin. -->","yoast_head_json":{"title":"Notas - Daniel Matos","robots":{"index":"index","follow":"follow","max-snippet":"max-snippet:-1","max-image-preview":"max-image-preview:large","max-video-preview":"max-video-preview:-1"},"canonical":"https:\/\/www.blogsoestado.com\/danielmatos\/notas-14\/","og_locale":"pt_BR","og_type":"article","og_title":"Notas - Daniel Matos","og_description":"Contaminados O \u00f3dio extremo que marca o governo Fl\u00e1vio Dino \u00e9 destilado em alta profus\u00e3o em blogs n\u00e3o alinhados ao [&hellip;]","og_url":"https:\/\/www.blogsoestado.com\/danielmatos\/notas-14\/","og_site_name":"Daniel Matos","article_published_time":"2015-01-23T21:08:09+00:00","og_image":[{"url":"https:\/\/www.blogsoestado.com\/danielmatos\/files\/2015\/01\/jardim-cuba.jpg","type":"","width":"","height":""}],"twitter_card":"summary_large_image","twitter_misc":{"Est. tempo de leitura":"3 minutos"},"schema":{"@context":"https:\/\/schema.org","@graph":[{"@type":"WebPage","@id":"https:\/\/www.blogsoestado.com\/danielmatos\/notas-14\/","url":"https:\/\/www.blogsoestado.com\/danielmatos\/notas-14\/","name":"Notas - Daniel Matos","isPartOf":{"@id":"https:\/\/www.blogsoestado.com\/danielmatos\/#website"},"primaryImageOfPage":{"@id":"https:\/\/www.blogsoestado.com\/danielmatos\/notas-14\/#primaryimage"},"image":{"@id":"https:\/\/www.blogsoestado.com\/danielmatos\/notas-14\/#primaryimage"},"thumbnailUrl":"https:\/\/www.blogsoestado.com\/danielmatos\/files\/2015\/01\/jardim-cuba.jpg","datePublished":"2015-01-23T21:08:09+00:00","author":{"@id":""},"breadcrumb":{"@id":"https:\/\/www.blogsoestado.com\/danielmatos\/notas-14\/#breadcrumb"},"inLanguage":"pt-BR","potentialAction":[{"@type":"ReadAction","target":["https:\/\/www.blogsoestado.com\/danielmatos\/notas-14\/"]}]},{"@type":"ImageObject","inLanguage":"pt-BR","@id":"https:\/\/www.blogsoestado.com\/danielmatos\/notas-14\/#primaryimage","url":"https:\/\/www.blogsoestado.com\/danielmatos\/files\/2015\/01\/jardim-cuba.jpg","contentUrl":"https:\/\/www.blogsoestado.com\/danielmatos\/files\/2015\/01\/jardim-cuba.jpg"},{"@type":"BreadcrumbList","@id":"https:\/\/www.blogsoestado.com\/danielmatos\/notas-14\/#breadcrumb","itemListElement":[{"@type":"ListItem","position":1,"name":"In\u00edcio","item":"https:\/\/www.blogsoestado.com\/danielmatos\/"},{"@type":"ListItem","position":2,"name":"Notas"}]},{"@type":"WebSite","@id":"https:\/\/www.blogsoestado.com\/danielmatos\/#website","url":"https:\/\/www.blogsoestado.com\/danielmatos\/","name":"Daniel Matos","description":"","potentialAction":[{"@type":"SearchAction","target":{"@type":"EntryPoint","urlTemplate":"https:\/\/www.blogsoestado.com\/danielmatos\/?s={search_term_string}"},"query-input":{"@type":"PropertyValueSpecification","valueRequired":true,"valueName":"search_term_string"}}],"inLanguage":"pt-BR"}]}},"jetpack_featured_media_url":"","_links":{"self":[{"href":"https:\/\/www.blogsoestado.com\/danielmatos\/wp-json\/wp\/v2\/posts\/21801","targetHints":{"allow":["GET"]}}],"collection":[{"href":"https:\/\/www.blogsoestado.com\/danielmatos\/wp-json\/wp\/v2\/posts"}],"about":[{"href":"https:\/\/www.blogsoestado.com\/danielmatos\/wp-json\/wp\/v2\/types\/post"}],"replies":[{"embeddable":true,"href":"https:\/\/www.blogsoestado.com\/danielmatos\/wp-json\/wp\/v2\/comments?post=21801"}],"version-history":[{"count":0,"href":"https:\/\/www.blogsoestado.com\/danielmatos\/wp-json\/wp\/v2\/posts\/21801\/revisions"}],"wp:attachment":[{"href":"https:\/\/www.blogsoestado.com\/danielmatos\/wp-json\/wp\/v2\/media?parent=21801"}],"wp:term":[{"taxonomy":"category","embeddable":true,"href":"https:\/\/www.blogsoestado.com\/danielmatos\/wp-json\/wp\/v2\/categories?post=21801"},{"taxonomy":"post_tag","embeddable":true,"href":"https:\/\/www.blogsoestado.com\/danielmatos\/wp-json\/wp\/v2\/tags?post=21801"}],"curies":[{"name":"wp","href":"https:\/\/api.w.org\/{rel}","templated":true}]}}