{"id":21813,"date":"2015-01-26T09:20:18","date_gmt":"2015-01-26T12:20:18","guid":{"rendered":"https:\/\/www.blogsoestado.com\/danielmatos\/?p=21813"},"modified":"2015-01-26T09:20:18","modified_gmt":"2015-01-26T12:20:18","slug":"tjma-condenou-45-gestores-publicos-nos-ultimos-36-meses","status":"publish","type":"post","link":"https:\/\/www.blogsoestado.com\/danielmatos\/tjma-condenou-45-gestores-publicos-nos-ultimos-36-meses\/","title":{"rendered":"TJMA condenou 45 gestores p\u00fablicos nos \u00faltimos 36 meses"},"content":{"rendered":"<p>Quarenta e cinco prefeitos e ex-prefeitos foram condenados pelo Tribunal de Justi\u00e7a Maranh\u00e3o (TJMA), entre os anos de 2012 e 2014, por envolvimento em algum tipo de crime no exerc\u00edcio do cargo.<\/p>\n<p>As penas aplicadas incluem cassa\u00e7\u00e3o de mandato, bloqueio de repasses estaduais e federais; deten\u00e7\u00e3o em regime aberto, convertida em presta\u00e7\u00e3o de servi\u00e7os \u00e0 comunidade; afastamento; pagamento de multa de cinco vezes o valor da remunera\u00e7\u00e3o; e a inabilita\u00e7\u00e3o ao exerc\u00edcio de cargo ou fun\u00e7\u00e3o p\u00fablica pelo prazo de cinco anos.<\/p>\n<p>Entre os crimes que levaram os prefeitos e ex-prefeitos \u00e0 condena\u00e7\u00e3o constam atraso ou fraude na presta\u00e7\u00e3o de contas, les\u00e3o ao er\u00e1rio p\u00fablico, desvio de verbas, falsidade ideol\u00f3gica, contrata\u00e7\u00e3o de servidores sem concurso, fraude em licita\u00e7\u00f5es, falta de comprova\u00e7\u00e3o de aplica\u00e7\u00e3o de recursos do Fundo Municipal de Sa\u00fade (FMS), m\u00e1 aplica\u00e7\u00e3o dos recursos do FUNDEB, fragmenta\u00e7\u00e3o de despesas e dispensa irregular de licita\u00e7\u00f5es.<\/p>\n<p>Pelo levantamento do TJMA, foram condenados, em 2012, os prefeitos Raimundo Galdino Leite (S\u00e3o Jo\u00e3o do Para\u00edso), Mercial Lima de Arruda (Graja\u00fa), Jo\u00e3o Batista Freitas (S\u00e3o Vicente F\u00e9rrer), Agamenon Lima Milhomem (Peritor\u00f3), Leno\u00edlson Passos da Silva (Pedreiras), Antonio Marcos de Oliveira (Buriticupu), Lour\u00eancio de Moraes (Governador Edison Lob\u00e3o), Rivalmar Lu\u00eds Gon\u00e7alves Moraes (Viana), Cleomaltina Moreira (Anapurus), Socorro Waquim (Timon), Jos\u00e9 Ribamar Rodrigues (Vitorino Freire), Manoel Mariano de Sousa, o Nenzin (Barra do Corda), Jo\u00e3o Alberto Martins Silva (Carolina), Jos\u00e9 Francisco dos Santos (Capinzal do Norte) e Ilzemar Oliveira Dutra (Santa Luzia).<\/p>\n<p>Na lista constam ainda os ex-prefeitos Raimundo Nonato Jansen Veloso (Pio XII), Jos\u00e9 Reinaldo Calvet (Bacabeira), Francisco Rodrigues de Sousa (Timon) e Jomar Fernandes (Imperatriz), al\u00e9m de Glorismar Rosa Ven\u00e2ncio, a Bia Ven\u00e2ncio (Pa\u00e7o do Lumiar) e Francisco Xavier Silva Neto (Cajapi\u00f3), que foram cassados por improbidade administrativa.<\/p>\n<p>A rela\u00e7\u00e3o de gestores e ex-gestores que sofreram condena\u00e7\u00e3o, em 2013 \u00e9 formada por Francisco Xavier Silva Neto (Cajapi\u00f3), Deusdedith Sampaio (A\u00e7ail\u00e2ndia), Ademar Alves de Oliveira (Olho D\u2019\u00e1gua das Cunh\u00e3s), Jos\u00e9 Vieira (Bacabal), Francisco Rodrigues de Sousa, o \u201cChico Leitoa\u201d (Timon), Cl\u00e1udio Vale de Arruda (Formosa de Serra Negra), Ilzemar Oliveira Dutra (Santa Luzia), Maria Jos\u00e9 Gama Alhadef (Penalva), Raimundo Nonato Jansen Veloso (Pio XII) e Francisco das Chagas Bezerra Rodrigues (Riach\u00e3o).<\/p>\n<p>Os condenados em 2014 s\u00e3o Atenir Ribeiro Marques (Alto Alegre do Pindar\u00e9), Marcos Robert Silva Costa (Matinha), Antonio Reinaldo Sousa (Passagem Franca), Raimundo Nonato Borba Sales (Cantanhede), Jomar Fernandes (Imperatriz), Manoel Albino Lopes (Altamira do Maranh\u00e3o), Nerias Teixeira de Sousa (S\u00e3o Pedro da \u00c1gua Branca), Jos\u00e9 Miranda Almeida (Brejo de Areia), Alcir Mendon\u00e7a da Silva (Z\u00e9 Doca), Adail Albuquerque de Sousa (Montes Altos), Glorismar Rosa Ven\u00e2ncio (Pa\u00e7o do Lumiar), Antonio de Castro Nogueira (S\u00e3o Domingos do Maranh\u00e3o), Alu\u00edsio Holanda Lima (Olho D\u00b4\u00c1gua das Cunh\u00e3s) e Francisco Alves de Holanda (Jo\u00e3o Lisboa).<\/p>\n<p><strong>Fonte:<\/strong> Tribunal de Justi\u00e7a do Maranh\u00e3o<\/p>\n","protected":false},"excerpt":{"rendered":"<p>Quarenta e cinco prefeitos e ex-prefeitos foram condenados pelo Tribunal de Justi\u00e7a Maranh\u00e3o (TJMA), entre os anos de 2012 e [&hellip;]<\/p>\n","protected":false},"author":0,"featured_media":0,"comment_status":"open","ping_status":"open","sticky":false,"template":"","format":"standard","meta":{"site-sidebar-layout":"default","site-content-layout":"","ast-site-content-layout":"default","site-content-style":"default","site-sidebar-style":"default","ast-global-header-display":"","ast-banner-title-visibility":"","ast-main-header-display":"","ast-hfb-above-header-display":"","ast-hfb-below-header-display":"","ast-hfb-mobile-header-display":"","site-post-title":"","ast-breadcrumbs-content":"","ast-featured-img":"","footer-sml-layout":"","ast-disable-related-posts":"","theme-transparent-header-meta":"","adv-header-id-meta":"","stick-header-meta":"","header-above-stick-meta":"","header-main-stick-meta":"","header-below-stick-meta":"","astra-migrate-meta-layouts":"default","ast-page-background-enabled":"default","ast-page-background-meta":{"desktop":{"background-color":"var(--ast-global-color-5)","background-image":"","background-repeat":"repeat","background-position":"center center","background-size":"auto","background-attachment":"scroll","background-type":"","background-media":"","overlay-type":"","overlay-color":"","overlay-opacity":"","overlay-gradient":""},"tablet":{"background-color":"","background-image":"","background-repeat":"repeat","background-position":"center center","background-size":"auto","background-attachment":"scroll","background-type":"","background-media":"","overlay-type":"","overlay-color":"","overlay-opacity":"","overlay-gradient":""},"mobile":{"background-color":"","background-image":"","background-repeat":"repeat","background-position":"center center","background-size":"auto","background-attachment":"scroll","background-type":"","background-media":"","overlay-type":"","overlay-color":"","overlay-opacity":"","overlay-gradient":""}},"ast-content-background-meta":{"desktop":{"background-color":"var(--ast-global-color-4)","background-image":"","background-repeat":"repeat","background-position":"center center","background-size":"auto","background-attachment":"scroll","background-type":"","background-media":"","overlay-type":"","overlay-color":"","overlay-opacity":"","overlay-gradient":""},"tablet":{"background-color":"var(--ast-global-color-4)","background-image":"","background-repeat":"repeat","background-position":"center center","background-size":"auto","background-attachment":"scroll","background-type":"","background-media":"","overlay-type":"","overlay-color":"","overlay-opacity":"","overlay-gradient":""},"mobile":{"background-color":"var(--ast-global-color-4)","background-image":"","background-repeat":"repeat","background-position":"center center","background-size":"auto","background-attachment":"scroll","background-type":"","background-media":"","overlay-type":"","overlay-color":"","overlay-opacity":"","overlay-gradient":""}},"footnotes":""},"categories":[1],"tags":[],"class_list":["post-21813","post","type-post","status-publish","format-standard","hentry","category-sem-categoria"],"yoast_head":"<!-- This site is optimized with the Yoast SEO plugin v26.6 - https:\/\/yoast.com\/wordpress\/plugins\/seo\/ -->\n<title>TJMA condenou 45 gestores p\u00fablicos nos \u00faltimos 36 meses - Daniel Matos<\/title>\n<meta name=\"robots\" content=\"index, follow, max-snippet:-1, max-image-preview:large, max-video-preview:-1\" \/>\n<link rel=\"canonical\" href=\"https:\/\/www.blogsoestado.com\/danielmatos\/tjma-condenou-45-gestores-publicos-nos-ultimos-36-meses\/\" \/>\n<meta property=\"og:locale\" content=\"pt_BR\" \/>\n<meta property=\"og:type\" content=\"article\" \/>\n<meta property=\"og:title\" content=\"TJMA condenou 45 gestores p\u00fablicos nos \u00faltimos 36 meses - Daniel Matos\" \/>\n<meta property=\"og:description\" content=\"Quarenta e cinco prefeitos e ex-prefeitos foram condenados pelo Tribunal de Justi\u00e7a Maranh\u00e3o (TJMA), entre os anos de 2012 e [&hellip;]\" \/>\n<meta property=\"og:url\" content=\"https:\/\/www.blogsoestado.com\/danielmatos\/tjma-condenou-45-gestores-publicos-nos-ultimos-36-meses\/\" \/>\n<meta property=\"og:site_name\" content=\"Daniel Matos\" \/>\n<meta property=\"article:published_time\" content=\"2015-01-26T12:20:18+00:00\" \/>\n<meta name=\"twitter:card\" content=\"summary_large_image\" \/>\n<meta name=\"twitter:label1\" content=\"Est. tempo de leitura\" \/>\n\t<meta name=\"twitter:data1\" content=\"3 minutos\" \/>\n<script type=\"application\/ld+json\" class=\"yoast-schema-graph\">{\"@context\":\"https:\/\/schema.org\",\"@graph\":[{\"@type\":\"WebPage\",\"@id\":\"https:\/\/www.blogsoestado.com\/danielmatos\/tjma-condenou-45-gestores-publicos-nos-ultimos-36-meses\/\",\"url\":\"https:\/\/www.blogsoestado.com\/danielmatos\/tjma-condenou-45-gestores-publicos-nos-ultimos-36-meses\/\",\"name\":\"TJMA condenou 45 gestores p\u00fablicos nos \u00faltimos 36 meses - Daniel Matos\",\"isPartOf\":{\"@id\":\"https:\/\/www.blogsoestado.com\/danielmatos\/#website\"},\"datePublished\":\"2015-01-26T12:20:18+00:00\",\"author\":{\"@id\":\"\"},\"breadcrumb\":{\"@id\":\"https:\/\/www.blogsoestado.com\/danielmatos\/tjma-condenou-45-gestores-publicos-nos-ultimos-36-meses\/#breadcrumb\"},\"inLanguage\":\"pt-BR\",\"potentialAction\":[{\"@type\":\"ReadAction\",\"target\":[\"https:\/\/www.blogsoestado.com\/danielmatos\/tjma-condenou-45-gestores-publicos-nos-ultimos-36-meses\/\"]}]},{\"@type\":\"BreadcrumbList\",\"@id\":\"https:\/\/www.blogsoestado.com\/danielmatos\/tjma-condenou-45-gestores-publicos-nos-ultimos-36-meses\/#breadcrumb\",\"itemListElement\":[{\"@type\":\"ListItem\",\"position\":1,\"name\":\"In\u00edcio\",\"item\":\"https:\/\/www.blogsoestado.com\/danielmatos\/\"},{\"@type\":\"ListItem\",\"position\":2,\"name\":\"TJMA condenou 45 gestores p\u00fablicos nos \u00faltimos 36 meses\"}]},{\"@type\":\"WebSite\",\"@id\":\"https:\/\/www.blogsoestado.com\/danielmatos\/#website\",\"url\":\"https:\/\/www.blogsoestado.com\/danielmatos\/\",\"name\":\"Daniel Matos\",\"description\":\"\",\"potentialAction\":[{\"@type\":\"SearchAction\",\"target\":{\"@type\":\"EntryPoint\",\"urlTemplate\":\"https:\/\/www.blogsoestado.com\/danielmatos\/?s={search_term_string}\"},\"query-input\":{\"@type\":\"PropertyValueSpecification\",\"valueRequired\":true,\"valueName\":\"search_term_string\"}}],\"inLanguage\":\"pt-BR\"}]}<\/script>\n<!-- \/ Yoast SEO plugin. -->","yoast_head_json":{"title":"TJMA condenou 45 gestores p\u00fablicos nos \u00faltimos 36 meses - Daniel Matos","robots":{"index":"index","follow":"follow","max-snippet":"max-snippet:-1","max-image-preview":"max-image-preview:large","max-video-preview":"max-video-preview:-1"},"canonical":"https:\/\/www.blogsoestado.com\/danielmatos\/tjma-condenou-45-gestores-publicos-nos-ultimos-36-meses\/","og_locale":"pt_BR","og_type":"article","og_title":"TJMA condenou 45 gestores p\u00fablicos nos \u00faltimos 36 meses - Daniel Matos","og_description":"Quarenta e cinco prefeitos e ex-prefeitos foram condenados pelo Tribunal de Justi\u00e7a Maranh\u00e3o (TJMA), entre os anos de 2012 e [&hellip;]","og_url":"https:\/\/www.blogsoestado.com\/danielmatos\/tjma-condenou-45-gestores-publicos-nos-ultimos-36-meses\/","og_site_name":"Daniel Matos","article_published_time":"2015-01-26T12:20:18+00:00","twitter_card":"summary_large_image","twitter_misc":{"Est. tempo de leitura":"3 minutos"},"schema":{"@context":"https:\/\/schema.org","@graph":[{"@type":"WebPage","@id":"https:\/\/www.blogsoestado.com\/danielmatos\/tjma-condenou-45-gestores-publicos-nos-ultimos-36-meses\/","url":"https:\/\/www.blogsoestado.com\/danielmatos\/tjma-condenou-45-gestores-publicos-nos-ultimos-36-meses\/","name":"TJMA condenou 45 gestores p\u00fablicos nos \u00faltimos 36 meses - Daniel Matos","isPartOf":{"@id":"https:\/\/www.blogsoestado.com\/danielmatos\/#website"},"datePublished":"2015-01-26T12:20:18+00:00","author":{"@id":""},"breadcrumb":{"@id":"https:\/\/www.blogsoestado.com\/danielmatos\/tjma-condenou-45-gestores-publicos-nos-ultimos-36-meses\/#breadcrumb"},"inLanguage":"pt-BR","potentialAction":[{"@type":"ReadAction","target":["https:\/\/www.blogsoestado.com\/danielmatos\/tjma-condenou-45-gestores-publicos-nos-ultimos-36-meses\/"]}]},{"@type":"BreadcrumbList","@id":"https:\/\/www.blogsoestado.com\/danielmatos\/tjma-condenou-45-gestores-publicos-nos-ultimos-36-meses\/#breadcrumb","itemListElement":[{"@type":"ListItem","position":1,"name":"In\u00edcio","item":"https:\/\/www.blogsoestado.com\/danielmatos\/"},{"@type":"ListItem","position":2,"name":"TJMA condenou 45 gestores p\u00fablicos nos \u00faltimos 36 meses"}]},{"@type":"WebSite","@id":"https:\/\/www.blogsoestado.com\/danielmatos\/#website","url":"https:\/\/www.blogsoestado.com\/danielmatos\/","name":"Daniel Matos","description":"","potentialAction":[{"@type":"SearchAction","target":{"@type":"EntryPoint","urlTemplate":"https:\/\/www.blogsoestado.com\/danielmatos\/?s={search_term_string}"},"query-input":{"@type":"PropertyValueSpecification","valueRequired":true,"valueName":"search_term_string"}}],"inLanguage":"pt-BR"}]}},"jetpack_featured_media_url":"","_links":{"self":[{"href":"https:\/\/www.blogsoestado.com\/danielmatos\/wp-json\/wp\/v2\/posts\/21813","targetHints":{"allow":["GET"]}}],"collection":[{"href":"https:\/\/www.blogsoestado.com\/danielmatos\/wp-json\/wp\/v2\/posts"}],"about":[{"href":"https:\/\/www.blogsoestado.com\/danielmatos\/wp-json\/wp\/v2\/types\/post"}],"replies":[{"embeddable":true,"href":"https:\/\/www.blogsoestado.com\/danielmatos\/wp-json\/wp\/v2\/comments?post=21813"}],"version-history":[{"count":0,"href":"https:\/\/www.blogsoestado.com\/danielmatos\/wp-json\/wp\/v2\/posts\/21813\/revisions"}],"wp:attachment":[{"href":"https:\/\/www.blogsoestado.com\/danielmatos\/wp-json\/wp\/v2\/media?parent=21813"}],"wp:term":[{"taxonomy":"category","embeddable":true,"href":"https:\/\/www.blogsoestado.com\/danielmatos\/wp-json\/wp\/v2\/categories?post=21813"},{"taxonomy":"post_tag","embeddable":true,"href":"https:\/\/www.blogsoestado.com\/danielmatos\/wp-json\/wp\/v2\/tags?post=21813"}],"curies":[{"name":"wp","href":"https:\/\/api.w.org\/{rel}","templated":true}]}}