{"id":21824,"date":"2015-01-27T08:37:55","date_gmt":"2015-01-27T11:37:55","guid":{"rendered":"https:\/\/www.blogsoestado.com\/danielmatos\/?p=21824"},"modified":"2015-01-27T08:37:55","modified_gmt":"2015-01-27T11:37:55","slug":"tj-nega-liminar-pleiteada-pelo-prefeito-de-anajatuba-para-trancar-acao-penal","status":"publish","type":"post","link":"https:\/\/www.blogsoestado.com\/danielmatos\/tj-nega-liminar-pleiteada-pelo-prefeito-de-anajatuba-para-trancar-acao-penal\/","title":{"rendered":"TJ nega liminar pleiteada pelo prefeito de Anajatuba para trancar a\u00e7\u00e3o penal"},"content":{"rendered":"<p><strong>Do <a href=\"http:\/\/itamargarethe.blogspot.com.br\/2015\/01\/tj-nega-liminar-pleiteada-pelo-prefeito.html\" target=\"_blank\">Blog da Itamargarethe<\/a><\/strong><\/p>\n<p>Em decis\u00e3o proferida pelo desembargador Jamil de Miranda Gedeon, o Tribunal de Justi\u00e7a do Maranh\u00e3o negou o pedido de liminar no habeas corpus impetrado pela renomada banca de advogados, encabe\u00e7ada pelo ex-procurador do Estado \u2013 Marcos Coutinho Lobo, formulada em favor do prefeito de Anajatuba \u2013 H\u00e9lder Lopes Arag\u00e3o(PMDB).<\/p>\n<p>Usando como argumento a ilegalidade, a liminar objetivava trancar a investiga\u00e7\u00e3o criminal deflagrada pelo Grupo de Combate ao Crime Organizado do Minist\u00e9rio P\u00fablico Estadual, contra o chefe do Executivo anajatubense, que tem como objetivo investigar um turbilh\u00e3o de irregularidades atribu\u00eddas ao prefeito.<\/p>\n<p>Pasmem senhores, mas na pe\u00e7a liberat\u00f3ria, os advogados alegam que as investiga\u00e7\u00f5es do GECOC estariam ferindo a Constitui\u00e7\u00e3o Federal e Estadual, haja vista que por se tratar de prefeito municipal e gozar de foro por prerrogativa de fun\u00e7\u00e3o, o TJMA teria que autorizar ou supervisionar a investiga\u00e7\u00e3o.<\/p>\n<p>No entanto, o desembargador indeferiu a liminar por n\u00e3o vislumbrar o fumus boni iuris, um dos requisitos autorizadores. Ainda na decis\u00e3o proferida, Gedeon afirmou que a Procuradoria de Justi\u00e7a juntou provas suficientes demonstrando que as investiga\u00e7\u00f5es n\u00e3o est\u00e3o ocorrendo de forma aleat\u00f3ria ou ao arrepio desta Corte, vez que o desembargador Raimundo Nonato Magalh\u00e3es Belo vem apreciando pedido de provid\u00eancias destinado ao bom andamento dos trabalhos investigat\u00f3rios.<\/p>\n<p>Vale ressaltar que o m\u00e9rito do hc ainda ser\u00e1 apreciado pelo \u00f3rg\u00e3o colegiado, no entanto, de acordo com informa\u00e7\u00f5es nos corredores da Colenda Corte a decis\u00e3o denegat\u00f3ria tamb\u00e9m dever\u00e1 ser mantida. O prefeito Helder Arag\u00e3o vem sendo investigado pelos \u00f3rg\u00e3os de controle, como Pol\u00edcia Federal, Minist\u00e9rio P\u00fablico Estadual e Federal, Tribunal de Contas Estadual e Federal, Controladoria Estadual e Federal, suspeito do desvio de alguns milh\u00f5es de reais nas \u00e1reas da sa\u00fade, educa\u00e7\u00e3o e infraestrutura.<\/p>\n<p>\u00c9 bom ressaltar que o GECOC vem fazendo o trabalho que deveria est\u00e1 sendo realizado pela C\u00e2mara Municipal de vereadores daquela cidade, no entanto, por absoluta omiss\u00e3o, os legisladores permanecem inertes diante das provas irrefut\u00e1veis, as quais, inclusive, j\u00e1 foram alvos de den\u00fancia a n\u00edvel nacional e local.<\/p>\n<p>Abaixo, a decis\u00e3o:<\/p>\n<p><a href=\"https:\/\/www.blogsoestado.com\/danielmatos\/files\/2015\/01\/liminar-anajatuba.jpg\"><img fetchpriority=\"high\" decoding=\"async\" class=\"aligncenter size-full wp-image-21825\" src=\"https:\/\/www.blogsoestado.com\/danielmatos\/files\/2015\/01\/liminar-anajatuba.jpg\" alt=\"liminar anajatuba\" width=\"815\" height=\"647\" \/><\/a><\/p>\n","protected":false},"excerpt":{"rendered":"<p>Do Blog da Itamargarethe Em decis\u00e3o proferida pelo desembargador Jamil de Miranda Gedeon, o Tribunal de Justi\u00e7a do Maranh\u00e3o negou [&hellip;]<\/p>\n","protected":false},"author":0,"featured_media":0,"comment_status":"open","ping_status":"open","sticky":false,"template":"","format":"standard","meta":{"site-sidebar-layout":"default","site-content-layout":"","ast-site-content-layout":"default","site-content-style":"default","site-sidebar-style":"default","ast-global-header-display":"","ast-banner-title-visibility":"","ast-main-header-display":"","ast-hfb-above-header-display":"","ast-hfb-below-header-display":"","ast-hfb-mobile-header-display":"","site-post-title":"","ast-breadcrumbs-content":"","ast-featured-img":"","footer-sml-layout":"","ast-disable-related-posts":"","theme-transparent-header-meta":"","adv-header-id-meta":"","stick-header-meta":"","header-above-stick-meta":"","header-main-stick-meta":"","header-below-stick-meta":"","astra-migrate-meta-layouts":"default","ast-page-background-enabled":"default","ast-page-background-meta":{"desktop":{"background-color":"var(--ast-global-color-5)","background-image":"","background-repeat":"repeat","background-position":"center center","background-size":"auto","background-attachment":"scroll","background-type":"","background-media":"","overlay-type":"","overlay-color":"","overlay-opacity":"","overlay-gradient":""},"tablet":{"background-color":"","background-image":"","background-repeat":"repeat","background-position":"center center","background-size":"auto","background-attachment":"scroll","background-type":"","background-media":"","overlay-type":"","overlay-color":"","overlay-opacity":"","overlay-gradient":""},"mobile":{"background-color":"","background-image":"","background-repeat":"repeat","background-position":"center center","background-size":"auto","background-attachment":"scroll","background-type":"","background-media":"","overlay-type":"","overlay-color":"","overlay-opacity":"","overlay-gradient":""}},"ast-content-background-meta":{"desktop":{"background-color":"var(--ast-global-color-4)","background-image":"","background-repeat":"repeat","background-position":"center center","background-size":"auto","background-attachment":"scroll","background-type":"","background-media":"","overlay-type":"","overlay-color":"","overlay-opacity":"","overlay-gradient":""},"tablet":{"background-color":"var(--ast-global-color-4)","background-image":"","background-repeat":"repeat","background-position":"center center","background-size":"auto","background-attachment":"scroll","background-type":"","background-media":"","overlay-type":"","overlay-color":"","overlay-opacity":"","overlay-gradient":""},"mobile":{"background-color":"var(--ast-global-color-4)","background-image":"","background-repeat":"repeat","background-position":"center center","background-size":"auto","background-attachment":"scroll","background-type":"","background-media":"","overlay-type":"","overlay-color":"","overlay-opacity":"","overlay-gradient":""}},"footnotes":""},"categories":[1],"tags":[],"class_list":["post-21824","post","type-post","status-publish","format-standard","hentry","category-sem-categoria"],"yoast_head":"<!-- This site is optimized with the Yoast SEO plugin v26.6 - https:\/\/yoast.com\/wordpress\/plugins\/seo\/ -->\n<title>TJ nega liminar pleiteada pelo prefeito de Anajatuba para trancar a\u00e7\u00e3o penal - Daniel Matos<\/title>\n<meta name=\"robots\" content=\"index, follow, max-snippet:-1, max-image-preview:large, max-video-preview:-1\" \/>\n<link rel=\"canonical\" href=\"https:\/\/www.blogsoestado.com\/danielmatos\/tj-nega-liminar-pleiteada-pelo-prefeito-de-anajatuba-para-trancar-acao-penal\/\" \/>\n<meta property=\"og:locale\" content=\"pt_BR\" \/>\n<meta property=\"og:type\" content=\"article\" \/>\n<meta property=\"og:title\" content=\"TJ nega liminar pleiteada pelo prefeito de Anajatuba para trancar a\u00e7\u00e3o penal - Daniel Matos\" \/>\n<meta property=\"og:description\" content=\"Do Blog da Itamargarethe Em decis\u00e3o proferida pelo desembargador Jamil de Miranda Gedeon, o Tribunal de Justi\u00e7a do Maranh\u00e3o negou [&hellip;]\" \/>\n<meta property=\"og:url\" content=\"https:\/\/www.blogsoestado.com\/danielmatos\/tj-nega-liminar-pleiteada-pelo-prefeito-de-anajatuba-para-trancar-acao-penal\/\" \/>\n<meta property=\"og:site_name\" content=\"Daniel Matos\" \/>\n<meta property=\"article:published_time\" content=\"2015-01-27T11:37:55+00:00\" \/>\n<meta property=\"og:image\" content=\"https:\/\/www.blogsoestado.com\/danielmatos\/files\/2015\/01\/liminar-anajatuba.jpg\" \/>\n<meta name=\"twitter:card\" content=\"summary_large_image\" \/>\n<meta name=\"twitter:label1\" content=\"Est. tempo de leitura\" \/>\n\t<meta name=\"twitter:data1\" content=\"2 minutos\" \/>\n<script type=\"application\/ld+json\" class=\"yoast-schema-graph\">{\"@context\":\"https:\/\/schema.org\",\"@graph\":[{\"@type\":\"WebPage\",\"@id\":\"https:\/\/www.blogsoestado.com\/danielmatos\/tj-nega-liminar-pleiteada-pelo-prefeito-de-anajatuba-para-trancar-acao-penal\/\",\"url\":\"https:\/\/www.blogsoestado.com\/danielmatos\/tj-nega-liminar-pleiteada-pelo-prefeito-de-anajatuba-para-trancar-acao-penal\/\",\"name\":\"TJ nega liminar pleiteada pelo prefeito de Anajatuba para trancar a\u00e7\u00e3o penal - Daniel Matos\",\"isPartOf\":{\"@id\":\"https:\/\/www.blogsoestado.com\/danielmatos\/#website\"},\"primaryImageOfPage\":{\"@id\":\"https:\/\/www.blogsoestado.com\/danielmatos\/tj-nega-liminar-pleiteada-pelo-prefeito-de-anajatuba-para-trancar-acao-penal\/#primaryimage\"},\"image\":{\"@id\":\"https:\/\/www.blogsoestado.com\/danielmatos\/tj-nega-liminar-pleiteada-pelo-prefeito-de-anajatuba-para-trancar-acao-penal\/#primaryimage\"},\"thumbnailUrl\":\"https:\/\/www.blogsoestado.com\/danielmatos\/files\/2015\/01\/liminar-anajatuba.jpg\",\"datePublished\":\"2015-01-27T11:37:55+00:00\",\"author\":{\"@id\":\"\"},\"breadcrumb\":{\"@id\":\"https:\/\/www.blogsoestado.com\/danielmatos\/tj-nega-liminar-pleiteada-pelo-prefeito-de-anajatuba-para-trancar-acao-penal\/#breadcrumb\"},\"inLanguage\":\"pt-BR\",\"potentialAction\":[{\"@type\":\"ReadAction\",\"target\":[\"https:\/\/www.blogsoestado.com\/danielmatos\/tj-nega-liminar-pleiteada-pelo-prefeito-de-anajatuba-para-trancar-acao-penal\/\"]}]},{\"@type\":\"ImageObject\",\"inLanguage\":\"pt-BR\",\"@id\":\"https:\/\/www.blogsoestado.com\/danielmatos\/tj-nega-liminar-pleiteada-pelo-prefeito-de-anajatuba-para-trancar-acao-penal\/#primaryimage\",\"url\":\"https:\/\/www.blogsoestado.com\/danielmatos\/files\/2015\/01\/liminar-anajatuba.jpg\",\"contentUrl\":\"https:\/\/www.blogsoestado.com\/danielmatos\/files\/2015\/01\/liminar-anajatuba.jpg\"},{\"@type\":\"BreadcrumbList\",\"@id\":\"https:\/\/www.blogsoestado.com\/danielmatos\/tj-nega-liminar-pleiteada-pelo-prefeito-de-anajatuba-para-trancar-acao-penal\/#breadcrumb\",\"itemListElement\":[{\"@type\":\"ListItem\",\"position\":1,\"name\":\"In\u00edcio\",\"item\":\"https:\/\/www.blogsoestado.com\/danielmatos\/\"},{\"@type\":\"ListItem\",\"position\":2,\"name\":\"TJ nega liminar pleiteada pelo prefeito de Anajatuba para trancar a\u00e7\u00e3o penal\"}]},{\"@type\":\"WebSite\",\"@id\":\"https:\/\/www.blogsoestado.com\/danielmatos\/#website\",\"url\":\"https:\/\/www.blogsoestado.com\/danielmatos\/\",\"name\":\"Daniel Matos\",\"description\":\"\",\"potentialAction\":[{\"@type\":\"SearchAction\",\"target\":{\"@type\":\"EntryPoint\",\"urlTemplate\":\"https:\/\/www.blogsoestado.com\/danielmatos\/?s={search_term_string}\"},\"query-input\":{\"@type\":\"PropertyValueSpecification\",\"valueRequired\":true,\"valueName\":\"search_term_string\"}}],\"inLanguage\":\"pt-BR\"}]}<\/script>\n<!-- \/ Yoast SEO plugin. -->","yoast_head_json":{"title":"TJ nega liminar pleiteada pelo prefeito de Anajatuba para trancar a\u00e7\u00e3o penal - Daniel Matos","robots":{"index":"index","follow":"follow","max-snippet":"max-snippet:-1","max-image-preview":"max-image-preview:large","max-video-preview":"max-video-preview:-1"},"canonical":"https:\/\/www.blogsoestado.com\/danielmatos\/tj-nega-liminar-pleiteada-pelo-prefeito-de-anajatuba-para-trancar-acao-penal\/","og_locale":"pt_BR","og_type":"article","og_title":"TJ nega liminar pleiteada pelo prefeito de Anajatuba para trancar a\u00e7\u00e3o penal - Daniel Matos","og_description":"Do Blog da Itamargarethe Em decis\u00e3o proferida pelo desembargador Jamil de Miranda Gedeon, o Tribunal de Justi\u00e7a do Maranh\u00e3o negou [&hellip;]","og_url":"https:\/\/www.blogsoestado.com\/danielmatos\/tj-nega-liminar-pleiteada-pelo-prefeito-de-anajatuba-para-trancar-acao-penal\/","og_site_name":"Daniel Matos","article_published_time":"2015-01-27T11:37:55+00:00","og_image":[{"url":"https:\/\/www.blogsoestado.com\/danielmatos\/files\/2015\/01\/liminar-anajatuba.jpg","type":"","width":"","height":""}],"twitter_card":"summary_large_image","twitter_misc":{"Est. tempo de leitura":"2 minutos"},"schema":{"@context":"https:\/\/schema.org","@graph":[{"@type":"WebPage","@id":"https:\/\/www.blogsoestado.com\/danielmatos\/tj-nega-liminar-pleiteada-pelo-prefeito-de-anajatuba-para-trancar-acao-penal\/","url":"https:\/\/www.blogsoestado.com\/danielmatos\/tj-nega-liminar-pleiteada-pelo-prefeito-de-anajatuba-para-trancar-acao-penal\/","name":"TJ nega liminar pleiteada pelo prefeito de Anajatuba para trancar a\u00e7\u00e3o penal - Daniel Matos","isPartOf":{"@id":"https:\/\/www.blogsoestado.com\/danielmatos\/#website"},"primaryImageOfPage":{"@id":"https:\/\/www.blogsoestado.com\/danielmatos\/tj-nega-liminar-pleiteada-pelo-prefeito-de-anajatuba-para-trancar-acao-penal\/#primaryimage"},"image":{"@id":"https:\/\/www.blogsoestado.com\/danielmatos\/tj-nega-liminar-pleiteada-pelo-prefeito-de-anajatuba-para-trancar-acao-penal\/#primaryimage"},"thumbnailUrl":"https:\/\/www.blogsoestado.com\/danielmatos\/files\/2015\/01\/liminar-anajatuba.jpg","datePublished":"2015-01-27T11:37:55+00:00","author":{"@id":""},"breadcrumb":{"@id":"https:\/\/www.blogsoestado.com\/danielmatos\/tj-nega-liminar-pleiteada-pelo-prefeito-de-anajatuba-para-trancar-acao-penal\/#breadcrumb"},"inLanguage":"pt-BR","potentialAction":[{"@type":"ReadAction","target":["https:\/\/www.blogsoestado.com\/danielmatos\/tj-nega-liminar-pleiteada-pelo-prefeito-de-anajatuba-para-trancar-acao-penal\/"]}]},{"@type":"ImageObject","inLanguage":"pt-BR","@id":"https:\/\/www.blogsoestado.com\/danielmatos\/tj-nega-liminar-pleiteada-pelo-prefeito-de-anajatuba-para-trancar-acao-penal\/#primaryimage","url":"https:\/\/www.blogsoestado.com\/danielmatos\/files\/2015\/01\/liminar-anajatuba.jpg","contentUrl":"https:\/\/www.blogsoestado.com\/danielmatos\/files\/2015\/01\/liminar-anajatuba.jpg"},{"@type":"BreadcrumbList","@id":"https:\/\/www.blogsoestado.com\/danielmatos\/tj-nega-liminar-pleiteada-pelo-prefeito-de-anajatuba-para-trancar-acao-penal\/#breadcrumb","itemListElement":[{"@type":"ListItem","position":1,"name":"In\u00edcio","item":"https:\/\/www.blogsoestado.com\/danielmatos\/"},{"@type":"ListItem","position":2,"name":"TJ nega liminar pleiteada pelo prefeito de Anajatuba para trancar a\u00e7\u00e3o penal"}]},{"@type":"WebSite","@id":"https:\/\/www.blogsoestado.com\/danielmatos\/#website","url":"https:\/\/www.blogsoestado.com\/danielmatos\/","name":"Daniel Matos","description":"","potentialAction":[{"@type":"SearchAction","target":{"@type":"EntryPoint","urlTemplate":"https:\/\/www.blogsoestado.com\/danielmatos\/?s={search_term_string}"},"query-input":{"@type":"PropertyValueSpecification","valueRequired":true,"valueName":"search_term_string"}}],"inLanguage":"pt-BR"}]}},"jetpack_featured_media_url":"","_links":{"self":[{"href":"https:\/\/www.blogsoestado.com\/danielmatos\/wp-json\/wp\/v2\/posts\/21824","targetHints":{"allow":["GET"]}}],"collection":[{"href":"https:\/\/www.blogsoestado.com\/danielmatos\/wp-json\/wp\/v2\/posts"}],"about":[{"href":"https:\/\/www.blogsoestado.com\/danielmatos\/wp-json\/wp\/v2\/types\/post"}],"replies":[{"embeddable":true,"href":"https:\/\/www.blogsoestado.com\/danielmatos\/wp-json\/wp\/v2\/comments?post=21824"}],"version-history":[{"count":0,"href":"https:\/\/www.blogsoestado.com\/danielmatos\/wp-json\/wp\/v2\/posts\/21824\/revisions"}],"wp:attachment":[{"href":"https:\/\/www.blogsoestado.com\/danielmatos\/wp-json\/wp\/v2\/media?parent=21824"}],"wp:term":[{"taxonomy":"category","embeddable":true,"href":"https:\/\/www.blogsoestado.com\/danielmatos\/wp-json\/wp\/v2\/categories?post=21824"},{"taxonomy":"post_tag","embeddable":true,"href":"https:\/\/www.blogsoestado.com\/danielmatos\/wp-json\/wp\/v2\/tags?post=21824"}],"curies":[{"name":"wp","href":"https:\/\/api.w.org\/{rel}","templated":true}]}}