{"id":21827,"date":"2015-01-27T08:45:02","date_gmt":"2015-01-27T11:45:02","guid":{"rendered":"https:\/\/www.blogsoestado.com\/danielmatos\/?p=21827"},"modified":"2015-01-27T08:45:02","modified_gmt":"2015-01-27T11:45:02","slug":"prefeitura-de-paco-do-lumiar-assina-contrato-para-gestao-dos-sistemas-de-abastecimento-dagua-e-esgoto","status":"publish","type":"post","link":"https:\/\/www.blogsoestado.com\/danielmatos\/prefeitura-de-paco-do-lumiar-assina-contrato-para-gestao-dos-sistemas-de-abastecimento-dagua-e-esgoto\/","title":{"rendered":"Prefeitura de Pa\u00e7o do Lumiar assina contrato para gest\u00e3o dos sistemas de abastecimento d\u2019\u00e1gua e esgoto"},"content":{"rendered":"<figure id=\"attachment_21828\" aria-describedby=\"caption-attachment-21828\" style=\"width: 640px\" class=\"wp-caption aligncenter\"><a href=\"https:\/\/www.blogsoestado.com\/danielmatos\/files\/2015\/01\/pa\u00e7o-saneamento.jpg\"><img fetchpriority=\"high\" decoding=\"async\" class=\"size-full wp-image-21828\" src=\"https:\/\/www.blogsoestado.com\/danielmatos\/files\/2015\/01\/pa\u00e7o-saneamento.jpg\" alt=\"Prefeito Josemar durante coletiva explana sobre as melhorias no sistema de abastecimento de \u00e1gua e esgotos nos munic\u00edpios\" width=\"640\" height=\"427\" \/><\/a><figcaption id=\"caption-attachment-21828\" class=\"wp-caption-text\">Prefeito Josemar detalha\u00a0melhorias no sistema de abastecimento de \u00e1gua e esgotos de Pa\u00e7o do Lumiar e\u00a0Ribamar<\/figcaption><\/figure>\n<p>Nos pr\u00f3ximos 35 anos, o Cons\u00f3rcio P\u00fablico Intermunicipal de Saneamento B\u00e1sico, denominado como Pr\u00f3 Cidade, que tem como fun\u00e7\u00e3o gerenciar os sistemas de abastecimento d\u00b4\u00e1gua e esgotamento sanit\u00e1rio dos munic\u00edpios de S\u00e3o Jos\u00e9 de Ribamar e Pa\u00e7o do Lumiar, ser\u00e1 gerido pela Odebrecht Ambiental.<\/p>\n<p>O an\u00fancio oficial da parceria foi divulgado na manh\u00e3 desta segunda-feira, 26, durante uma coletiva de imprensa, no Hotel Luzeiros, que contou com a participa\u00e7\u00e3o de executivos da Odebrecht Ambiental, e dos prefeitos de Pa\u00e7o do Lumiar, Josemar Sobreiro (PR) e S\u00e3o Jos\u00e9 de Ribamar, Gil Cutrim (PMDB).<\/p>\n<p>O contrato, que ser\u00e1 fiscalizado por uma Ag\u00eancia Reguladora do Cons\u00f3rcio Intermunicipal de Saneamento B\u00e1sico, prev\u00ea investimento de R$450 milh\u00f5es em obras, equipamentos e servi\u00e7os e tem como metas garantir, no prazo de seis anos, \u00e1gua de qualidade para 90% das resid\u00eancias, e em oito anos, instalar rede de esgotamento para atender 80% dos domic\u00edlios dos munic\u00edpios.<\/p>\n<p>Para o prefeito de Pa\u00e7o do Lumiar, Josemar Sobreiro, com o in\u00edcio da nova gest\u00e3o dos servi\u00e7os de \u00e1gua e esgoto, ser\u00e3o realizados grandes investimentos que ir\u00e3o gerar melhorias por toda a cidade. \u201cO objetivo maior do cons\u00f3rcio \u00e9 oferecer um servi\u00e7o de qualidade \u00e0 popula\u00e7\u00e3o, por isso, nosso trabalho ser\u00e1 incans\u00e1vel, at\u00e9 que ele seja alcan\u00e7ado. Acredito que essa nova gest\u00e3o do cons\u00f3rcio ser\u00e1 eficiente e nos trar\u00e1 bons resultados\u201d, salientou. Josemar tamb\u00e9m ressaltou o investimento da iniciativa privada no saneamento b\u00e1sico. \u201cEste investimento de R$450 milh\u00f5es ir\u00e1 aquecer a economia local, gerando emprego e renda aos luminenses\u201d, concluiu o gestor.<\/p>\n<p>O diretor da Odebrecht Ambiental no Maranh\u00e3o, H\u00e9lder Dantas, garante melhorias. \u201cChegamos ao Maranh\u00e3o para mudar para melhor a vida da popula\u00e7\u00e3o de Pa\u00e7o do Lumiar e S\u00e3o Jos\u00e9 de Ribamar, para isso temos um grande planejamento que prev\u00ea investimentos e novas a\u00e7\u00f5es no setor\u201d, ressaltou Helder Dantas.<\/p>\n<p><strong>Pr\u00f3 Cidades<\/strong><\/p>\n<p>A cria\u00e7\u00e3o do Cons\u00f3rcio P\u00fablico Intermunicipal de Saneamento B\u00e1sico, denominado como Pr\u00f3 Cidades, cuja formaliza\u00e7\u00e3o aconteceu em agosto do ano passado, surgiu da necessidade dos munic\u00edpios em otimizar os seus sistemas de abastecimento d\u00b4\u00e1gua e de esgotamento sanit\u00e1rio, antes gerenciados pela CAEMA, prestando, desta forma, um melhor servi\u00e7o aos usu\u00e1rios.<\/p>\n","protected":false},"excerpt":{"rendered":"<p>Nos pr\u00f3ximos 35 anos, o Cons\u00f3rcio P\u00fablico Intermunicipal de Saneamento B\u00e1sico, denominado como Pr\u00f3 Cidade, que tem como fun\u00e7\u00e3o gerenciar [&hellip;]<\/p>\n","protected":false},"author":0,"featured_media":0,"comment_status":"open","ping_status":"open","sticky":false,"template":"","format":"standard","meta":{"site-sidebar-layout":"default","site-content-layout":"","ast-site-content-layout":"default","site-content-style":"default","site-sidebar-style":"default","ast-global-header-display":"","ast-banner-title-visibility":"","ast-main-header-display":"","ast-hfb-above-header-display":"","ast-hfb-below-header-display":"","ast-hfb-mobile-header-display":"","site-post-title":"","ast-breadcrumbs-content":"","ast-featured-img":"","footer-sml-layout":"","ast-disable-related-posts":"","theme-transparent-header-meta":"","adv-header-id-meta":"","stick-header-meta":"","header-above-stick-meta":"","header-main-stick-meta":"","header-below-stick-meta":"","astra-migrate-meta-layouts":"default","ast-page-background-enabled":"default","ast-page-background-meta":{"desktop":{"background-color":"var(--ast-global-color-5)","background-image":"","background-repeat":"repeat","background-position":"center center","background-size":"auto","background-attachment":"scroll","background-type":"","background-media":"","overlay-type":"","overlay-color":"","overlay-opacity":"","overlay-gradient":""},"tablet":{"background-color":"","background-image":"","background-repeat":"repeat","background-position":"center center","background-size":"auto","background-attachment":"scroll","background-type":"","background-media":"","overlay-type":"","overlay-color":"","overlay-opacity":"","overlay-gradient":""},"mobile":{"background-color":"","background-image":"","background-repeat":"repeat","background-position":"center center","background-size":"auto","background-attachment":"scroll","background-type":"","background-media":"","overlay-type":"","overlay-color":"","overlay-opacity":"","overlay-gradient":""}},"ast-content-background-meta":{"desktop":{"background-color":"var(--ast-global-color-4)","background-image":"","background-repeat":"repeat","background-position":"center center","background-size":"auto","background-attachment":"scroll","background-type":"","background-media":"","overlay-type":"","overlay-color":"","overlay-opacity":"","overlay-gradient":""},"tablet":{"background-color":"var(--ast-global-color-4)","background-image":"","background-repeat":"repeat","background-position":"center center","background-size":"auto","background-attachment":"scroll","background-type":"","background-media":"","overlay-type":"","overlay-color":"","overlay-opacity":"","overlay-gradient":""},"mobile":{"background-color":"var(--ast-global-color-4)","background-image":"","background-repeat":"repeat","background-position":"center center","background-size":"auto","background-attachment":"scroll","background-type":"","background-media":"","overlay-type":"","overlay-color":"","overlay-opacity":"","overlay-gradient":""}},"footnotes":""},"categories":[1],"tags":[],"class_list":["post-21827","post","type-post","status-publish","format-standard","hentry","category-sem-categoria"],"yoast_head":"<!-- This site is optimized with the Yoast SEO plugin v26.6 - https:\/\/yoast.com\/wordpress\/plugins\/seo\/ -->\n<title>Prefeitura de Pa\u00e7o do Lumiar assina contrato para gest\u00e3o dos sistemas de abastecimento d\u2019\u00e1gua e esgoto - Daniel Matos<\/title>\n<meta name=\"robots\" content=\"index, follow, max-snippet:-1, max-image-preview:large, max-video-preview:-1\" \/>\n<link rel=\"canonical\" href=\"https:\/\/www.blogsoestado.com\/danielmatos\/prefeitura-de-paco-do-lumiar-assina-contrato-para-gestao-dos-sistemas-de-abastecimento-dagua-e-esgoto\/\" \/>\n<meta property=\"og:locale\" content=\"pt_BR\" \/>\n<meta property=\"og:type\" content=\"article\" \/>\n<meta property=\"og:title\" content=\"Prefeitura de Pa\u00e7o do Lumiar assina contrato para gest\u00e3o dos sistemas de abastecimento d\u2019\u00e1gua e esgoto - Daniel Matos\" \/>\n<meta property=\"og:description\" content=\"Nos pr\u00f3ximos 35 anos, o Cons\u00f3rcio P\u00fablico Intermunicipal de Saneamento B\u00e1sico, denominado como Pr\u00f3 Cidade, que tem como fun\u00e7\u00e3o gerenciar [&hellip;]\" \/>\n<meta property=\"og:url\" content=\"https:\/\/www.blogsoestado.com\/danielmatos\/prefeitura-de-paco-do-lumiar-assina-contrato-para-gestao-dos-sistemas-de-abastecimento-dagua-e-esgoto\/\" \/>\n<meta property=\"og:site_name\" content=\"Daniel Matos\" \/>\n<meta property=\"article:published_time\" content=\"2015-01-27T11:45:02+00:00\" \/>\n<meta name=\"twitter:card\" content=\"summary_large_image\" \/>\n<meta name=\"twitter:label1\" content=\"Est. tempo de leitura\" \/>\n\t<meta name=\"twitter:data1\" content=\"2 minutos\" \/>\n<script type=\"application\/ld+json\" class=\"yoast-schema-graph\">{\"@context\":\"https:\/\/schema.org\",\"@graph\":[{\"@type\":\"WebPage\",\"@id\":\"https:\/\/www.blogsoestado.com\/danielmatos\/prefeitura-de-paco-do-lumiar-assina-contrato-para-gestao-dos-sistemas-de-abastecimento-dagua-e-esgoto\/\",\"url\":\"https:\/\/www.blogsoestado.com\/danielmatos\/prefeitura-de-paco-do-lumiar-assina-contrato-para-gestao-dos-sistemas-de-abastecimento-dagua-e-esgoto\/\",\"name\":\"Prefeitura de Pa\u00e7o do Lumiar assina contrato para gest\u00e3o dos sistemas de abastecimento d\u2019\u00e1gua e esgoto - Daniel Matos\",\"isPartOf\":{\"@id\":\"https:\/\/www.blogsoestado.com\/danielmatos\/#website\"},\"datePublished\":\"2015-01-27T11:45:02+00:00\",\"author\":{\"@id\":\"\"},\"breadcrumb\":{\"@id\":\"https:\/\/www.blogsoestado.com\/danielmatos\/prefeitura-de-paco-do-lumiar-assina-contrato-para-gestao-dos-sistemas-de-abastecimento-dagua-e-esgoto\/#breadcrumb\"},\"inLanguage\":\"pt-BR\",\"potentialAction\":[{\"@type\":\"ReadAction\",\"target\":[\"https:\/\/www.blogsoestado.com\/danielmatos\/prefeitura-de-paco-do-lumiar-assina-contrato-para-gestao-dos-sistemas-de-abastecimento-dagua-e-esgoto\/\"]}]},{\"@type\":\"BreadcrumbList\",\"@id\":\"https:\/\/www.blogsoestado.com\/danielmatos\/prefeitura-de-paco-do-lumiar-assina-contrato-para-gestao-dos-sistemas-de-abastecimento-dagua-e-esgoto\/#breadcrumb\",\"itemListElement\":[{\"@type\":\"ListItem\",\"position\":1,\"name\":\"In\u00edcio\",\"item\":\"https:\/\/www.blogsoestado.com\/danielmatos\/\"},{\"@type\":\"ListItem\",\"position\":2,\"name\":\"Prefeitura de Pa\u00e7o do Lumiar assina contrato para gest\u00e3o dos sistemas de abastecimento d\u2019\u00e1gua e esgoto\"}]},{\"@type\":\"WebSite\",\"@id\":\"https:\/\/www.blogsoestado.com\/danielmatos\/#website\",\"url\":\"https:\/\/www.blogsoestado.com\/danielmatos\/\",\"name\":\"Daniel Matos\",\"description\":\"\",\"potentialAction\":[{\"@type\":\"SearchAction\",\"target\":{\"@type\":\"EntryPoint\",\"urlTemplate\":\"https:\/\/www.blogsoestado.com\/danielmatos\/?s={search_term_string}\"},\"query-input\":{\"@type\":\"PropertyValueSpecification\",\"valueRequired\":true,\"valueName\":\"search_term_string\"}}],\"inLanguage\":\"pt-BR\"}]}<\/script>\n<!-- \/ Yoast SEO plugin. -->","yoast_head_json":{"title":"Prefeitura de Pa\u00e7o do Lumiar assina contrato para gest\u00e3o dos sistemas de abastecimento d\u2019\u00e1gua e esgoto - Daniel Matos","robots":{"index":"index","follow":"follow","max-snippet":"max-snippet:-1","max-image-preview":"max-image-preview:large","max-video-preview":"max-video-preview:-1"},"canonical":"https:\/\/www.blogsoestado.com\/danielmatos\/prefeitura-de-paco-do-lumiar-assina-contrato-para-gestao-dos-sistemas-de-abastecimento-dagua-e-esgoto\/","og_locale":"pt_BR","og_type":"article","og_title":"Prefeitura de Pa\u00e7o do Lumiar assina contrato para gest\u00e3o dos sistemas de abastecimento d\u2019\u00e1gua e esgoto - Daniel Matos","og_description":"Nos pr\u00f3ximos 35 anos, o Cons\u00f3rcio P\u00fablico Intermunicipal de Saneamento B\u00e1sico, denominado como Pr\u00f3 Cidade, que tem como fun\u00e7\u00e3o gerenciar [&hellip;]","og_url":"https:\/\/www.blogsoestado.com\/danielmatos\/prefeitura-de-paco-do-lumiar-assina-contrato-para-gestao-dos-sistemas-de-abastecimento-dagua-e-esgoto\/","og_site_name":"Daniel Matos","article_published_time":"2015-01-27T11:45:02+00:00","twitter_card":"summary_large_image","twitter_misc":{"Est. tempo de leitura":"2 minutos"},"schema":{"@context":"https:\/\/schema.org","@graph":[{"@type":"WebPage","@id":"https:\/\/www.blogsoestado.com\/danielmatos\/prefeitura-de-paco-do-lumiar-assina-contrato-para-gestao-dos-sistemas-de-abastecimento-dagua-e-esgoto\/","url":"https:\/\/www.blogsoestado.com\/danielmatos\/prefeitura-de-paco-do-lumiar-assina-contrato-para-gestao-dos-sistemas-de-abastecimento-dagua-e-esgoto\/","name":"Prefeitura de Pa\u00e7o do Lumiar assina contrato para gest\u00e3o dos sistemas de abastecimento d\u2019\u00e1gua e esgoto - Daniel Matos","isPartOf":{"@id":"https:\/\/www.blogsoestado.com\/danielmatos\/#website"},"datePublished":"2015-01-27T11:45:02+00:00","author":{"@id":""},"breadcrumb":{"@id":"https:\/\/www.blogsoestado.com\/danielmatos\/prefeitura-de-paco-do-lumiar-assina-contrato-para-gestao-dos-sistemas-de-abastecimento-dagua-e-esgoto\/#breadcrumb"},"inLanguage":"pt-BR","potentialAction":[{"@type":"ReadAction","target":["https:\/\/www.blogsoestado.com\/danielmatos\/prefeitura-de-paco-do-lumiar-assina-contrato-para-gestao-dos-sistemas-de-abastecimento-dagua-e-esgoto\/"]}]},{"@type":"BreadcrumbList","@id":"https:\/\/www.blogsoestado.com\/danielmatos\/prefeitura-de-paco-do-lumiar-assina-contrato-para-gestao-dos-sistemas-de-abastecimento-dagua-e-esgoto\/#breadcrumb","itemListElement":[{"@type":"ListItem","position":1,"name":"In\u00edcio","item":"https:\/\/www.blogsoestado.com\/danielmatos\/"},{"@type":"ListItem","position":2,"name":"Prefeitura de Pa\u00e7o do Lumiar assina contrato para gest\u00e3o dos sistemas de abastecimento d\u2019\u00e1gua e esgoto"}]},{"@type":"WebSite","@id":"https:\/\/www.blogsoestado.com\/danielmatos\/#website","url":"https:\/\/www.blogsoestado.com\/danielmatos\/","name":"Daniel Matos","description":"","potentialAction":[{"@type":"SearchAction","target":{"@type":"EntryPoint","urlTemplate":"https:\/\/www.blogsoestado.com\/danielmatos\/?s={search_term_string}"},"query-input":{"@type":"PropertyValueSpecification","valueRequired":true,"valueName":"search_term_string"}}],"inLanguage":"pt-BR"}]}},"jetpack_featured_media_url":"","_links":{"self":[{"href":"https:\/\/www.blogsoestado.com\/danielmatos\/wp-json\/wp\/v2\/posts\/21827","targetHints":{"allow":["GET"]}}],"collection":[{"href":"https:\/\/www.blogsoestado.com\/danielmatos\/wp-json\/wp\/v2\/posts"}],"about":[{"href":"https:\/\/www.blogsoestado.com\/danielmatos\/wp-json\/wp\/v2\/types\/post"}],"replies":[{"embeddable":true,"href":"https:\/\/www.blogsoestado.com\/danielmatos\/wp-json\/wp\/v2\/comments?post=21827"}],"version-history":[{"count":0,"href":"https:\/\/www.blogsoestado.com\/danielmatos\/wp-json\/wp\/v2\/posts\/21827\/revisions"}],"wp:attachment":[{"href":"https:\/\/www.blogsoestado.com\/danielmatos\/wp-json\/wp\/v2\/media?parent=21827"}],"wp:term":[{"taxonomy":"category","embeddable":true,"href":"https:\/\/www.blogsoestado.com\/danielmatos\/wp-json\/wp\/v2\/categories?post=21827"},{"taxonomy":"post_tag","embeddable":true,"href":"https:\/\/www.blogsoestado.com\/danielmatos\/wp-json\/wp\/v2\/tags?post=21827"}],"curies":[{"name":"wp","href":"https:\/\/api.w.org\/{rel}","templated":true}]}}