{"id":21833,"date":"2015-01-27T18:35:57","date_gmt":"2015-01-27T21:35:57","guid":{"rendered":"https:\/\/www.blogsoestado.com\/danielmatos\/?p=21833"},"modified":"2015-01-27T18:35:57","modified_gmt":"2015-01-27T21:35:57","slug":"primeiro-o-odio-agora-o-silencio","status":"publish","type":"post","link":"https:\/\/www.blogsoestado.com\/danielmatos\/primeiro-o-odio-agora-o-silencio\/","title":{"rendered":"Primeiro o \u00f3dio, agora o sil\u00eancio"},"content":{"rendered":"<figure id=\"attachment_21843\" aria-describedby=\"caption-attachment-21843\" style=\"width: 283px\" class=\"wp-caption alignright\"><a href=\"https:\/\/www.blogsoestado.com\/danielmatos\/files\/2015\/01\/dinodio.jpg\"><img fetchpriority=\"high\" decoding=\"async\" class=\"size-full wp-image-21843\" src=\"https:\/\/www.blogsoestado.com\/danielmatos\/files\/2015\/01\/dinodio.jpg\" alt=\"Fl\u00e1vio Dino: \u00f3dio e sil\u00eancio se alternam diante de cr\u00edticas e fatos negativos \" width=\"283\" height=\"448\" \/><\/a><figcaption id=\"caption-attachment-21843\" class=\"wp-caption-text\">Fl\u00e1vio Dino: \u00f3dio e sil\u00eancio se alternam diante de cr\u00edticas e fatos negativos<\/figcaption><\/figure>\n<p>Quando n\u00e3o reage ferozmente \u00e0s cr\u00edticas feitas\u00a0pela imprensa n\u00e3o alinhada ao seu projeto de poder, o novo governo do Maranh\u00e3o silencia ao ser\u00a0confrontado com\u00a0fatos inexplic\u00e1veis. O exemplo mais recente foi o resgate espetacular, na madrugada de segunda-feira (26), de um preso parapl\u00e9gico de uma enfermaria do Hospital Municipal Clementino Moura, o Socorr\u00e3o II, at\u00e9 agora n\u00e3o localizado pela pol\u00edcia e sem o\u00a0devido esclarecimento.<\/p>\n<p>O correto seria o governo vir a p\u00fablico dar satisfa\u00e7\u00e3o \u00e0 popula\u00e7\u00e3o sobre\u00a0o epis\u00f3dio, j\u00e1 que o detento estava sob a cust\u00f3dia do Estado. Debilitado\u00a0em uma cadeira de rodas, o preso, autor de um duplo assassinato, em janeiro de 2012, e\u00a0piv\u00f4 de um tiroteio dentro do F\u00f3rum Desembargador Sarney Costa, em julho do ano passado, do qual saiu\u00a0gravemente ferido, foi retirado do hospital com espantosa\u00a0facilidade.<\/p>\n<p>Nem mesmo o agente destacado para vigi\u00e1-lo foi capaz de impedir a fuga. Pior ainda, s\u00f3 tomou conhecimento do resgate quando o plano\u00a0j\u00e1 havia sido concretizado.<\/p>\n<p>A sociedade aguarda\u00a0ansiosa por uma explica\u00e7\u00e3o, mas, ao contr\u00e1rio do que se espera de uma rep\u00fablica, termo adotado pelos\u00a0novos donos do poder\u00a0para patentear\u00a0o novo momento pol\u00edtico do Maranh\u00e3o, o governo preferiu silenciar. Por\u00e9m, at\u00e9 o momento, n\u00e3o houve nenhum pronunciamento p\u00fablico, muito menos foi divulgada uma nota oficial.<\/p>\n<p>Violando o princ\u00edpio democr\u00e1tico, que prev\u00ea, entre outras virtudes, a transpar\u00eancia das a\u00e7\u00f5es governamentais, os comunistas ignoram a necessidade dos cidad\u00e3os de saber como e por que n\u00e3o houve rea\u00e7\u00e3o imediata capaz de evitar o resgate do\u00a0preso.<\/p>\n<p>Desde que o intrigante fato ganhou publicidade, todos se perguntam como um detento com grave dificuldade de locomo\u00e7\u00e3o\u00a0e os comparsas que lhe deram fuga n\u00e3o foram interceptados ainda \u00a0dentro do Socorr\u00e3o II, hospital que registra movimento intenso de pessoas a todo instante.<\/p>\n<p>O novo governo\u00a0se move por \u00f3dio e se vale da persegui\u00e7\u00e3o como estrat\u00e9gia para intimidar seus opositores. Mas quando\u00a0lhe faltam\u00a0argumentos, como agora, se cala.\u00a0Mais uma\u00a0contradi\u00e7\u00e3o de um grupo pol\u00edtico eleito com um discurso que n\u00e3o consegue por em pr\u00e1tica.<\/p>\n","protected":false},"excerpt":{"rendered":"<p>Quando n\u00e3o reage ferozmente \u00e0s cr\u00edticas feitas\u00a0pela imprensa n\u00e3o alinhada ao seu projeto de poder, o novo governo do Maranh\u00e3o [&hellip;]<\/p>\n","protected":false},"author":0,"featured_media":0,"comment_status":"open","ping_status":"open","sticky":false,"template":"","format":"standard","meta":{"site-sidebar-layout":"default","site-content-layout":"","ast-site-content-layout":"default","site-content-style":"default","site-sidebar-style":"default","ast-global-header-display":"","ast-banner-title-visibility":"","ast-main-header-display":"","ast-hfb-above-header-display":"","ast-hfb-below-header-display":"","ast-hfb-mobile-header-display":"","site-post-title":"","ast-breadcrumbs-content":"","ast-featured-img":"","footer-sml-layout":"","ast-disable-related-posts":"","theme-transparent-header-meta":"","adv-header-id-meta":"","stick-header-meta":"","header-above-stick-meta":"","header-main-stick-meta":"","header-below-stick-meta":"","astra-migrate-meta-layouts":"default","ast-page-background-enabled":"default","ast-page-background-meta":{"desktop":{"background-color":"var(--ast-global-color-5)","background-image":"","background-repeat":"repeat","background-position":"center center","background-size":"auto","background-attachment":"scroll","background-type":"","background-media":"","overlay-type":"","overlay-color":"","overlay-opacity":"","overlay-gradient":""},"tablet":{"background-color":"","background-image":"","background-repeat":"repeat","background-position":"center center","background-size":"auto","background-attachment":"scroll","background-type":"","background-media":"","overlay-type":"","overlay-color":"","overlay-opacity":"","overlay-gradient":""},"mobile":{"background-color":"","background-image":"","background-repeat":"repeat","background-position":"center center","background-size":"auto","background-attachment":"scroll","background-type":"","background-media":"","overlay-type":"","overlay-color":"","overlay-opacity":"","overlay-gradient":""}},"ast-content-background-meta":{"desktop":{"background-color":"var(--ast-global-color-4)","background-image":"","background-repeat":"repeat","background-position":"center center","background-size":"auto","background-attachment":"scroll","background-type":"","background-media":"","overlay-type":"","overlay-color":"","overlay-opacity":"","overlay-gradient":""},"tablet":{"background-color":"var(--ast-global-color-4)","background-image":"","background-repeat":"repeat","background-position":"center center","background-size":"auto","background-attachment":"scroll","background-type":"","background-media":"","overlay-type":"","overlay-color":"","overlay-opacity":"","overlay-gradient":""},"mobile":{"background-color":"var(--ast-global-color-4)","background-image":"","background-repeat":"repeat","background-position":"center center","background-size":"auto","background-attachment":"scroll","background-type":"","background-media":"","overlay-type":"","overlay-color":"","overlay-opacity":"","overlay-gradient":""}},"footnotes":""},"categories":[1],"tags":[],"class_list":["post-21833","post","type-post","status-publish","format-standard","hentry","category-sem-categoria"],"yoast_head":"<!-- This site is optimized with the Yoast SEO plugin v26.6 - https:\/\/yoast.com\/wordpress\/plugins\/seo\/ -->\n<title>Primeiro o \u00f3dio, agora o sil\u00eancio - Daniel Matos<\/title>\n<meta name=\"robots\" content=\"index, follow, max-snippet:-1, max-image-preview:large, max-video-preview:-1\" \/>\n<link rel=\"canonical\" href=\"https:\/\/www.blogsoestado.com\/danielmatos\/primeiro-o-odio-agora-o-silencio\/\" \/>\n<meta property=\"og:locale\" content=\"pt_BR\" \/>\n<meta property=\"og:type\" content=\"article\" \/>\n<meta property=\"og:title\" content=\"Primeiro o \u00f3dio, agora o sil\u00eancio - Daniel Matos\" \/>\n<meta property=\"og:description\" content=\"Quando n\u00e3o reage ferozmente \u00e0s cr\u00edticas feitas\u00a0pela imprensa n\u00e3o alinhada ao seu projeto de poder, o novo governo do Maranh\u00e3o [&hellip;]\" \/>\n<meta property=\"og:url\" content=\"https:\/\/www.blogsoestado.com\/danielmatos\/primeiro-o-odio-agora-o-silencio\/\" \/>\n<meta property=\"og:site_name\" content=\"Daniel Matos\" \/>\n<meta property=\"article:published_time\" content=\"2015-01-27T21:35:57+00:00\" \/>\n<meta property=\"og:image\" content=\"https:\/\/www.blogsoestado.com\/danielmatos\/files\/2015\/01\/dinodio.jpg\" \/>\n<meta name=\"twitter:card\" content=\"summary_large_image\" \/>\n<meta name=\"twitter:label1\" content=\"Est. tempo de leitura\" \/>\n\t<meta name=\"twitter:data1\" content=\"2 minutos\" \/>\n<script type=\"application\/ld+json\" class=\"yoast-schema-graph\">{\"@context\":\"https:\/\/schema.org\",\"@graph\":[{\"@type\":\"WebPage\",\"@id\":\"https:\/\/www.blogsoestado.com\/danielmatos\/primeiro-o-odio-agora-o-silencio\/\",\"url\":\"https:\/\/www.blogsoestado.com\/danielmatos\/primeiro-o-odio-agora-o-silencio\/\",\"name\":\"Primeiro o \u00f3dio, agora o sil\u00eancio - Daniel Matos\",\"isPartOf\":{\"@id\":\"https:\/\/www.blogsoestado.com\/danielmatos\/#website\"},\"primaryImageOfPage\":{\"@id\":\"https:\/\/www.blogsoestado.com\/danielmatos\/primeiro-o-odio-agora-o-silencio\/#primaryimage\"},\"image\":{\"@id\":\"https:\/\/www.blogsoestado.com\/danielmatos\/primeiro-o-odio-agora-o-silencio\/#primaryimage\"},\"thumbnailUrl\":\"https:\/\/www.blogsoestado.com\/danielmatos\/files\/2015\/01\/dinodio.jpg\",\"datePublished\":\"2015-01-27T21:35:57+00:00\",\"author\":{\"@id\":\"\"},\"breadcrumb\":{\"@id\":\"https:\/\/www.blogsoestado.com\/danielmatos\/primeiro-o-odio-agora-o-silencio\/#breadcrumb\"},\"inLanguage\":\"pt-BR\",\"potentialAction\":[{\"@type\":\"ReadAction\",\"target\":[\"https:\/\/www.blogsoestado.com\/danielmatos\/primeiro-o-odio-agora-o-silencio\/\"]}]},{\"@type\":\"ImageObject\",\"inLanguage\":\"pt-BR\",\"@id\":\"https:\/\/www.blogsoestado.com\/danielmatos\/primeiro-o-odio-agora-o-silencio\/#primaryimage\",\"url\":\"https:\/\/www.blogsoestado.com\/danielmatos\/files\/2015\/01\/dinodio.jpg\",\"contentUrl\":\"https:\/\/www.blogsoestado.com\/danielmatos\/files\/2015\/01\/dinodio.jpg\"},{\"@type\":\"BreadcrumbList\",\"@id\":\"https:\/\/www.blogsoestado.com\/danielmatos\/primeiro-o-odio-agora-o-silencio\/#breadcrumb\",\"itemListElement\":[{\"@type\":\"ListItem\",\"position\":1,\"name\":\"In\u00edcio\",\"item\":\"https:\/\/www.blogsoestado.com\/danielmatos\/\"},{\"@type\":\"ListItem\",\"position\":2,\"name\":\"Primeiro o \u00f3dio, agora o sil\u00eancio\"}]},{\"@type\":\"WebSite\",\"@id\":\"https:\/\/www.blogsoestado.com\/danielmatos\/#website\",\"url\":\"https:\/\/www.blogsoestado.com\/danielmatos\/\",\"name\":\"Daniel Matos\",\"description\":\"\",\"potentialAction\":[{\"@type\":\"SearchAction\",\"target\":{\"@type\":\"EntryPoint\",\"urlTemplate\":\"https:\/\/www.blogsoestado.com\/danielmatos\/?s={search_term_string}\"},\"query-input\":{\"@type\":\"PropertyValueSpecification\",\"valueRequired\":true,\"valueName\":\"search_term_string\"}}],\"inLanguage\":\"pt-BR\"}]}<\/script>\n<!-- \/ Yoast SEO plugin. -->","yoast_head_json":{"title":"Primeiro o \u00f3dio, agora o sil\u00eancio - Daniel Matos","robots":{"index":"index","follow":"follow","max-snippet":"max-snippet:-1","max-image-preview":"max-image-preview:large","max-video-preview":"max-video-preview:-1"},"canonical":"https:\/\/www.blogsoestado.com\/danielmatos\/primeiro-o-odio-agora-o-silencio\/","og_locale":"pt_BR","og_type":"article","og_title":"Primeiro o \u00f3dio, agora o sil\u00eancio - Daniel Matos","og_description":"Quando n\u00e3o reage ferozmente \u00e0s cr\u00edticas feitas\u00a0pela imprensa n\u00e3o alinhada ao seu projeto de poder, o novo governo do Maranh\u00e3o [&hellip;]","og_url":"https:\/\/www.blogsoestado.com\/danielmatos\/primeiro-o-odio-agora-o-silencio\/","og_site_name":"Daniel Matos","article_published_time":"2015-01-27T21:35:57+00:00","og_image":[{"url":"https:\/\/www.blogsoestado.com\/danielmatos\/files\/2015\/01\/dinodio.jpg","type":"","width":"","height":""}],"twitter_card":"summary_large_image","twitter_misc":{"Est. tempo de leitura":"2 minutos"},"schema":{"@context":"https:\/\/schema.org","@graph":[{"@type":"WebPage","@id":"https:\/\/www.blogsoestado.com\/danielmatos\/primeiro-o-odio-agora-o-silencio\/","url":"https:\/\/www.blogsoestado.com\/danielmatos\/primeiro-o-odio-agora-o-silencio\/","name":"Primeiro o \u00f3dio, agora o sil\u00eancio - Daniel Matos","isPartOf":{"@id":"https:\/\/www.blogsoestado.com\/danielmatos\/#website"},"primaryImageOfPage":{"@id":"https:\/\/www.blogsoestado.com\/danielmatos\/primeiro-o-odio-agora-o-silencio\/#primaryimage"},"image":{"@id":"https:\/\/www.blogsoestado.com\/danielmatos\/primeiro-o-odio-agora-o-silencio\/#primaryimage"},"thumbnailUrl":"https:\/\/www.blogsoestado.com\/danielmatos\/files\/2015\/01\/dinodio.jpg","datePublished":"2015-01-27T21:35:57+00:00","author":{"@id":""},"breadcrumb":{"@id":"https:\/\/www.blogsoestado.com\/danielmatos\/primeiro-o-odio-agora-o-silencio\/#breadcrumb"},"inLanguage":"pt-BR","potentialAction":[{"@type":"ReadAction","target":["https:\/\/www.blogsoestado.com\/danielmatos\/primeiro-o-odio-agora-o-silencio\/"]}]},{"@type":"ImageObject","inLanguage":"pt-BR","@id":"https:\/\/www.blogsoestado.com\/danielmatos\/primeiro-o-odio-agora-o-silencio\/#primaryimage","url":"https:\/\/www.blogsoestado.com\/danielmatos\/files\/2015\/01\/dinodio.jpg","contentUrl":"https:\/\/www.blogsoestado.com\/danielmatos\/files\/2015\/01\/dinodio.jpg"},{"@type":"BreadcrumbList","@id":"https:\/\/www.blogsoestado.com\/danielmatos\/primeiro-o-odio-agora-o-silencio\/#breadcrumb","itemListElement":[{"@type":"ListItem","position":1,"name":"In\u00edcio","item":"https:\/\/www.blogsoestado.com\/danielmatos\/"},{"@type":"ListItem","position":2,"name":"Primeiro o \u00f3dio, agora o sil\u00eancio"}]},{"@type":"WebSite","@id":"https:\/\/www.blogsoestado.com\/danielmatos\/#website","url":"https:\/\/www.blogsoestado.com\/danielmatos\/","name":"Daniel Matos","description":"","potentialAction":[{"@type":"SearchAction","target":{"@type":"EntryPoint","urlTemplate":"https:\/\/www.blogsoestado.com\/danielmatos\/?s={search_term_string}"},"query-input":{"@type":"PropertyValueSpecification","valueRequired":true,"valueName":"search_term_string"}}],"inLanguage":"pt-BR"}]}},"jetpack_featured_media_url":"","_links":{"self":[{"href":"https:\/\/www.blogsoestado.com\/danielmatos\/wp-json\/wp\/v2\/posts\/21833","targetHints":{"allow":["GET"]}}],"collection":[{"href":"https:\/\/www.blogsoestado.com\/danielmatos\/wp-json\/wp\/v2\/posts"}],"about":[{"href":"https:\/\/www.blogsoestado.com\/danielmatos\/wp-json\/wp\/v2\/types\/post"}],"replies":[{"embeddable":true,"href":"https:\/\/www.blogsoestado.com\/danielmatos\/wp-json\/wp\/v2\/comments?post=21833"}],"version-history":[{"count":0,"href":"https:\/\/www.blogsoestado.com\/danielmatos\/wp-json\/wp\/v2\/posts\/21833\/revisions"}],"wp:attachment":[{"href":"https:\/\/www.blogsoestado.com\/danielmatos\/wp-json\/wp\/v2\/media?parent=21833"}],"wp:term":[{"taxonomy":"category","embeddable":true,"href":"https:\/\/www.blogsoestado.com\/danielmatos\/wp-json\/wp\/v2\/categories?post=21833"},{"taxonomy":"post_tag","embeddable":true,"href":"https:\/\/www.blogsoestado.com\/danielmatos\/wp-json\/wp\/v2\/tags?post=21833"}],"curies":[{"name":"wp","href":"https:\/\/api.w.org\/{rel}","templated":true}]}}