{"id":21838,"date":"2015-01-27T17:50:32","date_gmt":"2015-01-27T20:50:32","guid":{"rendered":"https:\/\/www.blogsoestado.com\/danielmatos\/?p=21838"},"modified":"2015-01-27T17:50:32","modified_gmt":"2015-01-27T20:50:32","slug":"justica-ouve-35-integrantes-do-bonde-dos-40-presos-em-festa-no-parque-timbira","status":"publish","type":"post","link":"https:\/\/www.blogsoestado.com\/danielmatos\/justica-ouve-35-integrantes-do-bonde-dos-40-presos-em-festa-no-parque-timbira\/","title":{"rendered":"Justi\u00e7a ouve 35 integrantes do Bonde dos 40 presos em festa no Parque Timbira"},"content":{"rendered":"<figure id=\"attachment_21840\" aria-describedby=\"caption-attachment-21840\" style=\"width: 640px\" class=\"wp-caption aligncenter\"><a href=\"https:\/\/www.blogsoestado.com\/danielmatos\/files\/2015\/01\/bonde-audiencia.jpg\"><img fetchpriority=\"high\" decoding=\"async\" class=\"size-full wp-image-21840\" src=\"https:\/\/www.blogsoestado.com\/danielmatos\/files\/2015\/01\/bonde-audiencia.jpg\" alt=\"Objetivo das audi\u00eancias foi avaliar a situa\u00e7\u00e3o de cada um dos 35 detidos em festa da fac\u00e7\u00e3o criminosa no Parque Timbira\" width=\"640\" height=\"427\" \/><\/a><figcaption id=\"caption-attachment-21840\" class=\"wp-caption-text\">Audi\u00eancias avaliaram situa\u00e7\u00e3o de cada uma das 35 pessoas detidas na\u00a0festa da fac\u00e7\u00e3o criminosa no Parque Timbira<\/figcaption><\/figure>\n<p>A Central de Inqu\u00e9ritos de S\u00e3o Luis, instalada\u00a0no F\u00f3rum desembargador Sarney Costa, realiza durante toda esta ter\u00e7a-feira (27), 35 audi\u00eancias de cust\u00f3dia, com o objetivo de avaliar a situa\u00e7\u00e3o de cada um dos detidos em uma festa, supostamente promovida por uma fac\u00e7\u00e3o criminosa da capital. As audi\u00eancias, realizadas durante todo o dia, est\u00e3o sendo presididas pelos ju\u00edzes Osmar Gomes dos Santos, Jos\u00e9 C\u00e2ndido Martins, e Ant\u00f4nio Luiz da Silva, que coordena a central. Al\u00e9m dos ju\u00edzes, as audi\u00eancias contaram com promotores e defensores p\u00fablicos.<\/p>\n<p>De acordo com Ant\u00f4nio Luiz, \u201cessas audi\u00eancias t\u00eam o objetivo de averiguar a situa\u00e7\u00e3o de cada uma das pessoas que foram detidas naquela festa. Existe a possibilidade, claro, de muitas delas n\u00e3o terem liga\u00e7\u00e3o com o crime, assim como podem ter. durante essas audi\u00eancias poderemos, ainda, averiguar a legimitidade das pris\u00f5es, se houve algum abuso para, a partir da\u00ed, ser tomada a decis\u00e3o de manter ou n\u00e3o a pris\u00e3o preventiva do acusado\u201d. As audi\u00eancias foram marcadas a pedido do promotor Ruy Carvalho.<\/p>\n<p>\u201cAo final de todas as audi\u00eancias ser\u00e1 feita uma ata \u00fanica, na qual ser\u00e1 exposta a decis\u00e3o final de cada audi\u00eancia, com a anu\u00eancia dos advogados e das pessoas ouvidas nas audi\u00eancias\u201d, destaca Osmar Gomes. Ao ser questionado sobre a pris\u00e3o do filho, Raimundo Oliveira disse que pode ter sido arbitr\u00e1ria, mas que confiava na audi\u00eancia. \u201cTenho certeza de que meu filho vai ser liberado ap\u00f3s essa audi\u00eancia. Ele n\u00e3o tem nada a ver com o crime, estava l\u00e1 porque foi convidado por um amigo, mas sei que vai ser esclarecido agora\u201d.<\/p>\n<p>As audi\u00eancias foram realizadas simultaneamente nas salas da central, e atraiu muitas pessoas ao F\u00f3rum de S\u00e3o Lu\u00eds. Para poder deslocar os presos para as audi\u00eancias a Secretaria de Seguran\u00e7a utilizou de \u00f4nibus e um forte aparato policial, tanto do lado de fora quanto dentro do f\u00f3rum. Dos 36 detidos, um j\u00e1 foi liberado por causa de um habeas corpus de advogado, e 2 j\u00e1 t\u00eam antecedentes criminais, fato j\u00e1 comprovado pela Justi\u00e7a.<\/p>\n<p><strong>Sobre as pris\u00f5es<\/strong><\/p>\n<p>Os detidos estavam em uma festa no bairro do Parque Timbira, em S\u00e3o Lu\u00eds quando, numa opera\u00e7\u00e3o conjunta entre o Grupo T\u00e1tico Militar, o 1\u00ba Grupamento de Pol\u00edcia Militar e a Unidade de Seguran\u00e7a Comunit\u00e1ria, foram surpreendidos. A suspeita \u00e9 de que se tratava de uma festa organizada por uma fac\u00e7\u00e3o criminosa de S\u00e3o Lu\u00eds. Entre os detidos pela pol\u00edcia, diversos menores de idade.<\/p>\n<p>Na oportunidade, com os detidos, foram apreendidos diversos materiais que suscitaram a possibilidade de se tratar de uma festa, de fato, do Bonde dos 40, como pistolas, fac\u00f5es, cartucheiras, subst\u00e2ncias t\u00f3xicas liquidas, facas, trouxinhas supostamente de maconha e crack, entre outros.<\/p>\n<p><strong>A Central de Inqu\u00e9rito<\/strong><\/p>\n<p>A unidade foi criada para dar maior agilidade ao processamento dos inqu\u00e9ritos policiais a serem encaminhados \u00e0s 15 varas criminais da capital. A Central de Inqu\u00e9ritos tem compet\u00eancia para processar e decidir os inqu\u00e9ritos, seus incidentes e medidas cautelares, no prazo m\u00e1ximo de 48h, e somente ser\u00e3o encaminhados \u00e0s varas ap\u00f3s o oferecimento da den\u00fancia pelo Minist\u00e9rio P\u00fablico.<\/p>\n<p>Ao instalar a central, a corregedora-geral da Justi\u00e7a do Maranh\u00e3o, desembargadora Nelma Sarney, disse que medida contribui com as a\u00e7\u00f5es de combate \u00e0 criminalidade na capital e faz parte das atividades do Programa Integrado de Combate \u00e0 Viol\u00eancia, desenvolvido em parceria pelos \u00f3rg\u00e3os p\u00fablicos, entidades privadas e sociedade civil organizada.<\/p>\n<p>\u201cO trabalho realizado aqui na central \u00e9 in\u00e9dito no Brasil, e est\u00e1 impactando de forma positiva no sistema prisional de nosso Estado\u201d, destacou Ant\u00f4nio Luiz, magistrado que est\u00e1 coordenando a Central de Inqu\u00e9rito desde agosto do ano passado.<\/p>\n<p><strong>Fonte:<\/strong> Corregedoria Geral de Justi\u00e7a<\/p>\n","protected":false},"excerpt":{"rendered":"<p>A Central de Inqu\u00e9ritos de S\u00e3o Luis, instalada\u00a0no F\u00f3rum desembargador Sarney Costa, realiza durante toda esta ter\u00e7a-feira (27), 35 audi\u00eancias [&hellip;]<\/p>\n","protected":false},"author":0,"featured_media":0,"comment_status":"open","ping_status":"open","sticky":false,"template":"","format":"standard","meta":{"site-sidebar-layout":"default","site-content-layout":"","ast-site-content-layout":"default","site-content-style":"default","site-sidebar-style":"default","ast-global-header-display":"","ast-banner-title-visibility":"","ast-main-header-display":"","ast-hfb-above-header-display":"","ast-hfb-below-header-display":"","ast-hfb-mobile-header-display":"","site-post-title":"","ast-breadcrumbs-content":"","ast-featured-img":"","footer-sml-layout":"","ast-disable-related-posts":"","theme-transparent-header-meta":"","adv-header-id-meta":"","stick-header-meta":"","header-above-stick-meta":"","header-main-stick-meta":"","header-below-stick-meta":"","astra-migrate-meta-layouts":"default","ast-page-background-enabled":"default","ast-page-background-meta":{"desktop":{"background-color":"var(--ast-global-color-5)","background-image":"","background-repeat":"repeat","background-position":"center center","background-size":"auto","background-attachment":"scroll","background-type":"","background-media":"","overlay-type":"","overlay-color":"","overlay-opacity":"","overlay-gradient":""},"tablet":{"background-color":"","background-image":"","background-repeat":"repeat","background-position":"center center","background-size":"auto","background-attachment":"scroll","background-type":"","background-media":"","overlay-type":"","overlay-color":"","overlay-opacity":"","overlay-gradient":""},"mobile":{"background-color":"","background-image":"","background-repeat":"repeat","background-position":"center center","background-size":"auto","background-attachment":"scroll","background-type":"","background-media":"","overlay-type":"","overlay-color":"","overlay-opacity":"","overlay-gradient":""}},"ast-content-background-meta":{"desktop":{"background-color":"var(--ast-global-color-4)","background-image":"","background-repeat":"repeat","background-position":"center center","background-size":"auto","background-attachment":"scroll","background-type":"","background-media":"","overlay-type":"","overlay-color":"","overlay-opacity":"","overlay-gradient":""},"tablet":{"background-color":"var(--ast-global-color-4)","background-image":"","background-repeat":"repeat","background-position":"center center","background-size":"auto","background-attachment":"scroll","background-type":"","background-media":"","overlay-type":"","overlay-color":"","overlay-opacity":"","overlay-gradient":""},"mobile":{"background-color":"var(--ast-global-color-4)","background-image":"","background-repeat":"repeat","background-position":"center center","background-size":"auto","background-attachment":"scroll","background-type":"","background-media":"","overlay-type":"","overlay-color":"","overlay-opacity":"","overlay-gradient":""}},"footnotes":""},"categories":[1],"tags":[],"class_list":["post-21838","post","type-post","status-publish","format-standard","hentry","category-sem-categoria"],"yoast_head":"<!-- This site is optimized with the Yoast SEO plugin v26.6 - https:\/\/yoast.com\/wordpress\/plugins\/seo\/ -->\n<title>Justi\u00e7a ouve 35 integrantes do Bonde dos 40 presos em festa no Parque Timbira - Daniel Matos<\/title>\n<meta name=\"robots\" content=\"index, follow, max-snippet:-1, max-image-preview:large, max-video-preview:-1\" \/>\n<link rel=\"canonical\" href=\"https:\/\/www.blogsoestado.com\/danielmatos\/justica-ouve-35-integrantes-do-bonde-dos-40-presos-em-festa-no-parque-timbira\/\" \/>\n<meta property=\"og:locale\" content=\"pt_BR\" \/>\n<meta property=\"og:type\" content=\"article\" \/>\n<meta property=\"og:title\" content=\"Justi\u00e7a ouve 35 integrantes do Bonde dos 40 presos em festa no Parque Timbira - Daniel Matos\" \/>\n<meta property=\"og:description\" content=\"A Central de Inqu\u00e9ritos de S\u00e3o Luis, instalada\u00a0no F\u00f3rum desembargador Sarney Costa, realiza durante toda esta ter\u00e7a-feira (27), 35 audi\u00eancias [&hellip;]\" \/>\n<meta property=\"og:url\" content=\"https:\/\/www.blogsoestado.com\/danielmatos\/justica-ouve-35-integrantes-do-bonde-dos-40-presos-em-festa-no-parque-timbira\/\" \/>\n<meta property=\"og:site_name\" content=\"Daniel Matos\" \/>\n<meta property=\"article:published_time\" content=\"2015-01-27T20:50:32+00:00\" \/>\n<meta property=\"og:image\" content=\"https:\/\/www.blogsoestado.com\/danielmatos\/files\/2015\/01\/bonde-audiencia.jpg\" \/>\n<meta name=\"twitter:card\" content=\"summary_large_image\" \/>\n<meta name=\"twitter:label1\" content=\"Est. tempo de leitura\" \/>\n\t<meta name=\"twitter:data1\" content=\"3 minutos\" \/>\n<script type=\"application\/ld+json\" class=\"yoast-schema-graph\">{\"@context\":\"https:\/\/schema.org\",\"@graph\":[{\"@type\":\"WebPage\",\"@id\":\"https:\/\/www.blogsoestado.com\/danielmatos\/justica-ouve-35-integrantes-do-bonde-dos-40-presos-em-festa-no-parque-timbira\/\",\"url\":\"https:\/\/www.blogsoestado.com\/danielmatos\/justica-ouve-35-integrantes-do-bonde-dos-40-presos-em-festa-no-parque-timbira\/\",\"name\":\"Justi\u00e7a ouve 35 integrantes do Bonde dos 40 presos em festa no Parque Timbira - Daniel Matos\",\"isPartOf\":{\"@id\":\"https:\/\/www.blogsoestado.com\/danielmatos\/#website\"},\"primaryImageOfPage\":{\"@id\":\"https:\/\/www.blogsoestado.com\/danielmatos\/justica-ouve-35-integrantes-do-bonde-dos-40-presos-em-festa-no-parque-timbira\/#primaryimage\"},\"image\":{\"@id\":\"https:\/\/www.blogsoestado.com\/danielmatos\/justica-ouve-35-integrantes-do-bonde-dos-40-presos-em-festa-no-parque-timbira\/#primaryimage\"},\"thumbnailUrl\":\"https:\/\/www.blogsoestado.com\/danielmatos\/files\/2015\/01\/bonde-audiencia.jpg\",\"datePublished\":\"2015-01-27T20:50:32+00:00\",\"author\":{\"@id\":\"\"},\"breadcrumb\":{\"@id\":\"https:\/\/www.blogsoestado.com\/danielmatos\/justica-ouve-35-integrantes-do-bonde-dos-40-presos-em-festa-no-parque-timbira\/#breadcrumb\"},\"inLanguage\":\"pt-BR\",\"potentialAction\":[{\"@type\":\"ReadAction\",\"target\":[\"https:\/\/www.blogsoestado.com\/danielmatos\/justica-ouve-35-integrantes-do-bonde-dos-40-presos-em-festa-no-parque-timbira\/\"]}]},{\"@type\":\"ImageObject\",\"inLanguage\":\"pt-BR\",\"@id\":\"https:\/\/www.blogsoestado.com\/danielmatos\/justica-ouve-35-integrantes-do-bonde-dos-40-presos-em-festa-no-parque-timbira\/#primaryimage\",\"url\":\"https:\/\/www.blogsoestado.com\/danielmatos\/files\/2015\/01\/bonde-audiencia.jpg\",\"contentUrl\":\"https:\/\/www.blogsoestado.com\/danielmatos\/files\/2015\/01\/bonde-audiencia.jpg\"},{\"@type\":\"BreadcrumbList\",\"@id\":\"https:\/\/www.blogsoestado.com\/danielmatos\/justica-ouve-35-integrantes-do-bonde-dos-40-presos-em-festa-no-parque-timbira\/#breadcrumb\",\"itemListElement\":[{\"@type\":\"ListItem\",\"position\":1,\"name\":\"In\u00edcio\",\"item\":\"https:\/\/www.blogsoestado.com\/danielmatos\/\"},{\"@type\":\"ListItem\",\"position\":2,\"name\":\"Justi\u00e7a ouve 35 integrantes do Bonde dos 40 presos em festa no Parque Timbira\"}]},{\"@type\":\"WebSite\",\"@id\":\"https:\/\/www.blogsoestado.com\/danielmatos\/#website\",\"url\":\"https:\/\/www.blogsoestado.com\/danielmatos\/\",\"name\":\"Daniel Matos\",\"description\":\"\",\"potentialAction\":[{\"@type\":\"SearchAction\",\"target\":{\"@type\":\"EntryPoint\",\"urlTemplate\":\"https:\/\/www.blogsoestado.com\/danielmatos\/?s={search_term_string}\"},\"query-input\":{\"@type\":\"PropertyValueSpecification\",\"valueRequired\":true,\"valueName\":\"search_term_string\"}}],\"inLanguage\":\"pt-BR\"}]}<\/script>\n<!-- \/ Yoast SEO plugin. -->","yoast_head_json":{"title":"Justi\u00e7a ouve 35 integrantes do Bonde dos 40 presos em festa no Parque Timbira - Daniel Matos","robots":{"index":"index","follow":"follow","max-snippet":"max-snippet:-1","max-image-preview":"max-image-preview:large","max-video-preview":"max-video-preview:-1"},"canonical":"https:\/\/www.blogsoestado.com\/danielmatos\/justica-ouve-35-integrantes-do-bonde-dos-40-presos-em-festa-no-parque-timbira\/","og_locale":"pt_BR","og_type":"article","og_title":"Justi\u00e7a ouve 35 integrantes do Bonde dos 40 presos em festa no Parque Timbira - Daniel Matos","og_description":"A Central de Inqu\u00e9ritos de S\u00e3o Luis, instalada\u00a0no F\u00f3rum desembargador Sarney Costa, realiza durante toda esta ter\u00e7a-feira (27), 35 audi\u00eancias [&hellip;]","og_url":"https:\/\/www.blogsoestado.com\/danielmatos\/justica-ouve-35-integrantes-do-bonde-dos-40-presos-em-festa-no-parque-timbira\/","og_site_name":"Daniel Matos","article_published_time":"2015-01-27T20:50:32+00:00","og_image":[{"url":"https:\/\/www.blogsoestado.com\/danielmatos\/files\/2015\/01\/bonde-audiencia.jpg","type":"","width":"","height":""}],"twitter_card":"summary_large_image","twitter_misc":{"Est. tempo de leitura":"3 minutos"},"schema":{"@context":"https:\/\/schema.org","@graph":[{"@type":"WebPage","@id":"https:\/\/www.blogsoestado.com\/danielmatos\/justica-ouve-35-integrantes-do-bonde-dos-40-presos-em-festa-no-parque-timbira\/","url":"https:\/\/www.blogsoestado.com\/danielmatos\/justica-ouve-35-integrantes-do-bonde-dos-40-presos-em-festa-no-parque-timbira\/","name":"Justi\u00e7a ouve 35 integrantes do Bonde dos 40 presos em festa no Parque Timbira - Daniel Matos","isPartOf":{"@id":"https:\/\/www.blogsoestado.com\/danielmatos\/#website"},"primaryImageOfPage":{"@id":"https:\/\/www.blogsoestado.com\/danielmatos\/justica-ouve-35-integrantes-do-bonde-dos-40-presos-em-festa-no-parque-timbira\/#primaryimage"},"image":{"@id":"https:\/\/www.blogsoestado.com\/danielmatos\/justica-ouve-35-integrantes-do-bonde-dos-40-presos-em-festa-no-parque-timbira\/#primaryimage"},"thumbnailUrl":"https:\/\/www.blogsoestado.com\/danielmatos\/files\/2015\/01\/bonde-audiencia.jpg","datePublished":"2015-01-27T20:50:32+00:00","author":{"@id":""},"breadcrumb":{"@id":"https:\/\/www.blogsoestado.com\/danielmatos\/justica-ouve-35-integrantes-do-bonde-dos-40-presos-em-festa-no-parque-timbira\/#breadcrumb"},"inLanguage":"pt-BR","potentialAction":[{"@type":"ReadAction","target":["https:\/\/www.blogsoestado.com\/danielmatos\/justica-ouve-35-integrantes-do-bonde-dos-40-presos-em-festa-no-parque-timbira\/"]}]},{"@type":"ImageObject","inLanguage":"pt-BR","@id":"https:\/\/www.blogsoestado.com\/danielmatos\/justica-ouve-35-integrantes-do-bonde-dos-40-presos-em-festa-no-parque-timbira\/#primaryimage","url":"https:\/\/www.blogsoestado.com\/danielmatos\/files\/2015\/01\/bonde-audiencia.jpg","contentUrl":"https:\/\/www.blogsoestado.com\/danielmatos\/files\/2015\/01\/bonde-audiencia.jpg"},{"@type":"BreadcrumbList","@id":"https:\/\/www.blogsoestado.com\/danielmatos\/justica-ouve-35-integrantes-do-bonde-dos-40-presos-em-festa-no-parque-timbira\/#breadcrumb","itemListElement":[{"@type":"ListItem","position":1,"name":"In\u00edcio","item":"https:\/\/www.blogsoestado.com\/danielmatos\/"},{"@type":"ListItem","position":2,"name":"Justi\u00e7a ouve 35 integrantes do Bonde dos 40 presos em festa no Parque Timbira"}]},{"@type":"WebSite","@id":"https:\/\/www.blogsoestado.com\/danielmatos\/#website","url":"https:\/\/www.blogsoestado.com\/danielmatos\/","name":"Daniel Matos","description":"","potentialAction":[{"@type":"SearchAction","target":{"@type":"EntryPoint","urlTemplate":"https:\/\/www.blogsoestado.com\/danielmatos\/?s={search_term_string}"},"query-input":{"@type":"PropertyValueSpecification","valueRequired":true,"valueName":"search_term_string"}}],"inLanguage":"pt-BR"}]}},"jetpack_featured_media_url":"","_links":{"self":[{"href":"https:\/\/www.blogsoestado.com\/danielmatos\/wp-json\/wp\/v2\/posts\/21838","targetHints":{"allow":["GET"]}}],"collection":[{"href":"https:\/\/www.blogsoestado.com\/danielmatos\/wp-json\/wp\/v2\/posts"}],"about":[{"href":"https:\/\/www.blogsoestado.com\/danielmatos\/wp-json\/wp\/v2\/types\/post"}],"replies":[{"embeddable":true,"href":"https:\/\/www.blogsoestado.com\/danielmatos\/wp-json\/wp\/v2\/comments?post=21838"}],"version-history":[{"count":0,"href":"https:\/\/www.blogsoestado.com\/danielmatos\/wp-json\/wp\/v2\/posts\/21838\/revisions"}],"wp:attachment":[{"href":"https:\/\/www.blogsoestado.com\/danielmatos\/wp-json\/wp\/v2\/media?parent=21838"}],"wp:term":[{"taxonomy":"category","embeddable":true,"href":"https:\/\/www.blogsoestado.com\/danielmatos\/wp-json\/wp\/v2\/categories?post=21838"},{"taxonomy":"post_tag","embeddable":true,"href":"https:\/\/www.blogsoestado.com\/danielmatos\/wp-json\/wp\/v2\/tags?post=21838"}],"curies":[{"name":"wp","href":"https:\/\/api.w.org\/{rel}","templated":true}]}}