{"id":21849,"date":"2015-01-28T09:14:38","date_gmt":"2015-01-28T12:14:38","guid":{"rendered":"https:\/\/www.blogsoestado.com\/danielmatos\/?p=21849"},"modified":"2015-01-28T09:14:38","modified_gmt":"2015-01-28T12:14:38","slug":"ambev-promove-palestra-gratuita-para-universitarios-no-maranhao","status":"publish","type":"post","link":"https:\/\/www.blogsoestado.com\/danielmatos\/ambev-promove-palestra-gratuita-para-universitarios-no-maranhao\/","title":{"rendered":"Ambev promove palestra gratuita para universit\u00e1rios no Maranh\u00e3o"},"content":{"rendered":"<p>Reconhecida como uma das melhores empresas para se trabalhar, a Ambev promover\u00e1 palestras para apresentar o Programa de Est\u00e1gio da companhia aos universit\u00e1rios do Maranh\u00e3o. As apresenta\u00e7\u00f5es acontecem nos dias 03, 04 e 05 de fevereiro, no CDD Maranh\u00e3o, localizado na Rua Alameda Lourival Jos\u00e9 Coelho s\/n, Cohama \u00e0s 15h.<\/p>\n<p>Os participantes devem ser alunos do pen\u00faltimo e \u00faltimo ano dos cursos de gradua\u00e7\u00e3o e possuir ingl\u00eas intermedi\u00e1rio. As inscri\u00e7\u00f5es podem ser feitas diretamente no local no hor\u00e1rio do evento \u2013 sujeito a lota\u00e7\u00e3o do local.<\/p>\n<p>A companhia busca jovens que tenham proatividade, dinamismo, capacidade anal\u00edtica, senso de prioriza\u00e7\u00e3o e organiza\u00e7\u00e3o, esp\u00edrito empreendedor, lideran\u00e7a, adaptabilidade e que gostem de desafios.<\/p>\n<p>As inscri\u00e7\u00f5es para o Programa de Est\u00e1gio 2015 podem ser feitas pelo site www.estagioambev.com.br at\u00e9 o dia 12 de fevereiro. O programa tem dura\u00e7\u00e3o de at\u00e9 dois anos e oferece bolsa aux\u00edlio, refei\u00e7\u00e3o, transporte da empresa e possibilidade de efetiva\u00e7\u00e3o.<\/p>\n<p>Acompanhe as not\u00edcias e novidades da Ambev tamb\u00e9m no site www.ambev.com.br e nas redes sociais: <a href=\"http:\/\/www.twitter.com\/ambevbrasil\" target=\"_blank\">www.twitter.com\/ambevbrasil<\/a> | <a href=\"http:\/\/www.linkedin.com\/company\/ambev\" target=\"_blank\">www.linkedin.com\/company\/ambev<\/a><\/p>\n","protected":false},"excerpt":{"rendered":"<p>Reconhecida como uma das melhores empresas para se trabalhar, a Ambev promover\u00e1 palestras para apresentar o Programa de Est\u00e1gio da [&hellip;]<\/p>\n","protected":false},"author":0,"featured_media":0,"comment_status":"open","ping_status":"open","sticky":false,"template":"","format":"standard","meta":{"site-sidebar-layout":"default","site-content-layout":"","ast-site-content-layout":"default","site-content-style":"default","site-sidebar-style":"default","ast-global-header-display":"","ast-banner-title-visibility":"","ast-main-header-display":"","ast-hfb-above-header-display":"","ast-hfb-below-header-display":"","ast-hfb-mobile-header-display":"","site-post-title":"","ast-breadcrumbs-content":"","ast-featured-img":"","footer-sml-layout":"","ast-disable-related-posts":"","theme-transparent-header-meta":"","adv-header-id-meta":"","stick-header-meta":"","header-above-stick-meta":"","header-main-stick-meta":"","header-below-stick-meta":"","astra-migrate-meta-layouts":"default","ast-page-background-enabled":"default","ast-page-background-meta":{"desktop":{"background-color":"var(--ast-global-color-5)","background-image":"","background-repeat":"repeat","background-position":"center center","background-size":"auto","background-attachment":"scroll","background-type":"","background-media":"","overlay-type":"","overlay-color":"","overlay-opacity":"","overlay-gradient":""},"tablet":{"background-color":"","background-image":"","background-repeat":"repeat","background-position":"center center","background-size":"auto","background-attachment":"scroll","background-type":"","background-media":"","overlay-type":"","overlay-color":"","overlay-opacity":"","overlay-gradient":""},"mobile":{"background-color":"","background-image":"","background-repeat":"repeat","background-position":"center center","background-size":"auto","background-attachment":"scroll","background-type":"","background-media":"","overlay-type":"","overlay-color":"","overlay-opacity":"","overlay-gradient":""}},"ast-content-background-meta":{"desktop":{"background-color":"var(--ast-global-color-4)","background-image":"","background-repeat":"repeat","background-position":"center center","background-size":"auto","background-attachment":"scroll","background-type":"","background-media":"","overlay-type":"","overlay-color":"","overlay-opacity":"","overlay-gradient":""},"tablet":{"background-color":"var(--ast-global-color-4)","background-image":"","background-repeat":"repeat","background-position":"center center","background-size":"auto","background-attachment":"scroll","background-type":"","background-media":"","overlay-type":"","overlay-color":"","overlay-opacity":"","overlay-gradient":""},"mobile":{"background-color":"var(--ast-global-color-4)","background-image":"","background-repeat":"repeat","background-position":"center center","background-size":"auto","background-attachment":"scroll","background-type":"","background-media":"","overlay-type":"","overlay-color":"","overlay-opacity":"","overlay-gradient":""}},"footnotes":""},"categories":[1],"tags":[],"class_list":["post-21849","post","type-post","status-publish","format-standard","hentry","category-sem-categoria"],"yoast_head":"<!-- This site is optimized with the Yoast SEO plugin v26.6 - https:\/\/yoast.com\/wordpress\/plugins\/seo\/ -->\n<title>Ambev promove palestra gratuita para universit\u00e1rios no Maranh\u00e3o - Daniel Matos<\/title>\n<meta name=\"robots\" content=\"index, follow, max-snippet:-1, max-image-preview:large, max-video-preview:-1\" \/>\n<link rel=\"canonical\" href=\"https:\/\/www.blogsoestado.com\/danielmatos\/ambev-promove-palestra-gratuita-para-universitarios-no-maranhao\/\" \/>\n<meta property=\"og:locale\" content=\"pt_BR\" \/>\n<meta property=\"og:type\" content=\"article\" \/>\n<meta property=\"og:title\" content=\"Ambev promove palestra gratuita para universit\u00e1rios no Maranh\u00e3o - Daniel Matos\" \/>\n<meta property=\"og:description\" content=\"Reconhecida como uma das melhores empresas para se trabalhar, a Ambev promover\u00e1 palestras para apresentar o Programa de Est\u00e1gio da [&hellip;]\" \/>\n<meta property=\"og:url\" content=\"https:\/\/www.blogsoestado.com\/danielmatos\/ambev-promove-palestra-gratuita-para-universitarios-no-maranhao\/\" \/>\n<meta property=\"og:site_name\" content=\"Daniel Matos\" \/>\n<meta property=\"article:published_time\" content=\"2015-01-28T12:14:38+00:00\" \/>\n<meta name=\"twitter:card\" content=\"summary_large_image\" \/>\n<meta name=\"twitter:label1\" content=\"Est. tempo de leitura\" \/>\n\t<meta name=\"twitter:data1\" content=\"1 minuto\" \/>\n<script type=\"application\/ld+json\" class=\"yoast-schema-graph\">{\"@context\":\"https:\/\/schema.org\",\"@graph\":[{\"@type\":\"WebPage\",\"@id\":\"https:\/\/www.blogsoestado.com\/danielmatos\/ambev-promove-palestra-gratuita-para-universitarios-no-maranhao\/\",\"url\":\"https:\/\/www.blogsoestado.com\/danielmatos\/ambev-promove-palestra-gratuita-para-universitarios-no-maranhao\/\",\"name\":\"Ambev promove palestra gratuita para universit\u00e1rios no Maranh\u00e3o - Daniel Matos\",\"isPartOf\":{\"@id\":\"https:\/\/www.blogsoestado.com\/danielmatos\/#website\"},\"datePublished\":\"2015-01-28T12:14:38+00:00\",\"author\":{\"@id\":\"\"},\"breadcrumb\":{\"@id\":\"https:\/\/www.blogsoestado.com\/danielmatos\/ambev-promove-palestra-gratuita-para-universitarios-no-maranhao\/#breadcrumb\"},\"inLanguage\":\"pt-BR\",\"potentialAction\":[{\"@type\":\"ReadAction\",\"target\":[\"https:\/\/www.blogsoestado.com\/danielmatos\/ambev-promove-palestra-gratuita-para-universitarios-no-maranhao\/\"]}]},{\"@type\":\"BreadcrumbList\",\"@id\":\"https:\/\/www.blogsoestado.com\/danielmatos\/ambev-promove-palestra-gratuita-para-universitarios-no-maranhao\/#breadcrumb\",\"itemListElement\":[{\"@type\":\"ListItem\",\"position\":1,\"name\":\"In\u00edcio\",\"item\":\"https:\/\/www.blogsoestado.com\/danielmatos\/\"},{\"@type\":\"ListItem\",\"position\":2,\"name\":\"Ambev promove palestra gratuita para universit\u00e1rios no Maranh\u00e3o\"}]},{\"@type\":\"WebSite\",\"@id\":\"https:\/\/www.blogsoestado.com\/danielmatos\/#website\",\"url\":\"https:\/\/www.blogsoestado.com\/danielmatos\/\",\"name\":\"Daniel Matos\",\"description\":\"\",\"potentialAction\":[{\"@type\":\"SearchAction\",\"target\":{\"@type\":\"EntryPoint\",\"urlTemplate\":\"https:\/\/www.blogsoestado.com\/danielmatos\/?s={search_term_string}\"},\"query-input\":{\"@type\":\"PropertyValueSpecification\",\"valueRequired\":true,\"valueName\":\"search_term_string\"}}],\"inLanguage\":\"pt-BR\"}]}<\/script>\n<!-- \/ Yoast SEO plugin. -->","yoast_head_json":{"title":"Ambev promove palestra gratuita para universit\u00e1rios no Maranh\u00e3o - Daniel Matos","robots":{"index":"index","follow":"follow","max-snippet":"max-snippet:-1","max-image-preview":"max-image-preview:large","max-video-preview":"max-video-preview:-1"},"canonical":"https:\/\/www.blogsoestado.com\/danielmatos\/ambev-promove-palestra-gratuita-para-universitarios-no-maranhao\/","og_locale":"pt_BR","og_type":"article","og_title":"Ambev promove palestra gratuita para universit\u00e1rios no Maranh\u00e3o - Daniel Matos","og_description":"Reconhecida como uma das melhores empresas para se trabalhar, a Ambev promover\u00e1 palestras para apresentar o Programa de Est\u00e1gio da [&hellip;]","og_url":"https:\/\/www.blogsoestado.com\/danielmatos\/ambev-promove-palestra-gratuita-para-universitarios-no-maranhao\/","og_site_name":"Daniel Matos","article_published_time":"2015-01-28T12:14:38+00:00","twitter_card":"summary_large_image","twitter_misc":{"Est. tempo de leitura":"1 minuto"},"schema":{"@context":"https:\/\/schema.org","@graph":[{"@type":"WebPage","@id":"https:\/\/www.blogsoestado.com\/danielmatos\/ambev-promove-palestra-gratuita-para-universitarios-no-maranhao\/","url":"https:\/\/www.blogsoestado.com\/danielmatos\/ambev-promove-palestra-gratuita-para-universitarios-no-maranhao\/","name":"Ambev promove palestra gratuita para universit\u00e1rios no Maranh\u00e3o - Daniel Matos","isPartOf":{"@id":"https:\/\/www.blogsoestado.com\/danielmatos\/#website"},"datePublished":"2015-01-28T12:14:38+00:00","author":{"@id":""},"breadcrumb":{"@id":"https:\/\/www.blogsoestado.com\/danielmatos\/ambev-promove-palestra-gratuita-para-universitarios-no-maranhao\/#breadcrumb"},"inLanguage":"pt-BR","potentialAction":[{"@type":"ReadAction","target":["https:\/\/www.blogsoestado.com\/danielmatos\/ambev-promove-palestra-gratuita-para-universitarios-no-maranhao\/"]}]},{"@type":"BreadcrumbList","@id":"https:\/\/www.blogsoestado.com\/danielmatos\/ambev-promove-palestra-gratuita-para-universitarios-no-maranhao\/#breadcrumb","itemListElement":[{"@type":"ListItem","position":1,"name":"In\u00edcio","item":"https:\/\/www.blogsoestado.com\/danielmatos\/"},{"@type":"ListItem","position":2,"name":"Ambev promove palestra gratuita para universit\u00e1rios no Maranh\u00e3o"}]},{"@type":"WebSite","@id":"https:\/\/www.blogsoestado.com\/danielmatos\/#website","url":"https:\/\/www.blogsoestado.com\/danielmatos\/","name":"Daniel Matos","description":"","potentialAction":[{"@type":"SearchAction","target":{"@type":"EntryPoint","urlTemplate":"https:\/\/www.blogsoestado.com\/danielmatos\/?s={search_term_string}"},"query-input":{"@type":"PropertyValueSpecification","valueRequired":true,"valueName":"search_term_string"}}],"inLanguage":"pt-BR"}]}},"jetpack_featured_media_url":"","_links":{"self":[{"href":"https:\/\/www.blogsoestado.com\/danielmatos\/wp-json\/wp\/v2\/posts\/21849","targetHints":{"allow":["GET"]}}],"collection":[{"href":"https:\/\/www.blogsoestado.com\/danielmatos\/wp-json\/wp\/v2\/posts"}],"about":[{"href":"https:\/\/www.blogsoestado.com\/danielmatos\/wp-json\/wp\/v2\/types\/post"}],"replies":[{"embeddable":true,"href":"https:\/\/www.blogsoestado.com\/danielmatos\/wp-json\/wp\/v2\/comments?post=21849"}],"version-history":[{"count":0,"href":"https:\/\/www.blogsoestado.com\/danielmatos\/wp-json\/wp\/v2\/posts\/21849\/revisions"}],"wp:attachment":[{"href":"https:\/\/www.blogsoestado.com\/danielmatos\/wp-json\/wp\/v2\/media?parent=21849"}],"wp:term":[{"taxonomy":"category","embeddable":true,"href":"https:\/\/www.blogsoestado.com\/danielmatos\/wp-json\/wp\/v2\/categories?post=21849"},{"taxonomy":"post_tag","embeddable":true,"href":"https:\/\/www.blogsoestado.com\/danielmatos\/wp-json\/wp\/v2\/tags?post=21849"}],"curies":[{"name":"wp","href":"https:\/\/api.w.org\/{rel}","templated":true}]}}