{"id":21853,"date":"2015-01-28T17:57:25","date_gmt":"2015-01-28T20:57:25","guid":{"rendered":"https:\/\/www.blogsoestado.com\/danielmatos\/?p=21853"},"modified":"2015-01-28T17:57:25","modified_gmt":"2015-01-28T20:57:25","slug":"prefeitura-de-paco-do-lumiar-convoca-aprovados-em-concurso-publico","status":"publish","type":"post","link":"https:\/\/www.blogsoestado.com\/danielmatos\/prefeitura-de-paco-do-lumiar-convoca-aprovados-em-concurso-publico\/","title":{"rendered":"Prefeitura de Pa\u00e7o do Lumiar convoca aprovados em concurso p\u00fablico"},"content":{"rendered":"<figure id=\"attachment_21854\" aria-describedby=\"caption-attachment-21854\" style=\"width: 640px\" class=\"wp-caption aligncenter\"><a href=\"https:\/\/www.blogsoestado.com\/danielmatos\/files\/2015\/01\/josemar-concurso2.jpg\"><img fetchpriority=\"high\" decoding=\"async\" class=\"size-full wp-image-21854\" src=\"https:\/\/www.blogsoestado.com\/danielmatos\/files\/2015\/01\/josemar-concurso2.jpg\" alt=\"Prefeito Josemar Sobreiro assina edital de convoca\u00e7\u00e3o de aprovados no concurso p\u00fablico para provimento de cargos no Munic\u00edpio\" width=\"640\" height=\"427\" \/><\/a><figcaption id=\"caption-attachment-21854\" class=\"wp-caption-text\">Prefeito Josemar assina edital de convoca\u00e7\u00e3o de aprovados no concurso p\u00fablico para provimento de cargos no Munic\u00edpio<\/figcaption><\/figure>\n<p>O prefeito de Pa\u00e7o do Lumiar, professor Josemar Sobreiro (PR) assinou, nesta quarta-feira, 28 de janeiro, o Edital N\u00ba 001\/2014, cujo resultado foi homologado pelo decreto municipal N\u00ba 1881\/2014 para vagas de provimento efetivo do quadro de pessoal do munic\u00edpio. O ato aconteceu na sala de reuni\u00f5es da Prefeitura Municipal e contou com a participa\u00e7\u00e3o do secretariado municipal e membros do legislativo luminense.<\/p>\n<p>Na oportunidade foi exposta a demanda de cada secretaria afim de fim de potencializar as pol\u00edticas p\u00fablicas desenvolvidas pelo equipamento p\u00fablico. De acordo com o prefeito Josemar Sobreiro, \u201cos novos servidores ir\u00e3o suprir a demanda defasada de recursos humanos, uma vez que \u00e9 crescente a necessidade da popula\u00e7\u00e3o local em torno da efetividade da presta\u00e7\u00e3o dos servi\u00e7os p\u00fablicos\u201d.<\/p>\n<p>A primeira convoca\u00e7\u00e3o estabelece a chamada de 459 aprovados entre n\u00edvel superior, m\u00e9dio e fundamental, para apresenta\u00e7\u00e3o de documenta\u00e7\u00e3o e exames m\u00e9dicos conforme requisitos constantes no anexo II, do Edital N\u00ba 001\/2015, dispon\u00edvel no site da Prefeitura Municipal de Pa\u00e7o do Lumiar (<a href=\"http:\/\/www.pacodolumiar.ma.gov.br\" target=\"_blank\">www.pacodolumiar.ma.gov.br<\/a>).<\/p>\n<p><strong>Prazo<\/strong><\/p>\n<figure id=\"attachment_21855\" aria-describedby=\"caption-attachment-21855\" style=\"width: 640px\" class=\"wp-caption aligncenter\"><a href=\"https:\/\/www.blogsoestado.com\/danielmatos\/files\/2015\/01\/josemar-concurso.jpg\"><img decoding=\"async\" class=\"size-full wp-image-21855\" src=\"https:\/\/www.blogsoestado.com\/danielmatos\/files\/2015\/01\/josemar-concurso.jpg\" alt=\"Prefeito com sua equipe de secret\u00e1rios, que receber\u00e3o os novos servidores em suas  respectivas pastas\" width=\"640\" height=\"427\" \/><\/a><figcaption id=\"caption-attachment-21855\" class=\"wp-caption-text\">Prefeito com sua equipe de secret\u00e1rios, que receber\u00e3o os novos servidores em suas respectivas pastas<\/figcaption><\/figure>\n<p>Os classificados devem comparecer a partir do dia 29 de janeiro de 2015, junto \u00e0 Unidade Integrada \u201cMinistro Henrique de La Roque\u201d, no conjunto Maiob\u00e3o, de segunda a sexta-feira, das 8h \u00e0s 14h, para apresenta\u00e7\u00e3o de documentos pessoais em c\u00f3pia autenticada em cart\u00f3rio, ou c\u00f3pia acompanhada de original, al\u00e9m de exames m\u00e9dicos, atestado de sa\u00fade ocupacional e laudo m\u00e9dico atestando grau ou n\u00edvel de defici\u00eancia (para candidatos aprovados nas vagas de portadores de necessidades especiais), para an\u00e1lise de aptid\u00e3o f\u00edsica, cl\u00ednica e mental pela equipe multiprofissional, integrada \u00e0 Junta M\u00e9dica Oficial. N\u00e3o ser\u00e3o aceitas documenta\u00e7\u00f5es incompletas, rasuradas ou ileg\u00edveis.<\/p>\n<p>A assinatura do termo de posse dever\u00e1 ocorrer no prazo m\u00e1ximo de 30 dias a contar da data da publica\u00e7\u00e3o da portaria de nomea\u00e7\u00e3o no Di\u00e1rio Oficial do Estado<\/p>\n<p><strong>Concurso<\/strong><\/p>\n<p>A Prefeitura de Pa\u00e7o do Lumiar realizou, em 19 de outubro, do ano passado, as provas do concurso p\u00fablico para provimento de 603 vagas com sal\u00e1rios variam entre R$ 864,66 e R$ 1.105,24 (n\u00edvel fundamental), R$ 864,66 e R$ 1.965,78 (n\u00edvel m\u00e9dio) e R$ 2.025,54 e R$ 2.986,50 (n\u00edvel superior), com carga hor\u00e1ria de trabalho entre 30h e 40h semanais cada.<\/p>\n<p>O concurso ofertou vagas para 69 cargos entre eles, o de merendeiro, motorista, agente administrativo, condutor socorrista, digitador, fiscal de obras, orientador social e engenheiros. A maior demanda do concurso est\u00e1 na \u00e1rea da Educa\u00e7\u00e3o, para professores especialistas em educa\u00e7\u00e3o infantil e ensino fundamental, e atendimento de pessoas com defici\u00eancia; e na Sa\u00fade, para agentes comunit\u00e1rios de sa\u00fade e de combate de endemias, especialidades m\u00e9dicas e enfermeiros.<\/p>\n","protected":false},"excerpt":{"rendered":"<p>O prefeito de Pa\u00e7o do Lumiar, professor Josemar Sobreiro (PR) assinou, nesta quarta-feira, 28 de janeiro, o Edital N\u00ba 001\/2014, [&hellip;]<\/p>\n","protected":false},"author":0,"featured_media":0,"comment_status":"open","ping_status":"open","sticky":false,"template":"","format":"standard","meta":{"site-sidebar-layout":"default","site-content-layout":"","ast-site-content-layout":"default","site-content-style":"default","site-sidebar-style":"default","ast-global-header-display":"","ast-banner-title-visibility":"","ast-main-header-display":"","ast-hfb-above-header-display":"","ast-hfb-below-header-display":"","ast-hfb-mobile-header-display":"","site-post-title":"","ast-breadcrumbs-content":"","ast-featured-img":"","footer-sml-layout":"","ast-disable-related-posts":"","theme-transparent-header-meta":"","adv-header-id-meta":"","stick-header-meta":"","header-above-stick-meta":"","header-main-stick-meta":"","header-below-stick-meta":"","astra-migrate-meta-layouts":"default","ast-page-background-enabled":"default","ast-page-background-meta":{"desktop":{"background-color":"var(--ast-global-color-5)","background-image":"","background-repeat":"repeat","background-position":"center center","background-size":"auto","background-attachment":"scroll","background-type":"","background-media":"","overlay-type":"","overlay-color":"","overlay-opacity":"","overlay-gradient":""},"tablet":{"background-color":"","background-image":"","background-repeat":"repeat","background-position":"center center","background-size":"auto","background-attachment":"scroll","background-type":"","background-media":"","overlay-type":"","overlay-color":"","overlay-opacity":"","overlay-gradient":""},"mobile":{"background-color":"","background-image":"","background-repeat":"repeat","background-position":"center center","background-size":"auto","background-attachment":"scroll","background-type":"","background-media":"","overlay-type":"","overlay-color":"","overlay-opacity":"","overlay-gradient":""}},"ast-content-background-meta":{"desktop":{"background-color":"var(--ast-global-color-4)","background-image":"","background-repeat":"repeat","background-position":"center center","background-size":"auto","background-attachment":"scroll","background-type":"","background-media":"","overlay-type":"","overlay-color":"","overlay-opacity":"","overlay-gradient":""},"tablet":{"background-color":"var(--ast-global-color-4)","background-image":"","background-repeat":"repeat","background-position":"center center","background-size":"auto","background-attachment":"scroll","background-type":"","background-media":"","overlay-type":"","overlay-color":"","overlay-opacity":"","overlay-gradient":""},"mobile":{"background-color":"var(--ast-global-color-4)","background-image":"","background-repeat":"repeat","background-position":"center center","background-size":"auto","background-attachment":"scroll","background-type":"","background-media":"","overlay-type":"","overlay-color":"","overlay-opacity":"","overlay-gradient":""}},"footnotes":""},"categories":[1],"tags":[],"class_list":["post-21853","post","type-post","status-publish","format-standard","hentry","category-sem-categoria"],"yoast_head":"<!-- This site is optimized with the Yoast SEO plugin v26.6 - https:\/\/yoast.com\/wordpress\/plugins\/seo\/ -->\n<title>Prefeitura de Pa\u00e7o do Lumiar convoca aprovados em concurso p\u00fablico - Daniel Matos<\/title>\n<meta name=\"robots\" content=\"index, follow, max-snippet:-1, max-image-preview:large, max-video-preview:-1\" \/>\n<link rel=\"canonical\" href=\"https:\/\/www.blogsoestado.com\/danielmatos\/prefeitura-de-paco-do-lumiar-convoca-aprovados-em-concurso-publico\/\" \/>\n<meta property=\"og:locale\" content=\"pt_BR\" \/>\n<meta property=\"og:type\" content=\"article\" \/>\n<meta property=\"og:title\" content=\"Prefeitura de Pa\u00e7o do Lumiar convoca aprovados em concurso p\u00fablico - Daniel Matos\" \/>\n<meta property=\"og:description\" content=\"O prefeito de Pa\u00e7o do Lumiar, professor Josemar Sobreiro (PR) assinou, nesta quarta-feira, 28 de janeiro, o Edital N\u00ba 001\/2014, [&hellip;]\" \/>\n<meta property=\"og:url\" content=\"https:\/\/www.blogsoestado.com\/danielmatos\/prefeitura-de-paco-do-lumiar-convoca-aprovados-em-concurso-publico\/\" \/>\n<meta property=\"og:site_name\" content=\"Daniel Matos\" \/>\n<meta property=\"article:published_time\" content=\"2015-01-28T20:57:25+00:00\" \/>\n<meta property=\"og:image\" content=\"https:\/\/www.blogsoestado.com\/danielmatos\/files\/2015\/01\/josemar-concurso2.jpg\" \/>\n<meta name=\"twitter:card\" content=\"summary_large_image\" \/>\n<meta name=\"twitter:label1\" content=\"Est. tempo de leitura\" \/>\n\t<meta name=\"twitter:data1\" content=\"3 minutos\" \/>\n<script type=\"application\/ld+json\" class=\"yoast-schema-graph\">{\"@context\":\"https:\/\/schema.org\",\"@graph\":[{\"@type\":\"WebPage\",\"@id\":\"https:\/\/www.blogsoestado.com\/danielmatos\/prefeitura-de-paco-do-lumiar-convoca-aprovados-em-concurso-publico\/\",\"url\":\"https:\/\/www.blogsoestado.com\/danielmatos\/prefeitura-de-paco-do-lumiar-convoca-aprovados-em-concurso-publico\/\",\"name\":\"Prefeitura de Pa\u00e7o do Lumiar convoca aprovados em concurso p\u00fablico - Daniel Matos\",\"isPartOf\":{\"@id\":\"https:\/\/www.blogsoestado.com\/danielmatos\/#website\"},\"primaryImageOfPage\":{\"@id\":\"https:\/\/www.blogsoestado.com\/danielmatos\/prefeitura-de-paco-do-lumiar-convoca-aprovados-em-concurso-publico\/#primaryimage\"},\"image\":{\"@id\":\"https:\/\/www.blogsoestado.com\/danielmatos\/prefeitura-de-paco-do-lumiar-convoca-aprovados-em-concurso-publico\/#primaryimage\"},\"thumbnailUrl\":\"https:\/\/www.blogsoestado.com\/danielmatos\/files\/2015\/01\/josemar-concurso2.jpg\",\"datePublished\":\"2015-01-28T20:57:25+00:00\",\"author\":{\"@id\":\"\"},\"breadcrumb\":{\"@id\":\"https:\/\/www.blogsoestado.com\/danielmatos\/prefeitura-de-paco-do-lumiar-convoca-aprovados-em-concurso-publico\/#breadcrumb\"},\"inLanguage\":\"pt-BR\",\"potentialAction\":[{\"@type\":\"ReadAction\",\"target\":[\"https:\/\/www.blogsoestado.com\/danielmatos\/prefeitura-de-paco-do-lumiar-convoca-aprovados-em-concurso-publico\/\"]}]},{\"@type\":\"ImageObject\",\"inLanguage\":\"pt-BR\",\"@id\":\"https:\/\/www.blogsoestado.com\/danielmatos\/prefeitura-de-paco-do-lumiar-convoca-aprovados-em-concurso-publico\/#primaryimage\",\"url\":\"https:\/\/www.blogsoestado.com\/danielmatos\/files\/2015\/01\/josemar-concurso2.jpg\",\"contentUrl\":\"https:\/\/www.blogsoestado.com\/danielmatos\/files\/2015\/01\/josemar-concurso2.jpg\"},{\"@type\":\"BreadcrumbList\",\"@id\":\"https:\/\/www.blogsoestado.com\/danielmatos\/prefeitura-de-paco-do-lumiar-convoca-aprovados-em-concurso-publico\/#breadcrumb\",\"itemListElement\":[{\"@type\":\"ListItem\",\"position\":1,\"name\":\"In\u00edcio\",\"item\":\"https:\/\/www.blogsoestado.com\/danielmatos\/\"},{\"@type\":\"ListItem\",\"position\":2,\"name\":\"Prefeitura de Pa\u00e7o do Lumiar convoca aprovados em concurso p\u00fablico\"}]},{\"@type\":\"WebSite\",\"@id\":\"https:\/\/www.blogsoestado.com\/danielmatos\/#website\",\"url\":\"https:\/\/www.blogsoestado.com\/danielmatos\/\",\"name\":\"Daniel Matos\",\"description\":\"\",\"potentialAction\":[{\"@type\":\"SearchAction\",\"target\":{\"@type\":\"EntryPoint\",\"urlTemplate\":\"https:\/\/www.blogsoestado.com\/danielmatos\/?s={search_term_string}\"},\"query-input\":{\"@type\":\"PropertyValueSpecification\",\"valueRequired\":true,\"valueName\":\"search_term_string\"}}],\"inLanguage\":\"pt-BR\"}]}<\/script>\n<!-- \/ Yoast SEO plugin. -->","yoast_head_json":{"title":"Prefeitura de Pa\u00e7o do Lumiar convoca aprovados em concurso p\u00fablico - Daniel Matos","robots":{"index":"index","follow":"follow","max-snippet":"max-snippet:-1","max-image-preview":"max-image-preview:large","max-video-preview":"max-video-preview:-1"},"canonical":"https:\/\/www.blogsoestado.com\/danielmatos\/prefeitura-de-paco-do-lumiar-convoca-aprovados-em-concurso-publico\/","og_locale":"pt_BR","og_type":"article","og_title":"Prefeitura de Pa\u00e7o do Lumiar convoca aprovados em concurso p\u00fablico - Daniel Matos","og_description":"O prefeito de Pa\u00e7o do Lumiar, professor Josemar Sobreiro (PR) assinou, nesta quarta-feira, 28 de janeiro, o Edital N\u00ba 001\/2014, [&hellip;]","og_url":"https:\/\/www.blogsoestado.com\/danielmatos\/prefeitura-de-paco-do-lumiar-convoca-aprovados-em-concurso-publico\/","og_site_name":"Daniel Matos","article_published_time":"2015-01-28T20:57:25+00:00","og_image":[{"url":"https:\/\/www.blogsoestado.com\/danielmatos\/files\/2015\/01\/josemar-concurso2.jpg","type":"","width":"","height":""}],"twitter_card":"summary_large_image","twitter_misc":{"Est. tempo de leitura":"3 minutos"},"schema":{"@context":"https:\/\/schema.org","@graph":[{"@type":"WebPage","@id":"https:\/\/www.blogsoestado.com\/danielmatos\/prefeitura-de-paco-do-lumiar-convoca-aprovados-em-concurso-publico\/","url":"https:\/\/www.blogsoestado.com\/danielmatos\/prefeitura-de-paco-do-lumiar-convoca-aprovados-em-concurso-publico\/","name":"Prefeitura de Pa\u00e7o do Lumiar convoca aprovados em concurso p\u00fablico - Daniel Matos","isPartOf":{"@id":"https:\/\/www.blogsoestado.com\/danielmatos\/#website"},"primaryImageOfPage":{"@id":"https:\/\/www.blogsoestado.com\/danielmatos\/prefeitura-de-paco-do-lumiar-convoca-aprovados-em-concurso-publico\/#primaryimage"},"image":{"@id":"https:\/\/www.blogsoestado.com\/danielmatos\/prefeitura-de-paco-do-lumiar-convoca-aprovados-em-concurso-publico\/#primaryimage"},"thumbnailUrl":"https:\/\/www.blogsoestado.com\/danielmatos\/files\/2015\/01\/josemar-concurso2.jpg","datePublished":"2015-01-28T20:57:25+00:00","author":{"@id":""},"breadcrumb":{"@id":"https:\/\/www.blogsoestado.com\/danielmatos\/prefeitura-de-paco-do-lumiar-convoca-aprovados-em-concurso-publico\/#breadcrumb"},"inLanguage":"pt-BR","potentialAction":[{"@type":"ReadAction","target":["https:\/\/www.blogsoestado.com\/danielmatos\/prefeitura-de-paco-do-lumiar-convoca-aprovados-em-concurso-publico\/"]}]},{"@type":"ImageObject","inLanguage":"pt-BR","@id":"https:\/\/www.blogsoestado.com\/danielmatos\/prefeitura-de-paco-do-lumiar-convoca-aprovados-em-concurso-publico\/#primaryimage","url":"https:\/\/www.blogsoestado.com\/danielmatos\/files\/2015\/01\/josemar-concurso2.jpg","contentUrl":"https:\/\/www.blogsoestado.com\/danielmatos\/files\/2015\/01\/josemar-concurso2.jpg"},{"@type":"BreadcrumbList","@id":"https:\/\/www.blogsoestado.com\/danielmatos\/prefeitura-de-paco-do-lumiar-convoca-aprovados-em-concurso-publico\/#breadcrumb","itemListElement":[{"@type":"ListItem","position":1,"name":"In\u00edcio","item":"https:\/\/www.blogsoestado.com\/danielmatos\/"},{"@type":"ListItem","position":2,"name":"Prefeitura de Pa\u00e7o do Lumiar convoca aprovados em concurso p\u00fablico"}]},{"@type":"WebSite","@id":"https:\/\/www.blogsoestado.com\/danielmatos\/#website","url":"https:\/\/www.blogsoestado.com\/danielmatos\/","name":"Daniel Matos","description":"","potentialAction":[{"@type":"SearchAction","target":{"@type":"EntryPoint","urlTemplate":"https:\/\/www.blogsoestado.com\/danielmatos\/?s={search_term_string}"},"query-input":{"@type":"PropertyValueSpecification","valueRequired":true,"valueName":"search_term_string"}}],"inLanguage":"pt-BR"}]}},"jetpack_featured_media_url":"","_links":{"self":[{"href":"https:\/\/www.blogsoestado.com\/danielmatos\/wp-json\/wp\/v2\/posts\/21853","targetHints":{"allow":["GET"]}}],"collection":[{"href":"https:\/\/www.blogsoestado.com\/danielmatos\/wp-json\/wp\/v2\/posts"}],"about":[{"href":"https:\/\/www.blogsoestado.com\/danielmatos\/wp-json\/wp\/v2\/types\/post"}],"replies":[{"embeddable":true,"href":"https:\/\/www.blogsoestado.com\/danielmatos\/wp-json\/wp\/v2\/comments?post=21853"}],"version-history":[{"count":0,"href":"https:\/\/www.blogsoestado.com\/danielmatos\/wp-json\/wp\/v2\/posts\/21853\/revisions"}],"wp:attachment":[{"href":"https:\/\/www.blogsoestado.com\/danielmatos\/wp-json\/wp\/v2\/media?parent=21853"}],"wp:term":[{"taxonomy":"category","embeddable":true,"href":"https:\/\/www.blogsoestado.com\/danielmatos\/wp-json\/wp\/v2\/categories?post=21853"},{"taxonomy":"post_tag","embeddable":true,"href":"https:\/\/www.blogsoestado.com\/danielmatos\/wp-json\/wp\/v2\/tags?post=21853"}],"curies":[{"name":"wp","href":"https:\/\/api.w.org\/{rel}","templated":true}]}}