{"id":21857,"date":"2015-01-29T10:20:37","date_gmt":"2015-01-29T13:20:37","guid":{"rendered":"https:\/\/www.blogsoestado.com\/danielmatos\/?p=21857"},"modified":"2015-01-29T10:20:37","modified_gmt":"2015-01-29T13:20:37","slug":"incendio-para-porto-do-itaqui-mas-governo-tenta-abafar-consequencias","status":"publish","type":"post","link":"https:\/\/www.blogsoestado.com\/danielmatos\/incendio-para-porto-do-itaqui-mas-governo-tenta-abafar-consequencias\/","title":{"rendered":"Inc\u00eandio para Porto do Itaqui, mas governo tenta abafar consequ\u00eancias"},"content":{"rendered":"<figure id=\"attachment_21858\" aria-describedby=\"caption-attachment-21858\" style=\"width: 640px\" class=\"wp-caption aligncenter\"><a href=\"https:\/\/www.blogsoestado.com\/danielmatos\/files\/2015\/01\/inc\u00eandio-porto.jpg\"><img fetchpriority=\"high\" decoding=\"async\" class=\"size-full wp-image-21858\" src=\"https:\/\/www.blogsoestado.com\/danielmatos\/files\/2015\/01\/inc\u00eandio-porto.jpg\" alt=\"Inc\u00eandio em galp\u00e3o da Suzano Celulose destruiu carga e paralisou opera\u00e7\u00f5es no Porto do Itaqui \" width=\"640\" height=\"480\" \/><\/a><figcaption id=\"caption-attachment-21858\" class=\"wp-caption-text\">Inc\u00eandio em galp\u00e3o da Suzano destruiu carga e paralisou opera\u00e7\u00f5es de carga e descarga no Porto do Itaqui<\/figcaption><\/figure>\n<p>Um inc\u00eandio de graves propor\u00e7\u00f5es e de causa ainda desconhecida em\u00a0um galp\u00e3o da Suzano Celulose paralisou as opera\u00e7\u00f5es no Porto do Itaqui. O fogo, que come\u00e7ou por volta das 2h da madrugada, s\u00f3 foi controlado ap\u00f3s quatro horas, com aux\u00edlio das brigadas de inc\u00eandio da Vale e de outra empresa que opera na \u00e1rea portu\u00e1ria. Apesar \u00a0das s\u00e9rias consequ\u00eancias, a vers\u00e3o oficial\u00a0minimizou o acidente, como se o Governo do Estado quisesse abafar o caso.<\/p>\n<p>Em nota encaminhada \u00e0 imprensa ap\u00f3s o inc\u00eandio ter sido revelado em primeira m\u00e3o pela R\u00e1dio Mirante AM, a Empresa Maranhense de Administra\u00e7\u00e3o Portu\u00e1ria (Emap) divulgou informa\u00e7\u00f5es\u00a0superficiais sobre o ocorrido. O\u00a0comunicado, que cont\u00e9m omiss\u00f5es e at\u00e9 erros de informa\u00e7\u00e3o, reduziu para um simples foco as chamas que levaram \u00e0 suspens\u00e3o das opera\u00e7\u00f5es de carga e descarga no terminal.<\/p>\n<p>Um navio da empresa de log\u00edstica portu\u00e1ria Brasil Mar\u00edtima, que h\u00e1 dois dias descarregava fertilizantes, foi isolado porque estava muito pr\u00f3ximo\u00a0ao galp\u00e3o incendiado. A Emap proibiu o acesso de oper\u00e1rios e da diretoria local\u00a0da empresa \u00e0\u00a0embarca\u00e7\u00e3o, alegando falta de seguran\u00e7a. Indignada, um diretor\u00a0acusou a estatal de cometer arbitrariedade e estimou que o\u00a0preju\u00edzo acumulado com a suspens\u00e3o das opera\u00e7\u00f5es ficar\u00e1 em torno de R$ 100 mil por dia.<\/p>\n<figure id=\"attachment_21859\" aria-describedby=\"caption-attachment-21859\" style=\"width: 640px\" class=\"wp-caption aligncenter\"><a href=\"https:\/\/www.blogsoestado.com\/danielmatos\/files\/2015\/01\/inc\u00eandio-porto2.jpg\"><img decoding=\"async\" class=\"size-full wp-image-21859\" src=\"https:\/\/www.blogsoestado.com\/danielmatos\/files\/2015\/01\/inc\u00eandio-porto2.jpg\" alt=\"Fuma\u00e7a produzida pelo inc\u00eandio se alastrou pela \u00e1rea portu\u00e1ria, causando susto\" width=\"640\" height=\"480\" \/><\/a><figcaption id=\"caption-attachment-21859\" class=\"wp-caption-text\">Fuma\u00e7a produzida pelo inc\u00eandio no galp\u00e3o da Suzano Celulose se alastrou pela \u00e1rea portu\u00e1ria, causando susto<\/figcaption><\/figure>\n<p>A nota tamb\u00e9m diz que o Corpo de Bombeiros agiu prontamente, colocando em pr\u00e1tica o plano de a\u00e7\u00e3o emergencial do Porto do Itaqui, rec\u00e9m criado pela nova gest\u00e3o, em parceria com a corpora\u00e7\u00e3o.\u00a0A vers\u00e3o foi desmentida pelo\u00a0delegado do Sindicato dos Conferentes e Consertadores de Cargas de\u00a0S\u00e3o Lu\u00eds e Tut\u00f3ia, Tiago Haickel de Sousa, que testemunhou o inc\u00eandio e garantiu que do in\u00edcio das chamas at\u00e9 as 6h, quando deixou a \u00e1rea portu\u00e1ria, os Bombeiros ainda n\u00e3o haviam chegado.<\/p>\n<p>A\u00a0Emap encerra a nota desinformando que &#8220;a opera\u00e7\u00e3o foi r\u00e1pida e eficiente&#8221;. Zero em transpar\u00eancia.<\/p>\n<p>Assista ao v\u00eddeo\u00a0do galp\u00e3o em chamas (o caminh\u00e3o de combate a inc\u00eandio visto nas imagens n\u00e3o \u00e9 do Corpo de Bombeiros, mas de uma das empresas que ajudaram a controlar o fogo):<\/p>\n<p>[youtube \u00a07hOQTxd3JFY]<\/p>\n","protected":false},"excerpt":{"rendered":"<p>Um inc\u00eandio de graves propor\u00e7\u00f5es e de causa ainda desconhecida em\u00a0um galp\u00e3o da Suzano Celulose paralisou as opera\u00e7\u00f5es no Porto [&hellip;]<\/p>\n","protected":false},"author":0,"featured_media":0,"comment_status":"open","ping_status":"open","sticky":false,"template":"","format":"standard","meta":{"site-sidebar-layout":"default","site-content-layout":"","ast-site-content-layout":"default","site-content-style":"default","site-sidebar-style":"default","ast-global-header-display":"","ast-banner-title-visibility":"","ast-main-header-display":"","ast-hfb-above-header-display":"","ast-hfb-below-header-display":"","ast-hfb-mobile-header-display":"","site-post-title":"","ast-breadcrumbs-content":"","ast-featured-img":"","footer-sml-layout":"","ast-disable-related-posts":"","theme-transparent-header-meta":"","adv-header-id-meta":"","stick-header-meta":"","header-above-stick-meta":"","header-main-stick-meta":"","header-below-stick-meta":"","astra-migrate-meta-layouts":"default","ast-page-background-enabled":"default","ast-page-background-meta":{"desktop":{"background-color":"var(--ast-global-color-5)","background-image":"","background-repeat":"repeat","background-position":"center center","background-size":"auto","background-attachment":"scroll","background-type":"","background-media":"","overlay-type":"","overlay-color":"","overlay-opacity":"","overlay-gradient":""},"tablet":{"background-color":"","background-image":"","background-repeat":"repeat","background-position":"center center","background-size":"auto","background-attachment":"scroll","background-type":"","background-media":"","overlay-type":"","overlay-color":"","overlay-opacity":"","overlay-gradient":""},"mobile":{"background-color":"","background-image":"","background-repeat":"repeat","background-position":"center center","background-size":"auto","background-attachment":"scroll","background-type":"","background-media":"","overlay-type":"","overlay-color":"","overlay-opacity":"","overlay-gradient":""}},"ast-content-background-meta":{"desktop":{"background-color":"var(--ast-global-color-4)","background-image":"","background-repeat":"repeat","background-position":"center center","background-size":"auto","background-attachment":"scroll","background-type":"","background-media":"","overlay-type":"","overlay-color":"","overlay-opacity":"","overlay-gradient":""},"tablet":{"background-color":"var(--ast-global-color-4)","background-image":"","background-repeat":"repeat","background-position":"center center","background-size":"auto","background-attachment":"scroll","background-type":"","background-media":"","overlay-type":"","overlay-color":"","overlay-opacity":"","overlay-gradient":""},"mobile":{"background-color":"var(--ast-global-color-4)","background-image":"","background-repeat":"repeat","background-position":"center center","background-size":"auto","background-attachment":"scroll","background-type":"","background-media":"","overlay-type":"","overlay-color":"","overlay-opacity":"","overlay-gradient":""}},"footnotes":""},"categories":[1],"tags":[],"class_list":["post-21857","post","type-post","status-publish","format-standard","hentry","category-sem-categoria"],"yoast_head":"<!-- This site is optimized with the Yoast SEO plugin v26.6 - https:\/\/yoast.com\/wordpress\/plugins\/seo\/ -->\n<title>Inc\u00eandio para Porto do Itaqui, mas governo tenta abafar consequ\u00eancias - Daniel Matos<\/title>\n<meta name=\"robots\" content=\"index, follow, max-snippet:-1, max-image-preview:large, max-video-preview:-1\" \/>\n<link rel=\"canonical\" href=\"https:\/\/www.blogsoestado.com\/danielmatos\/incendio-para-porto-do-itaqui-mas-governo-tenta-abafar-consequencias\/\" \/>\n<meta property=\"og:locale\" content=\"pt_BR\" \/>\n<meta property=\"og:type\" content=\"article\" \/>\n<meta property=\"og:title\" content=\"Inc\u00eandio para Porto do Itaqui, mas governo tenta abafar consequ\u00eancias - Daniel Matos\" \/>\n<meta property=\"og:description\" content=\"Um inc\u00eandio de graves propor\u00e7\u00f5es e de causa ainda desconhecida em\u00a0um galp\u00e3o da Suzano Celulose paralisou as opera\u00e7\u00f5es no Porto [&hellip;]\" \/>\n<meta property=\"og:url\" content=\"https:\/\/www.blogsoestado.com\/danielmatos\/incendio-para-porto-do-itaqui-mas-governo-tenta-abafar-consequencias\/\" \/>\n<meta property=\"og:site_name\" content=\"Daniel Matos\" \/>\n<meta property=\"article:published_time\" content=\"2015-01-29T13:20:37+00:00\" \/>\n<meta name=\"twitter:card\" content=\"summary_large_image\" \/>\n<meta name=\"twitter:label1\" content=\"Est. tempo de leitura\" \/>\n\t<meta name=\"twitter:data1\" content=\"2 minutos\" \/>\n<script type=\"application\/ld+json\" class=\"yoast-schema-graph\">{\"@context\":\"https:\/\/schema.org\",\"@graph\":[{\"@type\":\"WebPage\",\"@id\":\"https:\/\/www.blogsoestado.com\/danielmatos\/incendio-para-porto-do-itaqui-mas-governo-tenta-abafar-consequencias\/\",\"url\":\"https:\/\/www.blogsoestado.com\/danielmatos\/incendio-para-porto-do-itaqui-mas-governo-tenta-abafar-consequencias\/\",\"name\":\"Inc\u00eandio para Porto do Itaqui, mas governo tenta abafar consequ\u00eancias - Daniel Matos\",\"isPartOf\":{\"@id\":\"https:\/\/www.blogsoestado.com\/danielmatos\/#website\"},\"datePublished\":\"2015-01-29T13:20:37+00:00\",\"author\":{\"@id\":\"\"},\"breadcrumb\":{\"@id\":\"https:\/\/www.blogsoestado.com\/danielmatos\/incendio-para-porto-do-itaqui-mas-governo-tenta-abafar-consequencias\/#breadcrumb\"},\"inLanguage\":\"pt-BR\",\"potentialAction\":[{\"@type\":\"ReadAction\",\"target\":[\"https:\/\/www.blogsoestado.com\/danielmatos\/incendio-para-porto-do-itaqui-mas-governo-tenta-abafar-consequencias\/\"]}]},{\"@type\":\"BreadcrumbList\",\"@id\":\"https:\/\/www.blogsoestado.com\/danielmatos\/incendio-para-porto-do-itaqui-mas-governo-tenta-abafar-consequencias\/#breadcrumb\",\"itemListElement\":[{\"@type\":\"ListItem\",\"position\":1,\"name\":\"In\u00edcio\",\"item\":\"https:\/\/www.blogsoestado.com\/danielmatos\/\"},{\"@type\":\"ListItem\",\"position\":2,\"name\":\"Inc\u00eandio para Porto do Itaqui, mas governo tenta abafar consequ\u00eancias\"}]},{\"@type\":\"WebSite\",\"@id\":\"https:\/\/www.blogsoestado.com\/danielmatos\/#website\",\"url\":\"https:\/\/www.blogsoestado.com\/danielmatos\/\",\"name\":\"Daniel Matos\",\"description\":\"\",\"potentialAction\":[{\"@type\":\"SearchAction\",\"target\":{\"@type\":\"EntryPoint\",\"urlTemplate\":\"https:\/\/www.blogsoestado.com\/danielmatos\/?s={search_term_string}\"},\"query-input\":{\"@type\":\"PropertyValueSpecification\",\"valueRequired\":true,\"valueName\":\"search_term_string\"}}],\"inLanguage\":\"pt-BR\"}]}<\/script>\n<!-- \/ Yoast SEO plugin. -->","yoast_head_json":{"title":"Inc\u00eandio para Porto do Itaqui, mas governo tenta abafar consequ\u00eancias - Daniel Matos","robots":{"index":"index","follow":"follow","max-snippet":"max-snippet:-1","max-image-preview":"max-image-preview:large","max-video-preview":"max-video-preview:-1"},"canonical":"https:\/\/www.blogsoestado.com\/danielmatos\/incendio-para-porto-do-itaqui-mas-governo-tenta-abafar-consequencias\/","og_locale":"pt_BR","og_type":"article","og_title":"Inc\u00eandio para Porto do Itaqui, mas governo tenta abafar consequ\u00eancias - Daniel Matos","og_description":"Um inc\u00eandio de graves propor\u00e7\u00f5es e de causa ainda desconhecida em\u00a0um galp\u00e3o da Suzano Celulose paralisou as opera\u00e7\u00f5es no Porto [&hellip;]","og_url":"https:\/\/www.blogsoestado.com\/danielmatos\/incendio-para-porto-do-itaqui-mas-governo-tenta-abafar-consequencias\/","og_site_name":"Daniel Matos","article_published_time":"2015-01-29T13:20:37+00:00","twitter_card":"summary_large_image","twitter_misc":{"Est. tempo de leitura":"2 minutos"},"schema":{"@context":"https:\/\/schema.org","@graph":[{"@type":"WebPage","@id":"https:\/\/www.blogsoestado.com\/danielmatos\/incendio-para-porto-do-itaqui-mas-governo-tenta-abafar-consequencias\/","url":"https:\/\/www.blogsoestado.com\/danielmatos\/incendio-para-porto-do-itaqui-mas-governo-tenta-abafar-consequencias\/","name":"Inc\u00eandio para Porto do Itaqui, mas governo tenta abafar consequ\u00eancias - Daniel Matos","isPartOf":{"@id":"https:\/\/www.blogsoestado.com\/danielmatos\/#website"},"datePublished":"2015-01-29T13:20:37+00:00","author":{"@id":""},"breadcrumb":{"@id":"https:\/\/www.blogsoestado.com\/danielmatos\/incendio-para-porto-do-itaqui-mas-governo-tenta-abafar-consequencias\/#breadcrumb"},"inLanguage":"pt-BR","potentialAction":[{"@type":"ReadAction","target":["https:\/\/www.blogsoestado.com\/danielmatos\/incendio-para-porto-do-itaqui-mas-governo-tenta-abafar-consequencias\/"]}]},{"@type":"BreadcrumbList","@id":"https:\/\/www.blogsoestado.com\/danielmatos\/incendio-para-porto-do-itaqui-mas-governo-tenta-abafar-consequencias\/#breadcrumb","itemListElement":[{"@type":"ListItem","position":1,"name":"In\u00edcio","item":"https:\/\/www.blogsoestado.com\/danielmatos\/"},{"@type":"ListItem","position":2,"name":"Inc\u00eandio para Porto do Itaqui, mas governo tenta abafar consequ\u00eancias"}]},{"@type":"WebSite","@id":"https:\/\/www.blogsoestado.com\/danielmatos\/#website","url":"https:\/\/www.blogsoestado.com\/danielmatos\/","name":"Daniel Matos","description":"","potentialAction":[{"@type":"SearchAction","target":{"@type":"EntryPoint","urlTemplate":"https:\/\/www.blogsoestado.com\/danielmatos\/?s={search_term_string}"},"query-input":{"@type":"PropertyValueSpecification","valueRequired":true,"valueName":"search_term_string"}}],"inLanguage":"pt-BR"}]}},"jetpack_featured_media_url":"","_links":{"self":[{"href":"https:\/\/www.blogsoestado.com\/danielmatos\/wp-json\/wp\/v2\/posts\/21857","targetHints":{"allow":["GET"]}}],"collection":[{"href":"https:\/\/www.blogsoestado.com\/danielmatos\/wp-json\/wp\/v2\/posts"}],"about":[{"href":"https:\/\/www.blogsoestado.com\/danielmatos\/wp-json\/wp\/v2\/types\/post"}],"replies":[{"embeddable":true,"href":"https:\/\/www.blogsoestado.com\/danielmatos\/wp-json\/wp\/v2\/comments?post=21857"}],"version-history":[{"count":0,"href":"https:\/\/www.blogsoestado.com\/danielmatos\/wp-json\/wp\/v2\/posts\/21857\/revisions"}],"wp:attachment":[{"href":"https:\/\/www.blogsoestado.com\/danielmatos\/wp-json\/wp\/v2\/media?parent=21857"}],"wp:term":[{"taxonomy":"category","embeddable":true,"href":"https:\/\/www.blogsoestado.com\/danielmatos\/wp-json\/wp\/v2\/categories?post=21857"},{"taxonomy":"post_tag","embeddable":true,"href":"https:\/\/www.blogsoestado.com\/danielmatos\/wp-json\/wp\/v2\/tags?post=21857"}],"curies":[{"name":"wp","href":"https:\/\/api.w.org\/{rel}","templated":true}]}}