{"id":2191,"date":"2010-05-18T11:20:13","date_gmt":"2010-05-18T14:20:13","guid":{"rendered":"https:\/\/www.blogsoestado.com\/danielmatos\/?p=2191"},"modified":"2010-05-18T11:20:13","modified_gmt":"2010-05-18T14:20:13","slug":"sao-domingos-do-ma-populacao-revoltada-com-aumento-da-taxa-de-iluminacao-publica","status":"publish","type":"post","link":"https:\/\/www.blogsoestado.com\/danielmatos\/sao-domingos-do-ma-populacao-revoltada-com-aumento-da-taxa-de-iluminacao-publica\/","title":{"rendered":"S\u00e3o Domingos do MA: popula\u00e7\u00e3o revoltada com aumento da taxa de ilumina\u00e7\u00e3o p\u00fablica"},"content":{"rendered":"<p><strong>Por Cleidy Teixeira, professor<\/strong><\/p>\n<p><img fetchpriority=\"high\" decoding=\"async\" class=\"alignleft size-full wp-image-2192\" src=\"https:\/\/www.blogsoestado.com\/danielmatos\/files\/2010\/05\/ilumina-s\u00e3o-domingos.JPG\" alt=\"ilumina s\u00e3o domingos\" width=\"400\" height=\"300\" \/>Pol\u00eamica \u00e0 vista. O foco \u00e9 a taxa de ilumina\u00e7\u00e3o p\u00fablica, que est\u00e1 acendendo os \u00e2nimos na cidade. Para conseguir cumprir\u00a0compromissos de campanha, o prefeito Kleber Tratorz\u00e3o (PDT) conseguiu a aprova\u00e7\u00e3o (ano passado) de uma nova tabela que implementou altera\u00e7\u00e3o nos valores a serem pagos pelos contribuintes. Mas esses par\u00e2metros comprometem o or\u00e7amento das fam\u00edlias sandomingueses.<br \/>\n\u00a0<br \/>\nOs moradores de \u00e1reas carentes de ilumina\u00e7\u00e3o p\u00fablica se revoltam com essa nova cobran\u00e7a, j\u00e1 que, muitas vezes, s\u00e3o eles que bancam, do pr\u00f3prio bolso, as l\u00e2mpadas que iluminam suas ruas. \u201cO pior \u00e9 que pagamos essa alta taxa de ilumina\u00e7\u00e3o p\u00fablica e as l\u00e2mpadas de muitos postes est\u00e3o queimadas\u201d, reclamam, indignados.<\/p>\n<p>Vemos um absurdo atr\u00e1s do outro! Um abuso atr\u00e1s do outro! Erros sucedidos por mais erros!<\/p>\n<p>Pelo visto, para o Sr. Prefeito, desgra\u00e7a pouca \u00e9 bobagem&#8230;<\/p>\n<p>Muitos eleitores sandominguenses hoje pensam que, se arrependimento matasse, estariam perdidos.<\/p>\n","protected":false},"excerpt":{"rendered":"<p>Por Cleidy Teixeira, professor Pol\u00eamica \u00e0 vista. O foco \u00e9 a taxa de ilumina\u00e7\u00e3o p\u00fablica, que est\u00e1 acendendo os \u00e2nimos [&hellip;]<\/p>\n","protected":false},"author":0,"featured_media":0,"comment_status":"open","ping_status":"open","sticky":false,"template":"","format":"standard","meta":{"site-sidebar-layout":"default","site-content-layout":"","ast-site-content-layout":"default","site-content-style":"default","site-sidebar-style":"default","ast-global-header-display":"","ast-banner-title-visibility":"","ast-main-header-display":"","ast-hfb-above-header-display":"","ast-hfb-below-header-display":"","ast-hfb-mobile-header-display":"","site-post-title":"","ast-breadcrumbs-content":"","ast-featured-img":"","footer-sml-layout":"","ast-disable-related-posts":"","theme-transparent-header-meta":"","adv-header-id-meta":"","stick-header-meta":"","header-above-stick-meta":"","header-main-stick-meta":"","header-below-stick-meta":"","astra-migrate-meta-layouts":"default","ast-page-background-enabled":"default","ast-page-background-meta":{"desktop":{"background-color":"var(--ast-global-color-5)","background-image":"","background-repeat":"repeat","background-position":"center center","background-size":"auto","background-attachment":"scroll","background-type":"","background-media":"","overlay-type":"","overlay-color":"","overlay-opacity":"","overlay-gradient":""},"tablet":{"background-color":"","background-image":"","background-repeat":"repeat","background-position":"center center","background-size":"auto","background-attachment":"scroll","background-type":"","background-media":"","overlay-type":"","overlay-color":"","overlay-opacity":"","overlay-gradient":""},"mobile":{"background-color":"","background-image":"","background-repeat":"repeat","background-position":"center center","background-size":"auto","background-attachment":"scroll","background-type":"","background-media":"","overlay-type":"","overlay-color":"","overlay-opacity":"","overlay-gradient":""}},"ast-content-background-meta":{"desktop":{"background-color":"var(--ast-global-color-4)","background-image":"","background-repeat":"repeat","background-position":"center center","background-size":"auto","background-attachment":"scroll","background-type":"","background-media":"","overlay-type":"","overlay-color":"","overlay-opacity":"","overlay-gradient":""},"tablet":{"background-color":"var(--ast-global-color-4)","background-image":"","background-repeat":"repeat","background-position":"center center","background-size":"auto","background-attachment":"scroll","background-type":"","background-media":"","overlay-type":"","overlay-color":"","overlay-opacity":"","overlay-gradient":""},"mobile":{"background-color":"var(--ast-global-color-4)","background-image":"","background-repeat":"repeat","background-position":"center center","background-size":"auto","background-attachment":"scroll","background-type":"","background-media":"","overlay-type":"","overlay-color":"","overlay-opacity":"","overlay-gradient":""}},"footnotes":""},"categories":[1],"tags":[],"class_list":["post-2191","post","type-post","status-publish","format-standard","hentry","category-sem-categoria"],"yoast_head":"<!-- This site is optimized with the Yoast SEO plugin v26.6 - https:\/\/yoast.com\/wordpress\/plugins\/seo\/ -->\n<title>S\u00e3o Domingos do MA: popula\u00e7\u00e3o revoltada com aumento da taxa de ilumina\u00e7\u00e3o p\u00fablica - Daniel Matos<\/title>\n<meta name=\"robots\" content=\"index, follow, max-snippet:-1, max-image-preview:large, max-video-preview:-1\" \/>\n<link rel=\"canonical\" href=\"https:\/\/www.blogsoestado.com\/danielmatos\/sao-domingos-do-ma-populacao-revoltada-com-aumento-da-taxa-de-iluminacao-publica\/\" \/>\n<meta property=\"og:locale\" content=\"pt_BR\" \/>\n<meta property=\"og:type\" content=\"article\" \/>\n<meta property=\"og:title\" content=\"S\u00e3o Domingos do MA: popula\u00e7\u00e3o revoltada com aumento da taxa de ilumina\u00e7\u00e3o p\u00fablica - Daniel Matos\" \/>\n<meta property=\"og:description\" content=\"Por Cleidy Teixeira, professor Pol\u00eamica \u00e0 vista. O foco \u00e9 a taxa de ilumina\u00e7\u00e3o p\u00fablica, que est\u00e1 acendendo os \u00e2nimos [&hellip;]\" \/>\n<meta property=\"og:url\" content=\"https:\/\/www.blogsoestado.com\/danielmatos\/sao-domingos-do-ma-populacao-revoltada-com-aumento-da-taxa-de-iluminacao-publica\/\" \/>\n<meta property=\"og:site_name\" content=\"Daniel Matos\" \/>\n<meta property=\"article:published_time\" content=\"2010-05-18T14:20:13+00:00\" \/>\n<meta name=\"twitter:card\" content=\"summary_large_image\" \/>\n<meta name=\"twitter:label1\" content=\"Est. tempo de leitura\" \/>\n\t<meta name=\"twitter:data1\" content=\"1 minuto\" \/>\n<script type=\"application\/ld+json\" class=\"yoast-schema-graph\">{\"@context\":\"https:\/\/schema.org\",\"@graph\":[{\"@type\":\"WebPage\",\"@id\":\"https:\/\/www.blogsoestado.com\/danielmatos\/sao-domingos-do-ma-populacao-revoltada-com-aumento-da-taxa-de-iluminacao-publica\/\",\"url\":\"https:\/\/www.blogsoestado.com\/danielmatos\/sao-domingos-do-ma-populacao-revoltada-com-aumento-da-taxa-de-iluminacao-publica\/\",\"name\":\"S\u00e3o Domingos do MA: popula\u00e7\u00e3o revoltada com aumento da taxa de ilumina\u00e7\u00e3o p\u00fablica - Daniel Matos\",\"isPartOf\":{\"@id\":\"https:\/\/www.blogsoestado.com\/danielmatos\/#website\"},\"datePublished\":\"2010-05-18T14:20:13+00:00\",\"author\":{\"@id\":\"\"},\"breadcrumb\":{\"@id\":\"https:\/\/www.blogsoestado.com\/danielmatos\/sao-domingos-do-ma-populacao-revoltada-com-aumento-da-taxa-de-iluminacao-publica\/#breadcrumb\"},\"inLanguage\":\"pt-BR\",\"potentialAction\":[{\"@type\":\"ReadAction\",\"target\":[\"https:\/\/www.blogsoestado.com\/danielmatos\/sao-domingos-do-ma-populacao-revoltada-com-aumento-da-taxa-de-iluminacao-publica\/\"]}]},{\"@type\":\"BreadcrumbList\",\"@id\":\"https:\/\/www.blogsoestado.com\/danielmatos\/sao-domingos-do-ma-populacao-revoltada-com-aumento-da-taxa-de-iluminacao-publica\/#breadcrumb\",\"itemListElement\":[{\"@type\":\"ListItem\",\"position\":1,\"name\":\"In\u00edcio\",\"item\":\"https:\/\/www.blogsoestado.com\/danielmatos\/\"},{\"@type\":\"ListItem\",\"position\":2,\"name\":\"S\u00e3o Domingos do MA: popula\u00e7\u00e3o revoltada com aumento da taxa de ilumina\u00e7\u00e3o p\u00fablica\"}]},{\"@type\":\"WebSite\",\"@id\":\"https:\/\/www.blogsoestado.com\/danielmatos\/#website\",\"url\":\"https:\/\/www.blogsoestado.com\/danielmatos\/\",\"name\":\"Daniel Matos\",\"description\":\"\",\"potentialAction\":[{\"@type\":\"SearchAction\",\"target\":{\"@type\":\"EntryPoint\",\"urlTemplate\":\"https:\/\/www.blogsoestado.com\/danielmatos\/?s={search_term_string}\"},\"query-input\":{\"@type\":\"PropertyValueSpecification\",\"valueRequired\":true,\"valueName\":\"search_term_string\"}}],\"inLanguage\":\"pt-BR\"}]}<\/script>\n<!-- \/ Yoast SEO plugin. -->","yoast_head_json":{"title":"S\u00e3o Domingos do MA: popula\u00e7\u00e3o revoltada com aumento da taxa de ilumina\u00e7\u00e3o p\u00fablica - Daniel Matos","robots":{"index":"index","follow":"follow","max-snippet":"max-snippet:-1","max-image-preview":"max-image-preview:large","max-video-preview":"max-video-preview:-1"},"canonical":"https:\/\/www.blogsoestado.com\/danielmatos\/sao-domingos-do-ma-populacao-revoltada-com-aumento-da-taxa-de-iluminacao-publica\/","og_locale":"pt_BR","og_type":"article","og_title":"S\u00e3o Domingos do MA: popula\u00e7\u00e3o revoltada com aumento da taxa de ilumina\u00e7\u00e3o p\u00fablica - Daniel Matos","og_description":"Por Cleidy Teixeira, professor Pol\u00eamica \u00e0 vista. O foco \u00e9 a taxa de ilumina\u00e7\u00e3o p\u00fablica, que est\u00e1 acendendo os \u00e2nimos [&hellip;]","og_url":"https:\/\/www.blogsoestado.com\/danielmatos\/sao-domingos-do-ma-populacao-revoltada-com-aumento-da-taxa-de-iluminacao-publica\/","og_site_name":"Daniel Matos","article_published_time":"2010-05-18T14:20:13+00:00","twitter_card":"summary_large_image","twitter_misc":{"Est. tempo de leitura":"1 minuto"},"schema":{"@context":"https:\/\/schema.org","@graph":[{"@type":"WebPage","@id":"https:\/\/www.blogsoestado.com\/danielmatos\/sao-domingos-do-ma-populacao-revoltada-com-aumento-da-taxa-de-iluminacao-publica\/","url":"https:\/\/www.blogsoestado.com\/danielmatos\/sao-domingos-do-ma-populacao-revoltada-com-aumento-da-taxa-de-iluminacao-publica\/","name":"S\u00e3o Domingos do MA: popula\u00e7\u00e3o revoltada com aumento da taxa de ilumina\u00e7\u00e3o p\u00fablica - Daniel Matos","isPartOf":{"@id":"https:\/\/www.blogsoestado.com\/danielmatos\/#website"},"datePublished":"2010-05-18T14:20:13+00:00","author":{"@id":""},"breadcrumb":{"@id":"https:\/\/www.blogsoestado.com\/danielmatos\/sao-domingos-do-ma-populacao-revoltada-com-aumento-da-taxa-de-iluminacao-publica\/#breadcrumb"},"inLanguage":"pt-BR","potentialAction":[{"@type":"ReadAction","target":["https:\/\/www.blogsoestado.com\/danielmatos\/sao-domingos-do-ma-populacao-revoltada-com-aumento-da-taxa-de-iluminacao-publica\/"]}]},{"@type":"BreadcrumbList","@id":"https:\/\/www.blogsoestado.com\/danielmatos\/sao-domingos-do-ma-populacao-revoltada-com-aumento-da-taxa-de-iluminacao-publica\/#breadcrumb","itemListElement":[{"@type":"ListItem","position":1,"name":"In\u00edcio","item":"https:\/\/www.blogsoestado.com\/danielmatos\/"},{"@type":"ListItem","position":2,"name":"S\u00e3o Domingos do MA: popula\u00e7\u00e3o revoltada com aumento da taxa de ilumina\u00e7\u00e3o p\u00fablica"}]},{"@type":"WebSite","@id":"https:\/\/www.blogsoestado.com\/danielmatos\/#website","url":"https:\/\/www.blogsoestado.com\/danielmatos\/","name":"Daniel Matos","description":"","potentialAction":[{"@type":"SearchAction","target":{"@type":"EntryPoint","urlTemplate":"https:\/\/www.blogsoestado.com\/danielmatos\/?s={search_term_string}"},"query-input":{"@type":"PropertyValueSpecification","valueRequired":true,"valueName":"search_term_string"}}],"inLanguage":"pt-BR"}]}},"jetpack_featured_media_url":"","_links":{"self":[{"href":"https:\/\/www.blogsoestado.com\/danielmatos\/wp-json\/wp\/v2\/posts\/2191","targetHints":{"allow":["GET"]}}],"collection":[{"href":"https:\/\/www.blogsoestado.com\/danielmatos\/wp-json\/wp\/v2\/posts"}],"about":[{"href":"https:\/\/www.blogsoestado.com\/danielmatos\/wp-json\/wp\/v2\/types\/post"}],"replies":[{"embeddable":true,"href":"https:\/\/www.blogsoestado.com\/danielmatos\/wp-json\/wp\/v2\/comments?post=2191"}],"version-history":[{"count":0,"href":"https:\/\/www.blogsoestado.com\/danielmatos\/wp-json\/wp\/v2\/posts\/2191\/revisions"}],"wp:attachment":[{"href":"https:\/\/www.blogsoestado.com\/danielmatos\/wp-json\/wp\/v2\/media?parent=2191"}],"wp:term":[{"taxonomy":"category","embeddable":true,"href":"https:\/\/www.blogsoestado.com\/danielmatos\/wp-json\/wp\/v2\/categories?post=2191"},{"taxonomy":"post_tag","embeddable":true,"href":"https:\/\/www.blogsoestado.com\/danielmatos\/wp-json\/wp\/v2\/tags?post=2191"}],"curies":[{"name":"wp","href":"https:\/\/api.w.org\/{rel}","templated":true}]}}