{"id":21931,"date":"2015-02-01T15:32:08","date_gmt":"2015-02-01T18:32:08","guid":{"rendered":"https:\/\/www.blogsoestado.com\/danielmatos\/?p=21931"},"modified":"2015-02-01T15:32:08","modified_gmt":"2015-02-01T18:32:08","slug":"assembleia-empossa-deputados-e-elege-humberto-coutinho-presidente","status":"publish","type":"post","link":"https:\/\/www.blogsoestado.com\/danielmatos\/assembleia-empossa-deputados-e-elege-humberto-coutinho-presidente\/","title":{"rendered":"Assembleia empossa deputados e elege Humberto Coutinho presidente"},"content":{"rendered":"<figure id=\"attachment_21932\" aria-describedby=\"caption-attachment-21932\" style=\"width: 723px\" class=\"wp-caption aligncenter\"><a href=\"https:\/\/www.blogsoestado.com\/danielmatos\/files\/2015\/02\/al-posse.jpg\"><img fetchpriority=\"high\" decoding=\"async\" class=\"size-full wp-image-21932\" src=\"https:\/\/www.blogsoestado.com\/danielmatos\/files\/2015\/02\/al-posse.jpg\" alt=\"Os 42 Deputados estaduais foram empossados para a 18\u00aa legislatura \" width=\"723\" height=\"480\" \/><\/a><figcaption id=\"caption-attachment-21932\" class=\"wp-caption-text\">Os 42 deputados estaduais foram empossados para a 18\u00aa legislatura<\/figcaption><\/figure>\n<p>A Assembleia Legislativa do Estado do Maranh\u00e3o empossou neste domingo, 1\u00ba de fevereiro, os 42 deputados eleitos em outubro de 2014, para exercer mandatos no poder Legislativo durante o quadri\u00eanio 2015\/2018. A solenidade come\u00e7ou \u00e0s 10h e terminou \u00e0s 10h30m, no plen\u00e1rio Nagib Haickel.<\/p>\n<p>Conforme estabeleceu o Regimento Interno da Assembleia Legislativa do Estado do Maranh\u00e3o, a solenidade foi conduzida pelo deputado Rigo Teles (PV), o decano mais velho da Casa. O parlamentar conquistou cinco mandatos consecutivos. Os trabalhos de posse dos parlamentares tamb\u00e9m foram assistidos pelos deputados F\u00e1bio Braga (PTdoB) e pela deputada Nina Melo (PMDB).<\/p>\n<p>O deputado St\u00eanio Resende (PRTB) j\u00e1 foi eleito por cinco mandatos consecutivos, mas, por for\u00e7a do Regimento, coube a Rigo comandar a posse e a elei\u00e7\u00e3o, j\u00e1 que \u00e9 quatro meses mais velho que St\u00eanio.<\/p>\n<p>Na solenidade, Rigo Teles, de p\u00e9, proclamou o nome dos deputados empossados e proferiu o compromisso: \u201cPrometo manter, defender e cumprir a Constitui\u00e7\u00e3o do Brasil e a Constitui\u00e7\u00e3o do Estado; observar as Leis, desempenhando com lealdade, dedica\u00e7\u00e3o e \u00e9tica o mandato que me foi confiado pelo povo do Maranh\u00e3o\u201d. Depois da chamada nominal, cada deputado, de p\u00e9, ratificou o compromisso, dizendo: \u201cAssim o prometo\u201d.<\/p>\n<figure id=\"attachment_21933\" aria-describedby=\"caption-attachment-21933\" style=\"width: 723px\" class=\"wp-caption aligncenter\"><a href=\"https:\/\/www.blogsoestado.com\/danielmatos\/files\/2015\/02\/al-posse2.jpg\"><img decoding=\"async\" class=\"size-full wp-image-21933\" src=\"https:\/\/www.blogsoestado.com\/danielmatos\/files\/2015\/02\/al-posse2.jpg\" alt=\"Deputado Humberto Coutinho (ao centro) presidir\u00e1 a Assembleia Legislativa pelos pr\u00f3ximos dois anos\" width=\"723\" height=\"480\" \/><\/a><figcaption id=\"caption-attachment-21933\" class=\"wp-caption-text\">Deputado Humberto Coutinho (ao centro) presidir\u00e1 a Assembleia Legislativa pelos pr\u00f3ximos dois anos<\/figcaption><\/figure>\n<p>Ap\u00f3s a solenidade, todos os deputados foram cumprimentados por familiares, amigos, correligion\u00e1rios, diretores e demais servidores da Assembleia. Eles agradeceram a elei\u00e7\u00e3o e prometeram trabalhar pela melhoria da qualidade de vida da popula\u00e7\u00e3o.<\/p>\n<p>A elei\u00e7\u00e3o da Mesa Diretora aconteceu pouco depois da posse dos deputados. O deputado Humberto Coutinho (PDT) foi eleito presidente da Casa.<\/p>\n<p><strong>RENOVA\u00c7\u00c3O SUPEROU O PERCENTUAL DE 50%<\/strong><\/p>\n<p>De acordo com dados do Tribunal Regional Eleitoral (TRE-MA), a Assembleia Legislativa do Maranh\u00e3o teve uma renova\u00e7\u00e3o de pouco mais de 50%. Veja a seguir a rela\u00e7\u00e3o dos deputados estaduais reeleitos e eleitos nas elei\u00e7\u00f5es do dia 5 de outubro de 2014:<\/p>\n<p><strong>REELEITOS<\/strong><\/p>\n<p>1 &#8211; Ant\u00f4nio Pereira (DEM) \u2013 73.353 votos<br \/>\n2- Roberto Costa (PMDB) \u2013 57.559 votos<br \/>\n3 &#8211; Edil\u00e1zio (PV) \u2013 56.239 votos<br \/>\n4 &#8211; Edson Ara\u00fajo (PSL) \u2013 55.269 votos<br \/>\n5 &#8211; L\u00e9o Cunha (PSC) \u2013 50.828 votos<br \/>\n6 &#8211; Max Barros (PMDB) \u2013 49.495 votos<br \/>\n7 &#8211; Eduardo Braide (PMN) \u2013 47.519 votos<br \/>\n8 &#8211; Carlinhos Flor\u00eancio (PHS) \u2013 42.032 votos<br \/>\n9 &#8211; St\u00eanio Resende (PRTB) \u2013 41.857 votos<br \/>\n10 &#8211; Rigo Teles (PV) \u2013 41.016 votos<br \/>\n11 &#8211; Bira do Pindar\u00e9 (PSB) \u2013 38.829 votos<br \/>\n12- Rog\u00e9rio Cafeteira (PSC) \u2013 37.229 votos<br \/>\n13 &#8211; Neto Evangelista (PSDB) \u2013 36.297 votos<br \/>\n14 &#8211; C\u00e9sar Pires (DEM) \u2013 36.221 votos<br \/>\n15 &#8211; Alexandre Almeida (PTN) \u2013 36.021 votos<br \/>\n16 &#8211; Raimundo Cutrim (PC do B) \u2013 33.760 votos<br \/>\n17- Val\u00e9ria Macedo (PDT) \u2013 33.159 votos<br \/>\n18- Gra\u00e7a Paz (PSL) \u2013 30.313 votos<br \/>\n19 &#8211; Othelino Neto (PC do B) \u2013 30.196 votos<br \/>\n20 &#8211; Francisca Primo (PT) \u2013 27.330 votos<\/p>\n<p><strong>ELEITOS<\/strong><\/p>\n<p>1 &#8211; Josimar do Maranh\u00e3ozinho (PR) &#8211; 99.252 votos<br \/>\n2 &#8211; Glauber Cutrim (PRB) \u2013 85.984 votos<br \/>\n3- Ana do G\u00e1s (PRB) \u2013 78.287 votos<br \/>\n4- Andrea Murad (PMDB) \u2013 77.889 votos<br \/>\n5 &#8211; Humberto Coutinho (PDT) \u2013 67.982<br \/>\n6 &#8211; Nina Melo (PMDB) \u2013 52.979 votos<br \/>\n7- Adriano Sarney (PV) \u2013 48.463 votos<br \/>\n8 &#8211; Souza Neto (PTN) &#8211; 48.118 votos<br \/>\n9 &#8211; Z\u00e9 In\u00e1cio (PT) \u2013 38.753 votos<br \/>\n10 &#8211; Ricardo Rios (PEN) \u2013 38.575 votos<br \/>\n11 &#8211; F\u00e1bio Macedo (PDT) \u2013 35.770 votos<br \/>\n12 &#8211; Paulo Neto (PSDC) \u2013 34.580 votos<br \/>\n13- Vin\u00edcius Louro (PR) \u2013 32.870 votos<br \/>\n14 &#8211; J\u00fanior Verde (PRB) \u2013 32.223 votos<br \/>\n15 &#8211; Edivaldo Holanda (PTC) \u2013 31.688 votos<br \/>\n16 &#8211; Professor Marco Aur\u00e9lio (PC do B) \u2013 30.900 votos<br \/>\n17- S\u00e9rgio Frota (PSDB) \u2013 30.525 votos<br \/>\n18- F\u00e1bio Braga (PT do B) &#8211; 29.612 votos<br \/>\n19 &#8211; Hemet\u00e9rio Weba (PV) \u2013 27.459 votos<br \/>\n20 &#8211; Wellington do Curso (PPS) \u2013 22.896 votos<br \/>\n21- Levi Pontes (SD) \u2013 19.603 votos<br \/>\n22- Cabo Campos (PP) \u2013 19. 298 votos<\/p>\n<p><strong>Fonte:<\/strong> Ag\u00eancia Assembleia<\/p>\n","protected":false},"excerpt":{"rendered":"<p>A Assembleia Legislativa do Estado do Maranh\u00e3o empossou neste domingo, 1\u00ba de fevereiro, os 42 deputados eleitos em outubro de [&hellip;]<\/p>\n","protected":false},"author":0,"featured_media":0,"comment_status":"open","ping_status":"open","sticky":false,"template":"","format":"standard","meta":{"site-sidebar-layout":"default","site-content-layout":"","ast-site-content-layout":"default","site-content-style":"default","site-sidebar-style":"default","ast-global-header-display":"","ast-banner-title-visibility":"","ast-main-header-display":"","ast-hfb-above-header-display":"","ast-hfb-below-header-display":"","ast-hfb-mobile-header-display":"","site-post-title":"","ast-breadcrumbs-content":"","ast-featured-img":"","footer-sml-layout":"","ast-disable-related-posts":"","theme-transparent-header-meta":"","adv-header-id-meta":"","stick-header-meta":"","header-above-stick-meta":"","header-main-stick-meta":"","header-below-stick-meta":"","astra-migrate-meta-layouts":"default","ast-page-background-enabled":"default","ast-page-background-meta":{"desktop":{"background-color":"var(--ast-global-color-5)","background-image":"","background-repeat":"repeat","background-position":"center center","background-size":"auto","background-attachment":"scroll","background-type":"","background-media":"","overlay-type":"","overlay-color":"","overlay-opacity":"","overlay-gradient":""},"tablet":{"background-color":"","background-image":"","background-repeat":"repeat","background-position":"center center","background-size":"auto","background-attachment":"scroll","background-type":"","background-media":"","overlay-type":"","overlay-color":"","overlay-opacity":"","overlay-gradient":""},"mobile":{"background-color":"","background-image":"","background-repeat":"repeat","background-position":"center center","background-size":"auto","background-attachment":"scroll","background-type":"","background-media":"","overlay-type":"","overlay-color":"","overlay-opacity":"","overlay-gradient":""}},"ast-content-background-meta":{"desktop":{"background-color":"var(--ast-global-color-4)","background-image":"","background-repeat":"repeat","background-position":"center center","background-size":"auto","background-attachment":"scroll","background-type":"","background-media":"","overlay-type":"","overlay-color":"","overlay-opacity":"","overlay-gradient":""},"tablet":{"background-color":"var(--ast-global-color-4)","background-image":"","background-repeat":"repeat","background-position":"center center","background-size":"auto","background-attachment":"scroll","background-type":"","background-media":"","overlay-type":"","overlay-color":"","overlay-opacity":"","overlay-gradient":""},"mobile":{"background-color":"var(--ast-global-color-4)","background-image":"","background-repeat":"repeat","background-position":"center center","background-size":"auto","background-attachment":"scroll","background-type":"","background-media":"","overlay-type":"","overlay-color":"","overlay-opacity":"","overlay-gradient":""}},"footnotes":""},"categories":[1],"tags":[],"class_list":["post-21931","post","type-post","status-publish","format-standard","hentry","category-sem-categoria"],"yoast_head":"<!-- This site is optimized with the Yoast SEO plugin v26.6 - https:\/\/yoast.com\/wordpress\/plugins\/seo\/ -->\n<title>Assembleia empossa deputados e elege Humberto Coutinho presidente - Daniel Matos<\/title>\n<meta name=\"robots\" content=\"index, follow, max-snippet:-1, max-image-preview:large, max-video-preview:-1\" \/>\n<link rel=\"canonical\" href=\"https:\/\/www.blogsoestado.com\/danielmatos\/assembleia-empossa-deputados-e-elege-humberto-coutinho-presidente\/\" \/>\n<meta property=\"og:locale\" content=\"pt_BR\" \/>\n<meta property=\"og:type\" content=\"article\" \/>\n<meta property=\"og:title\" content=\"Assembleia empossa deputados e elege Humberto Coutinho presidente - Daniel Matos\" \/>\n<meta property=\"og:description\" content=\"A Assembleia Legislativa do Estado do Maranh\u00e3o empossou neste domingo, 1\u00ba de fevereiro, os 42 deputados eleitos em outubro de [&hellip;]\" \/>\n<meta property=\"og:url\" content=\"https:\/\/www.blogsoestado.com\/danielmatos\/assembleia-empossa-deputados-e-elege-humberto-coutinho-presidente\/\" \/>\n<meta property=\"og:site_name\" content=\"Daniel Matos\" \/>\n<meta property=\"article:published_time\" content=\"2015-02-01T18:32:08+00:00\" \/>\n<meta property=\"og:image\" content=\"https:\/\/www.blogsoestado.com\/danielmatos\/files\/2015\/02\/al-posse.jpg\" \/>\n<meta name=\"twitter:card\" content=\"summary_large_image\" \/>\n<meta name=\"twitter:label1\" content=\"Est. tempo de leitura\" \/>\n\t<meta name=\"twitter:data1\" content=\"3 minutos\" \/>\n<script type=\"application\/ld+json\" class=\"yoast-schema-graph\">{\"@context\":\"https:\/\/schema.org\",\"@graph\":[{\"@type\":\"WebPage\",\"@id\":\"https:\/\/www.blogsoestado.com\/danielmatos\/assembleia-empossa-deputados-e-elege-humberto-coutinho-presidente\/\",\"url\":\"https:\/\/www.blogsoestado.com\/danielmatos\/assembleia-empossa-deputados-e-elege-humberto-coutinho-presidente\/\",\"name\":\"Assembleia empossa deputados e elege Humberto Coutinho presidente - Daniel Matos\",\"isPartOf\":{\"@id\":\"https:\/\/www.blogsoestado.com\/danielmatos\/#website\"},\"primaryImageOfPage\":{\"@id\":\"https:\/\/www.blogsoestado.com\/danielmatos\/assembleia-empossa-deputados-e-elege-humberto-coutinho-presidente\/#primaryimage\"},\"image\":{\"@id\":\"https:\/\/www.blogsoestado.com\/danielmatos\/assembleia-empossa-deputados-e-elege-humberto-coutinho-presidente\/#primaryimage\"},\"thumbnailUrl\":\"https:\/\/www.blogsoestado.com\/danielmatos\/files\/2015\/02\/al-posse.jpg\",\"datePublished\":\"2015-02-01T18:32:08+00:00\",\"author\":{\"@id\":\"\"},\"breadcrumb\":{\"@id\":\"https:\/\/www.blogsoestado.com\/danielmatos\/assembleia-empossa-deputados-e-elege-humberto-coutinho-presidente\/#breadcrumb\"},\"inLanguage\":\"pt-BR\",\"potentialAction\":[{\"@type\":\"ReadAction\",\"target\":[\"https:\/\/www.blogsoestado.com\/danielmatos\/assembleia-empossa-deputados-e-elege-humberto-coutinho-presidente\/\"]}]},{\"@type\":\"ImageObject\",\"inLanguage\":\"pt-BR\",\"@id\":\"https:\/\/www.blogsoestado.com\/danielmatos\/assembleia-empossa-deputados-e-elege-humberto-coutinho-presidente\/#primaryimage\",\"url\":\"https:\/\/www.blogsoestado.com\/danielmatos\/files\/2015\/02\/al-posse.jpg\",\"contentUrl\":\"https:\/\/www.blogsoestado.com\/danielmatos\/files\/2015\/02\/al-posse.jpg\"},{\"@type\":\"BreadcrumbList\",\"@id\":\"https:\/\/www.blogsoestado.com\/danielmatos\/assembleia-empossa-deputados-e-elege-humberto-coutinho-presidente\/#breadcrumb\",\"itemListElement\":[{\"@type\":\"ListItem\",\"position\":1,\"name\":\"In\u00edcio\",\"item\":\"https:\/\/www.blogsoestado.com\/danielmatos\/\"},{\"@type\":\"ListItem\",\"position\":2,\"name\":\"Assembleia empossa deputados e elege Humberto Coutinho presidente\"}]},{\"@type\":\"WebSite\",\"@id\":\"https:\/\/www.blogsoestado.com\/danielmatos\/#website\",\"url\":\"https:\/\/www.blogsoestado.com\/danielmatos\/\",\"name\":\"Daniel Matos\",\"description\":\"\",\"potentialAction\":[{\"@type\":\"SearchAction\",\"target\":{\"@type\":\"EntryPoint\",\"urlTemplate\":\"https:\/\/www.blogsoestado.com\/danielmatos\/?s={search_term_string}\"},\"query-input\":{\"@type\":\"PropertyValueSpecification\",\"valueRequired\":true,\"valueName\":\"search_term_string\"}}],\"inLanguage\":\"pt-BR\"}]}<\/script>\n<!-- \/ Yoast SEO plugin. -->","yoast_head_json":{"title":"Assembleia empossa deputados e elege Humberto Coutinho presidente - Daniel Matos","robots":{"index":"index","follow":"follow","max-snippet":"max-snippet:-1","max-image-preview":"max-image-preview:large","max-video-preview":"max-video-preview:-1"},"canonical":"https:\/\/www.blogsoestado.com\/danielmatos\/assembleia-empossa-deputados-e-elege-humberto-coutinho-presidente\/","og_locale":"pt_BR","og_type":"article","og_title":"Assembleia empossa deputados e elege Humberto Coutinho presidente - Daniel Matos","og_description":"A Assembleia Legislativa do Estado do Maranh\u00e3o empossou neste domingo, 1\u00ba de fevereiro, os 42 deputados eleitos em outubro de [&hellip;]","og_url":"https:\/\/www.blogsoestado.com\/danielmatos\/assembleia-empossa-deputados-e-elege-humberto-coutinho-presidente\/","og_site_name":"Daniel Matos","article_published_time":"2015-02-01T18:32:08+00:00","og_image":[{"url":"https:\/\/www.blogsoestado.com\/danielmatos\/files\/2015\/02\/al-posse.jpg","type":"","width":"","height":""}],"twitter_card":"summary_large_image","twitter_misc":{"Est. tempo de leitura":"3 minutos"},"schema":{"@context":"https:\/\/schema.org","@graph":[{"@type":"WebPage","@id":"https:\/\/www.blogsoestado.com\/danielmatos\/assembleia-empossa-deputados-e-elege-humberto-coutinho-presidente\/","url":"https:\/\/www.blogsoestado.com\/danielmatos\/assembleia-empossa-deputados-e-elege-humberto-coutinho-presidente\/","name":"Assembleia empossa deputados e elege Humberto Coutinho presidente - Daniel Matos","isPartOf":{"@id":"https:\/\/www.blogsoestado.com\/danielmatos\/#website"},"primaryImageOfPage":{"@id":"https:\/\/www.blogsoestado.com\/danielmatos\/assembleia-empossa-deputados-e-elege-humberto-coutinho-presidente\/#primaryimage"},"image":{"@id":"https:\/\/www.blogsoestado.com\/danielmatos\/assembleia-empossa-deputados-e-elege-humberto-coutinho-presidente\/#primaryimage"},"thumbnailUrl":"https:\/\/www.blogsoestado.com\/danielmatos\/files\/2015\/02\/al-posse.jpg","datePublished":"2015-02-01T18:32:08+00:00","author":{"@id":""},"breadcrumb":{"@id":"https:\/\/www.blogsoestado.com\/danielmatos\/assembleia-empossa-deputados-e-elege-humberto-coutinho-presidente\/#breadcrumb"},"inLanguage":"pt-BR","potentialAction":[{"@type":"ReadAction","target":["https:\/\/www.blogsoestado.com\/danielmatos\/assembleia-empossa-deputados-e-elege-humberto-coutinho-presidente\/"]}]},{"@type":"ImageObject","inLanguage":"pt-BR","@id":"https:\/\/www.blogsoestado.com\/danielmatos\/assembleia-empossa-deputados-e-elege-humberto-coutinho-presidente\/#primaryimage","url":"https:\/\/www.blogsoestado.com\/danielmatos\/files\/2015\/02\/al-posse.jpg","contentUrl":"https:\/\/www.blogsoestado.com\/danielmatos\/files\/2015\/02\/al-posse.jpg"},{"@type":"BreadcrumbList","@id":"https:\/\/www.blogsoestado.com\/danielmatos\/assembleia-empossa-deputados-e-elege-humberto-coutinho-presidente\/#breadcrumb","itemListElement":[{"@type":"ListItem","position":1,"name":"In\u00edcio","item":"https:\/\/www.blogsoestado.com\/danielmatos\/"},{"@type":"ListItem","position":2,"name":"Assembleia empossa deputados e elege Humberto Coutinho presidente"}]},{"@type":"WebSite","@id":"https:\/\/www.blogsoestado.com\/danielmatos\/#website","url":"https:\/\/www.blogsoestado.com\/danielmatos\/","name":"Daniel Matos","description":"","potentialAction":[{"@type":"SearchAction","target":{"@type":"EntryPoint","urlTemplate":"https:\/\/www.blogsoestado.com\/danielmatos\/?s={search_term_string}"},"query-input":{"@type":"PropertyValueSpecification","valueRequired":true,"valueName":"search_term_string"}}],"inLanguage":"pt-BR"}]}},"jetpack_featured_media_url":"","_links":{"self":[{"href":"https:\/\/www.blogsoestado.com\/danielmatos\/wp-json\/wp\/v2\/posts\/21931","targetHints":{"allow":["GET"]}}],"collection":[{"href":"https:\/\/www.blogsoestado.com\/danielmatos\/wp-json\/wp\/v2\/posts"}],"about":[{"href":"https:\/\/www.blogsoestado.com\/danielmatos\/wp-json\/wp\/v2\/types\/post"}],"replies":[{"embeddable":true,"href":"https:\/\/www.blogsoestado.com\/danielmatos\/wp-json\/wp\/v2\/comments?post=21931"}],"version-history":[{"count":0,"href":"https:\/\/www.blogsoestado.com\/danielmatos\/wp-json\/wp\/v2\/posts\/21931\/revisions"}],"wp:attachment":[{"href":"https:\/\/www.blogsoestado.com\/danielmatos\/wp-json\/wp\/v2\/media?parent=21931"}],"wp:term":[{"taxonomy":"category","embeddable":true,"href":"https:\/\/www.blogsoestado.com\/danielmatos\/wp-json\/wp\/v2\/categories?post=21931"},{"taxonomy":"post_tag","embeddable":true,"href":"https:\/\/www.blogsoestado.com\/danielmatos\/wp-json\/wp\/v2\/tags?post=21931"}],"curies":[{"name":"wp","href":"https:\/\/api.w.org\/{rel}","templated":true}]}}