{"id":21935,"date":"2015-02-02T07:12:13","date_gmt":"2015-02-02T10:12:13","guid":{"rendered":"https:\/\/www.blogsoestado.com\/danielmatos\/?p=21935"},"modified":"2015-02-02T07:12:13","modified_gmt":"2015-02-02T10:12:13","slug":"paco-do-lumiar-avanca-nas-discussoes-sobre-regularizacao-fundiaria","status":"publish","type":"post","link":"https:\/\/www.blogsoestado.com\/danielmatos\/paco-do-lumiar-avanca-nas-discussoes-sobre-regularizacao-fundiaria\/","title":{"rendered":"Pa\u00e7o do Lumiar avan\u00e7a nas discuss\u00f5es sobre regulariza\u00e7\u00e3o fundi\u00e1ria"},"content":{"rendered":"<figure id=\"attachment_21936\" aria-describedby=\"caption-attachment-21936\" style=\"width: 640px\" class=\"wp-caption aligncenter\"><a href=\"https:\/\/www.blogsoestado.com\/danielmatos\/files\/2015\/02\/pa\u00e7o-iterma.jpg\"><img fetchpriority=\"high\" decoding=\"async\" class=\"size-full wp-image-21936\" src=\"https:\/\/www.blogsoestado.com\/danielmatos\/files\/2015\/02\/pa\u00e7o-iterma.jpg\" alt=\"Prefeitura e Iterma discutiram meios para regulariza\u00e7\u00e3o e media\u00e7\u00e3o de conflitos existentes nas \u00e1reas ocupadas e amea\u00e7adas de despejo\u200b\" width=\"640\" height=\"480\" \/><\/a><figcaption id=\"caption-attachment-21936\" class=\"wp-caption-text\">Prefeitura e Iterma discutiram meios para regulariza\u00e7\u00e3o e media\u00e7\u00e3o de conflitos nas \u00e1reas com\u00a0amea\u00e7a de despejo\u200b<\/figcaption><\/figure>\n<p>\u200bA Comiss\u00e3o de Regulariza\u00e7\u00e3o Fundi\u00e1ria\u200b de Pa\u00e7o do Lumiar\u200b apresentou\u200b,\u200b\u200b \u200b \u200bao presidente do Instituto de Terras do Maranh\u00e3o (Iterma), Mauro Jorge\u200b, \u200bdemandas a fim de encontrar meios para a regulariza\u00e7\u00e3o e media\u00e7\u00e3o de conflitos existentes nas \u00e1reas ocupadas e amea\u00e7adas de despejo\u200b, \u200bdurante reuni\u00e3o realizada na semana passada\u200b, no \u00f3rg\u00e3o.<\/p>\n<p>O presidente do Iterma\u00a0evidenciou o interesse da atual gest\u00e3o e solucionar alguns casos que se arrastam h\u00e1 anos e que envolvem milhares de fam\u00edlias. &#8220;Ele ressaltou a parceria da comiss\u00e3o com \u00f3rg\u00e3o e frisou que \u00e9 algo inovador e pioneiro que ser\u00e1 desenvolvido no Maranh\u00e3o&#8221;, declara Mauro Jorge.<\/p>\n<p>De acordo com a secret\u00e1ria de Agricultura, Pesca e Abastecimento de Pa\u00e7o do Lumiar, Rosany Aranha, o munic\u00edpio possui 38 localidades em conflito, por\u00e9m, para iniciar os trabalhos foram priorizadas tr\u00eas localidades que apresentaram maiores problemas, que s\u00e3o: Eug\u00eanio Pereira, Pindoba e Tendal.<\/p>\n<p>Presentes tamb\u00e9m na reuni\u00e3o, o presidente da C\u00e2mara, o vereador Leonardo Bruno Rodrigues, o procurador Geral do Munic\u00edpio, Bruno Leonardo Rodrigues, e o gestor institucional da secretaria de Estado das Cidades, Jos\u00e9 Carlos Reis.<\/p>\n<p><strong>Mais<\/strong><\/p>\n<p>A comiss\u00e3o foi constitu\u00edda pelo decreto n\u00ba 1.843 e visa propor diretrizes e medidas necess\u00e1rias a fim de promover a regulariza\u00e7\u00e3o fundi\u00e1ria, diagnosticar as \u00e1reas do munic\u00edpio que apresentam demanda por regulariza\u00e7\u00e3o, atuar junto a comunidade e as entidades da sociedade civil organizada a fim de fomentar, otimizar e facilitar a\u00e7\u00f5es de regulariza\u00e7\u00e3o, promover e viabilizar a coopera\u00e7\u00e3o intersetorial dos \u00f3rg\u00e3os integrantes da administra\u00e7\u00e3o p\u00fablica federal, estadual e municipal.<\/p>\n<p>Comp\u00f5e a Comiss\u00e3o, os poderes executivo e legislativo, representantes da sociedade civil, Promotoria de Justi\u00e7a e Secretaria de Estado das Cidades e Desenvolvimento Urbano.<\/p>\n","protected":false},"excerpt":{"rendered":"<p>\u200bA Comiss\u00e3o de Regulariza\u00e7\u00e3o Fundi\u00e1ria\u200b de Pa\u00e7o do Lumiar\u200b apresentou\u200b,\u200b\u200b \u200b \u200bao presidente do Instituto de Terras do Maranh\u00e3o (Iterma), [&hellip;]<\/p>\n","protected":false},"author":0,"featured_media":0,"comment_status":"open","ping_status":"open","sticky":false,"template":"","format":"standard","meta":{"site-sidebar-layout":"default","site-content-layout":"","ast-site-content-layout":"default","site-content-style":"default","site-sidebar-style":"default","ast-global-header-display":"","ast-banner-title-visibility":"","ast-main-header-display":"","ast-hfb-above-header-display":"","ast-hfb-below-header-display":"","ast-hfb-mobile-header-display":"","site-post-title":"","ast-breadcrumbs-content":"","ast-featured-img":"","footer-sml-layout":"","ast-disable-related-posts":"","theme-transparent-header-meta":"","adv-header-id-meta":"","stick-header-meta":"","header-above-stick-meta":"","header-main-stick-meta":"","header-below-stick-meta":"","astra-migrate-meta-layouts":"default","ast-page-background-enabled":"default","ast-page-background-meta":{"desktop":{"background-color":"var(--ast-global-color-5)","background-image":"","background-repeat":"repeat","background-position":"center center","background-size":"auto","background-attachment":"scroll","background-type":"","background-media":"","overlay-type":"","overlay-color":"","overlay-opacity":"","overlay-gradient":""},"tablet":{"background-color":"","background-image":"","background-repeat":"repeat","background-position":"center center","background-size":"auto","background-attachment":"scroll","background-type":"","background-media":"","overlay-type":"","overlay-color":"","overlay-opacity":"","overlay-gradient":""},"mobile":{"background-color":"","background-image":"","background-repeat":"repeat","background-position":"center center","background-size":"auto","background-attachment":"scroll","background-type":"","background-media":"","overlay-type":"","overlay-color":"","overlay-opacity":"","overlay-gradient":""}},"ast-content-background-meta":{"desktop":{"background-color":"var(--ast-global-color-4)","background-image":"","background-repeat":"repeat","background-position":"center center","background-size":"auto","background-attachment":"scroll","background-type":"","background-media":"","overlay-type":"","overlay-color":"","overlay-opacity":"","overlay-gradient":""},"tablet":{"background-color":"var(--ast-global-color-4)","background-image":"","background-repeat":"repeat","background-position":"center center","background-size":"auto","background-attachment":"scroll","background-type":"","background-media":"","overlay-type":"","overlay-color":"","overlay-opacity":"","overlay-gradient":""},"mobile":{"background-color":"var(--ast-global-color-4)","background-image":"","background-repeat":"repeat","background-position":"center center","background-size":"auto","background-attachment":"scroll","background-type":"","background-media":"","overlay-type":"","overlay-color":"","overlay-opacity":"","overlay-gradient":""}},"footnotes":""},"categories":[1],"tags":[],"class_list":["post-21935","post","type-post","status-publish","format-standard","hentry","category-sem-categoria"],"yoast_head":"<!-- This site is optimized with the Yoast SEO plugin v26.6 - https:\/\/yoast.com\/wordpress\/plugins\/seo\/ -->\n<title>Pa\u00e7o do Lumiar avan\u00e7a nas discuss\u00f5es sobre regulariza\u00e7\u00e3o fundi\u00e1ria - Daniel Matos<\/title>\n<meta name=\"robots\" content=\"index, follow, max-snippet:-1, max-image-preview:large, max-video-preview:-1\" \/>\n<link rel=\"canonical\" href=\"https:\/\/www.blogsoestado.com\/danielmatos\/paco-do-lumiar-avanca-nas-discussoes-sobre-regularizacao-fundiaria\/\" \/>\n<meta property=\"og:locale\" content=\"pt_BR\" \/>\n<meta property=\"og:type\" content=\"article\" \/>\n<meta property=\"og:title\" content=\"Pa\u00e7o do Lumiar avan\u00e7a nas discuss\u00f5es sobre regulariza\u00e7\u00e3o fundi\u00e1ria - Daniel Matos\" \/>\n<meta property=\"og:description\" content=\"\u200bA Comiss\u00e3o de Regulariza\u00e7\u00e3o Fundi\u00e1ria\u200b de Pa\u00e7o do Lumiar\u200b apresentou\u200b,\u200b\u200b \u200b \u200bao presidente do Instituto de Terras do Maranh\u00e3o (Iterma), [&hellip;]\" \/>\n<meta property=\"og:url\" content=\"https:\/\/www.blogsoestado.com\/danielmatos\/paco-do-lumiar-avanca-nas-discussoes-sobre-regularizacao-fundiaria\/\" \/>\n<meta property=\"og:site_name\" content=\"Daniel Matos\" \/>\n<meta property=\"article:published_time\" content=\"2015-02-02T10:12:13+00:00\" \/>\n<meta name=\"twitter:card\" content=\"summary_large_image\" \/>\n<meta name=\"twitter:label1\" content=\"Est. tempo de leitura\" \/>\n\t<meta name=\"twitter:data1\" content=\"2 minutos\" \/>\n<script type=\"application\/ld+json\" class=\"yoast-schema-graph\">{\"@context\":\"https:\/\/schema.org\",\"@graph\":[{\"@type\":\"WebPage\",\"@id\":\"https:\/\/www.blogsoestado.com\/danielmatos\/paco-do-lumiar-avanca-nas-discussoes-sobre-regularizacao-fundiaria\/\",\"url\":\"https:\/\/www.blogsoestado.com\/danielmatos\/paco-do-lumiar-avanca-nas-discussoes-sobre-regularizacao-fundiaria\/\",\"name\":\"Pa\u00e7o do Lumiar avan\u00e7a nas discuss\u00f5es sobre regulariza\u00e7\u00e3o fundi\u00e1ria - Daniel Matos\",\"isPartOf\":{\"@id\":\"https:\/\/www.blogsoestado.com\/danielmatos\/#website\"},\"datePublished\":\"2015-02-02T10:12:13+00:00\",\"author\":{\"@id\":\"\"},\"breadcrumb\":{\"@id\":\"https:\/\/www.blogsoestado.com\/danielmatos\/paco-do-lumiar-avanca-nas-discussoes-sobre-regularizacao-fundiaria\/#breadcrumb\"},\"inLanguage\":\"pt-BR\",\"potentialAction\":[{\"@type\":\"ReadAction\",\"target\":[\"https:\/\/www.blogsoestado.com\/danielmatos\/paco-do-lumiar-avanca-nas-discussoes-sobre-regularizacao-fundiaria\/\"]}]},{\"@type\":\"BreadcrumbList\",\"@id\":\"https:\/\/www.blogsoestado.com\/danielmatos\/paco-do-lumiar-avanca-nas-discussoes-sobre-regularizacao-fundiaria\/#breadcrumb\",\"itemListElement\":[{\"@type\":\"ListItem\",\"position\":1,\"name\":\"In\u00edcio\",\"item\":\"https:\/\/www.blogsoestado.com\/danielmatos\/\"},{\"@type\":\"ListItem\",\"position\":2,\"name\":\"Pa\u00e7o do Lumiar avan\u00e7a nas discuss\u00f5es sobre regulariza\u00e7\u00e3o fundi\u00e1ria\"}]},{\"@type\":\"WebSite\",\"@id\":\"https:\/\/www.blogsoestado.com\/danielmatos\/#website\",\"url\":\"https:\/\/www.blogsoestado.com\/danielmatos\/\",\"name\":\"Daniel Matos\",\"description\":\"\",\"potentialAction\":[{\"@type\":\"SearchAction\",\"target\":{\"@type\":\"EntryPoint\",\"urlTemplate\":\"https:\/\/www.blogsoestado.com\/danielmatos\/?s={search_term_string}\"},\"query-input\":{\"@type\":\"PropertyValueSpecification\",\"valueRequired\":true,\"valueName\":\"search_term_string\"}}],\"inLanguage\":\"pt-BR\"}]}<\/script>\n<!-- \/ Yoast SEO plugin. -->","yoast_head_json":{"title":"Pa\u00e7o do Lumiar avan\u00e7a nas discuss\u00f5es sobre regulariza\u00e7\u00e3o fundi\u00e1ria - Daniel Matos","robots":{"index":"index","follow":"follow","max-snippet":"max-snippet:-1","max-image-preview":"max-image-preview:large","max-video-preview":"max-video-preview:-1"},"canonical":"https:\/\/www.blogsoestado.com\/danielmatos\/paco-do-lumiar-avanca-nas-discussoes-sobre-regularizacao-fundiaria\/","og_locale":"pt_BR","og_type":"article","og_title":"Pa\u00e7o do Lumiar avan\u00e7a nas discuss\u00f5es sobre regulariza\u00e7\u00e3o fundi\u00e1ria - Daniel Matos","og_description":"\u200bA Comiss\u00e3o de Regulariza\u00e7\u00e3o Fundi\u00e1ria\u200b de Pa\u00e7o do Lumiar\u200b apresentou\u200b,\u200b\u200b \u200b \u200bao presidente do Instituto de Terras do Maranh\u00e3o (Iterma), [&hellip;]","og_url":"https:\/\/www.blogsoestado.com\/danielmatos\/paco-do-lumiar-avanca-nas-discussoes-sobre-regularizacao-fundiaria\/","og_site_name":"Daniel Matos","article_published_time":"2015-02-02T10:12:13+00:00","twitter_card":"summary_large_image","twitter_misc":{"Est. tempo de leitura":"2 minutos"},"schema":{"@context":"https:\/\/schema.org","@graph":[{"@type":"WebPage","@id":"https:\/\/www.blogsoestado.com\/danielmatos\/paco-do-lumiar-avanca-nas-discussoes-sobre-regularizacao-fundiaria\/","url":"https:\/\/www.blogsoestado.com\/danielmatos\/paco-do-lumiar-avanca-nas-discussoes-sobre-regularizacao-fundiaria\/","name":"Pa\u00e7o do Lumiar avan\u00e7a nas discuss\u00f5es sobre regulariza\u00e7\u00e3o fundi\u00e1ria - Daniel Matos","isPartOf":{"@id":"https:\/\/www.blogsoestado.com\/danielmatos\/#website"},"datePublished":"2015-02-02T10:12:13+00:00","author":{"@id":""},"breadcrumb":{"@id":"https:\/\/www.blogsoestado.com\/danielmatos\/paco-do-lumiar-avanca-nas-discussoes-sobre-regularizacao-fundiaria\/#breadcrumb"},"inLanguage":"pt-BR","potentialAction":[{"@type":"ReadAction","target":["https:\/\/www.blogsoestado.com\/danielmatos\/paco-do-lumiar-avanca-nas-discussoes-sobre-regularizacao-fundiaria\/"]}]},{"@type":"BreadcrumbList","@id":"https:\/\/www.blogsoestado.com\/danielmatos\/paco-do-lumiar-avanca-nas-discussoes-sobre-regularizacao-fundiaria\/#breadcrumb","itemListElement":[{"@type":"ListItem","position":1,"name":"In\u00edcio","item":"https:\/\/www.blogsoestado.com\/danielmatos\/"},{"@type":"ListItem","position":2,"name":"Pa\u00e7o do Lumiar avan\u00e7a nas discuss\u00f5es sobre regulariza\u00e7\u00e3o fundi\u00e1ria"}]},{"@type":"WebSite","@id":"https:\/\/www.blogsoestado.com\/danielmatos\/#website","url":"https:\/\/www.blogsoestado.com\/danielmatos\/","name":"Daniel Matos","description":"","potentialAction":[{"@type":"SearchAction","target":{"@type":"EntryPoint","urlTemplate":"https:\/\/www.blogsoestado.com\/danielmatos\/?s={search_term_string}"},"query-input":{"@type":"PropertyValueSpecification","valueRequired":true,"valueName":"search_term_string"}}],"inLanguage":"pt-BR"}]}},"jetpack_featured_media_url":"","_links":{"self":[{"href":"https:\/\/www.blogsoestado.com\/danielmatos\/wp-json\/wp\/v2\/posts\/21935","targetHints":{"allow":["GET"]}}],"collection":[{"href":"https:\/\/www.blogsoestado.com\/danielmatos\/wp-json\/wp\/v2\/posts"}],"about":[{"href":"https:\/\/www.blogsoestado.com\/danielmatos\/wp-json\/wp\/v2\/types\/post"}],"replies":[{"embeddable":true,"href":"https:\/\/www.blogsoestado.com\/danielmatos\/wp-json\/wp\/v2\/comments?post=21935"}],"version-history":[{"count":0,"href":"https:\/\/www.blogsoestado.com\/danielmatos\/wp-json\/wp\/v2\/posts\/21935\/revisions"}],"wp:attachment":[{"href":"https:\/\/www.blogsoestado.com\/danielmatos\/wp-json\/wp\/v2\/media?parent=21935"}],"wp:term":[{"taxonomy":"category","embeddable":true,"href":"https:\/\/www.blogsoestado.com\/danielmatos\/wp-json\/wp\/v2\/categories?post=21935"},{"taxonomy":"post_tag","embeddable":true,"href":"https:\/\/www.blogsoestado.com\/danielmatos\/wp-json\/wp\/v2\/tags?post=21935"}],"curies":[{"name":"wp","href":"https:\/\/api.w.org\/{rel}","templated":true}]}}