{"id":21938,"date":"2015-02-02T08:00:15","date_gmt":"2015-02-02T11:00:15","guid":{"rendered":"https:\/\/www.blogsoestado.com\/danielmatos\/?p=21938"},"modified":"2015-02-02T08:00:15","modified_gmt":"2015-02-02T11:00:15","slug":"prf-prende-19-motoristas-no-maranhao-por-embriaguez-ao-volante","status":"publish","type":"post","link":"https:\/\/www.blogsoestado.com\/danielmatos\/prf-prende-19-motoristas-no-maranhao-por-embriaguez-ao-volante\/","title":{"rendered":"PRF prende 19 motoristas no Maranh\u00e3o por embriaguez ao volante"},"content":{"rendered":"<p>A Pol\u00edcia Rodovi\u00e1ria Federal fechou o cerco aos condutores habituados a dirigir sob efeito de bebida alco\u00f3lica que trafegam nas BRs do Maranh\u00e3o. No \u00faltimo fim de semana, durante a Opera\u00e7\u00e3o &#8220;Sem \u00c1lcool \u00c9 Mais Seguro&#8221;, realizada em parceria com o Detran, em S\u00e3o Lu\u00eds e no interior do estado, houve v\u00e1rias autua\u00e7\u00f5es e pris\u00f5es. As a\u00e7\u00f5es ser\u00e3o intensificadas at\u00e9 o Carnaval.<\/p>\n<p>Foram fiscalizadas 1.150 pessoas e 1.002 ve\u00edculos. Dos 960 condutores submetidos ao teste do baf\u00f4metro, 21 foram flagrados dirigindo sob efeito de \u00e1lcool e foram autuados por infra\u00e7\u00e3o de tr\u00e2nsito. Desses, 19 foram presos por crime de tr\u00e2nsito por apresentarem concentra\u00e7\u00e3o de \u00a0\u00e1lcool por litro de sangue\u00a0igual ou superior a 6 decigramas. Todos est\u00e3o pass\u00edveis a pris\u00e3o, que pode variar de seis meses a tr\u00eas anos, multa e suspens\u00e3o ou proibi\u00e7\u00e3o de obter a permiss\u00e3o ou a habilita\u00e7\u00e3o para dirigir ve\u00edculo automotor.<\/p>\n<p>Na mesma opera\u00e7\u00e3o, a\u00a0PRF apreendeu 24 carteiras de motorista em situa\u00e7\u00e3o irregular, fez 74 autua\u00e7\u00f5es diversas a recolheu 11 ve\u00edculos.<\/p>\n<p><strong>S\u00e3o Lu\u00eds<\/strong><\/p>\n<p>Em blitz montada de 0h \u00e0s 4h de domingo no acesso 1\u00a0\u00e0\u00a0BR-135, na Avenida dos Portugueses, na \u00e1rea Itaqui-Bacanga, a PRF fiscalizou 29 ve\u00edculos 72 pessoas. Dois 25 teste de baf\u00f4metro realizados, seis deram positivo, com igual n\u00famero de autua\u00e7\u00f5es. Um motorista foi preso e teve o carro recolhido.<\/p>\n<p>O balan\u00e7o \u00e9 parcial e os dados definitivos\u00a0ser\u00e3o divulgados nas pr\u00f3ximas horas.<\/p>\n","protected":false},"excerpt":{"rendered":"<p>A Pol\u00edcia Rodovi\u00e1ria Federal fechou o cerco aos condutores habituados a dirigir sob efeito de bebida alco\u00f3lica que trafegam nas [&hellip;]<\/p>\n","protected":false},"author":0,"featured_media":0,"comment_status":"open","ping_status":"open","sticky":false,"template":"","format":"standard","meta":{"site-sidebar-layout":"default","site-content-layout":"","ast-site-content-layout":"default","site-content-style":"default","site-sidebar-style":"default","ast-global-header-display":"","ast-banner-title-visibility":"","ast-main-header-display":"","ast-hfb-above-header-display":"","ast-hfb-below-header-display":"","ast-hfb-mobile-header-display":"","site-post-title":"","ast-breadcrumbs-content":"","ast-featured-img":"","footer-sml-layout":"","ast-disable-related-posts":"","theme-transparent-header-meta":"","adv-header-id-meta":"","stick-header-meta":"","header-above-stick-meta":"","header-main-stick-meta":"","header-below-stick-meta":"","astra-migrate-meta-layouts":"default","ast-page-background-enabled":"default","ast-page-background-meta":{"desktop":{"background-color":"var(--ast-global-color-5)","background-image":"","background-repeat":"repeat","background-position":"center center","background-size":"auto","background-attachment":"scroll","background-type":"","background-media":"","overlay-type":"","overlay-color":"","overlay-opacity":"","overlay-gradient":""},"tablet":{"background-color":"","background-image":"","background-repeat":"repeat","background-position":"center center","background-size":"auto","background-attachment":"scroll","background-type":"","background-media":"","overlay-type":"","overlay-color":"","overlay-opacity":"","overlay-gradient":""},"mobile":{"background-color":"","background-image":"","background-repeat":"repeat","background-position":"center center","background-size":"auto","background-attachment":"scroll","background-type":"","background-media":"","overlay-type":"","overlay-color":"","overlay-opacity":"","overlay-gradient":""}},"ast-content-background-meta":{"desktop":{"background-color":"var(--ast-global-color-4)","background-image":"","background-repeat":"repeat","background-position":"center center","background-size":"auto","background-attachment":"scroll","background-type":"","background-media":"","overlay-type":"","overlay-color":"","overlay-opacity":"","overlay-gradient":""},"tablet":{"background-color":"var(--ast-global-color-4)","background-image":"","background-repeat":"repeat","background-position":"center center","background-size":"auto","background-attachment":"scroll","background-type":"","background-media":"","overlay-type":"","overlay-color":"","overlay-opacity":"","overlay-gradient":""},"mobile":{"background-color":"var(--ast-global-color-4)","background-image":"","background-repeat":"repeat","background-position":"center center","background-size":"auto","background-attachment":"scroll","background-type":"","background-media":"","overlay-type":"","overlay-color":"","overlay-opacity":"","overlay-gradient":""}},"footnotes":""},"categories":[1],"tags":[],"class_list":["post-21938","post","type-post","status-publish","format-standard","hentry","category-sem-categoria"],"yoast_head":"<!-- This site is optimized with the Yoast SEO plugin v26.6 - https:\/\/yoast.com\/wordpress\/plugins\/seo\/ -->\n<title>PRF prende 19 motoristas no Maranh\u00e3o por embriaguez ao volante - Daniel Matos<\/title>\n<meta name=\"robots\" content=\"index, follow, max-snippet:-1, max-image-preview:large, max-video-preview:-1\" \/>\n<link rel=\"canonical\" href=\"https:\/\/www.blogsoestado.com\/danielmatos\/prf-prende-19-motoristas-no-maranhao-por-embriaguez-ao-volante\/\" \/>\n<meta property=\"og:locale\" content=\"pt_BR\" \/>\n<meta property=\"og:type\" content=\"article\" \/>\n<meta property=\"og:title\" content=\"PRF prende 19 motoristas no Maranh\u00e3o por embriaguez ao volante - Daniel Matos\" \/>\n<meta property=\"og:description\" content=\"A Pol\u00edcia Rodovi\u00e1ria Federal fechou o cerco aos condutores habituados a dirigir sob efeito de bebida alco\u00f3lica que trafegam nas [&hellip;]\" \/>\n<meta property=\"og:url\" content=\"https:\/\/www.blogsoestado.com\/danielmatos\/prf-prende-19-motoristas-no-maranhao-por-embriaguez-ao-volante\/\" \/>\n<meta property=\"og:site_name\" content=\"Daniel Matos\" \/>\n<meta property=\"article:published_time\" content=\"2015-02-02T11:00:15+00:00\" \/>\n<meta name=\"twitter:card\" content=\"summary_large_image\" \/>\n<meta name=\"twitter:label1\" content=\"Est. tempo de leitura\" \/>\n\t<meta name=\"twitter:data1\" content=\"1 minuto\" \/>\n<script type=\"application\/ld+json\" class=\"yoast-schema-graph\">{\"@context\":\"https:\/\/schema.org\",\"@graph\":[{\"@type\":\"WebPage\",\"@id\":\"https:\/\/www.blogsoestado.com\/danielmatos\/prf-prende-19-motoristas-no-maranhao-por-embriaguez-ao-volante\/\",\"url\":\"https:\/\/www.blogsoestado.com\/danielmatos\/prf-prende-19-motoristas-no-maranhao-por-embriaguez-ao-volante\/\",\"name\":\"PRF prende 19 motoristas no Maranh\u00e3o por embriaguez ao volante - Daniel Matos\",\"isPartOf\":{\"@id\":\"https:\/\/www.blogsoestado.com\/danielmatos\/#website\"},\"datePublished\":\"2015-02-02T11:00:15+00:00\",\"author\":{\"@id\":\"\"},\"breadcrumb\":{\"@id\":\"https:\/\/www.blogsoestado.com\/danielmatos\/prf-prende-19-motoristas-no-maranhao-por-embriaguez-ao-volante\/#breadcrumb\"},\"inLanguage\":\"pt-BR\",\"potentialAction\":[{\"@type\":\"ReadAction\",\"target\":[\"https:\/\/www.blogsoestado.com\/danielmatos\/prf-prende-19-motoristas-no-maranhao-por-embriaguez-ao-volante\/\"]}]},{\"@type\":\"BreadcrumbList\",\"@id\":\"https:\/\/www.blogsoestado.com\/danielmatos\/prf-prende-19-motoristas-no-maranhao-por-embriaguez-ao-volante\/#breadcrumb\",\"itemListElement\":[{\"@type\":\"ListItem\",\"position\":1,\"name\":\"In\u00edcio\",\"item\":\"https:\/\/www.blogsoestado.com\/danielmatos\/\"},{\"@type\":\"ListItem\",\"position\":2,\"name\":\"PRF prende 19 motoristas no Maranh\u00e3o por embriaguez ao volante\"}]},{\"@type\":\"WebSite\",\"@id\":\"https:\/\/www.blogsoestado.com\/danielmatos\/#website\",\"url\":\"https:\/\/www.blogsoestado.com\/danielmatos\/\",\"name\":\"Daniel Matos\",\"description\":\"\",\"potentialAction\":[{\"@type\":\"SearchAction\",\"target\":{\"@type\":\"EntryPoint\",\"urlTemplate\":\"https:\/\/www.blogsoestado.com\/danielmatos\/?s={search_term_string}\"},\"query-input\":{\"@type\":\"PropertyValueSpecification\",\"valueRequired\":true,\"valueName\":\"search_term_string\"}}],\"inLanguage\":\"pt-BR\"}]}<\/script>\n<!-- \/ Yoast SEO plugin. -->","yoast_head_json":{"title":"PRF prende 19 motoristas no Maranh\u00e3o por embriaguez ao volante - Daniel Matos","robots":{"index":"index","follow":"follow","max-snippet":"max-snippet:-1","max-image-preview":"max-image-preview:large","max-video-preview":"max-video-preview:-1"},"canonical":"https:\/\/www.blogsoestado.com\/danielmatos\/prf-prende-19-motoristas-no-maranhao-por-embriaguez-ao-volante\/","og_locale":"pt_BR","og_type":"article","og_title":"PRF prende 19 motoristas no Maranh\u00e3o por embriaguez ao volante - Daniel Matos","og_description":"A Pol\u00edcia Rodovi\u00e1ria Federal fechou o cerco aos condutores habituados a dirigir sob efeito de bebida alco\u00f3lica que trafegam nas [&hellip;]","og_url":"https:\/\/www.blogsoestado.com\/danielmatos\/prf-prende-19-motoristas-no-maranhao-por-embriaguez-ao-volante\/","og_site_name":"Daniel Matos","article_published_time":"2015-02-02T11:00:15+00:00","twitter_card":"summary_large_image","twitter_misc":{"Est. tempo de leitura":"1 minuto"},"schema":{"@context":"https:\/\/schema.org","@graph":[{"@type":"WebPage","@id":"https:\/\/www.blogsoestado.com\/danielmatos\/prf-prende-19-motoristas-no-maranhao-por-embriaguez-ao-volante\/","url":"https:\/\/www.blogsoestado.com\/danielmatos\/prf-prende-19-motoristas-no-maranhao-por-embriaguez-ao-volante\/","name":"PRF prende 19 motoristas no Maranh\u00e3o por embriaguez ao volante - Daniel Matos","isPartOf":{"@id":"https:\/\/www.blogsoestado.com\/danielmatos\/#website"},"datePublished":"2015-02-02T11:00:15+00:00","author":{"@id":""},"breadcrumb":{"@id":"https:\/\/www.blogsoestado.com\/danielmatos\/prf-prende-19-motoristas-no-maranhao-por-embriaguez-ao-volante\/#breadcrumb"},"inLanguage":"pt-BR","potentialAction":[{"@type":"ReadAction","target":["https:\/\/www.blogsoestado.com\/danielmatos\/prf-prende-19-motoristas-no-maranhao-por-embriaguez-ao-volante\/"]}]},{"@type":"BreadcrumbList","@id":"https:\/\/www.blogsoestado.com\/danielmatos\/prf-prende-19-motoristas-no-maranhao-por-embriaguez-ao-volante\/#breadcrumb","itemListElement":[{"@type":"ListItem","position":1,"name":"In\u00edcio","item":"https:\/\/www.blogsoestado.com\/danielmatos\/"},{"@type":"ListItem","position":2,"name":"PRF prende 19 motoristas no Maranh\u00e3o por embriaguez ao volante"}]},{"@type":"WebSite","@id":"https:\/\/www.blogsoestado.com\/danielmatos\/#website","url":"https:\/\/www.blogsoestado.com\/danielmatos\/","name":"Daniel Matos","description":"","potentialAction":[{"@type":"SearchAction","target":{"@type":"EntryPoint","urlTemplate":"https:\/\/www.blogsoestado.com\/danielmatos\/?s={search_term_string}"},"query-input":{"@type":"PropertyValueSpecification","valueRequired":true,"valueName":"search_term_string"}}],"inLanguage":"pt-BR"}]}},"jetpack_featured_media_url":"","_links":{"self":[{"href":"https:\/\/www.blogsoestado.com\/danielmatos\/wp-json\/wp\/v2\/posts\/21938","targetHints":{"allow":["GET"]}}],"collection":[{"href":"https:\/\/www.blogsoestado.com\/danielmatos\/wp-json\/wp\/v2\/posts"}],"about":[{"href":"https:\/\/www.blogsoestado.com\/danielmatos\/wp-json\/wp\/v2\/types\/post"}],"replies":[{"embeddable":true,"href":"https:\/\/www.blogsoestado.com\/danielmatos\/wp-json\/wp\/v2\/comments?post=21938"}],"version-history":[{"count":0,"href":"https:\/\/www.blogsoestado.com\/danielmatos\/wp-json\/wp\/v2\/posts\/21938\/revisions"}],"wp:attachment":[{"href":"https:\/\/www.blogsoestado.com\/danielmatos\/wp-json\/wp\/v2\/media?parent=21938"}],"wp:term":[{"taxonomy":"category","embeddable":true,"href":"https:\/\/www.blogsoestado.com\/danielmatos\/wp-json\/wp\/v2\/categories?post=21938"},{"taxonomy":"post_tag","embeddable":true,"href":"https:\/\/www.blogsoestado.com\/danielmatos\/wp-json\/wp\/v2\/tags?post=21938"}],"curies":[{"name":"wp","href":"https:\/\/api.w.org\/{rel}","templated":true}]}}