{"id":21942,"date":"2015-02-03T07:51:50","date_gmt":"2015-02-03T10:51:50","guid":{"rendered":"https:\/\/www.blogsoestado.com\/danielmatos\/?p=21942"},"modified":"2015-02-03T07:51:50","modified_gmt":"2015-02-03T10:51:50","slug":"deputado-ze-inacio-sai-em-defesa-da-refinaria-premium","status":"publish","type":"post","link":"https:\/\/www.blogsoestado.com\/danielmatos\/deputado-ze-inacio-sai-em-defesa-da-refinaria-premium\/","title":{"rendered":"Deputado Z\u00e9 In\u00e1cio sai em defesa da Refinaria Premium"},"content":{"rendered":"<figure id=\"attachment_21943\" aria-describedby=\"caption-attachment-21943\" style=\"width: 299px\" class=\"wp-caption alignright\"><a href=\"https:\/\/www.blogsoestado.com\/danielmatos\/files\/2015\/02\/inacio-refinaria.jpg\"><img fetchpriority=\"high\" decoding=\"async\" class=\"size-full wp-image-21943\" src=\"https:\/\/www.blogsoestado.com\/danielmatos\/files\/2015\/02\/inacio-refinaria.jpg\" alt=\"Z\u00e9 In\u00e1cio quer criar Frente Parlamentar em Defesa da Refinaria \" width=\"299\" height=\"448\" \/><\/a><figcaption id=\"caption-attachment-21943\" class=\"wp-caption-text\">Z\u00e9 In\u00e1cio quer criar Frente Parlamentar em Defesa da Refinaria Premium I<\/figcaption><\/figure>\n<p>O deputado Z\u00e9 In\u00e1cio (PT) apresentar\u00e1 projeto de resolu\u00e7\u00e3o que cria a Frente Parlamentar em Defesa da Refinaria Premium I, em Bacabeira, empreendimento cuja implanta\u00e7\u00e3o\u00a0a Petrobr\u00e1s decidiu suspender.<\/p>\n<p>Como demonstra\u00e7\u00e3o de compromisso com o estado, o parlamentar pretende mobilizar toda a sociedade maranhense para que a Petrobr\u00e1s reveja a sua posi\u00e7\u00e3o e d\u00ea continuidade ao projeto que estava em curso. \u201cN\u00e3o podemos deixar a sociedade \u00e0 margem dessa decis\u00e3o da Petrobras de cancelar um projeto como esse, que criou expectativa de gera\u00e7\u00e3o de emprego e renda para milhares de maranhenses, al\u00e9m de\u00a0ser um vetor de\u00a0desenvolvimento para toda a regi\u00e3o Norte\/Nordeste. Sairemos em defesa\u00a0da continuidade da implanta\u00e7\u00e3o da Refinaria Premium I em Bacabeira\u201d, anunciou\u00a0o deputado.<\/p>\n<p>Na condi\u00e7\u00e3o de l\u00edder do PT na Assembleia Legislativa, o parlamentar disse que pretende fazer a articula\u00e7\u00e3o em defesa do projeto de refino de petr\u00f3leo\u00a0junto ao Governo Federal.<\/p>\n<p><strong>A Refinaria <\/strong><\/p>\n<p>A Refinaria Premium I, no Maranh\u00e3o, projeto de maior valor da Petrobras, em Bacabeira, munic\u00edpio situado ao sul da capital, teve or\u00e7amento inicial previsto de cerca de US$ 20 bilh\u00f5es.<\/p>\n<p>Em termos de capacidade, a usina\u00a0estava projetada para refinar 600 mil barris de petr\u00f3leo por dia. Esse volume \u00e9 quase o dobro da refinaria de Paul\u00ednia (Replan, em S\u00e3o Paulo), hoje a maior unidade de refino da Petrobras em opera\u00e7\u00e3o, com capacidade de processar 390 mil barris por dia.<\/p>\n<p>No planejamento original do projeto da Refinaria Premium, o primeiro m\u00f3dulo estava previsto para 2013 e o segundo, para 2015. Pelo projeto, seriam\u00a0produzidos diesel, GLP, QAV (combust\u00edvel de avia\u00e7\u00e3o) e coque, para atender aos mercados interno e externo.<\/p>\n<p><strong>Bacabeira<\/strong><\/p>\n<p>A cidade de Bacabeira est\u00e1 situada 50 quil\u00f4metros ao sul de S\u00e3o Lu\u00eds, a capital do Maranh\u00e3o.\u00a0A popula\u00e7\u00e3o do munic\u00edpio \u00e9 de 15.574 habitantes, segundo dados do Instituto Brasileiro de Geografia e Estat\u00edstica (IBGE).<\/p>\n<p>Atualmente, o munic\u00edpio tem a economia sustentada na atividade de pedreiras e de algumas cer\u00e2micas, al\u00e9m dos empregos criados pela prefeitura. Bacabeira n\u00e3o tem hospitais, s\u00f3 posto e centro de sa\u00fade, nem saneamento b\u00e1sico. Este ano, o munic\u00edpio, emancipado de Ros\u00e1rio em 1994, recebeu o primeiro cart\u00f3rio. Para bacabeirenses, a chegada da refinaria significaria uma revolu\u00e7\u00e3o na cidade.<\/p>\n","protected":false},"excerpt":{"rendered":"<p>O deputado Z\u00e9 In\u00e1cio (PT) apresentar\u00e1 projeto de resolu\u00e7\u00e3o que cria a Frente Parlamentar em Defesa da Refinaria Premium I, [&hellip;]<\/p>\n","protected":false},"author":0,"featured_media":0,"comment_status":"open","ping_status":"open","sticky":false,"template":"","format":"standard","meta":{"site-sidebar-layout":"default","site-content-layout":"","ast-site-content-layout":"default","site-content-style":"default","site-sidebar-style":"default","ast-global-header-display":"","ast-banner-title-visibility":"","ast-main-header-display":"","ast-hfb-above-header-display":"","ast-hfb-below-header-display":"","ast-hfb-mobile-header-display":"","site-post-title":"","ast-breadcrumbs-content":"","ast-featured-img":"","footer-sml-layout":"","ast-disable-related-posts":"","theme-transparent-header-meta":"","adv-header-id-meta":"","stick-header-meta":"","header-above-stick-meta":"","header-main-stick-meta":"","header-below-stick-meta":"","astra-migrate-meta-layouts":"default","ast-page-background-enabled":"default","ast-page-background-meta":{"desktop":{"background-color":"var(--ast-global-color-5)","background-image":"","background-repeat":"repeat","background-position":"center center","background-size":"auto","background-attachment":"scroll","background-type":"","background-media":"","overlay-type":"","overlay-color":"","overlay-opacity":"","overlay-gradient":""},"tablet":{"background-color":"","background-image":"","background-repeat":"repeat","background-position":"center center","background-size":"auto","background-attachment":"scroll","background-type":"","background-media":"","overlay-type":"","overlay-color":"","overlay-opacity":"","overlay-gradient":""},"mobile":{"background-color":"","background-image":"","background-repeat":"repeat","background-position":"center center","background-size":"auto","background-attachment":"scroll","background-type":"","background-media":"","overlay-type":"","overlay-color":"","overlay-opacity":"","overlay-gradient":""}},"ast-content-background-meta":{"desktop":{"background-color":"var(--ast-global-color-4)","background-image":"","background-repeat":"repeat","background-position":"center center","background-size":"auto","background-attachment":"scroll","background-type":"","background-media":"","overlay-type":"","overlay-color":"","overlay-opacity":"","overlay-gradient":""},"tablet":{"background-color":"var(--ast-global-color-4)","background-image":"","background-repeat":"repeat","background-position":"center center","background-size":"auto","background-attachment":"scroll","background-type":"","background-media":"","overlay-type":"","overlay-color":"","overlay-opacity":"","overlay-gradient":""},"mobile":{"background-color":"var(--ast-global-color-4)","background-image":"","background-repeat":"repeat","background-position":"center center","background-size":"auto","background-attachment":"scroll","background-type":"","background-media":"","overlay-type":"","overlay-color":"","overlay-opacity":"","overlay-gradient":""}},"footnotes":""},"categories":[1],"tags":[],"class_list":["post-21942","post","type-post","status-publish","format-standard","hentry","category-sem-categoria"],"yoast_head":"<!-- This site is optimized with the Yoast SEO plugin v26.6 - https:\/\/yoast.com\/wordpress\/plugins\/seo\/ -->\n<title>Deputado Z\u00e9 In\u00e1cio sai em defesa da Refinaria Premium - Daniel Matos<\/title>\n<meta name=\"robots\" content=\"index, follow, max-snippet:-1, max-image-preview:large, max-video-preview:-1\" \/>\n<link rel=\"canonical\" href=\"https:\/\/www.blogsoestado.com\/danielmatos\/deputado-ze-inacio-sai-em-defesa-da-refinaria-premium\/\" \/>\n<meta property=\"og:locale\" content=\"pt_BR\" \/>\n<meta property=\"og:type\" content=\"article\" \/>\n<meta property=\"og:title\" content=\"Deputado Z\u00e9 In\u00e1cio sai em defesa da Refinaria Premium - Daniel Matos\" \/>\n<meta property=\"og:description\" content=\"O deputado Z\u00e9 In\u00e1cio (PT) apresentar\u00e1 projeto de resolu\u00e7\u00e3o que cria a Frente Parlamentar em Defesa da Refinaria Premium I, [&hellip;]\" \/>\n<meta property=\"og:url\" content=\"https:\/\/www.blogsoestado.com\/danielmatos\/deputado-ze-inacio-sai-em-defesa-da-refinaria-premium\/\" \/>\n<meta property=\"og:site_name\" content=\"Daniel Matos\" \/>\n<meta property=\"article:published_time\" content=\"2015-02-03T10:51:50+00:00\" \/>\n<meta property=\"og:image\" content=\"https:\/\/www.blogsoestado.com\/danielmatos\/files\/2015\/02\/inacio-refinaria.jpg\" \/>\n<meta name=\"twitter:card\" content=\"summary_large_image\" \/>\n<meta name=\"twitter:label1\" content=\"Est. tempo de leitura\" \/>\n\t<meta name=\"twitter:data1\" content=\"2 minutos\" \/>\n<script type=\"application\/ld+json\" class=\"yoast-schema-graph\">{\"@context\":\"https:\/\/schema.org\",\"@graph\":[{\"@type\":\"WebPage\",\"@id\":\"https:\/\/www.blogsoestado.com\/danielmatos\/deputado-ze-inacio-sai-em-defesa-da-refinaria-premium\/\",\"url\":\"https:\/\/www.blogsoestado.com\/danielmatos\/deputado-ze-inacio-sai-em-defesa-da-refinaria-premium\/\",\"name\":\"Deputado Z\u00e9 In\u00e1cio sai em defesa da Refinaria Premium - Daniel Matos\",\"isPartOf\":{\"@id\":\"https:\/\/www.blogsoestado.com\/danielmatos\/#website\"},\"primaryImageOfPage\":{\"@id\":\"https:\/\/www.blogsoestado.com\/danielmatos\/deputado-ze-inacio-sai-em-defesa-da-refinaria-premium\/#primaryimage\"},\"image\":{\"@id\":\"https:\/\/www.blogsoestado.com\/danielmatos\/deputado-ze-inacio-sai-em-defesa-da-refinaria-premium\/#primaryimage\"},\"thumbnailUrl\":\"https:\/\/www.blogsoestado.com\/danielmatos\/files\/2015\/02\/inacio-refinaria.jpg\",\"datePublished\":\"2015-02-03T10:51:50+00:00\",\"author\":{\"@id\":\"\"},\"breadcrumb\":{\"@id\":\"https:\/\/www.blogsoestado.com\/danielmatos\/deputado-ze-inacio-sai-em-defesa-da-refinaria-premium\/#breadcrumb\"},\"inLanguage\":\"pt-BR\",\"potentialAction\":[{\"@type\":\"ReadAction\",\"target\":[\"https:\/\/www.blogsoestado.com\/danielmatos\/deputado-ze-inacio-sai-em-defesa-da-refinaria-premium\/\"]}]},{\"@type\":\"ImageObject\",\"inLanguage\":\"pt-BR\",\"@id\":\"https:\/\/www.blogsoestado.com\/danielmatos\/deputado-ze-inacio-sai-em-defesa-da-refinaria-premium\/#primaryimage\",\"url\":\"https:\/\/www.blogsoestado.com\/danielmatos\/files\/2015\/02\/inacio-refinaria.jpg\",\"contentUrl\":\"https:\/\/www.blogsoestado.com\/danielmatos\/files\/2015\/02\/inacio-refinaria.jpg\"},{\"@type\":\"BreadcrumbList\",\"@id\":\"https:\/\/www.blogsoestado.com\/danielmatos\/deputado-ze-inacio-sai-em-defesa-da-refinaria-premium\/#breadcrumb\",\"itemListElement\":[{\"@type\":\"ListItem\",\"position\":1,\"name\":\"In\u00edcio\",\"item\":\"https:\/\/www.blogsoestado.com\/danielmatos\/\"},{\"@type\":\"ListItem\",\"position\":2,\"name\":\"Deputado Z\u00e9 In\u00e1cio sai em defesa da Refinaria Premium\"}]},{\"@type\":\"WebSite\",\"@id\":\"https:\/\/www.blogsoestado.com\/danielmatos\/#website\",\"url\":\"https:\/\/www.blogsoestado.com\/danielmatos\/\",\"name\":\"Daniel Matos\",\"description\":\"\",\"potentialAction\":[{\"@type\":\"SearchAction\",\"target\":{\"@type\":\"EntryPoint\",\"urlTemplate\":\"https:\/\/www.blogsoestado.com\/danielmatos\/?s={search_term_string}\"},\"query-input\":{\"@type\":\"PropertyValueSpecification\",\"valueRequired\":true,\"valueName\":\"search_term_string\"}}],\"inLanguage\":\"pt-BR\"}]}<\/script>\n<!-- \/ Yoast SEO plugin. -->","yoast_head_json":{"title":"Deputado Z\u00e9 In\u00e1cio sai em defesa da Refinaria Premium - Daniel Matos","robots":{"index":"index","follow":"follow","max-snippet":"max-snippet:-1","max-image-preview":"max-image-preview:large","max-video-preview":"max-video-preview:-1"},"canonical":"https:\/\/www.blogsoestado.com\/danielmatos\/deputado-ze-inacio-sai-em-defesa-da-refinaria-premium\/","og_locale":"pt_BR","og_type":"article","og_title":"Deputado Z\u00e9 In\u00e1cio sai em defesa da Refinaria Premium - Daniel Matos","og_description":"O deputado Z\u00e9 In\u00e1cio (PT) apresentar\u00e1 projeto de resolu\u00e7\u00e3o que cria a Frente Parlamentar em Defesa da Refinaria Premium I, [&hellip;]","og_url":"https:\/\/www.blogsoestado.com\/danielmatos\/deputado-ze-inacio-sai-em-defesa-da-refinaria-premium\/","og_site_name":"Daniel Matos","article_published_time":"2015-02-03T10:51:50+00:00","og_image":[{"url":"https:\/\/www.blogsoestado.com\/danielmatos\/files\/2015\/02\/inacio-refinaria.jpg","type":"","width":"","height":""}],"twitter_card":"summary_large_image","twitter_misc":{"Est. tempo de leitura":"2 minutos"},"schema":{"@context":"https:\/\/schema.org","@graph":[{"@type":"WebPage","@id":"https:\/\/www.blogsoestado.com\/danielmatos\/deputado-ze-inacio-sai-em-defesa-da-refinaria-premium\/","url":"https:\/\/www.blogsoestado.com\/danielmatos\/deputado-ze-inacio-sai-em-defesa-da-refinaria-premium\/","name":"Deputado Z\u00e9 In\u00e1cio sai em defesa da Refinaria Premium - Daniel Matos","isPartOf":{"@id":"https:\/\/www.blogsoestado.com\/danielmatos\/#website"},"primaryImageOfPage":{"@id":"https:\/\/www.blogsoestado.com\/danielmatos\/deputado-ze-inacio-sai-em-defesa-da-refinaria-premium\/#primaryimage"},"image":{"@id":"https:\/\/www.blogsoestado.com\/danielmatos\/deputado-ze-inacio-sai-em-defesa-da-refinaria-premium\/#primaryimage"},"thumbnailUrl":"https:\/\/www.blogsoestado.com\/danielmatos\/files\/2015\/02\/inacio-refinaria.jpg","datePublished":"2015-02-03T10:51:50+00:00","author":{"@id":""},"breadcrumb":{"@id":"https:\/\/www.blogsoestado.com\/danielmatos\/deputado-ze-inacio-sai-em-defesa-da-refinaria-premium\/#breadcrumb"},"inLanguage":"pt-BR","potentialAction":[{"@type":"ReadAction","target":["https:\/\/www.blogsoestado.com\/danielmatos\/deputado-ze-inacio-sai-em-defesa-da-refinaria-premium\/"]}]},{"@type":"ImageObject","inLanguage":"pt-BR","@id":"https:\/\/www.blogsoestado.com\/danielmatos\/deputado-ze-inacio-sai-em-defesa-da-refinaria-premium\/#primaryimage","url":"https:\/\/www.blogsoestado.com\/danielmatos\/files\/2015\/02\/inacio-refinaria.jpg","contentUrl":"https:\/\/www.blogsoestado.com\/danielmatos\/files\/2015\/02\/inacio-refinaria.jpg"},{"@type":"BreadcrumbList","@id":"https:\/\/www.blogsoestado.com\/danielmatos\/deputado-ze-inacio-sai-em-defesa-da-refinaria-premium\/#breadcrumb","itemListElement":[{"@type":"ListItem","position":1,"name":"In\u00edcio","item":"https:\/\/www.blogsoestado.com\/danielmatos\/"},{"@type":"ListItem","position":2,"name":"Deputado Z\u00e9 In\u00e1cio sai em defesa da Refinaria Premium"}]},{"@type":"WebSite","@id":"https:\/\/www.blogsoestado.com\/danielmatos\/#website","url":"https:\/\/www.blogsoestado.com\/danielmatos\/","name":"Daniel Matos","description":"","potentialAction":[{"@type":"SearchAction","target":{"@type":"EntryPoint","urlTemplate":"https:\/\/www.blogsoestado.com\/danielmatos\/?s={search_term_string}"},"query-input":{"@type":"PropertyValueSpecification","valueRequired":true,"valueName":"search_term_string"}}],"inLanguage":"pt-BR"}]}},"jetpack_featured_media_url":"","_links":{"self":[{"href":"https:\/\/www.blogsoestado.com\/danielmatos\/wp-json\/wp\/v2\/posts\/21942","targetHints":{"allow":["GET"]}}],"collection":[{"href":"https:\/\/www.blogsoestado.com\/danielmatos\/wp-json\/wp\/v2\/posts"}],"about":[{"href":"https:\/\/www.blogsoestado.com\/danielmatos\/wp-json\/wp\/v2\/types\/post"}],"replies":[{"embeddable":true,"href":"https:\/\/www.blogsoestado.com\/danielmatos\/wp-json\/wp\/v2\/comments?post=21942"}],"version-history":[{"count":0,"href":"https:\/\/www.blogsoestado.com\/danielmatos\/wp-json\/wp\/v2\/posts\/21942\/revisions"}],"wp:attachment":[{"href":"https:\/\/www.blogsoestado.com\/danielmatos\/wp-json\/wp\/v2\/media?parent=21942"}],"wp:term":[{"taxonomy":"category","embeddable":true,"href":"https:\/\/www.blogsoestado.com\/danielmatos\/wp-json\/wp\/v2\/categories?post=21942"},{"taxonomy":"post_tag","embeddable":true,"href":"https:\/\/www.blogsoestado.com\/danielmatos\/wp-json\/wp\/v2\/tags?post=21942"}],"curies":[{"name":"wp","href":"https:\/\/api.w.org\/{rel}","templated":true}]}}