{"id":21960,"date":"2015-02-04T16:39:54","date_gmt":"2015-02-04T19:39:54","guid":{"rendered":"https:\/\/www.blogsoestado.com\/danielmatos\/?p=21960"},"modified":"2015-02-04T16:39:54","modified_gmt":"2015-02-04T19:39:54","slug":"restaurante-popular-do-maiobao-promovera-acoes-socioeducativas","status":"publish","type":"post","link":"https:\/\/www.blogsoestado.com\/danielmatos\/restaurante-popular-do-maiobao-promovera-acoes-socioeducativas\/","title":{"rendered":"Restaurante Popular do Maiob\u00e3o promover\u00e1 a\u00e7\u00f5es socioeducativas"},"content":{"rendered":"<figure id=\"attachment_21961\" aria-describedby=\"caption-attachment-21961\" style=\"width: 640px\" class=\"wp-caption aligncenter\"><a href=\"https:\/\/www.blogsoestado.com\/danielmatos\/files\/2015\/02\/restaurante-popular.jpg\"><img fetchpriority=\"high\" decoding=\"async\" class=\"size-full wp-image-21961\" src=\"https:\/\/www.blogsoestado.com\/danielmatos\/files\/2015\/02\/restaurante-popular.jpg\" alt=\"Secret\u00e1ria adjunta de Desenvolvimento Social, Lourd\u00edvia Caldas, reafirmou compromisso do Governo do Estado com os restaurantes populares.\" width=\"640\" height=\"361\" \/><\/a><figcaption id=\"caption-attachment-21961\" class=\"wp-caption-text\">Secret\u00e1ria adjunta de Desenvolvimento Social, Lourd\u00edvia Caldas, reafirmou compromisso do Governo do Estado com os restaurantes populares.<\/figcaption><\/figure>\n<p>Na tarde desta ter\u00e7a-feira (03), foi realizada pela Secretaria de Estado de Desenvolvimento Social \u2013 Sedes, uma visita ao Restaurante Popular de Pa\u00e7o do Lumiar, localizado no conjunto Maiob\u00e3o, com o objetivo de conhecer as estruturas f\u00edsicas do ambiente e apresentar o programa de atividades na \u00e1rea de Educa\u00e7\u00e3o Alimentar e Nutricional.<\/p>\n<p>O programa prop\u00f5e a\u00e7\u00f5es socioeducativas aos usu\u00e1rios do restaurante, como por exemplo, palestras sobre seguran\u00e7a alimentar e nutricional. O Restaurante Popular do Maiob\u00e3o completou um ano de funcionamento e serve mais de mil refei\u00e7\u00f5es di\u00e1rias.<\/p>\n<p>A secret\u00e1ria municipal de Desenvolvimento Social, Ivone Oliveira destacou o programa como uma atividade em favor do exerc\u00edcio da cidadania, fortalecendo dessa forma, as pol\u00edticas de seguran\u00e7a alimentar em desenvolvimento no munic\u00edpio. \u201cA parceria com o Governo do Estado e o estreitamento das rela\u00e7\u00f5es \u00e9 salutar, pois possibilitar\u00e1 \u00e0s fam\u00edlias luminenses, momentos de aprendizado e seguran\u00e7a com o alimento a ser consumido\u201d, parabenizou a secret\u00e1ria.<\/p>\n<p>A secret\u00e1ria de Estado Adjunta de Desenvolvimento Social, Lourd\u00edvia Caldas, na ocasi\u00e3o representando o titular da pasta, Neto Evangelista, reafirmou o compromisso do Governo do Estado com os Restaurantes Populares. \u201cEste espa\u00e7o deixar\u00e1 de ser apenas para a refei\u00e7\u00e3o. Nosso objetivo \u00e9 associar alimenta\u00e7\u00e3o \u00e0 intera\u00e7\u00e3o, atrav\u00e9s de politicas de educa\u00e7\u00e3o e sa\u00fade \u201d, acrescentou.<\/p>\n<p><strong>Fornecimento<\/strong><\/p>\n<figure id=\"attachment_21962\" aria-describedby=\"caption-attachment-21962\" style=\"width: 640px\" class=\"wp-caption aligncenter\"><a href=\"https:\/\/www.blogsoestado.com\/danielmatos\/files\/2015\/02\/restaurante-popular2.jpg\"><img decoding=\"async\" class=\"size-full wp-image-21962\" src=\"https:\/\/www.blogsoestado.com\/danielmatos\/files\/2015\/02\/restaurante-popular2.jpg\" alt=\"Programa prev\u00ea a\u00e7\u00f5es socioeducativas aos usu\u00e1rios do restaurante, como palestras sobre seguran\u00e7a alimentar e nutricional\" width=\"640\" height=\"361\" \/><\/a><figcaption id=\"caption-attachment-21962\" class=\"wp-caption-text\">Programa prev\u00ea a\u00e7\u00f5es socioeducativas aos usu\u00e1rios do restaurante, como palestras sobre seguran\u00e7a alimentar e nutricional<\/figcaption><\/figure>\n<p>Durante a reuni\u00e3o, o Conselho Municipal de Seguran\u00e7a Alimentar e Nutricional de Pa\u00e7o do Lumiar (Comsea) refor\u00e7ou que o munic\u00edpio possui mais de cem comunidades agr\u00edcolas respons\u00e1veis pelo abastecimento de feiras e supermercados da Grande Ilha, e que os produtos tamb\u00e9m podem ser adquiridos pelos restaurantes diretamente do produtor.<\/p>\n<p>Participaram tamb\u00e9m da visita, a Secretaria e Conselho de Estado de Seguran\u00e7a Alimentar e Nutricional, a Ger\u00eancia de Produ\u00e7\u00e3o Inclusiva, a Secretaria Municipal de Agricultura Pesca e Abastecimento, Nutricionistas, lideran\u00e7as comunit\u00e1rias e usu\u00e1rios.<\/p>\n","protected":false},"excerpt":{"rendered":"<p>Na tarde desta ter\u00e7a-feira (03), foi realizada pela Secretaria de Estado de Desenvolvimento Social \u2013 Sedes, uma visita ao Restaurante [&hellip;]<\/p>\n","protected":false},"author":0,"featured_media":0,"comment_status":"open","ping_status":"open","sticky":false,"template":"","format":"standard","meta":{"site-sidebar-layout":"default","site-content-layout":"","ast-site-content-layout":"default","site-content-style":"default","site-sidebar-style":"default","ast-global-header-display":"","ast-banner-title-visibility":"","ast-main-header-display":"","ast-hfb-above-header-display":"","ast-hfb-below-header-display":"","ast-hfb-mobile-header-display":"","site-post-title":"","ast-breadcrumbs-content":"","ast-featured-img":"","footer-sml-layout":"","ast-disable-related-posts":"","theme-transparent-header-meta":"","adv-header-id-meta":"","stick-header-meta":"","header-above-stick-meta":"","header-main-stick-meta":"","header-below-stick-meta":"","astra-migrate-meta-layouts":"default","ast-page-background-enabled":"default","ast-page-background-meta":{"desktop":{"background-color":"var(--ast-global-color-5)","background-image":"","background-repeat":"repeat","background-position":"center center","background-size":"auto","background-attachment":"scroll","background-type":"","background-media":"","overlay-type":"","overlay-color":"","overlay-opacity":"","overlay-gradient":""},"tablet":{"background-color":"","background-image":"","background-repeat":"repeat","background-position":"center center","background-size":"auto","background-attachment":"scroll","background-type":"","background-media":"","overlay-type":"","overlay-color":"","overlay-opacity":"","overlay-gradient":""},"mobile":{"background-color":"","background-image":"","background-repeat":"repeat","background-position":"center center","background-size":"auto","background-attachment":"scroll","background-type":"","background-media":"","overlay-type":"","overlay-color":"","overlay-opacity":"","overlay-gradient":""}},"ast-content-background-meta":{"desktop":{"background-color":"var(--ast-global-color-4)","background-image":"","background-repeat":"repeat","background-position":"center center","background-size":"auto","background-attachment":"scroll","background-type":"","background-media":"","overlay-type":"","overlay-color":"","overlay-opacity":"","overlay-gradient":""},"tablet":{"background-color":"var(--ast-global-color-4)","background-image":"","background-repeat":"repeat","background-position":"center center","background-size":"auto","background-attachment":"scroll","background-type":"","background-media":"","overlay-type":"","overlay-color":"","overlay-opacity":"","overlay-gradient":""},"mobile":{"background-color":"var(--ast-global-color-4)","background-image":"","background-repeat":"repeat","background-position":"center center","background-size":"auto","background-attachment":"scroll","background-type":"","background-media":"","overlay-type":"","overlay-color":"","overlay-opacity":"","overlay-gradient":""}},"footnotes":""},"categories":[1],"tags":[],"class_list":["post-21960","post","type-post","status-publish","format-standard","hentry","category-sem-categoria"],"yoast_head":"<!-- This site is optimized with the Yoast SEO plugin v26.6 - https:\/\/yoast.com\/wordpress\/plugins\/seo\/ -->\n<title>Restaurante Popular do Maiob\u00e3o promover\u00e1 a\u00e7\u00f5es socioeducativas - Daniel Matos<\/title>\n<meta name=\"robots\" content=\"index, follow, max-snippet:-1, max-image-preview:large, max-video-preview:-1\" \/>\n<link rel=\"canonical\" href=\"https:\/\/www.blogsoestado.com\/danielmatos\/restaurante-popular-do-maiobao-promovera-acoes-socioeducativas\/\" \/>\n<meta property=\"og:locale\" content=\"pt_BR\" \/>\n<meta property=\"og:type\" content=\"article\" \/>\n<meta property=\"og:title\" content=\"Restaurante Popular do Maiob\u00e3o promover\u00e1 a\u00e7\u00f5es socioeducativas - Daniel Matos\" \/>\n<meta property=\"og:description\" content=\"Na tarde desta ter\u00e7a-feira (03), foi realizada pela Secretaria de Estado de Desenvolvimento Social \u2013 Sedes, uma visita ao Restaurante [&hellip;]\" \/>\n<meta property=\"og:url\" content=\"https:\/\/www.blogsoestado.com\/danielmatos\/restaurante-popular-do-maiobao-promovera-acoes-socioeducativas\/\" \/>\n<meta property=\"og:site_name\" content=\"Daniel Matos\" \/>\n<meta property=\"article:published_time\" content=\"2015-02-04T19:39:54+00:00\" \/>\n<meta property=\"og:image\" content=\"https:\/\/www.blogsoestado.com\/danielmatos\/files\/2015\/02\/restaurante-popular.jpg\" \/>\n<meta name=\"twitter:card\" content=\"summary_large_image\" \/>\n<meta name=\"twitter:label1\" content=\"Est. tempo de leitura\" \/>\n\t<meta name=\"twitter:data1\" content=\"2 minutos\" \/>\n<script type=\"application\/ld+json\" class=\"yoast-schema-graph\">{\"@context\":\"https:\/\/schema.org\",\"@graph\":[{\"@type\":\"WebPage\",\"@id\":\"https:\/\/www.blogsoestado.com\/danielmatos\/restaurante-popular-do-maiobao-promovera-acoes-socioeducativas\/\",\"url\":\"https:\/\/www.blogsoestado.com\/danielmatos\/restaurante-popular-do-maiobao-promovera-acoes-socioeducativas\/\",\"name\":\"Restaurante Popular do Maiob\u00e3o promover\u00e1 a\u00e7\u00f5es socioeducativas - Daniel Matos\",\"isPartOf\":{\"@id\":\"https:\/\/www.blogsoestado.com\/danielmatos\/#website\"},\"primaryImageOfPage\":{\"@id\":\"https:\/\/www.blogsoestado.com\/danielmatos\/restaurante-popular-do-maiobao-promovera-acoes-socioeducativas\/#primaryimage\"},\"image\":{\"@id\":\"https:\/\/www.blogsoestado.com\/danielmatos\/restaurante-popular-do-maiobao-promovera-acoes-socioeducativas\/#primaryimage\"},\"thumbnailUrl\":\"https:\/\/www.blogsoestado.com\/danielmatos\/files\/2015\/02\/restaurante-popular.jpg\",\"datePublished\":\"2015-02-04T19:39:54+00:00\",\"author\":{\"@id\":\"\"},\"breadcrumb\":{\"@id\":\"https:\/\/www.blogsoestado.com\/danielmatos\/restaurante-popular-do-maiobao-promovera-acoes-socioeducativas\/#breadcrumb\"},\"inLanguage\":\"pt-BR\",\"potentialAction\":[{\"@type\":\"ReadAction\",\"target\":[\"https:\/\/www.blogsoestado.com\/danielmatos\/restaurante-popular-do-maiobao-promovera-acoes-socioeducativas\/\"]}]},{\"@type\":\"ImageObject\",\"inLanguage\":\"pt-BR\",\"@id\":\"https:\/\/www.blogsoestado.com\/danielmatos\/restaurante-popular-do-maiobao-promovera-acoes-socioeducativas\/#primaryimage\",\"url\":\"https:\/\/www.blogsoestado.com\/danielmatos\/files\/2015\/02\/restaurante-popular.jpg\",\"contentUrl\":\"https:\/\/www.blogsoestado.com\/danielmatos\/files\/2015\/02\/restaurante-popular.jpg\"},{\"@type\":\"BreadcrumbList\",\"@id\":\"https:\/\/www.blogsoestado.com\/danielmatos\/restaurante-popular-do-maiobao-promovera-acoes-socioeducativas\/#breadcrumb\",\"itemListElement\":[{\"@type\":\"ListItem\",\"position\":1,\"name\":\"In\u00edcio\",\"item\":\"https:\/\/www.blogsoestado.com\/danielmatos\/\"},{\"@type\":\"ListItem\",\"position\":2,\"name\":\"Restaurante Popular do Maiob\u00e3o promover\u00e1 a\u00e7\u00f5es socioeducativas\"}]},{\"@type\":\"WebSite\",\"@id\":\"https:\/\/www.blogsoestado.com\/danielmatos\/#website\",\"url\":\"https:\/\/www.blogsoestado.com\/danielmatos\/\",\"name\":\"Daniel Matos\",\"description\":\"\",\"potentialAction\":[{\"@type\":\"SearchAction\",\"target\":{\"@type\":\"EntryPoint\",\"urlTemplate\":\"https:\/\/www.blogsoestado.com\/danielmatos\/?s={search_term_string}\"},\"query-input\":{\"@type\":\"PropertyValueSpecification\",\"valueRequired\":true,\"valueName\":\"search_term_string\"}}],\"inLanguage\":\"pt-BR\"}]}<\/script>\n<!-- \/ Yoast SEO plugin. -->","yoast_head_json":{"title":"Restaurante Popular do Maiob\u00e3o promover\u00e1 a\u00e7\u00f5es socioeducativas - Daniel Matos","robots":{"index":"index","follow":"follow","max-snippet":"max-snippet:-1","max-image-preview":"max-image-preview:large","max-video-preview":"max-video-preview:-1"},"canonical":"https:\/\/www.blogsoestado.com\/danielmatos\/restaurante-popular-do-maiobao-promovera-acoes-socioeducativas\/","og_locale":"pt_BR","og_type":"article","og_title":"Restaurante Popular do Maiob\u00e3o promover\u00e1 a\u00e7\u00f5es socioeducativas - Daniel Matos","og_description":"Na tarde desta ter\u00e7a-feira (03), foi realizada pela Secretaria de Estado de Desenvolvimento Social \u2013 Sedes, uma visita ao Restaurante [&hellip;]","og_url":"https:\/\/www.blogsoestado.com\/danielmatos\/restaurante-popular-do-maiobao-promovera-acoes-socioeducativas\/","og_site_name":"Daniel Matos","article_published_time":"2015-02-04T19:39:54+00:00","og_image":[{"url":"https:\/\/www.blogsoestado.com\/danielmatos\/files\/2015\/02\/restaurante-popular.jpg","type":"","width":"","height":""}],"twitter_card":"summary_large_image","twitter_misc":{"Est. tempo de leitura":"2 minutos"},"schema":{"@context":"https:\/\/schema.org","@graph":[{"@type":"WebPage","@id":"https:\/\/www.blogsoestado.com\/danielmatos\/restaurante-popular-do-maiobao-promovera-acoes-socioeducativas\/","url":"https:\/\/www.blogsoestado.com\/danielmatos\/restaurante-popular-do-maiobao-promovera-acoes-socioeducativas\/","name":"Restaurante Popular do Maiob\u00e3o promover\u00e1 a\u00e7\u00f5es socioeducativas - Daniel Matos","isPartOf":{"@id":"https:\/\/www.blogsoestado.com\/danielmatos\/#website"},"primaryImageOfPage":{"@id":"https:\/\/www.blogsoestado.com\/danielmatos\/restaurante-popular-do-maiobao-promovera-acoes-socioeducativas\/#primaryimage"},"image":{"@id":"https:\/\/www.blogsoestado.com\/danielmatos\/restaurante-popular-do-maiobao-promovera-acoes-socioeducativas\/#primaryimage"},"thumbnailUrl":"https:\/\/www.blogsoestado.com\/danielmatos\/files\/2015\/02\/restaurante-popular.jpg","datePublished":"2015-02-04T19:39:54+00:00","author":{"@id":""},"breadcrumb":{"@id":"https:\/\/www.blogsoestado.com\/danielmatos\/restaurante-popular-do-maiobao-promovera-acoes-socioeducativas\/#breadcrumb"},"inLanguage":"pt-BR","potentialAction":[{"@type":"ReadAction","target":["https:\/\/www.blogsoestado.com\/danielmatos\/restaurante-popular-do-maiobao-promovera-acoes-socioeducativas\/"]}]},{"@type":"ImageObject","inLanguage":"pt-BR","@id":"https:\/\/www.blogsoestado.com\/danielmatos\/restaurante-popular-do-maiobao-promovera-acoes-socioeducativas\/#primaryimage","url":"https:\/\/www.blogsoestado.com\/danielmatos\/files\/2015\/02\/restaurante-popular.jpg","contentUrl":"https:\/\/www.blogsoestado.com\/danielmatos\/files\/2015\/02\/restaurante-popular.jpg"},{"@type":"BreadcrumbList","@id":"https:\/\/www.blogsoestado.com\/danielmatos\/restaurante-popular-do-maiobao-promovera-acoes-socioeducativas\/#breadcrumb","itemListElement":[{"@type":"ListItem","position":1,"name":"In\u00edcio","item":"https:\/\/www.blogsoestado.com\/danielmatos\/"},{"@type":"ListItem","position":2,"name":"Restaurante Popular do Maiob\u00e3o promover\u00e1 a\u00e7\u00f5es socioeducativas"}]},{"@type":"WebSite","@id":"https:\/\/www.blogsoestado.com\/danielmatos\/#website","url":"https:\/\/www.blogsoestado.com\/danielmatos\/","name":"Daniel Matos","description":"","potentialAction":[{"@type":"SearchAction","target":{"@type":"EntryPoint","urlTemplate":"https:\/\/www.blogsoestado.com\/danielmatos\/?s={search_term_string}"},"query-input":{"@type":"PropertyValueSpecification","valueRequired":true,"valueName":"search_term_string"}}],"inLanguage":"pt-BR"}]}},"jetpack_featured_media_url":"","_links":{"self":[{"href":"https:\/\/www.blogsoestado.com\/danielmatos\/wp-json\/wp\/v2\/posts\/21960","targetHints":{"allow":["GET"]}}],"collection":[{"href":"https:\/\/www.blogsoestado.com\/danielmatos\/wp-json\/wp\/v2\/posts"}],"about":[{"href":"https:\/\/www.blogsoestado.com\/danielmatos\/wp-json\/wp\/v2\/types\/post"}],"replies":[{"embeddable":true,"href":"https:\/\/www.blogsoestado.com\/danielmatos\/wp-json\/wp\/v2\/comments?post=21960"}],"version-history":[{"count":0,"href":"https:\/\/www.blogsoestado.com\/danielmatos\/wp-json\/wp\/v2\/posts\/21960\/revisions"}],"wp:attachment":[{"href":"https:\/\/www.blogsoestado.com\/danielmatos\/wp-json\/wp\/v2\/media?parent=21960"}],"wp:term":[{"taxonomy":"category","embeddable":true,"href":"https:\/\/www.blogsoestado.com\/danielmatos\/wp-json\/wp\/v2\/categories?post=21960"},{"taxonomy":"post_tag","embeddable":true,"href":"https:\/\/www.blogsoestado.com\/danielmatos\/wp-json\/wp\/v2\/tags?post=21960"}],"curies":[{"name":"wp","href":"https:\/\/api.w.org\/{rel}","templated":true}]}}