{"id":21967,"date":"2015-02-04T17:01:21","date_gmt":"2015-02-04T20:01:21","guid":{"rendered":"https:\/\/www.blogsoestado.com\/danielmatos\/?p=21967"},"modified":"2015-02-04T17:01:21","modified_gmt":"2015-02-04T20:01:21","slug":"ze-inacio-vai-a-tribuna-propor-criacao-de-frente-parlamentar-da-refinaria-premium","status":"publish","type":"post","link":"https:\/\/www.blogsoestado.com\/danielmatos\/ze-inacio-vai-a-tribuna-propor-criacao-de-frente-parlamentar-da-refinaria-premium\/","title":{"rendered":"Z\u00e9 In\u00e1cio vai \u00e0 tribuna propor cria\u00e7\u00e3o de Frente Parlamentar da Refinaria Premium"},"content":{"rendered":"<figure id=\"attachment_21968\" aria-describedby=\"caption-attachment-21968\" style=\"width: 526px\" class=\"wp-caption aligncenter\"><a href=\"https:\/\/www.blogsoestado.com\/danielmatos\/files\/2015\/02\/ze-inacio-tribuna.jpg\"><img fetchpriority=\"high\" decoding=\"async\" class=\"size-full wp-image-21968\" src=\"https:\/\/www.blogsoestado.com\/danielmatos\/files\/2015\/02\/ze-inacio-tribuna.jpg\" alt=\"Deputado Z\u00e9 In\u00e1cio defende cria\u00e7\u00e3o de frente parlamentar da Refinaria Premium\" width=\"526\" height=\"295\" \/><\/a><figcaption id=\"caption-attachment-21968\" class=\"wp-caption-text\">Deputado Z\u00e9 In\u00e1cio defende cria\u00e7\u00e3o de frente parlamentar da Refinaria Premium<\/figcaption><\/figure>\n<p>O deputado estadual Z\u00e9 In\u00e1cio (PT) usou a tribuna da Assembleia Legislativa pela primeira vez na manh\u00e3 desta quarta-feira (03) para propor a cria\u00e7\u00e3o de uma frente parlamentar em defesa da continua\u00e7\u00e3o do projeto da Refinaria Premium, em Bacabeira.<\/p>\n<p>&#8220;Com a responsabilidade de l\u00edder do PT, partido que est\u00e1 \u00e0 frente do Governo Federal, fa\u00e7o a convoca\u00e7\u00e3o a todos e todas que defendem o desenvolvimento e os avan\u00e7os na melhoria das condi\u00e7\u00f5es de vida do nosso povo: parlamentares, prefeitos e prefeitas, trabalhadores e trabalhadoras, empres\u00e1rios&#8230;enfim, toda sociedade maranhense, para lutarmos juntos e fazermos uma grande mobiliza\u00e7\u00e3o em defesa da continua\u00e7\u00e3o do projeto da Refinaria Premium\u201d, convocou o deputado.<\/p>\n<p>O parlamentar prop\u00f4s ainda que a frente parlamentar realize visitas \u00e0 Petrobr\u00e1s, ao Minist\u00e9rio de Minas e Energia e se for preciso at\u00e9 \u00e0 presidenta Dilma Rousseff.<\/p>\n<p>\u201cTamb\u00e9m vou conversar com o deputado Pedro Fernandes, que hoje coordena a bancada maranhense no Congresso Nacional, para mobilizar os 18 deputados federais e os tr\u00eas Senadores. Dessa forma, todos n\u00f3s, independente de cores partid\u00e1rias, defenderemos o povo do nosso estado. Quero contar com a contribui\u00e7\u00e3o de todos os deputados e deputadas desta Casa\u201d, finalizou Z\u00e9 In\u00e1cio.<em><br \/>\n<\/em><\/p>\n","protected":false},"excerpt":{"rendered":"<p>O deputado estadual Z\u00e9 In\u00e1cio (PT) usou a tribuna da Assembleia Legislativa pela primeira vez na manh\u00e3 desta quarta-feira (03) [&hellip;]<\/p>\n","protected":false},"author":0,"featured_media":0,"comment_status":"open","ping_status":"open","sticky":false,"template":"","format":"standard","meta":{"site-sidebar-layout":"default","site-content-layout":"","ast-site-content-layout":"default","site-content-style":"default","site-sidebar-style":"default","ast-global-header-display":"","ast-banner-title-visibility":"","ast-main-header-display":"","ast-hfb-above-header-display":"","ast-hfb-below-header-display":"","ast-hfb-mobile-header-display":"","site-post-title":"","ast-breadcrumbs-content":"","ast-featured-img":"","footer-sml-layout":"","ast-disable-related-posts":"","theme-transparent-header-meta":"","adv-header-id-meta":"","stick-header-meta":"","header-above-stick-meta":"","header-main-stick-meta":"","header-below-stick-meta":"","astra-migrate-meta-layouts":"default","ast-page-background-enabled":"default","ast-page-background-meta":{"desktop":{"background-color":"var(--ast-global-color-5)","background-image":"","background-repeat":"repeat","background-position":"center center","background-size":"auto","background-attachment":"scroll","background-type":"","background-media":"","overlay-type":"","overlay-color":"","overlay-opacity":"","overlay-gradient":""},"tablet":{"background-color":"","background-image":"","background-repeat":"repeat","background-position":"center center","background-size":"auto","background-attachment":"scroll","background-type":"","background-media":"","overlay-type":"","overlay-color":"","overlay-opacity":"","overlay-gradient":""},"mobile":{"background-color":"","background-image":"","background-repeat":"repeat","background-position":"center center","background-size":"auto","background-attachment":"scroll","background-type":"","background-media":"","overlay-type":"","overlay-color":"","overlay-opacity":"","overlay-gradient":""}},"ast-content-background-meta":{"desktop":{"background-color":"var(--ast-global-color-4)","background-image":"","background-repeat":"repeat","background-position":"center center","background-size":"auto","background-attachment":"scroll","background-type":"","background-media":"","overlay-type":"","overlay-color":"","overlay-opacity":"","overlay-gradient":""},"tablet":{"background-color":"var(--ast-global-color-4)","background-image":"","background-repeat":"repeat","background-position":"center center","background-size":"auto","background-attachment":"scroll","background-type":"","background-media":"","overlay-type":"","overlay-color":"","overlay-opacity":"","overlay-gradient":""},"mobile":{"background-color":"var(--ast-global-color-4)","background-image":"","background-repeat":"repeat","background-position":"center center","background-size":"auto","background-attachment":"scroll","background-type":"","background-media":"","overlay-type":"","overlay-color":"","overlay-opacity":"","overlay-gradient":""}},"footnotes":""},"categories":[1],"tags":[],"class_list":["post-21967","post","type-post","status-publish","format-standard","hentry","category-sem-categoria"],"yoast_head":"<!-- This site is optimized with the Yoast SEO plugin v26.6 - https:\/\/yoast.com\/wordpress\/plugins\/seo\/ -->\n<title>Z\u00e9 In\u00e1cio vai \u00e0 tribuna propor cria\u00e7\u00e3o de Frente Parlamentar da Refinaria Premium - Daniel Matos<\/title>\n<meta name=\"robots\" content=\"index, follow, max-snippet:-1, max-image-preview:large, max-video-preview:-1\" \/>\n<link rel=\"canonical\" href=\"https:\/\/www.blogsoestado.com\/danielmatos\/ze-inacio-vai-a-tribuna-propor-criacao-de-frente-parlamentar-da-refinaria-premium\/\" \/>\n<meta property=\"og:locale\" content=\"pt_BR\" \/>\n<meta property=\"og:type\" content=\"article\" \/>\n<meta property=\"og:title\" content=\"Z\u00e9 In\u00e1cio vai \u00e0 tribuna propor cria\u00e7\u00e3o de Frente Parlamentar da Refinaria Premium - Daniel Matos\" \/>\n<meta property=\"og:description\" content=\"O deputado estadual Z\u00e9 In\u00e1cio (PT) usou a tribuna da Assembleia Legislativa pela primeira vez na manh\u00e3 desta quarta-feira (03) [&hellip;]\" \/>\n<meta property=\"og:url\" content=\"https:\/\/www.blogsoestado.com\/danielmatos\/ze-inacio-vai-a-tribuna-propor-criacao-de-frente-parlamentar-da-refinaria-premium\/\" \/>\n<meta property=\"og:site_name\" content=\"Daniel Matos\" \/>\n<meta property=\"article:published_time\" content=\"2015-02-04T20:01:21+00:00\" \/>\n<meta property=\"og:image\" content=\"https:\/\/www.blogsoestado.com\/danielmatos\/files\/2015\/02\/ze-inacio-tribuna.jpg\" \/>\n<meta name=\"twitter:card\" content=\"summary_large_image\" \/>\n<meta name=\"twitter:label1\" content=\"Est. tempo de leitura\" \/>\n\t<meta name=\"twitter:data1\" content=\"1 minuto\" \/>\n<script type=\"application\/ld+json\" class=\"yoast-schema-graph\">{\"@context\":\"https:\/\/schema.org\",\"@graph\":[{\"@type\":\"WebPage\",\"@id\":\"https:\/\/www.blogsoestado.com\/danielmatos\/ze-inacio-vai-a-tribuna-propor-criacao-de-frente-parlamentar-da-refinaria-premium\/\",\"url\":\"https:\/\/www.blogsoestado.com\/danielmatos\/ze-inacio-vai-a-tribuna-propor-criacao-de-frente-parlamentar-da-refinaria-premium\/\",\"name\":\"Z\u00e9 In\u00e1cio vai \u00e0 tribuna propor cria\u00e7\u00e3o de Frente Parlamentar da Refinaria Premium - Daniel Matos\",\"isPartOf\":{\"@id\":\"https:\/\/www.blogsoestado.com\/danielmatos\/#website\"},\"primaryImageOfPage\":{\"@id\":\"https:\/\/www.blogsoestado.com\/danielmatos\/ze-inacio-vai-a-tribuna-propor-criacao-de-frente-parlamentar-da-refinaria-premium\/#primaryimage\"},\"image\":{\"@id\":\"https:\/\/www.blogsoestado.com\/danielmatos\/ze-inacio-vai-a-tribuna-propor-criacao-de-frente-parlamentar-da-refinaria-premium\/#primaryimage\"},\"thumbnailUrl\":\"https:\/\/www.blogsoestado.com\/danielmatos\/files\/2015\/02\/ze-inacio-tribuna.jpg\",\"datePublished\":\"2015-02-04T20:01:21+00:00\",\"author\":{\"@id\":\"\"},\"breadcrumb\":{\"@id\":\"https:\/\/www.blogsoestado.com\/danielmatos\/ze-inacio-vai-a-tribuna-propor-criacao-de-frente-parlamentar-da-refinaria-premium\/#breadcrumb\"},\"inLanguage\":\"pt-BR\",\"potentialAction\":[{\"@type\":\"ReadAction\",\"target\":[\"https:\/\/www.blogsoestado.com\/danielmatos\/ze-inacio-vai-a-tribuna-propor-criacao-de-frente-parlamentar-da-refinaria-premium\/\"]}]},{\"@type\":\"ImageObject\",\"inLanguage\":\"pt-BR\",\"@id\":\"https:\/\/www.blogsoestado.com\/danielmatos\/ze-inacio-vai-a-tribuna-propor-criacao-de-frente-parlamentar-da-refinaria-premium\/#primaryimage\",\"url\":\"https:\/\/www.blogsoestado.com\/danielmatos\/files\/2015\/02\/ze-inacio-tribuna.jpg\",\"contentUrl\":\"https:\/\/www.blogsoestado.com\/danielmatos\/files\/2015\/02\/ze-inacio-tribuna.jpg\"},{\"@type\":\"BreadcrumbList\",\"@id\":\"https:\/\/www.blogsoestado.com\/danielmatos\/ze-inacio-vai-a-tribuna-propor-criacao-de-frente-parlamentar-da-refinaria-premium\/#breadcrumb\",\"itemListElement\":[{\"@type\":\"ListItem\",\"position\":1,\"name\":\"In\u00edcio\",\"item\":\"https:\/\/www.blogsoestado.com\/danielmatos\/\"},{\"@type\":\"ListItem\",\"position\":2,\"name\":\"Z\u00e9 In\u00e1cio vai \u00e0 tribuna propor cria\u00e7\u00e3o de Frente Parlamentar da Refinaria Premium\"}]},{\"@type\":\"WebSite\",\"@id\":\"https:\/\/www.blogsoestado.com\/danielmatos\/#website\",\"url\":\"https:\/\/www.blogsoestado.com\/danielmatos\/\",\"name\":\"Daniel Matos\",\"description\":\"\",\"potentialAction\":[{\"@type\":\"SearchAction\",\"target\":{\"@type\":\"EntryPoint\",\"urlTemplate\":\"https:\/\/www.blogsoestado.com\/danielmatos\/?s={search_term_string}\"},\"query-input\":{\"@type\":\"PropertyValueSpecification\",\"valueRequired\":true,\"valueName\":\"search_term_string\"}}],\"inLanguage\":\"pt-BR\"}]}<\/script>\n<!-- \/ Yoast SEO plugin. -->","yoast_head_json":{"title":"Z\u00e9 In\u00e1cio vai \u00e0 tribuna propor cria\u00e7\u00e3o de Frente Parlamentar da Refinaria Premium - Daniel Matos","robots":{"index":"index","follow":"follow","max-snippet":"max-snippet:-1","max-image-preview":"max-image-preview:large","max-video-preview":"max-video-preview:-1"},"canonical":"https:\/\/www.blogsoestado.com\/danielmatos\/ze-inacio-vai-a-tribuna-propor-criacao-de-frente-parlamentar-da-refinaria-premium\/","og_locale":"pt_BR","og_type":"article","og_title":"Z\u00e9 In\u00e1cio vai \u00e0 tribuna propor cria\u00e7\u00e3o de Frente Parlamentar da Refinaria Premium - Daniel Matos","og_description":"O deputado estadual Z\u00e9 In\u00e1cio (PT) usou a tribuna da Assembleia Legislativa pela primeira vez na manh\u00e3 desta quarta-feira (03) [&hellip;]","og_url":"https:\/\/www.blogsoestado.com\/danielmatos\/ze-inacio-vai-a-tribuna-propor-criacao-de-frente-parlamentar-da-refinaria-premium\/","og_site_name":"Daniel Matos","article_published_time":"2015-02-04T20:01:21+00:00","og_image":[{"url":"https:\/\/www.blogsoestado.com\/danielmatos\/files\/2015\/02\/ze-inacio-tribuna.jpg","type":"","width":"","height":""}],"twitter_card":"summary_large_image","twitter_misc":{"Est. tempo de leitura":"1 minuto"},"schema":{"@context":"https:\/\/schema.org","@graph":[{"@type":"WebPage","@id":"https:\/\/www.blogsoestado.com\/danielmatos\/ze-inacio-vai-a-tribuna-propor-criacao-de-frente-parlamentar-da-refinaria-premium\/","url":"https:\/\/www.blogsoestado.com\/danielmatos\/ze-inacio-vai-a-tribuna-propor-criacao-de-frente-parlamentar-da-refinaria-premium\/","name":"Z\u00e9 In\u00e1cio vai \u00e0 tribuna propor cria\u00e7\u00e3o de Frente Parlamentar da Refinaria Premium - Daniel Matos","isPartOf":{"@id":"https:\/\/www.blogsoestado.com\/danielmatos\/#website"},"primaryImageOfPage":{"@id":"https:\/\/www.blogsoestado.com\/danielmatos\/ze-inacio-vai-a-tribuna-propor-criacao-de-frente-parlamentar-da-refinaria-premium\/#primaryimage"},"image":{"@id":"https:\/\/www.blogsoestado.com\/danielmatos\/ze-inacio-vai-a-tribuna-propor-criacao-de-frente-parlamentar-da-refinaria-premium\/#primaryimage"},"thumbnailUrl":"https:\/\/www.blogsoestado.com\/danielmatos\/files\/2015\/02\/ze-inacio-tribuna.jpg","datePublished":"2015-02-04T20:01:21+00:00","author":{"@id":""},"breadcrumb":{"@id":"https:\/\/www.blogsoestado.com\/danielmatos\/ze-inacio-vai-a-tribuna-propor-criacao-de-frente-parlamentar-da-refinaria-premium\/#breadcrumb"},"inLanguage":"pt-BR","potentialAction":[{"@type":"ReadAction","target":["https:\/\/www.blogsoestado.com\/danielmatos\/ze-inacio-vai-a-tribuna-propor-criacao-de-frente-parlamentar-da-refinaria-premium\/"]}]},{"@type":"ImageObject","inLanguage":"pt-BR","@id":"https:\/\/www.blogsoestado.com\/danielmatos\/ze-inacio-vai-a-tribuna-propor-criacao-de-frente-parlamentar-da-refinaria-premium\/#primaryimage","url":"https:\/\/www.blogsoestado.com\/danielmatos\/files\/2015\/02\/ze-inacio-tribuna.jpg","contentUrl":"https:\/\/www.blogsoestado.com\/danielmatos\/files\/2015\/02\/ze-inacio-tribuna.jpg"},{"@type":"BreadcrumbList","@id":"https:\/\/www.blogsoestado.com\/danielmatos\/ze-inacio-vai-a-tribuna-propor-criacao-de-frente-parlamentar-da-refinaria-premium\/#breadcrumb","itemListElement":[{"@type":"ListItem","position":1,"name":"In\u00edcio","item":"https:\/\/www.blogsoestado.com\/danielmatos\/"},{"@type":"ListItem","position":2,"name":"Z\u00e9 In\u00e1cio vai \u00e0 tribuna propor cria\u00e7\u00e3o de Frente Parlamentar da Refinaria Premium"}]},{"@type":"WebSite","@id":"https:\/\/www.blogsoestado.com\/danielmatos\/#website","url":"https:\/\/www.blogsoestado.com\/danielmatos\/","name":"Daniel Matos","description":"","potentialAction":[{"@type":"SearchAction","target":{"@type":"EntryPoint","urlTemplate":"https:\/\/www.blogsoestado.com\/danielmatos\/?s={search_term_string}"},"query-input":{"@type":"PropertyValueSpecification","valueRequired":true,"valueName":"search_term_string"}}],"inLanguage":"pt-BR"}]}},"jetpack_featured_media_url":"","_links":{"self":[{"href":"https:\/\/www.blogsoestado.com\/danielmatos\/wp-json\/wp\/v2\/posts\/21967","targetHints":{"allow":["GET"]}}],"collection":[{"href":"https:\/\/www.blogsoestado.com\/danielmatos\/wp-json\/wp\/v2\/posts"}],"about":[{"href":"https:\/\/www.blogsoestado.com\/danielmatos\/wp-json\/wp\/v2\/types\/post"}],"replies":[{"embeddable":true,"href":"https:\/\/www.blogsoestado.com\/danielmatos\/wp-json\/wp\/v2\/comments?post=21967"}],"version-history":[{"count":0,"href":"https:\/\/www.blogsoestado.com\/danielmatos\/wp-json\/wp\/v2\/posts\/21967\/revisions"}],"wp:attachment":[{"href":"https:\/\/www.blogsoestado.com\/danielmatos\/wp-json\/wp\/v2\/media?parent=21967"}],"wp:term":[{"taxonomy":"category","embeddable":true,"href":"https:\/\/www.blogsoestado.com\/danielmatos\/wp-json\/wp\/v2\/categories?post=21967"},{"taxonomy":"post_tag","embeddable":true,"href":"https:\/\/www.blogsoestado.com\/danielmatos\/wp-json\/wp\/v2\/tags?post=21967"}],"curies":[{"name":"wp","href":"https:\/\/api.w.org\/{rel}","templated":true}]}}