{"id":21974,"date":"2015-02-04T18:20:30","date_gmt":"2015-02-04T21:20:30","guid":{"rendered":"https:\/\/www.blogsoestado.com\/danielmatos\/?p=21974"},"modified":"2015-02-04T18:20:30","modified_gmt":"2015-02-04T21:20:30","slug":"andrea-murad-volta-a-abordar-estatisticas-da-seguranca-publica-e-refinaria","status":"publish","type":"post","link":"https:\/\/www.blogsoestado.com\/danielmatos\/andrea-murad-volta-a-abordar-estatisticas-da-seguranca-publica-e-refinaria\/","title":{"rendered":"Andrea Murad volta a abordar estat\u00edsticas da seguran\u00e7a p\u00fablica e refinaria"},"content":{"rendered":"<figure id=\"attachment_21975\" aria-describedby=\"caption-attachment-21975\" style=\"width: 336px\" class=\"wp-caption alignright\"><a href=\"https:\/\/www.blogsoestado.com\/danielmatos\/files\/2015\/02\/andrea-murad.jpg\"><img fetchpriority=\"high\" decoding=\"async\" class=\"size-full wp-image-21975\" src=\"https:\/\/www.blogsoestado.com\/danielmatos\/files\/2015\/02\/andrea-murad.jpg\" alt=\"Andr\u00e9a Murad elogiou retorno dos dados da viol\u00eancia ao site da SSP e postura da AL em defesa da refinaria\" width=\"336\" height=\"421\" \/><\/a><figcaption id=\"caption-attachment-21975\" class=\"wp-caption-text\">Andr\u00e9a Murad elogiou retorno dos dados da viol\u00eancia ao site da SSP e postura da AL em defesa da refinaria<\/figcaption><\/figure>\n<p>Andrea Murad (PMDB) usou a tribuna nesta quarta-feira (4), no pequeno expediente, para destacar o retorno das estat\u00edsticas no site da Secretaria de Estado da Seguran\u00e7a P\u00fablica. Ontem (3), a parlamentar criticou duramente a oculta\u00e7\u00e3o do link no portal do \u00f3rg\u00e3o, ap\u00f3s a repercuss\u00e3o na imprensa do aumento da criminalidade na regi\u00e3o metropolitana de S\u00e3o Lu\u00eds.<\/p>\n<p>\u201cNingu\u00e9m vem aqui s\u00f3 criticar, queremos o melhor para defender o Maranh\u00e3o por isso tamb\u00e9m estou aqui para elogiar a postura do secret\u00e1rio de seguran\u00e7a ter colocado de volta os dados da criminalidade em nossa regi\u00e3o\u201d, disse Andrea Murad.<\/p>\n<p>Na oportunidade, Andrea Murad tamb\u00e9m falou sobre a Refinaria Premium e defendeu o posicionamento do ex-senador Jos\u00e9 Sarney. Para a deputada do PMDB, Jos\u00e9 Sarney foi firme e defendeu o Maranh\u00e3o de forma contundente. Na sua vis\u00e3o, Sarney n\u00e3o est\u00e1 contra a presidenta Dilma, mas a favor do povo maranhense.<\/p>\n<p>\u201cEu espero, realmente, que tenhamos um posicionamento que n\u00e3o seja baseado nos anseios pol\u00edticos ou paix\u00f5es pol\u00edticas, ele (Jos\u00e9 Sarney) saiu da pol\u00edtica mas continua sendo refer\u00eancia como l\u00edder pol\u00edtico para o nosso Estado. \u00c9 injusto dizer que ele est\u00e1 contra a presidente Dilma, ele est\u00e1 a favor do povo do maranh\u00e3o\u201d, enfatizou a deputada.<\/p>\n<p>Ainda sobre a refinaria, Andrea Murad destacou a iniciativa dos deputados estaduais em defesa do retorno desse empreendimento, citando a import\u00e2ncia dos deputados federais neste papel e criticou o governador Fl\u00e1vio Dino pela nota que divulgou \u00e0 imprensa.<\/p>\n<p>\u201cN\u00f3s s\u00f3 temos a clamar que os nossos deputados federais em Bras\u00edlia atuem firmemente nesta causa porque n\u00e3o podemos aceitar a situa\u00e7\u00e3o. Ele (Flavio Dino) precisa se manifestar. Fl\u00e1vio Dino deveria fazer como os deputados estaduais est\u00e3o fazendo\u201d, reclamou Andrea Murad.leia<\/p>\n<p><strong>Fonte:<\/strong> Ag\u00eancia Assembleia<\/p>\n","protected":false},"excerpt":{"rendered":"<p>Andrea Murad (PMDB) usou a tribuna nesta quarta-feira (4), no pequeno expediente, para destacar o retorno das estat\u00edsticas no site [&hellip;]<\/p>\n","protected":false},"author":0,"featured_media":0,"comment_status":"open","ping_status":"open","sticky":false,"template":"","format":"standard","meta":{"site-sidebar-layout":"default","site-content-layout":"","ast-site-content-layout":"default","site-content-style":"default","site-sidebar-style":"default","ast-global-header-display":"","ast-banner-title-visibility":"","ast-main-header-display":"","ast-hfb-above-header-display":"","ast-hfb-below-header-display":"","ast-hfb-mobile-header-display":"","site-post-title":"","ast-breadcrumbs-content":"","ast-featured-img":"","footer-sml-layout":"","ast-disable-related-posts":"","theme-transparent-header-meta":"","adv-header-id-meta":"","stick-header-meta":"","header-above-stick-meta":"","header-main-stick-meta":"","header-below-stick-meta":"","astra-migrate-meta-layouts":"default","ast-page-background-enabled":"default","ast-page-background-meta":{"desktop":{"background-color":"var(--ast-global-color-5)","background-image":"","background-repeat":"repeat","background-position":"center center","background-size":"auto","background-attachment":"scroll","background-type":"","background-media":"","overlay-type":"","overlay-color":"","overlay-opacity":"","overlay-gradient":""},"tablet":{"background-color":"","background-image":"","background-repeat":"repeat","background-position":"center center","background-size":"auto","background-attachment":"scroll","background-type":"","background-media":"","overlay-type":"","overlay-color":"","overlay-opacity":"","overlay-gradient":""},"mobile":{"background-color":"","background-image":"","background-repeat":"repeat","background-position":"center center","background-size":"auto","background-attachment":"scroll","background-type":"","background-media":"","overlay-type":"","overlay-color":"","overlay-opacity":"","overlay-gradient":""}},"ast-content-background-meta":{"desktop":{"background-color":"var(--ast-global-color-4)","background-image":"","background-repeat":"repeat","background-position":"center center","background-size":"auto","background-attachment":"scroll","background-type":"","background-media":"","overlay-type":"","overlay-color":"","overlay-opacity":"","overlay-gradient":""},"tablet":{"background-color":"var(--ast-global-color-4)","background-image":"","background-repeat":"repeat","background-position":"center center","background-size":"auto","background-attachment":"scroll","background-type":"","background-media":"","overlay-type":"","overlay-color":"","overlay-opacity":"","overlay-gradient":""},"mobile":{"background-color":"var(--ast-global-color-4)","background-image":"","background-repeat":"repeat","background-position":"center center","background-size":"auto","background-attachment":"scroll","background-type":"","background-media":"","overlay-type":"","overlay-color":"","overlay-opacity":"","overlay-gradient":""}},"footnotes":""},"categories":[1],"tags":[],"class_list":["post-21974","post","type-post","status-publish","format-standard","hentry","category-sem-categoria"],"yoast_head":"<!-- This site is optimized with the Yoast SEO plugin v26.6 - https:\/\/yoast.com\/wordpress\/plugins\/seo\/ -->\n<title>Andrea Murad volta a abordar estat\u00edsticas da seguran\u00e7a p\u00fablica e refinaria - Daniel Matos<\/title>\n<meta name=\"robots\" content=\"index, follow, max-snippet:-1, max-image-preview:large, max-video-preview:-1\" \/>\n<link rel=\"canonical\" href=\"https:\/\/www.blogsoestado.com\/danielmatos\/andrea-murad-volta-a-abordar-estatisticas-da-seguranca-publica-e-refinaria\/\" \/>\n<meta property=\"og:locale\" content=\"pt_BR\" \/>\n<meta property=\"og:type\" content=\"article\" \/>\n<meta property=\"og:title\" content=\"Andrea Murad volta a abordar estat\u00edsticas da seguran\u00e7a p\u00fablica e refinaria - Daniel Matos\" \/>\n<meta property=\"og:description\" content=\"Andrea Murad (PMDB) usou a tribuna nesta quarta-feira (4), no pequeno expediente, para destacar o retorno das estat\u00edsticas no site [&hellip;]\" \/>\n<meta property=\"og:url\" content=\"https:\/\/www.blogsoestado.com\/danielmatos\/andrea-murad-volta-a-abordar-estatisticas-da-seguranca-publica-e-refinaria\/\" \/>\n<meta property=\"og:site_name\" content=\"Daniel Matos\" \/>\n<meta property=\"article:published_time\" content=\"2015-02-04T21:20:30+00:00\" \/>\n<meta property=\"og:image\" content=\"https:\/\/www.blogsoestado.com\/danielmatos\/files\/2015\/02\/andrea-murad.jpg\" \/>\n<meta name=\"twitter:card\" content=\"summary_large_image\" \/>\n<meta name=\"twitter:label1\" content=\"Est. tempo de leitura\" \/>\n\t<meta name=\"twitter:data1\" content=\"2 minutos\" \/>\n<script type=\"application\/ld+json\" class=\"yoast-schema-graph\">{\"@context\":\"https:\/\/schema.org\",\"@graph\":[{\"@type\":\"WebPage\",\"@id\":\"https:\/\/www.blogsoestado.com\/danielmatos\/andrea-murad-volta-a-abordar-estatisticas-da-seguranca-publica-e-refinaria\/\",\"url\":\"https:\/\/www.blogsoestado.com\/danielmatos\/andrea-murad-volta-a-abordar-estatisticas-da-seguranca-publica-e-refinaria\/\",\"name\":\"Andrea Murad volta a abordar estat\u00edsticas da seguran\u00e7a p\u00fablica e refinaria - Daniel Matos\",\"isPartOf\":{\"@id\":\"https:\/\/www.blogsoestado.com\/danielmatos\/#website\"},\"primaryImageOfPage\":{\"@id\":\"https:\/\/www.blogsoestado.com\/danielmatos\/andrea-murad-volta-a-abordar-estatisticas-da-seguranca-publica-e-refinaria\/#primaryimage\"},\"image\":{\"@id\":\"https:\/\/www.blogsoestado.com\/danielmatos\/andrea-murad-volta-a-abordar-estatisticas-da-seguranca-publica-e-refinaria\/#primaryimage\"},\"thumbnailUrl\":\"https:\/\/www.blogsoestado.com\/danielmatos\/files\/2015\/02\/andrea-murad.jpg\",\"datePublished\":\"2015-02-04T21:20:30+00:00\",\"author\":{\"@id\":\"\"},\"breadcrumb\":{\"@id\":\"https:\/\/www.blogsoestado.com\/danielmatos\/andrea-murad-volta-a-abordar-estatisticas-da-seguranca-publica-e-refinaria\/#breadcrumb\"},\"inLanguage\":\"pt-BR\",\"potentialAction\":[{\"@type\":\"ReadAction\",\"target\":[\"https:\/\/www.blogsoestado.com\/danielmatos\/andrea-murad-volta-a-abordar-estatisticas-da-seguranca-publica-e-refinaria\/\"]}]},{\"@type\":\"ImageObject\",\"inLanguage\":\"pt-BR\",\"@id\":\"https:\/\/www.blogsoestado.com\/danielmatos\/andrea-murad-volta-a-abordar-estatisticas-da-seguranca-publica-e-refinaria\/#primaryimage\",\"url\":\"https:\/\/www.blogsoestado.com\/danielmatos\/files\/2015\/02\/andrea-murad.jpg\",\"contentUrl\":\"https:\/\/www.blogsoestado.com\/danielmatos\/files\/2015\/02\/andrea-murad.jpg\"},{\"@type\":\"BreadcrumbList\",\"@id\":\"https:\/\/www.blogsoestado.com\/danielmatos\/andrea-murad-volta-a-abordar-estatisticas-da-seguranca-publica-e-refinaria\/#breadcrumb\",\"itemListElement\":[{\"@type\":\"ListItem\",\"position\":1,\"name\":\"In\u00edcio\",\"item\":\"https:\/\/www.blogsoestado.com\/danielmatos\/\"},{\"@type\":\"ListItem\",\"position\":2,\"name\":\"Andrea Murad volta a abordar estat\u00edsticas da seguran\u00e7a p\u00fablica e refinaria\"}]},{\"@type\":\"WebSite\",\"@id\":\"https:\/\/www.blogsoestado.com\/danielmatos\/#website\",\"url\":\"https:\/\/www.blogsoestado.com\/danielmatos\/\",\"name\":\"Daniel Matos\",\"description\":\"\",\"potentialAction\":[{\"@type\":\"SearchAction\",\"target\":{\"@type\":\"EntryPoint\",\"urlTemplate\":\"https:\/\/www.blogsoestado.com\/danielmatos\/?s={search_term_string}\"},\"query-input\":{\"@type\":\"PropertyValueSpecification\",\"valueRequired\":true,\"valueName\":\"search_term_string\"}}],\"inLanguage\":\"pt-BR\"}]}<\/script>\n<!-- \/ Yoast SEO plugin. -->","yoast_head_json":{"title":"Andrea Murad volta a abordar estat\u00edsticas da seguran\u00e7a p\u00fablica e refinaria - Daniel Matos","robots":{"index":"index","follow":"follow","max-snippet":"max-snippet:-1","max-image-preview":"max-image-preview:large","max-video-preview":"max-video-preview:-1"},"canonical":"https:\/\/www.blogsoestado.com\/danielmatos\/andrea-murad-volta-a-abordar-estatisticas-da-seguranca-publica-e-refinaria\/","og_locale":"pt_BR","og_type":"article","og_title":"Andrea Murad volta a abordar estat\u00edsticas da seguran\u00e7a p\u00fablica e refinaria - Daniel Matos","og_description":"Andrea Murad (PMDB) usou a tribuna nesta quarta-feira (4), no pequeno expediente, para destacar o retorno das estat\u00edsticas no site [&hellip;]","og_url":"https:\/\/www.blogsoestado.com\/danielmatos\/andrea-murad-volta-a-abordar-estatisticas-da-seguranca-publica-e-refinaria\/","og_site_name":"Daniel Matos","article_published_time":"2015-02-04T21:20:30+00:00","og_image":[{"url":"https:\/\/www.blogsoestado.com\/danielmatos\/files\/2015\/02\/andrea-murad.jpg","type":"","width":"","height":""}],"twitter_card":"summary_large_image","twitter_misc":{"Est. tempo de leitura":"2 minutos"},"schema":{"@context":"https:\/\/schema.org","@graph":[{"@type":"WebPage","@id":"https:\/\/www.blogsoestado.com\/danielmatos\/andrea-murad-volta-a-abordar-estatisticas-da-seguranca-publica-e-refinaria\/","url":"https:\/\/www.blogsoestado.com\/danielmatos\/andrea-murad-volta-a-abordar-estatisticas-da-seguranca-publica-e-refinaria\/","name":"Andrea Murad volta a abordar estat\u00edsticas da seguran\u00e7a p\u00fablica e refinaria - Daniel Matos","isPartOf":{"@id":"https:\/\/www.blogsoestado.com\/danielmatos\/#website"},"primaryImageOfPage":{"@id":"https:\/\/www.blogsoestado.com\/danielmatos\/andrea-murad-volta-a-abordar-estatisticas-da-seguranca-publica-e-refinaria\/#primaryimage"},"image":{"@id":"https:\/\/www.blogsoestado.com\/danielmatos\/andrea-murad-volta-a-abordar-estatisticas-da-seguranca-publica-e-refinaria\/#primaryimage"},"thumbnailUrl":"https:\/\/www.blogsoestado.com\/danielmatos\/files\/2015\/02\/andrea-murad.jpg","datePublished":"2015-02-04T21:20:30+00:00","author":{"@id":""},"breadcrumb":{"@id":"https:\/\/www.blogsoestado.com\/danielmatos\/andrea-murad-volta-a-abordar-estatisticas-da-seguranca-publica-e-refinaria\/#breadcrumb"},"inLanguage":"pt-BR","potentialAction":[{"@type":"ReadAction","target":["https:\/\/www.blogsoestado.com\/danielmatos\/andrea-murad-volta-a-abordar-estatisticas-da-seguranca-publica-e-refinaria\/"]}]},{"@type":"ImageObject","inLanguage":"pt-BR","@id":"https:\/\/www.blogsoestado.com\/danielmatos\/andrea-murad-volta-a-abordar-estatisticas-da-seguranca-publica-e-refinaria\/#primaryimage","url":"https:\/\/www.blogsoestado.com\/danielmatos\/files\/2015\/02\/andrea-murad.jpg","contentUrl":"https:\/\/www.blogsoestado.com\/danielmatos\/files\/2015\/02\/andrea-murad.jpg"},{"@type":"BreadcrumbList","@id":"https:\/\/www.blogsoestado.com\/danielmatos\/andrea-murad-volta-a-abordar-estatisticas-da-seguranca-publica-e-refinaria\/#breadcrumb","itemListElement":[{"@type":"ListItem","position":1,"name":"In\u00edcio","item":"https:\/\/www.blogsoestado.com\/danielmatos\/"},{"@type":"ListItem","position":2,"name":"Andrea Murad volta a abordar estat\u00edsticas da seguran\u00e7a p\u00fablica e refinaria"}]},{"@type":"WebSite","@id":"https:\/\/www.blogsoestado.com\/danielmatos\/#website","url":"https:\/\/www.blogsoestado.com\/danielmatos\/","name":"Daniel Matos","description":"","potentialAction":[{"@type":"SearchAction","target":{"@type":"EntryPoint","urlTemplate":"https:\/\/www.blogsoestado.com\/danielmatos\/?s={search_term_string}"},"query-input":{"@type":"PropertyValueSpecification","valueRequired":true,"valueName":"search_term_string"}}],"inLanguage":"pt-BR"}]}},"jetpack_featured_media_url":"","_links":{"self":[{"href":"https:\/\/www.blogsoestado.com\/danielmatos\/wp-json\/wp\/v2\/posts\/21974","targetHints":{"allow":["GET"]}}],"collection":[{"href":"https:\/\/www.blogsoestado.com\/danielmatos\/wp-json\/wp\/v2\/posts"}],"about":[{"href":"https:\/\/www.blogsoestado.com\/danielmatos\/wp-json\/wp\/v2\/types\/post"}],"replies":[{"embeddable":true,"href":"https:\/\/www.blogsoestado.com\/danielmatos\/wp-json\/wp\/v2\/comments?post=21974"}],"version-history":[{"count":0,"href":"https:\/\/www.blogsoestado.com\/danielmatos\/wp-json\/wp\/v2\/posts\/21974\/revisions"}],"wp:attachment":[{"href":"https:\/\/www.blogsoestado.com\/danielmatos\/wp-json\/wp\/v2\/media?parent=21974"}],"wp:term":[{"taxonomy":"category","embeddable":true,"href":"https:\/\/www.blogsoestado.com\/danielmatos\/wp-json\/wp\/v2\/categories?post=21974"},{"taxonomy":"post_tag","embeddable":true,"href":"https:\/\/www.blogsoestado.com\/danielmatos\/wp-json\/wp\/v2\/tags?post=21974"}],"curies":[{"name":"wp","href":"https:\/\/api.w.org\/{rel}","templated":true}]}}