{"id":21990,"date":"2015-02-06T07:06:14","date_gmt":"2015-02-06T10:06:14","guid":{"rendered":"https:\/\/www.blogsoestado.com\/danielmatos\/?p=21990"},"modified":"2015-02-06T07:06:14","modified_gmt":"2015-02-06T10:06:14","slug":"ministro-do-esporte-inaugura-pista-de-atletismo-da-ufma","status":"publish","type":"post","link":"https:\/\/www.blogsoestado.com\/danielmatos\/ministro-do-esporte-inaugura-pista-de-atletismo-da-ufma\/","title":{"rendered":"Ministro do Esporte inaugura pista de atletismo da UFMA"},"content":{"rendered":"<h2><span style=\"color: #ff0000;\"><strong>George Hilton anunciou a inclus\u00e3o da universidade no Sistema Nacional de Esporte<\/strong><\/span><\/h2>\n<figure id=\"attachment_21992\" aria-describedby=\"caption-attachment-21992\" style=\"width: 640px\" class=\"wp-caption aligncenter\"><a href=\"https:\/\/www.blogsoestado.com\/danielmatos\/files\/2015\/02\/pista-ufma2.jpg\"><img fetchpriority=\"high\" decoding=\"async\" class=\"size-full wp-image-21992\" src=\"https:\/\/www.blogsoestado.com\/danielmatos\/files\/2015\/02\/pista-ufma2.jpg\" alt=\"Reitor Natalino Salgado, governador Fl\u00e1vio Dino e ministro George Hilton descerram placa de inaugura\u00e7\u00e3o da pista\" width=\"640\" height=\"427\" \/><\/a><figcaption id=\"caption-attachment-21992\" class=\"wp-caption-text\">Reitor Natalino Salgado, ministro George Hilton e governador Fl\u00e1vio Dino descerram placa de inaugura\u00e7\u00e3o da pista<\/figcaption><\/figure>\n<p>A pista de atletismo da Universidade Federal do Maranh\u00e3o\u00a0(UFMA) foi inaugurada na\u00a0manh\u00e3 de quarta-feira, na Cidade Universit\u00e1ria do Bacanga. O ato contou com a\u00a0presen\u00e7a do ministro do Esporte, George Hilton, do governador do Maranh\u00e3o, Fl\u00e1vio Dino, do prefeito de S\u00e3o Lu\u00eds, Edivaldo Holanda Junior, do reitor da UFMA, Natalino Salgado, dos ex-atletas ol\u00edmpicos brasileiros Robson Caetano, Edson Luciano, Claudinei Quirino e Andr\u00e9 Domingos da Silva, entre outros desportistas maranhenses. A pista, que foi feita com investimento do Minist\u00e9rio do Esporte no valor de R$ 6 milh\u00f5es, tem\u00a0400 metros de comprimento por\u00a010 metros\u00a0de largura e medidas e equipamentos de padr\u00e3o internacional.<\/p>\n<p>Ap\u00f3s o descerramento da placa, o atleta Claudinei Quirino, detentor dos recordes sul-americano nos 200m rasos e de revezamento 4x100m rasos, destacou que o esporte deve come\u00e7ar na escola, tendo continuidade na universidade. Elogiou as condi\u00e7\u00f5es da pista e o clima agrad\u00e1vel para a pr\u00e1tica esportiva. \u201cA UFMA est\u00e1 de parab\u00e9ns por essa pista de alto n\u00edvel. Espero que se formem bons atletas aqui no Maranh\u00e3o\u201d, ressaltou.<\/p>\n<figure id=\"attachment_21993\" aria-describedby=\"caption-attachment-21993\" style=\"width: 640px\" class=\"wp-caption aligncenter\"><a href=\"https:\/\/www.blogsoestado.com\/danielmatos\/files\/2015\/02\/pista-ufma3.jpg\"><img decoding=\"async\" class=\"size-full wp-image-21993\" src=\"https:\/\/www.blogsoestado.com\/danielmatos\/files\/2015\/02\/pista-ufma3.jpg\" alt=\"Reitor Natalino Salgado faz pronunciamento na cerim\u00f4nia em que UFMA ganhou pista de atletismo de alto padr\u00e3o\" width=\"640\" height=\"427\" \/><\/a><figcaption id=\"caption-attachment-21993\" class=\"wp-caption-text\">Reitor Natalino Salgado faz pronunciamento na cerim\u00f4nia em que a UFMA ganhou pista de atletismo de alto padr\u00e3o<\/figcaption><\/figure>\n<p>Natalino Salgado ressaltou que a UFMA ter\u00e1 agora condi\u00e7\u00f5es de receber competi\u00e7\u00f5es internacionais inseridas na Rede Nacional de Treinamento de Atletismo, tornando-se um legado com as pol\u00edticas de consolida\u00e7\u00e3o posteriores aos Jogos Ol\u00edmpicos de 2016. \u201cA nossa pista de atletismo ser\u00e1 de grande import\u00e2ncia para mudar a realidade social de nossos jovens, porque ir\u00e1 promover o interesse pela competi\u00e7\u00e3o esportiva e tamb\u00e9m a inser\u00e7\u00e3o da cultura e promo\u00e7\u00e3o da sa\u00fade\u201d, enfatizou.<\/p>\n<p>O governador Fl\u00e1vio Dino afirmou que o governo maranhense, assim como o Estado Brasileiro, contribuir\u00e1 com bolsa de incentivo aos atletas. \u201cTenho f\u00e9 e esperan\u00e7a que essa pista de atletismo ir\u00e1 contribuir de forma positiva para os nossos jovens que buscam no esporte a realiza\u00e7\u00e3o de seus sonhos e que sair\u00e3o daqui atletas de alto n\u00edvel representando nosso Estado e Pa\u00eds\u201d, desejou.<\/p>\n<p><strong>Alto padr\u00e3o<\/strong><\/p>\n<figure id=\"attachment_21994\" aria-describedby=\"caption-attachment-21994\" style=\"width: 640px\" class=\"wp-caption aligncenter\"><a href=\"https:\/\/www.blogsoestado.com\/danielmatos\/files\/2015\/02\/pista-ufma.jpg\"><img decoding=\"async\" class=\"size-full wp-image-21994\" src=\"https:\/\/www.blogsoestado.com\/danielmatos\/files\/2015\/02\/pista-ufma.jpg\" alt=\"Autoridades constatam qualidade da pista de atletismo, que sediar\u00e1 competi\u00e7\u00f5es locais e nacionais\" width=\"640\" height=\"427\" \/><\/a><figcaption id=\"caption-attachment-21994\" class=\"wp-caption-text\">Reitor, ministro e governador\u00a0constatam qualidade da pista de atletismo, que sediar\u00e1 competi\u00e7\u00f5es locais e nacionais<\/figcaption><\/figure>\n<p>Para o ministro do Esporte, George Hilton, \u00e9 um prazer enorme presenciar o sonho de muitos atletas de poder praticar esporte em uma pista de alto padr\u00e3o e totalmente equipada. \u201cEsta pista permitir\u00e1 que nossos atletas n\u00e3o precisem se deslocar para outras capitais e at\u00e9 mesmo para outros pa\u00edses para praticar o atletismo de alto rendimento\u201d, destacou.<\/p>\n<p>Hilton afirma ainda, que com a cria\u00e7\u00e3o do Sistema Nacional de Esporte, a pr\u00e1tica esportiva ser\u00e1 mais democratizada e acess\u00edvel para toda a sociedade brasileira. \u201cO Sistema Nacional de Esporte que est\u00e1 sendo criado, interligar\u00e1 atrav\u00e9s da Uni\u00e3o, as universidades, as vilas militares, os governos estaduais e as prefeituras. Haver\u00e1 uma verdadeira revolu\u00e7\u00e3o no esporte social, comunit\u00e1rio e educacional desse pa\u00eds, democratizando, de fato, o esporte\u201d, ressaltou.<\/p>\n<p>O estudante da Escola Presidente M\u00e9dici-SESI Marcelo Santos Lima, natural do munic\u00edpio de Bacabal, atual campe\u00e3o de salto em altura masculino e dos 250 m rasos dos Jogos Escolares Maranhenses (JEMs), era um dos mais entusiasmados. \u201cCom essa pista, o atletismo ser\u00e1 consolidado em nosso Estado e todos os atletas poder\u00e3o ter a oportunidade de se destacar\u201d, disse a promessa do atletismo brasileiro.<\/p>\n<p><strong>Campeonatos<\/strong><\/p>\n<figure id=\"attachment_21995\" aria-describedby=\"caption-attachment-21995\" style=\"width: 640px\" class=\"wp-caption aligncenter\"><a href=\"https:\/\/www.blogsoestado.com\/danielmatos\/files\/2015\/02\/pista-ufma4.jpg\"><img loading=\"lazy\" decoding=\"async\" class=\"size-full wp-image-21995\" src=\"https:\/\/www.blogsoestado.com\/danielmatos\/files\/2015\/02\/pista-ufma4.jpg\" alt=\"Em seu discurso, ministro George Hilton destacou import\u00e2ncia da pista para a pr\u00e1tica esportiva e obten\u00e7\u00e3o de bons resultados\" width=\"640\" height=\"427\" \/><\/a><figcaption id=\"caption-attachment-21995\" class=\"wp-caption-text\">Em seu discurso, ministro George Hilton destacou import\u00e2ncia da pista para a pr\u00e1tica esportiva e obten\u00e7\u00e3o de bons resultados<\/figcaption><\/figure>\n<p>O presidente da Federa\u00e7\u00e3o Maranhense de Atletismo (Fama), M\u00e1rcio Miguens, prometeu corresponder a expectativa do jovem atleta de dias melhores para o futuro da modalidade \u201cVamos organizar campeonatos regionais, nacionais e internacionais de atletismo, com apoio da UFMA\u201d, anunciou.<\/p>\n<p>Tamb\u00e9m estiveram presentes na solenidade de inaugura\u00e7\u00e3o o secret\u00e1rio executivo do Minist\u00e9rio de Esportes, Ricardo Laser, o secret\u00e1rio de Esporte do Estado do Maranh\u00e3o, M\u00e1rcio Jardim, o secret\u00e1rio municipal de Desporto e Lazer, Jerry Abrantes, o deputado federal Cleber Verde, o deputado estadual Junior Verde e o chefe de Departamento de Educa\u00e7\u00e3o F\u00edsica da UFMA, M\u00e1rio Sevilio.<\/p>\n","protected":false},"excerpt":{"rendered":"<p>George Hilton anunciou a inclus\u00e3o da universidade no Sistema Nacional de Esporte A pista de atletismo da Universidade Federal do [&hellip;]<\/p>\n","protected":false},"author":0,"featured_media":0,"comment_status":"open","ping_status":"open","sticky":false,"template":"","format":"standard","meta":{"site-sidebar-layout":"default","site-content-layout":"","ast-site-content-layout":"default","site-content-style":"default","site-sidebar-style":"default","ast-global-header-display":"","ast-banner-title-visibility":"","ast-main-header-display":"","ast-hfb-above-header-display":"","ast-hfb-below-header-display":"","ast-hfb-mobile-header-display":"","site-post-title":"","ast-breadcrumbs-content":"","ast-featured-img":"","footer-sml-layout":"","ast-disable-related-posts":"","theme-transparent-header-meta":"","adv-header-id-meta":"","stick-header-meta":"","header-above-stick-meta":"","header-main-stick-meta":"","header-below-stick-meta":"","astra-migrate-meta-layouts":"default","ast-page-background-enabled":"default","ast-page-background-meta":{"desktop":{"background-color":"var(--ast-global-color-5)","background-image":"","background-repeat":"repeat","background-position":"center center","background-size":"auto","background-attachment":"scroll","background-type":"","background-media":"","overlay-type":"","overlay-color":"","overlay-opacity":"","overlay-gradient":""},"tablet":{"background-color":"","background-image":"","background-repeat":"repeat","background-position":"center center","background-size":"auto","background-attachment":"scroll","background-type":"","background-media":"","overlay-type":"","overlay-color":"","overlay-opacity":"","overlay-gradient":""},"mobile":{"background-color":"","background-image":"","background-repeat":"repeat","background-position":"center center","background-size":"auto","background-attachment":"scroll","background-type":"","background-media":"","overlay-type":"","overlay-color":"","overlay-opacity":"","overlay-gradient":""}},"ast-content-background-meta":{"desktop":{"background-color":"var(--ast-global-color-4)","background-image":"","background-repeat":"repeat","background-position":"center center","background-size":"auto","background-attachment":"scroll","background-type":"","background-media":"","overlay-type":"","overlay-color":"","overlay-opacity":"","overlay-gradient":""},"tablet":{"background-color":"var(--ast-global-color-4)","background-image":"","background-repeat":"repeat","background-position":"center center","background-size":"auto","background-attachment":"scroll","background-type":"","background-media":"","overlay-type":"","overlay-color":"","overlay-opacity":"","overlay-gradient":""},"mobile":{"background-color":"var(--ast-global-color-4)","background-image":"","background-repeat":"repeat","background-position":"center center","background-size":"auto","background-attachment":"scroll","background-type":"","background-media":"","overlay-type":"","overlay-color":"","overlay-opacity":"","overlay-gradient":""}},"footnotes":""},"categories":[1],"tags":[],"class_list":["post-21990","post","type-post","status-publish","format-standard","hentry","category-sem-categoria"],"yoast_head":"<!-- This site is optimized with the Yoast SEO plugin v26.6 - https:\/\/yoast.com\/wordpress\/plugins\/seo\/ -->\n<title>Ministro do Esporte inaugura pista de atletismo da UFMA - Daniel Matos<\/title>\n<meta name=\"robots\" content=\"index, follow, max-snippet:-1, max-image-preview:large, max-video-preview:-1\" \/>\n<link rel=\"canonical\" href=\"https:\/\/www.blogsoestado.com\/danielmatos\/ministro-do-esporte-inaugura-pista-de-atletismo-da-ufma\/\" \/>\n<meta property=\"og:locale\" content=\"pt_BR\" \/>\n<meta property=\"og:type\" content=\"article\" \/>\n<meta property=\"og:title\" content=\"Ministro do Esporte inaugura pista de atletismo da UFMA - Daniel Matos\" \/>\n<meta property=\"og:description\" content=\"George Hilton anunciou a inclus\u00e3o da universidade no Sistema Nacional de Esporte A pista de atletismo da Universidade Federal do [&hellip;]\" \/>\n<meta property=\"og:url\" content=\"https:\/\/www.blogsoestado.com\/danielmatos\/ministro-do-esporte-inaugura-pista-de-atletismo-da-ufma\/\" \/>\n<meta property=\"og:site_name\" content=\"Daniel Matos\" \/>\n<meta property=\"article:published_time\" content=\"2015-02-06T10:06:14+00:00\" \/>\n<meta property=\"og:image\" content=\"https:\/\/www.blogsoestado.com\/danielmatos\/files\/2015\/02\/pista-ufma2.jpg\" \/>\n<meta name=\"twitter:card\" content=\"summary_large_image\" \/>\n<meta name=\"twitter:label1\" content=\"Est. tempo de leitura\" \/>\n\t<meta name=\"twitter:data1\" content=\"4 minutos\" \/>\n<script type=\"application\/ld+json\" class=\"yoast-schema-graph\">{\"@context\":\"https:\/\/schema.org\",\"@graph\":[{\"@type\":\"WebPage\",\"@id\":\"https:\/\/www.blogsoestado.com\/danielmatos\/ministro-do-esporte-inaugura-pista-de-atletismo-da-ufma\/\",\"url\":\"https:\/\/www.blogsoestado.com\/danielmatos\/ministro-do-esporte-inaugura-pista-de-atletismo-da-ufma\/\",\"name\":\"Ministro do Esporte inaugura pista de atletismo da UFMA - Daniel Matos\",\"isPartOf\":{\"@id\":\"https:\/\/www.blogsoestado.com\/danielmatos\/#website\"},\"primaryImageOfPage\":{\"@id\":\"https:\/\/www.blogsoestado.com\/danielmatos\/ministro-do-esporte-inaugura-pista-de-atletismo-da-ufma\/#primaryimage\"},\"image\":{\"@id\":\"https:\/\/www.blogsoestado.com\/danielmatos\/ministro-do-esporte-inaugura-pista-de-atletismo-da-ufma\/#primaryimage\"},\"thumbnailUrl\":\"https:\/\/www.blogsoestado.com\/danielmatos\/files\/2015\/02\/pista-ufma2.jpg\",\"datePublished\":\"2015-02-06T10:06:14+00:00\",\"author\":{\"@id\":\"\"},\"breadcrumb\":{\"@id\":\"https:\/\/www.blogsoestado.com\/danielmatos\/ministro-do-esporte-inaugura-pista-de-atletismo-da-ufma\/#breadcrumb\"},\"inLanguage\":\"pt-BR\",\"potentialAction\":[{\"@type\":\"ReadAction\",\"target\":[\"https:\/\/www.blogsoestado.com\/danielmatos\/ministro-do-esporte-inaugura-pista-de-atletismo-da-ufma\/\"]}]},{\"@type\":\"ImageObject\",\"inLanguage\":\"pt-BR\",\"@id\":\"https:\/\/www.blogsoestado.com\/danielmatos\/ministro-do-esporte-inaugura-pista-de-atletismo-da-ufma\/#primaryimage\",\"url\":\"https:\/\/www.blogsoestado.com\/danielmatos\/files\/2015\/02\/pista-ufma2.jpg\",\"contentUrl\":\"https:\/\/www.blogsoestado.com\/danielmatos\/files\/2015\/02\/pista-ufma2.jpg\"},{\"@type\":\"BreadcrumbList\",\"@id\":\"https:\/\/www.blogsoestado.com\/danielmatos\/ministro-do-esporte-inaugura-pista-de-atletismo-da-ufma\/#breadcrumb\",\"itemListElement\":[{\"@type\":\"ListItem\",\"position\":1,\"name\":\"In\u00edcio\",\"item\":\"https:\/\/www.blogsoestado.com\/danielmatos\/\"},{\"@type\":\"ListItem\",\"position\":2,\"name\":\"Ministro do Esporte inaugura pista de atletismo da UFMA\"}]},{\"@type\":\"WebSite\",\"@id\":\"https:\/\/www.blogsoestado.com\/danielmatos\/#website\",\"url\":\"https:\/\/www.blogsoestado.com\/danielmatos\/\",\"name\":\"Daniel Matos\",\"description\":\"\",\"potentialAction\":[{\"@type\":\"SearchAction\",\"target\":{\"@type\":\"EntryPoint\",\"urlTemplate\":\"https:\/\/www.blogsoestado.com\/danielmatos\/?s={search_term_string}\"},\"query-input\":{\"@type\":\"PropertyValueSpecification\",\"valueRequired\":true,\"valueName\":\"search_term_string\"}}],\"inLanguage\":\"pt-BR\"}]}<\/script>\n<!-- \/ Yoast SEO plugin. -->","yoast_head_json":{"title":"Ministro do Esporte inaugura pista de atletismo da UFMA - Daniel Matos","robots":{"index":"index","follow":"follow","max-snippet":"max-snippet:-1","max-image-preview":"max-image-preview:large","max-video-preview":"max-video-preview:-1"},"canonical":"https:\/\/www.blogsoestado.com\/danielmatos\/ministro-do-esporte-inaugura-pista-de-atletismo-da-ufma\/","og_locale":"pt_BR","og_type":"article","og_title":"Ministro do Esporte inaugura pista de atletismo da UFMA - Daniel Matos","og_description":"George Hilton anunciou a inclus\u00e3o da universidade no Sistema Nacional de Esporte A pista de atletismo da Universidade Federal do [&hellip;]","og_url":"https:\/\/www.blogsoestado.com\/danielmatos\/ministro-do-esporte-inaugura-pista-de-atletismo-da-ufma\/","og_site_name":"Daniel Matos","article_published_time":"2015-02-06T10:06:14+00:00","og_image":[{"url":"https:\/\/www.blogsoestado.com\/danielmatos\/files\/2015\/02\/pista-ufma2.jpg","type":"","width":"","height":""}],"twitter_card":"summary_large_image","twitter_misc":{"Est. tempo de leitura":"4 minutos"},"schema":{"@context":"https:\/\/schema.org","@graph":[{"@type":"WebPage","@id":"https:\/\/www.blogsoestado.com\/danielmatos\/ministro-do-esporte-inaugura-pista-de-atletismo-da-ufma\/","url":"https:\/\/www.blogsoestado.com\/danielmatos\/ministro-do-esporte-inaugura-pista-de-atletismo-da-ufma\/","name":"Ministro do Esporte inaugura pista de atletismo da UFMA - Daniel Matos","isPartOf":{"@id":"https:\/\/www.blogsoestado.com\/danielmatos\/#website"},"primaryImageOfPage":{"@id":"https:\/\/www.blogsoestado.com\/danielmatos\/ministro-do-esporte-inaugura-pista-de-atletismo-da-ufma\/#primaryimage"},"image":{"@id":"https:\/\/www.blogsoestado.com\/danielmatos\/ministro-do-esporte-inaugura-pista-de-atletismo-da-ufma\/#primaryimage"},"thumbnailUrl":"https:\/\/www.blogsoestado.com\/danielmatos\/files\/2015\/02\/pista-ufma2.jpg","datePublished":"2015-02-06T10:06:14+00:00","author":{"@id":""},"breadcrumb":{"@id":"https:\/\/www.blogsoestado.com\/danielmatos\/ministro-do-esporte-inaugura-pista-de-atletismo-da-ufma\/#breadcrumb"},"inLanguage":"pt-BR","potentialAction":[{"@type":"ReadAction","target":["https:\/\/www.blogsoestado.com\/danielmatos\/ministro-do-esporte-inaugura-pista-de-atletismo-da-ufma\/"]}]},{"@type":"ImageObject","inLanguage":"pt-BR","@id":"https:\/\/www.blogsoestado.com\/danielmatos\/ministro-do-esporte-inaugura-pista-de-atletismo-da-ufma\/#primaryimage","url":"https:\/\/www.blogsoestado.com\/danielmatos\/files\/2015\/02\/pista-ufma2.jpg","contentUrl":"https:\/\/www.blogsoestado.com\/danielmatos\/files\/2015\/02\/pista-ufma2.jpg"},{"@type":"BreadcrumbList","@id":"https:\/\/www.blogsoestado.com\/danielmatos\/ministro-do-esporte-inaugura-pista-de-atletismo-da-ufma\/#breadcrumb","itemListElement":[{"@type":"ListItem","position":1,"name":"In\u00edcio","item":"https:\/\/www.blogsoestado.com\/danielmatos\/"},{"@type":"ListItem","position":2,"name":"Ministro do Esporte inaugura pista de atletismo da UFMA"}]},{"@type":"WebSite","@id":"https:\/\/www.blogsoestado.com\/danielmatos\/#website","url":"https:\/\/www.blogsoestado.com\/danielmatos\/","name":"Daniel Matos","description":"","potentialAction":[{"@type":"SearchAction","target":{"@type":"EntryPoint","urlTemplate":"https:\/\/www.blogsoestado.com\/danielmatos\/?s={search_term_string}"},"query-input":{"@type":"PropertyValueSpecification","valueRequired":true,"valueName":"search_term_string"}}],"inLanguage":"pt-BR"}]}},"jetpack_featured_media_url":"","_links":{"self":[{"href":"https:\/\/www.blogsoestado.com\/danielmatos\/wp-json\/wp\/v2\/posts\/21990","targetHints":{"allow":["GET"]}}],"collection":[{"href":"https:\/\/www.blogsoestado.com\/danielmatos\/wp-json\/wp\/v2\/posts"}],"about":[{"href":"https:\/\/www.blogsoestado.com\/danielmatos\/wp-json\/wp\/v2\/types\/post"}],"replies":[{"embeddable":true,"href":"https:\/\/www.blogsoestado.com\/danielmatos\/wp-json\/wp\/v2\/comments?post=21990"}],"version-history":[{"count":0,"href":"https:\/\/www.blogsoestado.com\/danielmatos\/wp-json\/wp\/v2\/posts\/21990\/revisions"}],"wp:attachment":[{"href":"https:\/\/www.blogsoestado.com\/danielmatos\/wp-json\/wp\/v2\/media?parent=21990"}],"wp:term":[{"taxonomy":"category","embeddable":true,"href":"https:\/\/www.blogsoestado.com\/danielmatos\/wp-json\/wp\/v2\/categories?post=21990"},{"taxonomy":"post_tag","embeddable":true,"href":"https:\/\/www.blogsoestado.com\/danielmatos\/wp-json\/wp\/v2\/tags?post=21990"}],"curies":[{"name":"wp","href":"https:\/\/api.w.org\/{rel}","templated":true}]}}