{"id":220,"date":"2007-11-23T12:06:56","date_gmt":"2007-11-23T12:06:56","guid":{"rendered":"https:\/\/www.blogsoestado.com\/danielmatos\/2007\/11\/23\/euridice-vidigal-deve-perder-forca\/"},"modified":"2007-11-23T12:06:56","modified_gmt":"2007-11-23T12:06:56","slug":"euridice-vidigal-deve-perder-forca","status":"publish","type":"post","link":"https:\/\/www.blogsoestado.com\/danielmatos\/euridice-vidigal-deve-perder-forca\/","title":{"rendered":"Eur\u00eddice Vidigal deve perder for\u00e7a"},"content":{"rendered":"<p><font size=\"4\"><b><br \/>com retorno do coronel Mello ao CPM<\/b><\/font><\/p>\n<p><img src='https:\/\/www.blogsoestado.com\/danielmatos\/files\/2008\/05\/coronel melo23.jpg' \/><img src='https:\/\/www.blogsoestado.com\/danielmatos\/files\/2008\/05\/euridice vidigal.jpg' \/><br \/>Retorno de Mello ao CPM dever\u00e1 enfraquecer Eur\u00eddie Vidigal<\/p>\n<p><font size=\"3\">A secret\u00e1ria estadual de Seguran\u00e7a Cidad\u00e3, Eur\u00eddice Vidigal, dever\u00e1 perder for\u00e7a com o retorno do coronel Francisco Mello ao Comando do Policiamento Metropolitano. Convidado pelo governador Jackson Lago para reassumir o posto com a miss\u00e3o de reduzir o elevado \u00edndice de criminalidade registrado nos \u00faltimos meses na capital e nos demais munic\u00edpios da Ilha, Mello ocupar\u00e1 posi\u00e7\u00e3o de destaque em sua \u00e1rea de atua\u00e7\u00e3o, fazendo com que Eur\u00eddice perca espa\u00e7o na c\u00fapula da seguran\u00e7a.<\/p>\n<p>Para entender o quanto a volta de Mello ao CPM representa amea\u00e7a \u00e0 hegemonia de Eur\u00eddice na seguran\u00e7a, \u00e9 oportuno ressaltar que o oficial exerce, desde o in\u00edcio do governo, o cargo de chefe do Gabinete Militar, que tem status de secret\u00e1rio. Portanto, na hierarquia do governo, ele tem a mesma import\u00e2ncia de Eur\u00eddice Vidigal e a vantagem de trabalhar diretamente com o governador Jackson Lago, a quem acompanha em solenidades e em viagens oficiais.     <\/p>\n<p>Ao acumular as duas fun\u00e7\u00f5es, Mello torna-se um dos auxiliares com mais poder no governo. Sua reconhecida habilidade como estrategista, comprovada na \u00e9poca em que exerceu pela primeira vez o comando do CPM, o torna um profissional de confian\u00e7a.<\/p>\n<p>Outro ponto a favor de Mello \u00e9 a boa rela\u00e7\u00e3o que ele mant\u00e9m com os comandados. Seu nome goza de grande receptividade entre pra\u00e7as e oficiais da Pol\u00edcia Militar. Uma das provas da capacidade de Mello de cativar os que est\u00e3o sob seu comando ocorreu no per\u00edodo que antecedeu a cria\u00e7\u00e3o do servi\u00e7o velado da PM. Em reuni\u00e3o com um grupo de pra\u00e7as e oficiais envolvidos em grandes opera\u00e7\u00f5es, foi dada a sugest\u00e3o de criar um n\u00facleo de investiga\u00e7\u00e3o dentro da PM. Ap\u00f3s perceber a disposi\u00e7\u00e3o dos policiais em se engajar ao plano, ele deu carta branca e o resultado s\u00e3o as sucessivas pris\u00f5es efetuadas pelo servi\u00e7o, apesar das condi\u00e7\u00f5es prec\u00e1rias em que atua.   <\/p>\n<p>Com a volta do coronel Mello ao CPM, a regi\u00e3o metropolitana de S\u00e3o Lu\u00eds ganha um profissional habituado ao cotidiano das atividades policiais, que n\u00e3o hesita em acompanhar pessoalmente as opera\u00e7\u00f5es por ele idealizadas. Com certeza, ser\u00e1 um contraponto \u00e0 pol\u00edtica de seguran\u00e7a baseada em discuss\u00f5es infind\u00e1veis adotada por Eur\u00eddice Vidigal, que com sua ret\u00f3rica improdutiva transformou a Ilha em ambiente ideal para o crime.<\/font><\/p>\n","protected":false},"excerpt":{"rendered":"<p>com retorno do coronel Mello ao CPM Retorno de Mello ao CPM dever\u00e1 enfraquecer Eur\u00eddie Vidigal A secret\u00e1ria estadual de [&hellip;]<\/p>\n","protected":false},"author":0,"featured_media":0,"comment_status":"open","ping_status":"open","sticky":false,"template":"","format":"standard","meta":{"site-sidebar-layout":"default","site-content-layout":"","ast-site-content-layout":"default","site-content-style":"default","site-sidebar-style":"default","ast-global-header-display":"","ast-banner-title-visibility":"","ast-main-header-display":"","ast-hfb-above-header-display":"","ast-hfb-below-header-display":"","ast-hfb-mobile-header-display":"","site-post-title":"","ast-breadcrumbs-content":"","ast-featured-img":"","footer-sml-layout":"","ast-disable-related-posts":"","theme-transparent-header-meta":"","adv-header-id-meta":"","stick-header-meta":"","header-above-stick-meta":"","header-main-stick-meta":"","header-below-stick-meta":"","astra-migrate-meta-layouts":"default","ast-page-background-enabled":"default","ast-page-background-meta":{"desktop":{"background-color":"var(--ast-global-color-5)","background-image":"","background-repeat":"repeat","background-position":"center center","background-size":"auto","background-attachment":"scroll","background-type":"","background-media":"","overlay-type":"","overlay-color":"","overlay-opacity":"","overlay-gradient":""},"tablet":{"background-color":"","background-image":"","background-repeat":"repeat","background-position":"center center","background-size":"auto","background-attachment":"scroll","background-type":"","background-media":"","overlay-type":"","overlay-color":"","overlay-opacity":"","overlay-gradient":""},"mobile":{"background-color":"","background-image":"","background-repeat":"repeat","background-position":"center center","background-size":"auto","background-attachment":"scroll","background-type":"","background-media":"","overlay-type":"","overlay-color":"","overlay-opacity":"","overlay-gradient":""}},"ast-content-background-meta":{"desktop":{"background-color":"var(--ast-global-color-4)","background-image":"","background-repeat":"repeat","background-position":"center center","background-size":"auto","background-attachment":"scroll","background-type":"","background-media":"","overlay-type":"","overlay-color":"","overlay-opacity":"","overlay-gradient":""},"tablet":{"background-color":"var(--ast-global-color-4)","background-image":"","background-repeat":"repeat","background-position":"center center","background-size":"auto","background-attachment":"scroll","background-type":"","background-media":"","overlay-type":"","overlay-color":"","overlay-opacity":"","overlay-gradient":""},"mobile":{"background-color":"var(--ast-global-color-4)","background-image":"","background-repeat":"repeat","background-position":"center center","background-size":"auto","background-attachment":"scroll","background-type":"","background-media":"","overlay-type":"","overlay-color":"","overlay-opacity":"","overlay-gradient":""}},"footnotes":""},"categories":[1],"tags":[],"class_list":["post-220","post","type-post","status-publish","format-standard","hentry","category-sem-categoria"],"yoast_head":"<!-- This site is optimized with the Yoast SEO plugin v26.6 - https:\/\/yoast.com\/wordpress\/plugins\/seo\/ -->\n<title>Eur\u00eddice Vidigal deve perder for\u00e7a - Daniel Matos<\/title>\n<meta name=\"robots\" content=\"index, follow, max-snippet:-1, max-image-preview:large, max-video-preview:-1\" \/>\n<link rel=\"canonical\" href=\"https:\/\/www.blogsoestado.com\/danielmatos\/euridice-vidigal-deve-perder-forca\/\" \/>\n<meta property=\"og:locale\" content=\"pt_BR\" \/>\n<meta property=\"og:type\" content=\"article\" \/>\n<meta property=\"og:title\" content=\"Eur\u00eddice Vidigal deve perder for\u00e7a - Daniel Matos\" \/>\n<meta property=\"og:description\" content=\"com retorno do coronel Mello ao CPM Retorno de Mello ao CPM dever\u00e1 enfraquecer Eur\u00eddie Vidigal A secret\u00e1ria estadual de [&hellip;]\" \/>\n<meta property=\"og:url\" content=\"https:\/\/www.blogsoestado.com\/danielmatos\/euridice-vidigal-deve-perder-forca\/\" \/>\n<meta property=\"og:site_name\" content=\"Daniel Matos\" \/>\n<meta property=\"article:published_time\" content=\"2007-11-23T12:06:56+00:00\" \/>\n<meta name=\"twitter:card\" content=\"summary_large_image\" \/>\n<meta name=\"twitter:label1\" content=\"Est. tempo de leitura\" \/>\n\t<meta name=\"twitter:data1\" content=\"2 minutos\" \/>\n<script type=\"application\/ld+json\" class=\"yoast-schema-graph\">{\"@context\":\"https:\/\/schema.org\",\"@graph\":[{\"@type\":\"WebPage\",\"@id\":\"https:\/\/www.blogsoestado.com\/danielmatos\/euridice-vidigal-deve-perder-forca\/\",\"url\":\"https:\/\/www.blogsoestado.com\/danielmatos\/euridice-vidigal-deve-perder-forca\/\",\"name\":\"Eur\u00eddice Vidigal deve perder for\u00e7a - Daniel Matos\",\"isPartOf\":{\"@id\":\"https:\/\/www.blogsoestado.com\/danielmatos\/#website\"},\"datePublished\":\"2007-11-23T12:06:56+00:00\",\"author\":{\"@id\":\"\"},\"breadcrumb\":{\"@id\":\"https:\/\/www.blogsoestado.com\/danielmatos\/euridice-vidigal-deve-perder-forca\/#breadcrumb\"},\"inLanguage\":\"pt-BR\",\"potentialAction\":[{\"@type\":\"ReadAction\",\"target\":[\"https:\/\/www.blogsoestado.com\/danielmatos\/euridice-vidigal-deve-perder-forca\/\"]}]},{\"@type\":\"BreadcrumbList\",\"@id\":\"https:\/\/www.blogsoestado.com\/danielmatos\/euridice-vidigal-deve-perder-forca\/#breadcrumb\",\"itemListElement\":[{\"@type\":\"ListItem\",\"position\":1,\"name\":\"In\u00edcio\",\"item\":\"https:\/\/www.blogsoestado.com\/danielmatos\/\"},{\"@type\":\"ListItem\",\"position\":2,\"name\":\"Eur\u00eddice Vidigal deve perder for\u00e7a\"}]},{\"@type\":\"WebSite\",\"@id\":\"https:\/\/www.blogsoestado.com\/danielmatos\/#website\",\"url\":\"https:\/\/www.blogsoestado.com\/danielmatos\/\",\"name\":\"Daniel Matos\",\"description\":\"\",\"potentialAction\":[{\"@type\":\"SearchAction\",\"target\":{\"@type\":\"EntryPoint\",\"urlTemplate\":\"https:\/\/www.blogsoestado.com\/danielmatos\/?s={search_term_string}\"},\"query-input\":{\"@type\":\"PropertyValueSpecification\",\"valueRequired\":true,\"valueName\":\"search_term_string\"}}],\"inLanguage\":\"pt-BR\"}]}<\/script>\n<!-- \/ Yoast SEO plugin. -->","yoast_head_json":{"title":"Eur\u00eddice Vidigal deve perder for\u00e7a - Daniel Matos","robots":{"index":"index","follow":"follow","max-snippet":"max-snippet:-1","max-image-preview":"max-image-preview:large","max-video-preview":"max-video-preview:-1"},"canonical":"https:\/\/www.blogsoestado.com\/danielmatos\/euridice-vidigal-deve-perder-forca\/","og_locale":"pt_BR","og_type":"article","og_title":"Eur\u00eddice Vidigal deve perder for\u00e7a - Daniel Matos","og_description":"com retorno do coronel Mello ao CPM Retorno de Mello ao CPM dever\u00e1 enfraquecer Eur\u00eddie Vidigal A secret\u00e1ria estadual de [&hellip;]","og_url":"https:\/\/www.blogsoestado.com\/danielmatos\/euridice-vidigal-deve-perder-forca\/","og_site_name":"Daniel Matos","article_published_time":"2007-11-23T12:06:56+00:00","twitter_card":"summary_large_image","twitter_misc":{"Est. tempo de leitura":"2 minutos"},"schema":{"@context":"https:\/\/schema.org","@graph":[{"@type":"WebPage","@id":"https:\/\/www.blogsoestado.com\/danielmatos\/euridice-vidigal-deve-perder-forca\/","url":"https:\/\/www.blogsoestado.com\/danielmatos\/euridice-vidigal-deve-perder-forca\/","name":"Eur\u00eddice Vidigal deve perder for\u00e7a - Daniel Matos","isPartOf":{"@id":"https:\/\/www.blogsoestado.com\/danielmatos\/#website"},"datePublished":"2007-11-23T12:06:56+00:00","author":{"@id":""},"breadcrumb":{"@id":"https:\/\/www.blogsoestado.com\/danielmatos\/euridice-vidigal-deve-perder-forca\/#breadcrumb"},"inLanguage":"pt-BR","potentialAction":[{"@type":"ReadAction","target":["https:\/\/www.blogsoestado.com\/danielmatos\/euridice-vidigal-deve-perder-forca\/"]}]},{"@type":"BreadcrumbList","@id":"https:\/\/www.blogsoestado.com\/danielmatos\/euridice-vidigal-deve-perder-forca\/#breadcrumb","itemListElement":[{"@type":"ListItem","position":1,"name":"In\u00edcio","item":"https:\/\/www.blogsoestado.com\/danielmatos\/"},{"@type":"ListItem","position":2,"name":"Eur\u00eddice Vidigal deve perder for\u00e7a"}]},{"@type":"WebSite","@id":"https:\/\/www.blogsoestado.com\/danielmatos\/#website","url":"https:\/\/www.blogsoestado.com\/danielmatos\/","name":"Daniel Matos","description":"","potentialAction":[{"@type":"SearchAction","target":{"@type":"EntryPoint","urlTemplate":"https:\/\/www.blogsoestado.com\/danielmatos\/?s={search_term_string}"},"query-input":{"@type":"PropertyValueSpecification","valueRequired":true,"valueName":"search_term_string"}}],"inLanguage":"pt-BR"}]}},"jetpack_featured_media_url":"","_links":{"self":[{"href":"https:\/\/www.blogsoestado.com\/danielmatos\/wp-json\/wp\/v2\/posts\/220","targetHints":{"allow":["GET"]}}],"collection":[{"href":"https:\/\/www.blogsoestado.com\/danielmatos\/wp-json\/wp\/v2\/posts"}],"about":[{"href":"https:\/\/www.blogsoestado.com\/danielmatos\/wp-json\/wp\/v2\/types\/post"}],"replies":[{"embeddable":true,"href":"https:\/\/www.blogsoestado.com\/danielmatos\/wp-json\/wp\/v2\/comments?post=220"}],"version-history":[{"count":0,"href":"https:\/\/www.blogsoestado.com\/danielmatos\/wp-json\/wp\/v2\/posts\/220\/revisions"}],"wp:attachment":[{"href":"https:\/\/www.blogsoestado.com\/danielmatos\/wp-json\/wp\/v2\/media?parent=220"}],"wp:term":[{"taxonomy":"category","embeddable":true,"href":"https:\/\/www.blogsoestado.com\/danielmatos\/wp-json\/wp\/v2\/categories?post=220"},{"taxonomy":"post_tag","embeddable":true,"href":"https:\/\/www.blogsoestado.com\/danielmatos\/wp-json\/wp\/v2\/tags?post=220"}],"curies":[{"name":"wp","href":"https:\/\/api.w.org\/{rel}","templated":true}]}}