{"id":22000,"date":"2015-02-06T07:46:30","date_gmt":"2015-02-06T10:46:30","guid":{"rendered":"https:\/\/www.blogsoestado.com\/danielmatos\/?p=22000"},"modified":"2015-02-06T07:46:30","modified_gmt":"2015-02-06T10:46:30","slug":"samyra-show-e-matheus-fernandes-no-encerramento-do-summer-on-neste-sabado","status":"publish","type":"post","link":"https:\/\/www.blogsoestado.com\/danielmatos\/samyra-show-e-matheus-fernandes-no-encerramento-do-summer-on-neste-sabado\/","title":{"rendered":"Samyra Show e Matheus Fernandes no encerramento do \u201cSummer On\u201d neste s\u00e1bado"},"content":{"rendered":"<h3><span style=\"color: #ff0000;\"><strong>O pr\u00e9-carnaval mais agitado da cidade encerra sua primeira temporada neste s\u00e1bado (07), com Samyra Show, Matheus Fernandes, Pep\u00ea J\u00fanior e muito mais, no Beach Club dos Smiths, \u00e0s 21h.<\/strong><\/span><\/h3>\n<figure id=\"attachment_22001\" aria-describedby=\"caption-attachment-22001\" style=\"width: 640px\" class=\"wp-caption aligncenter\"><a href=\"https:\/\/www.blogsoestado.com\/danielmatos\/files\/2015\/02\/Samyra-Show.jpg\"><img fetchpriority=\"high\" decoding=\"async\" class=\"size-full wp-image-22001\" src=\"https:\/\/www.blogsoestado.com\/danielmatos\/files\/2015\/02\/Samyra-Show.jpg\" alt=\"Samyra Show promete muita anima\u00e7\u00e3o no encerramento do pr\u00e9-Carnaval Summer On, no Beach Club dos Smiths\" width=\"640\" height=\"480\" \/><\/a><figcaption id=\"caption-attachment-22001\" class=\"wp-caption-text\">Samyra Show promete muita anima\u00e7\u00e3o no encerramento do pr\u00e9-Carnaval Summer On, no Beach Club dos Smiths<\/figcaption><\/figure>\n<p>A programa\u00e7\u00e3o do pr\u00e9-carnaval \u201cSummer On\u201d, vem sendo bastante diversificada, os estilos variam do ax\u00e9 ao sertanejo, mesclando com o forr\u00f3 e a m\u00fasica eletr\u00f4nica, pensando nisso, a organiza\u00e7\u00e3o resolveu encerrar sua primeira temporada reunindo todos os gostos musicais neste s\u00e1bado, 07, \u00e0s 21h, no Beach Club dos Smiths (Calhau). Por isso, teremos no forr\u00f3, a voz marcante de Samyra Show com seu forr\u00f3 100%, o jovem Matheus Fernandes, representando muito bem o sertanejo universit\u00e1rio, Pep\u00ea J\u00fanior no ax\u00e9, com participa\u00e7\u00e3o especial de Luckas Seabra e, na house music, o DJ Walter J\u00fanior.<\/p>\n<p>Com um cen\u00e1rio invej\u00e1vel e \u00e0 beira-mar, o \u201cSummer On\u201d, desde o seu lan\u00e7amento, dia 17 de janeiro, com Durval L\u00e9lys, vem ganhando aceita\u00e7\u00e3o do p\u00fablico que elogia, al\u00e9m das atra\u00e7\u00f5es, o open de cerveja gelada, inclusive, para seu \u00faltimo dia de festa, a produ\u00e7\u00e3o avisa que ser\u00e3o 36 mil latas de cervejas geladas das 21h \u00e0s 03h da manh\u00e3, se calcular, teremos o consumo de seis mil latas por hora.<\/p>\n<p><strong>MATHEUS FERNANDES<\/strong><\/p>\n<figure id=\"attachment_22002\" aria-describedby=\"caption-attachment-22002\" style=\"width: 640px\" class=\"wp-caption aligncenter\"><a href=\"https:\/\/www.blogsoestado.com\/danielmatos\/files\/2015\/02\/mateus-fernandes.jpg\"><img decoding=\"async\" class=\"size-full wp-image-22002\" src=\"https:\/\/www.blogsoestado.com\/danielmatos\/files\/2015\/02\/mateus-fernandes.jpg\" alt=\"Matheus Fernandes cantar\u00e1 o melhor do sertanejo universit\u00e1rio para animar o p\u00fablico \u00e0 beira mar\" width=\"640\" height=\"410\" \/><\/a><figcaption id=\"caption-attachment-22002\" class=\"wp-caption-text\">Matheus Fernandes cantar\u00e1 o melhor do sertanejo universit\u00e1rio para animar o p\u00fablico no cen\u00e1rio \u00e0 beira mar<\/figcaption><\/figure>\n<p>Com apenas 23 anos de idade j\u00e1 \u00e9 considerado um dos cantores mais pr\u00f3speros no come\u00e7o da caminhada musical, tocando o ritmo que mais faz sucesso na atualidade, o Sertanejo Universit\u00e1rio, uma febre que tomou conta do Brasil. Ap\u00f3s ganhar seu primeiro viol\u00e3o de um grande amigo, destinou-se a estudar, mesmo que sozinho, a arte de tocar o instrumento que sempre o acompanha. Como explica Matheus, foi o \u201cDestino! Descobri e me encontrei com a m\u00fasica. Grande presente\u201d. E foi justamente este viol\u00e3o que fez surgir um novo talento, j\u00e1 presente, mas adormecido dentro de um ser humano sonhador.<\/p>\n<p>[youtube\u00a0aMJ7XFrWJNg]<\/p>\n<p>Para o show em S\u00e3o Lu\u00eds, Matheus, traz um repert\u00f3rio especial com os hits que est\u00e3o fazendo sucesso no ver\u00e3o, incluindo tamb\u00e9m suas can\u00e7\u00f5es, entre elas \u201cSpring Break\u201d, &#8220;Cuidar de voc\u00ea&#8221;, \u201cModo Avi\u00e3o\u201d, \u201cMulherada na Lancha&#8221; e \u201cSegura o boi\u201d.<\/p>\n<p><strong>SAMYRA SHOW<\/strong><\/p>\n<p>[youtube MwX3UF5J-CI]<\/p>\n<p>Dona de uma voz impactante e ao mesmo tempo inconfund\u00edvel no mundo da m\u00fasica brasileira, mais especificamente no ambiente \u201carretado\u201d do forr\u00f3, Samyra Oliveira sabe fazer direitinho \u00e0 li\u00e7\u00e3o de casa determinada pela escola da vida. Conhecida artisticamente como Samyra Show, a cantora n\u00e3o perde a ess\u00eancia da personalidade forte e sincera, compartilhando diariamente suas emo\u00e7\u00f5es regadas pelo talento \u00e9tico, diga-se &#8211; no popular &#8211; significativo para uma trajet\u00f3ria que est\u00e1 escrita nos caminhos do profissionalismo.<\/p>\n<p>Samyra j\u00e1 tem no curr\u00edculo 20 anos de carreira, com participa\u00e7\u00f5es importantes em algumas bandas no cen\u00e1rio do forr\u00f3, entre elas o \u201cForr\u00f3 dos Plays\u201d, somado ao sucesso avassalador que conquistou (e vem conquistando) uma legi\u00e3o de admiradores que respeitam o seu trabalho. \u201cAmo a minha profiss\u00e3o. O espa\u00e7o que conquistei agrade\u00e7o ao meu Deus e que sem ele as coisas n\u00e3o saem do jeito certo, aos meus familiares que s\u00e3o a estrutura fundamental da minha vida e, principalmente, aos meus queridos f\u00e3s que me acompanham, sempre, aonde quer que eu v\u00e1\u201d, disse Samyra emocionada. O repert\u00f3rio para este s\u00e1bado ser\u00e1 emocionante e alguns sucessos com certeza n\u00e3o faltar\u00e3o, como \u201cAmor bandido\u201d, \u201cChama ela\u201d, \u201cVai viver sem mim\u201d, \u201cEstilo ninja\u201d, \u201cPrimeira vez\u201d, \u201cErro bom\u201d, \u201cEncosta N&#8217;eu\u201d e muito mais.<\/p>\n<p><strong>VENDAS <\/strong><\/p>\n<p>Os ingressos est\u00e3o \u00e0 venda na Bilheteria Digital (Shopping da Ilha e Rio Poty Hotel), \u00d3ticas Diniz (Monumental, S\u00e3o Lu\u00eds Shopping e Rio Anil) e Lacoste (Holandeses). O Espa\u00e7o Praia custa R$ 40 e R$ 60, o Deck.<\/p>\n<p><strong>SERVI\u00c7OS<\/strong><\/p>\n<p>O QU\u00ca? Pr\u00e9-Carnaval Summer On com Samyra Show e Matheus Fernandes<\/p>\n<p>ONDE? Beach Club dos Smiths (Calhau)<\/p>\n<p>QUANDO? S\u00e1bado, 07 de fevereiro, \u00e0s 21h<\/p>\n","protected":false},"excerpt":{"rendered":"<p>O pr\u00e9-carnaval mais agitado da cidade encerra sua primeira temporada neste s\u00e1bado (07), com Samyra Show, Matheus Fernandes, Pep\u00ea J\u00fanior [&hellip;]<\/p>\n","protected":false},"author":0,"featured_media":0,"comment_status":"open","ping_status":"open","sticky":false,"template":"","format":"standard","meta":{"site-sidebar-layout":"default","site-content-layout":"","ast-site-content-layout":"default","site-content-style":"default","site-sidebar-style":"default","ast-global-header-display":"","ast-banner-title-visibility":"","ast-main-header-display":"","ast-hfb-above-header-display":"","ast-hfb-below-header-display":"","ast-hfb-mobile-header-display":"","site-post-title":"","ast-breadcrumbs-content":"","ast-featured-img":"","footer-sml-layout":"","ast-disable-related-posts":"","theme-transparent-header-meta":"","adv-header-id-meta":"","stick-header-meta":"","header-above-stick-meta":"","header-main-stick-meta":"","header-below-stick-meta":"","astra-migrate-meta-layouts":"default","ast-page-background-enabled":"default","ast-page-background-meta":{"desktop":{"background-color":"var(--ast-global-color-5)","background-image":"","background-repeat":"repeat","background-position":"center center","background-size":"auto","background-attachment":"scroll","background-type":"","background-media":"","overlay-type":"","overlay-color":"","overlay-opacity":"","overlay-gradient":""},"tablet":{"background-color":"","background-image":"","background-repeat":"repeat","background-position":"center center","background-size":"auto","background-attachment":"scroll","background-type":"","background-media":"","overlay-type":"","overlay-color":"","overlay-opacity":"","overlay-gradient":""},"mobile":{"background-color":"","background-image":"","background-repeat":"repeat","background-position":"center center","background-size":"auto","background-attachment":"scroll","background-type":"","background-media":"","overlay-type":"","overlay-color":"","overlay-opacity":"","overlay-gradient":""}},"ast-content-background-meta":{"desktop":{"background-color":"var(--ast-global-color-4)","background-image":"","background-repeat":"repeat","background-position":"center center","background-size":"auto","background-attachment":"scroll","background-type":"","background-media":"","overlay-type":"","overlay-color":"","overlay-opacity":"","overlay-gradient":""},"tablet":{"background-color":"var(--ast-global-color-4)","background-image":"","background-repeat":"repeat","background-position":"center center","background-size":"auto","background-attachment":"scroll","background-type":"","background-media":"","overlay-type":"","overlay-color":"","overlay-opacity":"","overlay-gradient":""},"mobile":{"background-color":"var(--ast-global-color-4)","background-image":"","background-repeat":"repeat","background-position":"center center","background-size":"auto","background-attachment":"scroll","background-type":"","background-media":"","overlay-type":"","overlay-color":"","overlay-opacity":"","overlay-gradient":""}},"footnotes":""},"categories":[1],"tags":[],"class_list":["post-22000","post","type-post","status-publish","format-standard","hentry","category-sem-categoria"],"yoast_head":"<!-- This site is optimized with the Yoast SEO plugin v26.6 - https:\/\/yoast.com\/wordpress\/plugins\/seo\/ -->\n<title>Samyra Show e Matheus Fernandes no encerramento do \u201cSummer On\u201d neste s\u00e1bado - Daniel Matos<\/title>\n<meta name=\"robots\" content=\"index, follow, max-snippet:-1, max-image-preview:large, max-video-preview:-1\" \/>\n<link rel=\"canonical\" href=\"https:\/\/www.blogsoestado.com\/danielmatos\/samyra-show-e-matheus-fernandes-no-encerramento-do-summer-on-neste-sabado\/\" \/>\n<meta property=\"og:locale\" content=\"pt_BR\" \/>\n<meta property=\"og:type\" content=\"article\" \/>\n<meta property=\"og:title\" content=\"Samyra Show e Matheus Fernandes no encerramento do \u201cSummer On\u201d neste s\u00e1bado - Daniel Matos\" \/>\n<meta property=\"og:description\" content=\"O pr\u00e9-carnaval mais agitado da cidade encerra sua primeira temporada neste s\u00e1bado (07), com Samyra Show, Matheus Fernandes, Pep\u00ea J\u00fanior [&hellip;]\" \/>\n<meta property=\"og:url\" content=\"https:\/\/www.blogsoestado.com\/danielmatos\/samyra-show-e-matheus-fernandes-no-encerramento-do-summer-on-neste-sabado\/\" \/>\n<meta property=\"og:site_name\" content=\"Daniel Matos\" \/>\n<meta property=\"article:published_time\" content=\"2015-02-06T10:46:30+00:00\" \/>\n<meta property=\"og:image\" content=\"https:\/\/www.blogsoestado.com\/danielmatos\/files\/2015\/02\/Samyra-Show.jpg\" \/>\n<meta name=\"twitter:card\" content=\"summary_large_image\" \/>\n<meta name=\"twitter:label1\" content=\"Est. tempo de leitura\" \/>\n\t<meta name=\"twitter:data1\" content=\"4 minutos\" \/>\n<script type=\"application\/ld+json\" class=\"yoast-schema-graph\">{\"@context\":\"https:\/\/schema.org\",\"@graph\":[{\"@type\":\"WebPage\",\"@id\":\"https:\/\/www.blogsoestado.com\/danielmatos\/samyra-show-e-matheus-fernandes-no-encerramento-do-summer-on-neste-sabado\/\",\"url\":\"https:\/\/www.blogsoestado.com\/danielmatos\/samyra-show-e-matheus-fernandes-no-encerramento-do-summer-on-neste-sabado\/\",\"name\":\"Samyra Show e Matheus Fernandes no encerramento do \u201cSummer On\u201d neste s\u00e1bado - Daniel Matos\",\"isPartOf\":{\"@id\":\"https:\/\/www.blogsoestado.com\/danielmatos\/#website\"},\"primaryImageOfPage\":{\"@id\":\"https:\/\/www.blogsoestado.com\/danielmatos\/samyra-show-e-matheus-fernandes-no-encerramento-do-summer-on-neste-sabado\/#primaryimage\"},\"image\":{\"@id\":\"https:\/\/www.blogsoestado.com\/danielmatos\/samyra-show-e-matheus-fernandes-no-encerramento-do-summer-on-neste-sabado\/#primaryimage\"},\"thumbnailUrl\":\"https:\/\/www.blogsoestado.com\/danielmatos\/files\/2015\/02\/Samyra-Show.jpg\",\"datePublished\":\"2015-02-06T10:46:30+00:00\",\"author\":{\"@id\":\"\"},\"breadcrumb\":{\"@id\":\"https:\/\/www.blogsoestado.com\/danielmatos\/samyra-show-e-matheus-fernandes-no-encerramento-do-summer-on-neste-sabado\/#breadcrumb\"},\"inLanguage\":\"pt-BR\",\"potentialAction\":[{\"@type\":\"ReadAction\",\"target\":[\"https:\/\/www.blogsoestado.com\/danielmatos\/samyra-show-e-matheus-fernandes-no-encerramento-do-summer-on-neste-sabado\/\"]}]},{\"@type\":\"ImageObject\",\"inLanguage\":\"pt-BR\",\"@id\":\"https:\/\/www.blogsoestado.com\/danielmatos\/samyra-show-e-matheus-fernandes-no-encerramento-do-summer-on-neste-sabado\/#primaryimage\",\"url\":\"https:\/\/www.blogsoestado.com\/danielmatos\/files\/2015\/02\/Samyra-Show.jpg\",\"contentUrl\":\"https:\/\/www.blogsoestado.com\/danielmatos\/files\/2015\/02\/Samyra-Show.jpg\"},{\"@type\":\"BreadcrumbList\",\"@id\":\"https:\/\/www.blogsoestado.com\/danielmatos\/samyra-show-e-matheus-fernandes-no-encerramento-do-summer-on-neste-sabado\/#breadcrumb\",\"itemListElement\":[{\"@type\":\"ListItem\",\"position\":1,\"name\":\"In\u00edcio\",\"item\":\"https:\/\/www.blogsoestado.com\/danielmatos\/\"},{\"@type\":\"ListItem\",\"position\":2,\"name\":\"Samyra Show e Matheus Fernandes no encerramento do \u201cSummer On\u201d neste s\u00e1bado\"}]},{\"@type\":\"WebSite\",\"@id\":\"https:\/\/www.blogsoestado.com\/danielmatos\/#website\",\"url\":\"https:\/\/www.blogsoestado.com\/danielmatos\/\",\"name\":\"Daniel Matos\",\"description\":\"\",\"potentialAction\":[{\"@type\":\"SearchAction\",\"target\":{\"@type\":\"EntryPoint\",\"urlTemplate\":\"https:\/\/www.blogsoestado.com\/danielmatos\/?s={search_term_string}\"},\"query-input\":{\"@type\":\"PropertyValueSpecification\",\"valueRequired\":true,\"valueName\":\"search_term_string\"}}],\"inLanguage\":\"pt-BR\"}]}<\/script>\n<!-- \/ Yoast SEO plugin. -->","yoast_head_json":{"title":"Samyra Show e Matheus Fernandes no encerramento do \u201cSummer On\u201d neste s\u00e1bado - Daniel Matos","robots":{"index":"index","follow":"follow","max-snippet":"max-snippet:-1","max-image-preview":"max-image-preview:large","max-video-preview":"max-video-preview:-1"},"canonical":"https:\/\/www.blogsoestado.com\/danielmatos\/samyra-show-e-matheus-fernandes-no-encerramento-do-summer-on-neste-sabado\/","og_locale":"pt_BR","og_type":"article","og_title":"Samyra Show e Matheus Fernandes no encerramento do \u201cSummer On\u201d neste s\u00e1bado - Daniel Matos","og_description":"O pr\u00e9-carnaval mais agitado da cidade encerra sua primeira temporada neste s\u00e1bado (07), com Samyra Show, Matheus Fernandes, Pep\u00ea J\u00fanior [&hellip;]","og_url":"https:\/\/www.blogsoestado.com\/danielmatos\/samyra-show-e-matheus-fernandes-no-encerramento-do-summer-on-neste-sabado\/","og_site_name":"Daniel Matos","article_published_time":"2015-02-06T10:46:30+00:00","og_image":[{"url":"https:\/\/www.blogsoestado.com\/danielmatos\/files\/2015\/02\/Samyra-Show.jpg","type":"","width":"","height":""}],"twitter_card":"summary_large_image","twitter_misc":{"Est. tempo de leitura":"4 minutos"},"schema":{"@context":"https:\/\/schema.org","@graph":[{"@type":"WebPage","@id":"https:\/\/www.blogsoestado.com\/danielmatos\/samyra-show-e-matheus-fernandes-no-encerramento-do-summer-on-neste-sabado\/","url":"https:\/\/www.blogsoestado.com\/danielmatos\/samyra-show-e-matheus-fernandes-no-encerramento-do-summer-on-neste-sabado\/","name":"Samyra Show e Matheus Fernandes no encerramento do \u201cSummer On\u201d neste s\u00e1bado - Daniel Matos","isPartOf":{"@id":"https:\/\/www.blogsoestado.com\/danielmatos\/#website"},"primaryImageOfPage":{"@id":"https:\/\/www.blogsoestado.com\/danielmatos\/samyra-show-e-matheus-fernandes-no-encerramento-do-summer-on-neste-sabado\/#primaryimage"},"image":{"@id":"https:\/\/www.blogsoestado.com\/danielmatos\/samyra-show-e-matheus-fernandes-no-encerramento-do-summer-on-neste-sabado\/#primaryimage"},"thumbnailUrl":"https:\/\/www.blogsoestado.com\/danielmatos\/files\/2015\/02\/Samyra-Show.jpg","datePublished":"2015-02-06T10:46:30+00:00","author":{"@id":""},"breadcrumb":{"@id":"https:\/\/www.blogsoestado.com\/danielmatos\/samyra-show-e-matheus-fernandes-no-encerramento-do-summer-on-neste-sabado\/#breadcrumb"},"inLanguage":"pt-BR","potentialAction":[{"@type":"ReadAction","target":["https:\/\/www.blogsoestado.com\/danielmatos\/samyra-show-e-matheus-fernandes-no-encerramento-do-summer-on-neste-sabado\/"]}]},{"@type":"ImageObject","inLanguage":"pt-BR","@id":"https:\/\/www.blogsoestado.com\/danielmatos\/samyra-show-e-matheus-fernandes-no-encerramento-do-summer-on-neste-sabado\/#primaryimage","url":"https:\/\/www.blogsoestado.com\/danielmatos\/files\/2015\/02\/Samyra-Show.jpg","contentUrl":"https:\/\/www.blogsoestado.com\/danielmatos\/files\/2015\/02\/Samyra-Show.jpg"},{"@type":"BreadcrumbList","@id":"https:\/\/www.blogsoestado.com\/danielmatos\/samyra-show-e-matheus-fernandes-no-encerramento-do-summer-on-neste-sabado\/#breadcrumb","itemListElement":[{"@type":"ListItem","position":1,"name":"In\u00edcio","item":"https:\/\/www.blogsoestado.com\/danielmatos\/"},{"@type":"ListItem","position":2,"name":"Samyra Show e Matheus Fernandes no encerramento do \u201cSummer On\u201d neste s\u00e1bado"}]},{"@type":"WebSite","@id":"https:\/\/www.blogsoestado.com\/danielmatos\/#website","url":"https:\/\/www.blogsoestado.com\/danielmatos\/","name":"Daniel Matos","description":"","potentialAction":[{"@type":"SearchAction","target":{"@type":"EntryPoint","urlTemplate":"https:\/\/www.blogsoestado.com\/danielmatos\/?s={search_term_string}"},"query-input":{"@type":"PropertyValueSpecification","valueRequired":true,"valueName":"search_term_string"}}],"inLanguage":"pt-BR"}]}},"jetpack_featured_media_url":"","_links":{"self":[{"href":"https:\/\/www.blogsoestado.com\/danielmatos\/wp-json\/wp\/v2\/posts\/22000","targetHints":{"allow":["GET"]}}],"collection":[{"href":"https:\/\/www.blogsoestado.com\/danielmatos\/wp-json\/wp\/v2\/posts"}],"about":[{"href":"https:\/\/www.blogsoestado.com\/danielmatos\/wp-json\/wp\/v2\/types\/post"}],"replies":[{"embeddable":true,"href":"https:\/\/www.blogsoestado.com\/danielmatos\/wp-json\/wp\/v2\/comments?post=22000"}],"version-history":[{"count":0,"href":"https:\/\/www.blogsoestado.com\/danielmatos\/wp-json\/wp\/v2\/posts\/22000\/revisions"}],"wp:attachment":[{"href":"https:\/\/www.blogsoestado.com\/danielmatos\/wp-json\/wp\/v2\/media?parent=22000"}],"wp:term":[{"taxonomy":"category","embeddable":true,"href":"https:\/\/www.blogsoestado.com\/danielmatos\/wp-json\/wp\/v2\/categories?post=22000"},{"taxonomy":"post_tag","embeddable":true,"href":"https:\/\/www.blogsoestado.com\/danielmatos\/wp-json\/wp\/v2\/tags?post=22000"}],"curies":[{"name":"wp","href":"https:\/\/api.w.org\/{rel}","templated":true}]}}