{"id":22012,"date":"2015-02-07T20:21:35","date_gmt":"2015-02-07T23:21:35","guid":{"rendered":"https:\/\/www.blogsoestado.com\/danielmatos\/?p=22012"},"modified":"2015-02-07T20:21:35","modified_gmt":"2015-02-07T23:21:35","slug":"ze-inacio-obtem-apoio-de-lula-na-defesa-da-refinaria","status":"publish","type":"post","link":"https:\/\/www.blogsoestado.com\/danielmatos\/ze-inacio-obtem-apoio-de-lula-na-defesa-da-refinaria\/","title":{"rendered":"Z\u00e9 In\u00e1cio obt\u00e9m apoio de Lula na defesa da refinaria"},"content":{"rendered":"<figure id=\"attachment_22013\" aria-describedby=\"caption-attachment-22013\" style=\"width: 640px\" class=\"wp-caption aligncenter\"><a href=\"https:\/\/www.blogsoestado.com\/danielmatos\/files\/2015\/02\/z\u00e9-In\u00e1cio-e-Lula.jpg\"><img fetchpriority=\"high\" decoding=\"async\" class=\"size-full wp-image-22013\" src=\"https:\/\/www.blogsoestado.com\/danielmatos\/files\/2015\/02\/z\u00e9-In\u00e1cio-e-Lula.jpg\" alt=\"Ex-presidente Lula declarou apoio \u00e0 luta de Z\u00e9 In\u00e1cio em defesa da Refinaria e do desenvolvimento do Maranh\u00e3o\" width=\"640\" height=\"360\" \/><\/a><figcaption id=\"caption-attachment-22013\" class=\"wp-caption-text\">Ex-presidente Lula declarou apoio \u00e0 luta de Z\u00e9 In\u00e1cio em defesa da refinaria e do desenvolvimento do Maranh\u00e3o<\/figcaption><\/figure>\n<p>O deputado estadual Z\u00e9 In\u00e1cio (PT) est\u00e1 em Belo Horizonte participando de atividades do Partido dos Trabalhadores: Reuni\u00e3o do Diret\u00f3rio Nacional e dos Atos dos 35 anos da\u00a0agremia\u00e7\u00e3o. A reuni\u00e3o do Diret\u00f3rio Nacional do PT aconteceu na \u00faltima sexta-feira (06), nas depend\u00eancias do Ouro Minas Palace Hotel, em Minas Gerais.<\/p>\n<p>Durante o evento, o deputado maranhense se reuniu com as maiores lideran\u00e7as do PT, incluindo o ex-presidente Luiz In\u00e1cio Lula da Silva. Na oportunidade, Z\u00e9 In\u00e1cio, que \u00e9\u00a0l\u00edder da bancada do partido\u00a0na Assembleia Legislativa do Maranh\u00e3o, tratou com Lula sobre a sua defesa, no parlamento, da continuidade do Projeto da Refinaria Premium I, no munic\u00edpio de Bacabeira.<\/p>\n<p>Lula ressaltou a import\u00e2ncia do petista maranhense. \u201c\u00c9 uma boa luta e o Maranh\u00e3o pode contar comigo nessa defesa\u201d, declarou o\u00a0ex-presidente.<\/p>\n<p>Z\u00e9 In\u00e1cio agradeceu o apoio de\u00a0Lula \u00e0 causa,\u00a0que ele considera n\u00e3o s\u00f3 uma batalha dos maranhenses, mais tamb\u00e9m de todos os nordestinos e dos brasileiros de uma forma geral. \u201cTemos que nos irmanar neste momento para defender a continuidade de um projeto que\u00a0gerou enorme expectativa, pelo potencial de gera\u00e7\u00e3o de emprego e renda a milhares de maranhenses, essa luta \u00e9 de todos n\u00f3s\u201d, conclamou Z\u00e9 In\u00e1cio.<\/p>\n<p>Idealizador da Frente Parlamentar em Defesa da Refinaria Premium I, Z\u00e9 In\u00e1cio pretende, com sua iniciativa,\u00a0promover a articula\u00e7\u00e3o n\u00e3o s\u00f3 com os deputados estaduais, como tamb\u00e9m com os prefeitos, deputados federais, senadores, c\u00e2mara de vereadores, sociedade maranhense, sindicatos que discutiram essa tem\u00e1tica nos \u00faltimos anos e que est\u00e3o incomodados com essa decis\u00e3o da Petrobr\u00e1s.<\/p>\n<p>A frente tamb\u00e9m visa com que a sociedade maranhense e brasileira conhe\u00e7a a import\u00e2ncia que tem esse projeto para o Maranh\u00e3o. \u201cNa nossa concep\u00e7\u00e3o, esse projeto n\u00e3o foi interrompido, ele foi apenas suspenso temporariamente pelo Governo Federal\u00a0e pela\u00a0Petrobr\u00e1s e n\u00f3s acreditamos que esta posi\u00e7\u00e3o poder\u00e1 ser revista\u201d, frisou.<\/p>\n<p>O parlamentar tamb\u00e9m ressaltou a import\u00e2ncia do envolvimento do governador Fl\u00e1vio Dino na defesa desse grande empreendimento no estado. \u201cJ\u00e1 recorremos \u00e0\u00a0bancada solicitando a defesa e a participa\u00e7\u00e3o do governador, porque precisamos nos unir em prol dessa causa. O governador precisa estar engajado e inserido nesse processo de defesa da refinaria. Uma defesa suprapartid\u00e1ria pelo incentivo ao desenvolvimento do Maranh\u00e3o\u201d, enfatizou..<\/p>\n","protected":false},"excerpt":{"rendered":"<p>O deputado estadual Z\u00e9 In\u00e1cio (PT) est\u00e1 em Belo Horizonte participando de atividades do Partido dos Trabalhadores: Reuni\u00e3o do Diret\u00f3rio [&hellip;]<\/p>\n","protected":false},"author":0,"featured_media":0,"comment_status":"open","ping_status":"open","sticky":false,"template":"","format":"standard","meta":{"site-sidebar-layout":"default","site-content-layout":"","ast-site-content-layout":"default","site-content-style":"default","site-sidebar-style":"default","ast-global-header-display":"","ast-banner-title-visibility":"","ast-main-header-display":"","ast-hfb-above-header-display":"","ast-hfb-below-header-display":"","ast-hfb-mobile-header-display":"","site-post-title":"","ast-breadcrumbs-content":"","ast-featured-img":"","footer-sml-layout":"","ast-disable-related-posts":"","theme-transparent-header-meta":"","adv-header-id-meta":"","stick-header-meta":"","header-above-stick-meta":"","header-main-stick-meta":"","header-below-stick-meta":"","astra-migrate-meta-layouts":"default","ast-page-background-enabled":"default","ast-page-background-meta":{"desktop":{"background-color":"var(--ast-global-color-5)","background-image":"","background-repeat":"repeat","background-position":"center center","background-size":"auto","background-attachment":"scroll","background-type":"","background-media":"","overlay-type":"","overlay-color":"","overlay-opacity":"","overlay-gradient":""},"tablet":{"background-color":"","background-image":"","background-repeat":"repeat","background-position":"center center","background-size":"auto","background-attachment":"scroll","background-type":"","background-media":"","overlay-type":"","overlay-color":"","overlay-opacity":"","overlay-gradient":""},"mobile":{"background-color":"","background-image":"","background-repeat":"repeat","background-position":"center center","background-size":"auto","background-attachment":"scroll","background-type":"","background-media":"","overlay-type":"","overlay-color":"","overlay-opacity":"","overlay-gradient":""}},"ast-content-background-meta":{"desktop":{"background-color":"var(--ast-global-color-4)","background-image":"","background-repeat":"repeat","background-position":"center center","background-size":"auto","background-attachment":"scroll","background-type":"","background-media":"","overlay-type":"","overlay-color":"","overlay-opacity":"","overlay-gradient":""},"tablet":{"background-color":"var(--ast-global-color-4)","background-image":"","background-repeat":"repeat","background-position":"center center","background-size":"auto","background-attachment":"scroll","background-type":"","background-media":"","overlay-type":"","overlay-color":"","overlay-opacity":"","overlay-gradient":""},"mobile":{"background-color":"var(--ast-global-color-4)","background-image":"","background-repeat":"repeat","background-position":"center center","background-size":"auto","background-attachment":"scroll","background-type":"","background-media":"","overlay-type":"","overlay-color":"","overlay-opacity":"","overlay-gradient":""}},"footnotes":""},"categories":[1],"tags":[],"class_list":["post-22012","post","type-post","status-publish","format-standard","hentry","category-sem-categoria"],"yoast_head":"<!-- This site is optimized with the Yoast SEO plugin v26.6 - https:\/\/yoast.com\/wordpress\/plugins\/seo\/ -->\n<title>Z\u00e9 In\u00e1cio obt\u00e9m apoio de Lula na defesa da refinaria - Daniel Matos<\/title>\n<meta name=\"robots\" content=\"index, follow, max-snippet:-1, max-image-preview:large, max-video-preview:-1\" \/>\n<link rel=\"canonical\" href=\"https:\/\/www.blogsoestado.com\/danielmatos\/ze-inacio-obtem-apoio-de-lula-na-defesa-da-refinaria\/\" \/>\n<meta property=\"og:locale\" content=\"pt_BR\" \/>\n<meta property=\"og:type\" content=\"article\" \/>\n<meta property=\"og:title\" content=\"Z\u00e9 In\u00e1cio obt\u00e9m apoio de Lula na defesa da refinaria - Daniel Matos\" \/>\n<meta property=\"og:description\" content=\"O deputado estadual Z\u00e9 In\u00e1cio (PT) est\u00e1 em Belo Horizonte participando de atividades do Partido dos Trabalhadores: Reuni\u00e3o do Diret\u00f3rio [&hellip;]\" \/>\n<meta property=\"og:url\" content=\"https:\/\/www.blogsoestado.com\/danielmatos\/ze-inacio-obtem-apoio-de-lula-na-defesa-da-refinaria\/\" \/>\n<meta property=\"og:site_name\" content=\"Daniel Matos\" \/>\n<meta property=\"article:published_time\" content=\"2015-02-07T23:21:35+00:00\" \/>\n<meta name=\"twitter:card\" content=\"summary_large_image\" \/>\n<meta name=\"twitter:label1\" content=\"Est. tempo de leitura\" \/>\n\t<meta name=\"twitter:data1\" content=\"2 minutos\" \/>\n<script type=\"application\/ld+json\" class=\"yoast-schema-graph\">{\"@context\":\"https:\/\/schema.org\",\"@graph\":[{\"@type\":\"WebPage\",\"@id\":\"https:\/\/www.blogsoestado.com\/danielmatos\/ze-inacio-obtem-apoio-de-lula-na-defesa-da-refinaria\/\",\"url\":\"https:\/\/www.blogsoestado.com\/danielmatos\/ze-inacio-obtem-apoio-de-lula-na-defesa-da-refinaria\/\",\"name\":\"Z\u00e9 In\u00e1cio obt\u00e9m apoio de Lula na defesa da refinaria - Daniel Matos\",\"isPartOf\":{\"@id\":\"https:\/\/www.blogsoestado.com\/danielmatos\/#website\"},\"datePublished\":\"2015-02-07T23:21:35+00:00\",\"author\":{\"@id\":\"\"},\"breadcrumb\":{\"@id\":\"https:\/\/www.blogsoestado.com\/danielmatos\/ze-inacio-obtem-apoio-de-lula-na-defesa-da-refinaria\/#breadcrumb\"},\"inLanguage\":\"pt-BR\",\"potentialAction\":[{\"@type\":\"ReadAction\",\"target\":[\"https:\/\/www.blogsoestado.com\/danielmatos\/ze-inacio-obtem-apoio-de-lula-na-defesa-da-refinaria\/\"]}]},{\"@type\":\"BreadcrumbList\",\"@id\":\"https:\/\/www.blogsoestado.com\/danielmatos\/ze-inacio-obtem-apoio-de-lula-na-defesa-da-refinaria\/#breadcrumb\",\"itemListElement\":[{\"@type\":\"ListItem\",\"position\":1,\"name\":\"In\u00edcio\",\"item\":\"https:\/\/www.blogsoestado.com\/danielmatos\/\"},{\"@type\":\"ListItem\",\"position\":2,\"name\":\"Z\u00e9 In\u00e1cio obt\u00e9m apoio de Lula na defesa da refinaria\"}]},{\"@type\":\"WebSite\",\"@id\":\"https:\/\/www.blogsoestado.com\/danielmatos\/#website\",\"url\":\"https:\/\/www.blogsoestado.com\/danielmatos\/\",\"name\":\"Daniel Matos\",\"description\":\"\",\"potentialAction\":[{\"@type\":\"SearchAction\",\"target\":{\"@type\":\"EntryPoint\",\"urlTemplate\":\"https:\/\/www.blogsoestado.com\/danielmatos\/?s={search_term_string}\"},\"query-input\":{\"@type\":\"PropertyValueSpecification\",\"valueRequired\":true,\"valueName\":\"search_term_string\"}}],\"inLanguage\":\"pt-BR\"}]}<\/script>\n<!-- \/ Yoast SEO plugin. -->","yoast_head_json":{"title":"Z\u00e9 In\u00e1cio obt\u00e9m apoio de Lula na defesa da refinaria - Daniel Matos","robots":{"index":"index","follow":"follow","max-snippet":"max-snippet:-1","max-image-preview":"max-image-preview:large","max-video-preview":"max-video-preview:-1"},"canonical":"https:\/\/www.blogsoestado.com\/danielmatos\/ze-inacio-obtem-apoio-de-lula-na-defesa-da-refinaria\/","og_locale":"pt_BR","og_type":"article","og_title":"Z\u00e9 In\u00e1cio obt\u00e9m apoio de Lula na defesa da refinaria - Daniel Matos","og_description":"O deputado estadual Z\u00e9 In\u00e1cio (PT) est\u00e1 em Belo Horizonte participando de atividades do Partido dos Trabalhadores: Reuni\u00e3o do Diret\u00f3rio [&hellip;]","og_url":"https:\/\/www.blogsoestado.com\/danielmatos\/ze-inacio-obtem-apoio-de-lula-na-defesa-da-refinaria\/","og_site_name":"Daniel Matos","article_published_time":"2015-02-07T23:21:35+00:00","twitter_card":"summary_large_image","twitter_misc":{"Est. tempo de leitura":"2 minutos"},"schema":{"@context":"https:\/\/schema.org","@graph":[{"@type":"WebPage","@id":"https:\/\/www.blogsoestado.com\/danielmatos\/ze-inacio-obtem-apoio-de-lula-na-defesa-da-refinaria\/","url":"https:\/\/www.blogsoestado.com\/danielmatos\/ze-inacio-obtem-apoio-de-lula-na-defesa-da-refinaria\/","name":"Z\u00e9 In\u00e1cio obt\u00e9m apoio de Lula na defesa da refinaria - Daniel Matos","isPartOf":{"@id":"https:\/\/www.blogsoestado.com\/danielmatos\/#website"},"datePublished":"2015-02-07T23:21:35+00:00","author":{"@id":""},"breadcrumb":{"@id":"https:\/\/www.blogsoestado.com\/danielmatos\/ze-inacio-obtem-apoio-de-lula-na-defesa-da-refinaria\/#breadcrumb"},"inLanguage":"pt-BR","potentialAction":[{"@type":"ReadAction","target":["https:\/\/www.blogsoestado.com\/danielmatos\/ze-inacio-obtem-apoio-de-lula-na-defesa-da-refinaria\/"]}]},{"@type":"BreadcrumbList","@id":"https:\/\/www.blogsoestado.com\/danielmatos\/ze-inacio-obtem-apoio-de-lula-na-defesa-da-refinaria\/#breadcrumb","itemListElement":[{"@type":"ListItem","position":1,"name":"In\u00edcio","item":"https:\/\/www.blogsoestado.com\/danielmatos\/"},{"@type":"ListItem","position":2,"name":"Z\u00e9 In\u00e1cio obt\u00e9m apoio de Lula na defesa da refinaria"}]},{"@type":"WebSite","@id":"https:\/\/www.blogsoestado.com\/danielmatos\/#website","url":"https:\/\/www.blogsoestado.com\/danielmatos\/","name":"Daniel Matos","description":"","potentialAction":[{"@type":"SearchAction","target":{"@type":"EntryPoint","urlTemplate":"https:\/\/www.blogsoestado.com\/danielmatos\/?s={search_term_string}"},"query-input":{"@type":"PropertyValueSpecification","valueRequired":true,"valueName":"search_term_string"}}],"inLanguage":"pt-BR"}]}},"jetpack_featured_media_url":"","_links":{"self":[{"href":"https:\/\/www.blogsoestado.com\/danielmatos\/wp-json\/wp\/v2\/posts\/22012","targetHints":{"allow":["GET"]}}],"collection":[{"href":"https:\/\/www.blogsoestado.com\/danielmatos\/wp-json\/wp\/v2\/posts"}],"about":[{"href":"https:\/\/www.blogsoestado.com\/danielmatos\/wp-json\/wp\/v2\/types\/post"}],"replies":[{"embeddable":true,"href":"https:\/\/www.blogsoestado.com\/danielmatos\/wp-json\/wp\/v2\/comments?post=22012"}],"version-history":[{"count":0,"href":"https:\/\/www.blogsoestado.com\/danielmatos\/wp-json\/wp\/v2\/posts\/22012\/revisions"}],"wp:attachment":[{"href":"https:\/\/www.blogsoestado.com\/danielmatos\/wp-json\/wp\/v2\/media?parent=22012"}],"wp:term":[{"taxonomy":"category","embeddable":true,"href":"https:\/\/www.blogsoestado.com\/danielmatos\/wp-json\/wp\/v2\/categories?post=22012"},{"taxonomy":"post_tag","embeddable":true,"href":"https:\/\/www.blogsoestado.com\/danielmatos\/wp-json\/wp\/v2\/tags?post=22012"}],"curies":[{"name":"wp","href":"https:\/\/api.w.org\/{rel}","templated":true}]}}