{"id":22026,"date":"2015-02-09T11:07:33","date_gmt":"2015-02-09T14:07:33","guid":{"rendered":"https:\/\/www.blogsoestado.com\/danielmatos\/?p=22026"},"modified":"2015-02-09T11:07:33","modified_gmt":"2015-02-09T14:07:33","slug":"paco-do-lumiar-promove-4a-audiencia-do-plano-municipal-de-residuos-solidos","status":"publish","type":"post","link":"https:\/\/www.blogsoestado.com\/danielmatos\/paco-do-lumiar-promove-4a-audiencia-do-plano-municipal-de-residuos-solidos\/","title":{"rendered":"Pa\u00e7o do Lumiar promove 4\u00aa audi\u00eancia do Plano Municipal de Res\u00edduos S\u00f3lidos"},"content":{"rendered":"<figure id=\"attachment_22027\" aria-describedby=\"caption-attachment-22027\" style=\"width: 640px\" class=\"wp-caption aligncenter\"><a href=\"https:\/\/www.blogsoestado.com\/danielmatos\/files\/2015\/02\/pa\u00e7o-audiencia-lixo.jpg\"><img fetchpriority=\"high\" decoding=\"async\" class=\"size-full wp-image-22027\" src=\"https:\/\/www.blogsoestado.com\/danielmatos\/files\/2015\/02\/pa\u00e7o-audiencia-lixo.jpg\" alt=\"Audi\u00eancias p\u00fablicas para discutir quest\u00e3o do lixo t\u00eam registrado presen\u00e7a maci\u00e7a de p\u00fablico\" width=\"640\" height=\"427\" \/><\/a><figcaption id=\"caption-attachment-22027\" class=\"wp-caption-text\">Audi\u00eancias p\u00fablicas para discutir quest\u00e3o do lixo t\u00eam registrado presen\u00e7a maci\u00e7a de p\u00fablico<\/figcaption><\/figure>\n<p>A Prefeitura de Pa\u00e7o do Lumiar, por meio da Secretaria Municipal de Meio Ambiente convida os moradores do conjunto Lima Verde e adjac\u00eancia, e popula\u00e7\u00e3o luminense em geral, para a 4\u00aa Audi\u00eancia P\u00fablica de Apresenta\u00e7\u00e3o do Plano Municipal de Res\u00edduos S\u00f3lidos \u2013 PMRS, nesta segunda-feira, 09, no Sal\u00e3o Paroquial, na Rua da Pitanga, S\/N, a partir das 16h.<\/p>\n<p>As audi\u00eancias p\u00fablicas est\u00e3o sendo realizadas desde o in\u00edcio do ano em comunidades do munic\u00edpio, para a apresenta\u00e7\u00e3o do plano municipal, que prev\u00ea a instala\u00e7\u00e3o do aterro sanit\u00e1rio, em conson\u00e2ncia com a Lei 12.305\/2010 \u2013 Pol\u00edtica Nacional de Res\u00edduos S\u00f3lidos. A Lei determina que todos os munic\u00edpios brasileiros adotem pol\u00edticas para o destino final do lixo.<\/p>\n<p>Na \u00faltima sexta-feira, 06, a comunidade do Pau Deitado conheceu o plano municipal participando do debate e na elabora\u00e7\u00e3o de propostas que ser\u00e3o implementadas ao documento.<\/p>\n<p><strong>SERVI\u00c7O:<\/strong><\/p>\n<p>O QU\u00ca: Audi\u00eancia P\u00fablica PMRS<br \/>\nONDE: Lima Verde (Sal\u00e3o Paroquial)<br \/>\nQUANDO: 09 de fevereiro de 2015<br \/>\nHOR\u00c1RIO: 16h<\/p>\n","protected":false},"excerpt":{"rendered":"<p>A Prefeitura de Pa\u00e7o do Lumiar, por meio da Secretaria Municipal de Meio Ambiente convida os moradores do conjunto Lima [&hellip;]<\/p>\n","protected":false},"author":0,"featured_media":0,"comment_status":"open","ping_status":"open","sticky":false,"template":"","format":"standard","meta":{"site-sidebar-layout":"default","site-content-layout":"","ast-site-content-layout":"default","site-content-style":"default","site-sidebar-style":"default","ast-global-header-display":"","ast-banner-title-visibility":"","ast-main-header-display":"","ast-hfb-above-header-display":"","ast-hfb-below-header-display":"","ast-hfb-mobile-header-display":"","site-post-title":"","ast-breadcrumbs-content":"","ast-featured-img":"","footer-sml-layout":"","ast-disable-related-posts":"","theme-transparent-header-meta":"","adv-header-id-meta":"","stick-header-meta":"","header-above-stick-meta":"","header-main-stick-meta":"","header-below-stick-meta":"","astra-migrate-meta-layouts":"default","ast-page-background-enabled":"default","ast-page-background-meta":{"desktop":{"background-color":"var(--ast-global-color-5)","background-image":"","background-repeat":"repeat","background-position":"center center","background-size":"auto","background-attachment":"scroll","background-type":"","background-media":"","overlay-type":"","overlay-color":"","overlay-opacity":"","overlay-gradient":""},"tablet":{"background-color":"","background-image":"","background-repeat":"repeat","background-position":"center center","background-size":"auto","background-attachment":"scroll","background-type":"","background-media":"","overlay-type":"","overlay-color":"","overlay-opacity":"","overlay-gradient":""},"mobile":{"background-color":"","background-image":"","background-repeat":"repeat","background-position":"center center","background-size":"auto","background-attachment":"scroll","background-type":"","background-media":"","overlay-type":"","overlay-color":"","overlay-opacity":"","overlay-gradient":""}},"ast-content-background-meta":{"desktop":{"background-color":"var(--ast-global-color-4)","background-image":"","background-repeat":"repeat","background-position":"center center","background-size":"auto","background-attachment":"scroll","background-type":"","background-media":"","overlay-type":"","overlay-color":"","overlay-opacity":"","overlay-gradient":""},"tablet":{"background-color":"var(--ast-global-color-4)","background-image":"","background-repeat":"repeat","background-position":"center center","background-size":"auto","background-attachment":"scroll","background-type":"","background-media":"","overlay-type":"","overlay-color":"","overlay-opacity":"","overlay-gradient":""},"mobile":{"background-color":"var(--ast-global-color-4)","background-image":"","background-repeat":"repeat","background-position":"center center","background-size":"auto","background-attachment":"scroll","background-type":"","background-media":"","overlay-type":"","overlay-color":"","overlay-opacity":"","overlay-gradient":""}},"footnotes":""},"categories":[1],"tags":[],"class_list":["post-22026","post","type-post","status-publish","format-standard","hentry","category-sem-categoria"],"yoast_head":"<!-- This site is optimized with the Yoast SEO plugin v26.6 - https:\/\/yoast.com\/wordpress\/plugins\/seo\/ -->\n<title>Pa\u00e7o do Lumiar promove 4\u00aa audi\u00eancia do Plano Municipal de Res\u00edduos S\u00f3lidos - Daniel Matos<\/title>\n<meta name=\"robots\" content=\"index, follow, max-snippet:-1, max-image-preview:large, max-video-preview:-1\" \/>\n<link rel=\"canonical\" href=\"https:\/\/www.blogsoestado.com\/danielmatos\/paco-do-lumiar-promove-4a-audiencia-do-plano-municipal-de-residuos-solidos\/\" \/>\n<meta property=\"og:locale\" content=\"pt_BR\" \/>\n<meta property=\"og:type\" content=\"article\" \/>\n<meta property=\"og:title\" content=\"Pa\u00e7o do Lumiar promove 4\u00aa audi\u00eancia do Plano Municipal de Res\u00edduos S\u00f3lidos - Daniel Matos\" \/>\n<meta property=\"og:description\" content=\"A Prefeitura de Pa\u00e7o do Lumiar, por meio da Secretaria Municipal de Meio Ambiente convida os moradores do conjunto Lima [&hellip;]\" \/>\n<meta property=\"og:url\" content=\"https:\/\/www.blogsoestado.com\/danielmatos\/paco-do-lumiar-promove-4a-audiencia-do-plano-municipal-de-residuos-solidos\/\" \/>\n<meta property=\"og:site_name\" content=\"Daniel Matos\" \/>\n<meta property=\"article:published_time\" content=\"2015-02-09T14:07:33+00:00\" \/>\n<meta name=\"twitter:card\" content=\"summary_large_image\" \/>\n<meta name=\"twitter:label1\" content=\"Est. tempo de leitura\" \/>\n\t<meta name=\"twitter:data1\" content=\"1 minuto\" \/>\n<script type=\"application\/ld+json\" class=\"yoast-schema-graph\">{\"@context\":\"https:\/\/schema.org\",\"@graph\":[{\"@type\":\"WebPage\",\"@id\":\"https:\/\/www.blogsoestado.com\/danielmatos\/paco-do-lumiar-promove-4a-audiencia-do-plano-municipal-de-residuos-solidos\/\",\"url\":\"https:\/\/www.blogsoestado.com\/danielmatos\/paco-do-lumiar-promove-4a-audiencia-do-plano-municipal-de-residuos-solidos\/\",\"name\":\"Pa\u00e7o do Lumiar promove 4\u00aa audi\u00eancia do Plano Municipal de Res\u00edduos S\u00f3lidos - Daniel Matos\",\"isPartOf\":{\"@id\":\"https:\/\/www.blogsoestado.com\/danielmatos\/#website\"},\"datePublished\":\"2015-02-09T14:07:33+00:00\",\"author\":{\"@id\":\"\"},\"breadcrumb\":{\"@id\":\"https:\/\/www.blogsoestado.com\/danielmatos\/paco-do-lumiar-promove-4a-audiencia-do-plano-municipal-de-residuos-solidos\/#breadcrumb\"},\"inLanguage\":\"pt-BR\",\"potentialAction\":[{\"@type\":\"ReadAction\",\"target\":[\"https:\/\/www.blogsoestado.com\/danielmatos\/paco-do-lumiar-promove-4a-audiencia-do-plano-municipal-de-residuos-solidos\/\"]}]},{\"@type\":\"BreadcrumbList\",\"@id\":\"https:\/\/www.blogsoestado.com\/danielmatos\/paco-do-lumiar-promove-4a-audiencia-do-plano-municipal-de-residuos-solidos\/#breadcrumb\",\"itemListElement\":[{\"@type\":\"ListItem\",\"position\":1,\"name\":\"In\u00edcio\",\"item\":\"https:\/\/www.blogsoestado.com\/danielmatos\/\"},{\"@type\":\"ListItem\",\"position\":2,\"name\":\"Pa\u00e7o do Lumiar promove 4\u00aa audi\u00eancia do Plano Municipal de Res\u00edduos S\u00f3lidos\"}]},{\"@type\":\"WebSite\",\"@id\":\"https:\/\/www.blogsoestado.com\/danielmatos\/#website\",\"url\":\"https:\/\/www.blogsoestado.com\/danielmatos\/\",\"name\":\"Daniel Matos\",\"description\":\"\",\"potentialAction\":[{\"@type\":\"SearchAction\",\"target\":{\"@type\":\"EntryPoint\",\"urlTemplate\":\"https:\/\/www.blogsoestado.com\/danielmatos\/?s={search_term_string}\"},\"query-input\":{\"@type\":\"PropertyValueSpecification\",\"valueRequired\":true,\"valueName\":\"search_term_string\"}}],\"inLanguage\":\"pt-BR\"}]}<\/script>\n<!-- \/ Yoast SEO plugin. -->","yoast_head_json":{"title":"Pa\u00e7o do Lumiar promove 4\u00aa audi\u00eancia do Plano Municipal de Res\u00edduos S\u00f3lidos - Daniel Matos","robots":{"index":"index","follow":"follow","max-snippet":"max-snippet:-1","max-image-preview":"max-image-preview:large","max-video-preview":"max-video-preview:-1"},"canonical":"https:\/\/www.blogsoestado.com\/danielmatos\/paco-do-lumiar-promove-4a-audiencia-do-plano-municipal-de-residuos-solidos\/","og_locale":"pt_BR","og_type":"article","og_title":"Pa\u00e7o do Lumiar promove 4\u00aa audi\u00eancia do Plano Municipal de Res\u00edduos S\u00f3lidos - Daniel Matos","og_description":"A Prefeitura de Pa\u00e7o do Lumiar, por meio da Secretaria Municipal de Meio Ambiente convida os moradores do conjunto Lima [&hellip;]","og_url":"https:\/\/www.blogsoestado.com\/danielmatos\/paco-do-lumiar-promove-4a-audiencia-do-plano-municipal-de-residuos-solidos\/","og_site_name":"Daniel Matos","article_published_time":"2015-02-09T14:07:33+00:00","twitter_card":"summary_large_image","twitter_misc":{"Est. tempo de leitura":"1 minuto"},"schema":{"@context":"https:\/\/schema.org","@graph":[{"@type":"WebPage","@id":"https:\/\/www.blogsoestado.com\/danielmatos\/paco-do-lumiar-promove-4a-audiencia-do-plano-municipal-de-residuos-solidos\/","url":"https:\/\/www.blogsoestado.com\/danielmatos\/paco-do-lumiar-promove-4a-audiencia-do-plano-municipal-de-residuos-solidos\/","name":"Pa\u00e7o do Lumiar promove 4\u00aa audi\u00eancia do Plano Municipal de Res\u00edduos S\u00f3lidos - Daniel Matos","isPartOf":{"@id":"https:\/\/www.blogsoestado.com\/danielmatos\/#website"},"datePublished":"2015-02-09T14:07:33+00:00","author":{"@id":""},"breadcrumb":{"@id":"https:\/\/www.blogsoestado.com\/danielmatos\/paco-do-lumiar-promove-4a-audiencia-do-plano-municipal-de-residuos-solidos\/#breadcrumb"},"inLanguage":"pt-BR","potentialAction":[{"@type":"ReadAction","target":["https:\/\/www.blogsoestado.com\/danielmatos\/paco-do-lumiar-promove-4a-audiencia-do-plano-municipal-de-residuos-solidos\/"]}]},{"@type":"BreadcrumbList","@id":"https:\/\/www.blogsoestado.com\/danielmatos\/paco-do-lumiar-promove-4a-audiencia-do-plano-municipal-de-residuos-solidos\/#breadcrumb","itemListElement":[{"@type":"ListItem","position":1,"name":"In\u00edcio","item":"https:\/\/www.blogsoestado.com\/danielmatos\/"},{"@type":"ListItem","position":2,"name":"Pa\u00e7o do Lumiar promove 4\u00aa audi\u00eancia do Plano Municipal de Res\u00edduos S\u00f3lidos"}]},{"@type":"WebSite","@id":"https:\/\/www.blogsoestado.com\/danielmatos\/#website","url":"https:\/\/www.blogsoestado.com\/danielmatos\/","name":"Daniel Matos","description":"","potentialAction":[{"@type":"SearchAction","target":{"@type":"EntryPoint","urlTemplate":"https:\/\/www.blogsoestado.com\/danielmatos\/?s={search_term_string}"},"query-input":{"@type":"PropertyValueSpecification","valueRequired":true,"valueName":"search_term_string"}}],"inLanguage":"pt-BR"}]}},"jetpack_featured_media_url":"","_links":{"self":[{"href":"https:\/\/www.blogsoestado.com\/danielmatos\/wp-json\/wp\/v2\/posts\/22026","targetHints":{"allow":["GET"]}}],"collection":[{"href":"https:\/\/www.blogsoestado.com\/danielmatos\/wp-json\/wp\/v2\/posts"}],"about":[{"href":"https:\/\/www.blogsoestado.com\/danielmatos\/wp-json\/wp\/v2\/types\/post"}],"replies":[{"embeddable":true,"href":"https:\/\/www.blogsoestado.com\/danielmatos\/wp-json\/wp\/v2\/comments?post=22026"}],"version-history":[{"count":0,"href":"https:\/\/www.blogsoestado.com\/danielmatos\/wp-json\/wp\/v2\/posts\/22026\/revisions"}],"wp:attachment":[{"href":"https:\/\/www.blogsoestado.com\/danielmatos\/wp-json\/wp\/v2\/media?parent=22026"}],"wp:term":[{"taxonomy":"category","embeddable":true,"href":"https:\/\/www.blogsoestado.com\/danielmatos\/wp-json\/wp\/v2\/categories?post=22026"},{"taxonomy":"post_tag","embeddable":true,"href":"https:\/\/www.blogsoestado.com\/danielmatos\/wp-json\/wp\/v2\/tags?post=22026"}],"curies":[{"name":"wp","href":"https:\/\/api.w.org\/{rel}","templated":true}]}}