{"id":22039,"date":"2015-02-10T08:00:31","date_gmt":"2015-02-10T11:00:31","guid":{"rendered":"https:\/\/www.blogsoestado.com\/danielmatos\/?p=22039"},"modified":"2015-02-10T08:00:31","modified_gmt":"2015-02-10T11:00:31","slug":"reforma-politica-e-projeto-prioritario-neste-ano-defende-lider-do-prp","status":"publish","type":"post","link":"https:\/\/www.blogsoestado.com\/danielmatos\/reforma-politica-e-projeto-prioritario-neste-ano-defende-lider-do-prp\/","title":{"rendered":"\u201cReforma pol\u00edtica \u00e9 projeto priorit\u00e1rio neste ano\u201d, defende l\u00edder do PRP"},"content":{"rendered":"<figure id=\"attachment_22040\" aria-describedby=\"caption-attachment-22040\" style=\"width: 448px\" class=\"wp-caption alignright\"><a href=\"https:\/\/www.blogsoestado.com\/danielmatos\/files\/2015\/02\/juscelino-filho.jpg\"><img fetchpriority=\"high\" decoding=\"async\" class=\"size-full wp-image-22040\" src=\"https:\/\/www.blogsoestado.com\/danielmatos\/files\/2015\/02\/juscelino-filho.jpg\" alt=\"Deputado Juscelino Filho defende reforma pol\u00edtica como prioridade na pauta do Congresso\" width=\"448\" height=\"304\" \/><\/a><figcaption id=\"caption-attachment-22040\" class=\"wp-caption-text\">Juscelino Filho defende reforma pol\u00edtica como prioridade na pauta do Congresso<\/figcaption><\/figure>\n<p>L\u00edder do Partido Republicano Progressista (PRP) j\u00e1 em seu primeiro mandato na C\u00e2mara dos Deputados, o deputado federal Juscelino Rezende Filho (MA), tem 30 anos e defende que a reforma pol\u00edtica seja prioridade para o partido.<\/p>\n<p>Segundo ele, os partidos pequenos n\u00e3o v\u00e3o aceitar ser atropelados pelas grandes agremia\u00e7\u00f5es: \u201cEstamos brigando j\u00e1 para que todos os partidos tenham representantes nessa comiss\u00e3o especial [da reforma pol\u00edtica] e que n\u00e3o fique nenhum de fora\u201d.<\/p>\n<p>O parlamentar destacou a cria\u00e7\u00e3o de um bloco formado por legendas com poucos deputados e que dever\u00e1 ser formalizado at\u00e9 depois do carnaval.<\/p>\n<p><strong>Quais s\u00e3o as perspectivas deste ano que se inicia?<\/strong><\/p>\n<p>A gente chega \u00e0 Casa com muitos sonhos, muita vontade, assim como os demais colegas do partido. O PRP vem com uma bancada nova, com muita vontade de fazer uma pol\u00edtica diferente. Como a gente v\u00ea, o pol\u00edtico est\u00e1 com uma credibilidade baixa. A pol\u00edtica em si est\u00e1 com a credibilidade baixa, ent\u00e3o a gente tem que resgatar o valor do parlamentar, o valor que ele conduz essa casa legislativa. N\u00f3s temos uma obriga\u00e7\u00e3o com o Brasil. Ent\u00e3o, temos uma perspectiva muito boa. Queremos discutir a reforma pol\u00edtica. Acho que esse momento \u00e9 essencial e a Casa come\u00e7ou os trabalhos \u201cpegando fogo\u201d. E o PRP vai estar nessa discuss\u00e3o junto com os demais partidos. N\u00f3s que representamos um partido pequeno, estamos nos unindo para n\u00e3o sermos atropelados pelos demais partidos. Este ano ser\u00e1 um ano de muitos embates. Tamb\u00e9m \u00e9 um ano que vamos acompanhar a crise da Petrobras e que vai ter uma repercuss\u00e3o muito grande aqui no Congresso Nacional. Ent\u00e3o o PRP vai procurar ter uma conduta independente nesse momento, mas participando de forma ativa nesses debates.<\/p>\n<p><strong>Como fica a rela\u00e7\u00e3o do PRP com o governo?<\/strong><\/p>\n<p>O PRP vai iniciar essa legislatura com uma postura independente, at\u00e9 mesmo porque n\u00f3s estamos na forma\u00e7\u00e3o de um bloco, estamos unidos com os partidos pequenos. Somos sete legendas unidas. Estamos formando um bloco para atua\u00e7\u00e3o parlamentar que pode chegar a oito legendas e facilitar nossa atua\u00e7\u00e3o na casa. O PRP tem hoje tr\u00eas parlamentares. Estamos nos unindo com outros partidos com dois, um, quatro, tr\u00eas deputados e vamos fazer uma bancada com um bloco para termos votos, for\u00e7a e voz para sermos escutados pelas grandes legendas. Essa \u00e9 a composi\u00e7\u00e3o que estamos desenhando hoje nesse momento. Mas a postura do bloco \u00e9 de independ\u00eancia, mas com as portas abertas para ouvir o governo e a oposi\u00e7\u00e3o nesse primeiro momento.<\/p>\n<p><strong>Existe consenso dentro do partido sobre as medidas provis\u00f3rias enviadas pela presidente Dilma?<\/strong><\/p>\n<p>Ainda n\u00e3o tem consenso dentro do partido, ainda estamos em discuss\u00e3o. Como ainda estamos discutindo a forma\u00e7\u00e3o desse bloco parlamentar, essa quest\u00e3o vai ser discutida dentro do bloco. O PRP n\u00e3o vai assumir uma postura do partido. Nesse momento, todos os partidos est\u00e3o com seus l\u00edderes. A partir da pr\u00f3xima semana ou depois do carnaval, o l\u00edder desse bloco vai conduzir os trabalhos e vamos discutir em bloco. \u00c9 um assunto complexo, assim como a pr\u00f3pria reforma pol\u00edtica, que vamos debater durante este ano. Ent\u00e3o, n\u00e3o temos um consenso em rela\u00e7\u00e3o a essas MPs neste momento.<\/p>\n<p><strong>Quais s\u00e3o os projetos priorit\u00e1rios do PRP para 2015?<\/strong><\/p>\n<p>O principal \u00e9 nos defender. A reforma pol\u00edtica est\u00e1 a\u00ed e como a gente v\u00ea est\u00e3o querendo colocar em discuss\u00e3o para n\u00e3o ir para a CCJ, e para os grandes partidos poderem formar uma comiss\u00e3o especial sem que os pequenos tenham voz. Estamos brigando para que todos os partidos tenham representantes nessa comiss\u00e3o especial e que n\u00e3o fique nenhum de fora. Esse tema vai ser fundamental, porque existe a cl\u00e1usula de barreiras dentro da PEC (352\/13) que atinge os pequenos partidos que podem deixar de existir. Nesse momento, o partido quer ter a voz, quer se defender junto com as demais legendas. \u00c9 muito f\u00e1cil ser um grande partido e ter um grande fundo partid\u00e1rio para ter uma grande bancada. Agora, o pequeno partido com um fundo partid\u00e1rio pequeno, tamb\u00e9m deve ser respeitado, ser ouvido. Os grande partidos n\u00e3o podem passar em cima de tudo. Esse \u00e9 o principal tema que, n\u00e3o s\u00f3 o PRP, mas as pequenas legendas v\u00e3o discutir nesta legislatura.<\/p>\n","protected":false},"excerpt":{"rendered":"<p>L\u00edder do Partido Republicano Progressista (PRP) j\u00e1 em seu primeiro mandato na C\u00e2mara dos Deputados, o deputado federal Juscelino Rezende [&hellip;]<\/p>\n","protected":false},"author":0,"featured_media":0,"comment_status":"open","ping_status":"open","sticky":false,"template":"","format":"standard","meta":{"site-sidebar-layout":"default","site-content-layout":"","ast-site-content-layout":"default","site-content-style":"default","site-sidebar-style":"default","ast-global-header-display":"","ast-banner-title-visibility":"","ast-main-header-display":"","ast-hfb-above-header-display":"","ast-hfb-below-header-display":"","ast-hfb-mobile-header-display":"","site-post-title":"","ast-breadcrumbs-content":"","ast-featured-img":"","footer-sml-layout":"","ast-disable-related-posts":"","theme-transparent-header-meta":"","adv-header-id-meta":"","stick-header-meta":"","header-above-stick-meta":"","header-main-stick-meta":"","header-below-stick-meta":"","astra-migrate-meta-layouts":"default","ast-page-background-enabled":"default","ast-page-background-meta":{"desktop":{"background-color":"var(--ast-global-color-5)","background-image":"","background-repeat":"repeat","background-position":"center center","background-size":"auto","background-attachment":"scroll","background-type":"","background-media":"","overlay-type":"","overlay-color":"","overlay-opacity":"","overlay-gradient":""},"tablet":{"background-color":"","background-image":"","background-repeat":"repeat","background-position":"center center","background-size":"auto","background-attachment":"scroll","background-type":"","background-media":"","overlay-type":"","overlay-color":"","overlay-opacity":"","overlay-gradient":""},"mobile":{"background-color":"","background-image":"","background-repeat":"repeat","background-position":"center center","background-size":"auto","background-attachment":"scroll","background-type":"","background-media":"","overlay-type":"","overlay-color":"","overlay-opacity":"","overlay-gradient":""}},"ast-content-background-meta":{"desktop":{"background-color":"var(--ast-global-color-4)","background-image":"","background-repeat":"repeat","background-position":"center center","background-size":"auto","background-attachment":"scroll","background-type":"","background-media":"","overlay-type":"","overlay-color":"","overlay-opacity":"","overlay-gradient":""},"tablet":{"background-color":"var(--ast-global-color-4)","background-image":"","background-repeat":"repeat","background-position":"center center","background-size":"auto","background-attachment":"scroll","background-type":"","background-media":"","overlay-type":"","overlay-color":"","overlay-opacity":"","overlay-gradient":""},"mobile":{"background-color":"var(--ast-global-color-4)","background-image":"","background-repeat":"repeat","background-position":"center center","background-size":"auto","background-attachment":"scroll","background-type":"","background-media":"","overlay-type":"","overlay-color":"","overlay-opacity":"","overlay-gradient":""}},"footnotes":""},"categories":[1],"tags":[],"class_list":["post-22039","post","type-post","status-publish","format-standard","hentry","category-sem-categoria"],"yoast_head":"<!-- This site is optimized with the Yoast SEO plugin v26.6 - https:\/\/yoast.com\/wordpress\/plugins\/seo\/ -->\n<title>\u201cReforma pol\u00edtica \u00e9 projeto priorit\u00e1rio neste ano\u201d, defende l\u00edder do PRP - Daniel Matos<\/title>\n<meta name=\"robots\" content=\"index, follow, max-snippet:-1, max-image-preview:large, max-video-preview:-1\" \/>\n<link rel=\"canonical\" href=\"https:\/\/www.blogsoestado.com\/danielmatos\/reforma-politica-e-projeto-prioritario-neste-ano-defende-lider-do-prp\/\" \/>\n<meta property=\"og:locale\" content=\"pt_BR\" \/>\n<meta property=\"og:type\" content=\"article\" \/>\n<meta property=\"og:title\" content=\"\u201cReforma pol\u00edtica \u00e9 projeto priorit\u00e1rio neste ano\u201d, defende l\u00edder do PRP - Daniel Matos\" \/>\n<meta property=\"og:description\" content=\"L\u00edder do Partido Republicano Progressista (PRP) j\u00e1 em seu primeiro mandato na C\u00e2mara dos Deputados, o deputado federal Juscelino Rezende [&hellip;]\" \/>\n<meta property=\"og:url\" content=\"https:\/\/www.blogsoestado.com\/danielmatos\/reforma-politica-e-projeto-prioritario-neste-ano-defende-lider-do-prp\/\" \/>\n<meta property=\"og:site_name\" content=\"Daniel Matos\" \/>\n<meta property=\"article:published_time\" content=\"2015-02-10T11:00:31+00:00\" \/>\n<meta property=\"og:image\" content=\"https:\/\/www.blogsoestado.com\/danielmatos\/files\/2015\/02\/juscelino-filho.jpg\" \/>\n<meta name=\"twitter:card\" content=\"summary_large_image\" \/>\n<meta name=\"twitter:label1\" content=\"Est. tempo de leitura\" \/>\n\t<meta name=\"twitter:data1\" content=\"4 minutos\" \/>\n<script type=\"application\/ld+json\" class=\"yoast-schema-graph\">{\"@context\":\"https:\/\/schema.org\",\"@graph\":[{\"@type\":\"WebPage\",\"@id\":\"https:\/\/www.blogsoestado.com\/danielmatos\/reforma-politica-e-projeto-prioritario-neste-ano-defende-lider-do-prp\/\",\"url\":\"https:\/\/www.blogsoestado.com\/danielmatos\/reforma-politica-e-projeto-prioritario-neste-ano-defende-lider-do-prp\/\",\"name\":\"\u201cReforma pol\u00edtica \u00e9 projeto priorit\u00e1rio neste ano\u201d, defende l\u00edder do PRP - Daniel Matos\",\"isPartOf\":{\"@id\":\"https:\/\/www.blogsoestado.com\/danielmatos\/#website\"},\"primaryImageOfPage\":{\"@id\":\"https:\/\/www.blogsoestado.com\/danielmatos\/reforma-politica-e-projeto-prioritario-neste-ano-defende-lider-do-prp\/#primaryimage\"},\"image\":{\"@id\":\"https:\/\/www.blogsoestado.com\/danielmatos\/reforma-politica-e-projeto-prioritario-neste-ano-defende-lider-do-prp\/#primaryimage\"},\"thumbnailUrl\":\"https:\/\/www.blogsoestado.com\/danielmatos\/files\/2015\/02\/juscelino-filho.jpg\",\"datePublished\":\"2015-02-10T11:00:31+00:00\",\"author\":{\"@id\":\"\"},\"breadcrumb\":{\"@id\":\"https:\/\/www.blogsoestado.com\/danielmatos\/reforma-politica-e-projeto-prioritario-neste-ano-defende-lider-do-prp\/#breadcrumb\"},\"inLanguage\":\"pt-BR\",\"potentialAction\":[{\"@type\":\"ReadAction\",\"target\":[\"https:\/\/www.blogsoestado.com\/danielmatos\/reforma-politica-e-projeto-prioritario-neste-ano-defende-lider-do-prp\/\"]}]},{\"@type\":\"ImageObject\",\"inLanguage\":\"pt-BR\",\"@id\":\"https:\/\/www.blogsoestado.com\/danielmatos\/reforma-politica-e-projeto-prioritario-neste-ano-defende-lider-do-prp\/#primaryimage\",\"url\":\"https:\/\/www.blogsoestado.com\/danielmatos\/files\/2015\/02\/juscelino-filho.jpg\",\"contentUrl\":\"https:\/\/www.blogsoestado.com\/danielmatos\/files\/2015\/02\/juscelino-filho.jpg\"},{\"@type\":\"BreadcrumbList\",\"@id\":\"https:\/\/www.blogsoestado.com\/danielmatos\/reforma-politica-e-projeto-prioritario-neste-ano-defende-lider-do-prp\/#breadcrumb\",\"itemListElement\":[{\"@type\":\"ListItem\",\"position\":1,\"name\":\"In\u00edcio\",\"item\":\"https:\/\/www.blogsoestado.com\/danielmatos\/\"},{\"@type\":\"ListItem\",\"position\":2,\"name\":\"\u201cReforma pol\u00edtica \u00e9 projeto priorit\u00e1rio neste ano\u201d, defende l\u00edder do PRP\"}]},{\"@type\":\"WebSite\",\"@id\":\"https:\/\/www.blogsoestado.com\/danielmatos\/#website\",\"url\":\"https:\/\/www.blogsoestado.com\/danielmatos\/\",\"name\":\"Daniel Matos\",\"description\":\"\",\"potentialAction\":[{\"@type\":\"SearchAction\",\"target\":{\"@type\":\"EntryPoint\",\"urlTemplate\":\"https:\/\/www.blogsoestado.com\/danielmatos\/?s={search_term_string}\"},\"query-input\":{\"@type\":\"PropertyValueSpecification\",\"valueRequired\":true,\"valueName\":\"search_term_string\"}}],\"inLanguage\":\"pt-BR\"}]}<\/script>\n<!-- \/ Yoast SEO plugin. -->","yoast_head_json":{"title":"\u201cReforma pol\u00edtica \u00e9 projeto priorit\u00e1rio neste ano\u201d, defende l\u00edder do PRP - Daniel Matos","robots":{"index":"index","follow":"follow","max-snippet":"max-snippet:-1","max-image-preview":"max-image-preview:large","max-video-preview":"max-video-preview:-1"},"canonical":"https:\/\/www.blogsoestado.com\/danielmatos\/reforma-politica-e-projeto-prioritario-neste-ano-defende-lider-do-prp\/","og_locale":"pt_BR","og_type":"article","og_title":"\u201cReforma pol\u00edtica \u00e9 projeto priorit\u00e1rio neste ano\u201d, defende l\u00edder do PRP - Daniel Matos","og_description":"L\u00edder do Partido Republicano Progressista (PRP) j\u00e1 em seu primeiro mandato na C\u00e2mara dos Deputados, o deputado federal Juscelino Rezende [&hellip;]","og_url":"https:\/\/www.blogsoestado.com\/danielmatos\/reforma-politica-e-projeto-prioritario-neste-ano-defende-lider-do-prp\/","og_site_name":"Daniel Matos","article_published_time":"2015-02-10T11:00:31+00:00","og_image":[{"url":"https:\/\/www.blogsoestado.com\/danielmatos\/files\/2015\/02\/juscelino-filho.jpg","type":"","width":"","height":""}],"twitter_card":"summary_large_image","twitter_misc":{"Est. tempo de leitura":"4 minutos"},"schema":{"@context":"https:\/\/schema.org","@graph":[{"@type":"WebPage","@id":"https:\/\/www.blogsoestado.com\/danielmatos\/reforma-politica-e-projeto-prioritario-neste-ano-defende-lider-do-prp\/","url":"https:\/\/www.blogsoestado.com\/danielmatos\/reforma-politica-e-projeto-prioritario-neste-ano-defende-lider-do-prp\/","name":"\u201cReforma pol\u00edtica \u00e9 projeto priorit\u00e1rio neste ano\u201d, defende l\u00edder do PRP - Daniel Matos","isPartOf":{"@id":"https:\/\/www.blogsoestado.com\/danielmatos\/#website"},"primaryImageOfPage":{"@id":"https:\/\/www.blogsoestado.com\/danielmatos\/reforma-politica-e-projeto-prioritario-neste-ano-defende-lider-do-prp\/#primaryimage"},"image":{"@id":"https:\/\/www.blogsoestado.com\/danielmatos\/reforma-politica-e-projeto-prioritario-neste-ano-defende-lider-do-prp\/#primaryimage"},"thumbnailUrl":"https:\/\/www.blogsoestado.com\/danielmatos\/files\/2015\/02\/juscelino-filho.jpg","datePublished":"2015-02-10T11:00:31+00:00","author":{"@id":""},"breadcrumb":{"@id":"https:\/\/www.blogsoestado.com\/danielmatos\/reforma-politica-e-projeto-prioritario-neste-ano-defende-lider-do-prp\/#breadcrumb"},"inLanguage":"pt-BR","potentialAction":[{"@type":"ReadAction","target":["https:\/\/www.blogsoestado.com\/danielmatos\/reforma-politica-e-projeto-prioritario-neste-ano-defende-lider-do-prp\/"]}]},{"@type":"ImageObject","inLanguage":"pt-BR","@id":"https:\/\/www.blogsoestado.com\/danielmatos\/reforma-politica-e-projeto-prioritario-neste-ano-defende-lider-do-prp\/#primaryimage","url":"https:\/\/www.blogsoestado.com\/danielmatos\/files\/2015\/02\/juscelino-filho.jpg","contentUrl":"https:\/\/www.blogsoestado.com\/danielmatos\/files\/2015\/02\/juscelino-filho.jpg"},{"@type":"BreadcrumbList","@id":"https:\/\/www.blogsoestado.com\/danielmatos\/reforma-politica-e-projeto-prioritario-neste-ano-defende-lider-do-prp\/#breadcrumb","itemListElement":[{"@type":"ListItem","position":1,"name":"In\u00edcio","item":"https:\/\/www.blogsoestado.com\/danielmatos\/"},{"@type":"ListItem","position":2,"name":"\u201cReforma pol\u00edtica \u00e9 projeto priorit\u00e1rio neste ano\u201d, defende l\u00edder do PRP"}]},{"@type":"WebSite","@id":"https:\/\/www.blogsoestado.com\/danielmatos\/#website","url":"https:\/\/www.blogsoestado.com\/danielmatos\/","name":"Daniel Matos","description":"","potentialAction":[{"@type":"SearchAction","target":{"@type":"EntryPoint","urlTemplate":"https:\/\/www.blogsoestado.com\/danielmatos\/?s={search_term_string}"},"query-input":{"@type":"PropertyValueSpecification","valueRequired":true,"valueName":"search_term_string"}}],"inLanguage":"pt-BR"}]}},"jetpack_featured_media_url":"","_links":{"self":[{"href":"https:\/\/www.blogsoestado.com\/danielmatos\/wp-json\/wp\/v2\/posts\/22039","targetHints":{"allow":["GET"]}}],"collection":[{"href":"https:\/\/www.blogsoestado.com\/danielmatos\/wp-json\/wp\/v2\/posts"}],"about":[{"href":"https:\/\/www.blogsoestado.com\/danielmatos\/wp-json\/wp\/v2\/types\/post"}],"replies":[{"embeddable":true,"href":"https:\/\/www.blogsoestado.com\/danielmatos\/wp-json\/wp\/v2\/comments?post=22039"}],"version-history":[{"count":0,"href":"https:\/\/www.blogsoestado.com\/danielmatos\/wp-json\/wp\/v2\/posts\/22039\/revisions"}],"wp:attachment":[{"href":"https:\/\/www.blogsoestado.com\/danielmatos\/wp-json\/wp\/v2\/media?parent=22039"}],"wp:term":[{"taxonomy":"category","embeddable":true,"href":"https:\/\/www.blogsoestado.com\/danielmatos\/wp-json\/wp\/v2\/categories?post=22039"},{"taxonomy":"post_tag","embeddable":true,"href":"https:\/\/www.blogsoestado.com\/danielmatos\/wp-json\/wp\/v2\/tags?post=22039"}],"curies":[{"name":"wp","href":"https:\/\/api.w.org\/{rel}","templated":true}]}}