{"id":22052,"date":"2015-02-11T07:24:38","date_gmt":"2015-02-11T10:24:38","guid":{"rendered":"https:\/\/www.blogsoestado.com\/danielmatos\/?p=22052"},"modified":"2015-02-11T07:24:38","modified_gmt":"2015-02-11T10:24:38","slug":"tcu-constata-impropriedades-em-contrato-assinado-por-flavio-dino-quando-presidente-da-embratur","status":"publish","type":"post","link":"https:\/\/www.blogsoestado.com\/danielmatos\/tcu-constata-impropriedades-em-contrato-assinado-por-flavio-dino-quando-presidente-da-embratur\/","title":{"rendered":"TCU constata impropriedades em contrato assinado por Fl\u00e1vio Dino quando presidente da Embratur"},"content":{"rendered":"<figure id=\"attachment_19474\" aria-describedby=\"caption-attachment-19474\" style=\"width: 403px\" class=\"wp-caption alignleft\"><a href=\"https:\/\/www.blogsoestado.com\/danielmatos\/files\/2014\/09\/dino-medo.jpg\"><img fetchpriority=\"high\" decoding=\"async\" class=\"size-full wp-image-19474\" src=\"https:\/\/www.blogsoestado.com\/danielmatos\/files\/2014\/09\/dino-medo.jpg\" alt=\"Dino responder\u00e1 por den\u00fancia caluniosa contra advers\u00e1rio\" width=\"403\" height=\"336\" \/><\/a><figcaption id=\"caption-attachment-19474\" class=\"wp-caption-text\">Fl\u00e1vio Dino assinou contrato mesmo com aus\u00eancia de documentos obrigat\u00f3rios\u00a0e insufici\u00eancia de or\u00e7amentos para composi\u00e7\u00e3o de planilhas de custos<\/figcaption><\/figure>\n<p>O Tribunal de Contas da Uni\u00e3o (TCU) realizou monitoramento de auditoria anterior no Instituto Brasileiro de Turismo (Embratur), para apurar poss\u00edveis irregularidades nos processos de prorroga\u00e7\u00e3o de contrato de fornecimento de estrutura de tecnologia de informa\u00e7\u00e3o durante a gest\u00e3o do ex-presidente Fl\u00e1vio Dino (PCdoB), atual governador do Maranh\u00e3o.<\/p>\n<p>A auditoria\u00a0foi solicitada pelo Senado Federal em agosto do ano passado\u00a0com o objetivo de apurar\u00a0a legalidade e a economicidade da prorroga\u00e7\u00e3o do contrato n\u00ba12\/2009, firmado com a CPM Braxis Outsourcing. O aditivo foi autorizado em 2012 por Fl\u00e1vio Dino, que presidiu a Embratur de 2011 a 2014.<\/p>\n<p>A empresa Braxis presta servi\u00e7os de inform\u00e1tica e tecnologia da informa\u00e7\u00e3o e aceitou a miss\u00e3o de montar uma central de suporte para os funcion\u00e1rios da Embratur, em 2009. O problema \u00e9 que o pre\u00e7o cobrado pelo servi\u00e7o baseou-se em\u00a0uma ata especial de licita\u00e7\u00e3o feita para a Universidade Federal da Bahia (UFBA), um ano antes.<\/p>\n<p>As especifica\u00e7\u00f5es t\u00e9cnicas para a UFBA previam atendimento de 48 mil chamadas ao ano. Na Embratur, o\u00a0n\u00famero de liga\u00e7\u00f5es anuais n\u00e3o passaria de 5.311, ou cerca de 20 chamadas por dia. O custo de cada chamada\/atendimento paga pela Embratur chegou a R$ 564,86. O pre\u00e7o total do contrato anual foi fechado em R$ 2.999.999,97.<\/p>\n<p>Mesmo com tanta diferen\u00e7a de projetos, Fl\u00e1vio Dino assinou o aditivo, dando mais 12 meses de contrato \u00e0 empresa. Os auditores descobriram que o or\u00e7amento n\u00e3o foi detalhado como manda a lei de licita\u00e7\u00f5es (Lei 8.666\/93)<\/p>\n<p>O mesmo valor cobrado para atender os 230 funcion\u00e1rios da autarquia de turismo foi tamb\u00e9m usado na Bahia para atender 4.850 esta\u00e7\u00f5es de trabalho, com uma rede digital cobrindo quatro locais distantes: Salvador, Vit\u00f3ria da Conquista, Barreiras e Oliveira dos Campinhos.<\/p>\n<p><strong>Constata\u00e7\u00f5es<\/strong><\/p>\n<p>O tribunal constatou algumas impropriedades no referido contrato. Foram identificadas aus\u00eancia de documentos exigidos na fase de planejamento da contrata\u00e7\u00e3o e insufici\u00eancia dos or\u00e7amentos constantes das pesquisas de pre\u00e7os, uma vez que n\u00e3o foram detalhados em planilhas que expressem a composi\u00e7\u00e3o de todos os seus custos unit\u00e1rios.<\/p>\n<p>Entretanto, de acordo com o ministro-relator do processo, Augusto Nardes, \u201centendo que n\u00e3o foram identificadas irregularidades na prorroga\u00e7\u00e3o do contrato, mas apenas algumas impropriedades, conforme expresso no relat\u00f3rio da unidade t\u00e9cnica, as quais embasaram recomenda\u00e7\u00e3o e ci\u00eancia \u00e0 Embratur\u201d.<\/p>\n<p>Diante das constata\u00e7\u00f5es, o tribunal recomendou \u00e0 Embratur que estruture sua \u00e1rea de tecnologia da informa\u00e7\u00e3o, de forma a reduzir o grau de depend\u00eancia tecnol\u00f3gica advindo da terceiriza\u00e7\u00e3o de servi\u00e7os essenciais de tecnologia. O TCU tamb\u00e9m comunicou \u00e0 Embratur as impropriedades encontradas, para futura corre\u00e7\u00e3o dos procedimentos.<\/p>\n<p><strong>Com informa\u00e7\u00f5es do TCU<\/strong><\/p>\n","protected":false},"excerpt":{"rendered":"<p>O Tribunal de Contas da Uni\u00e3o (TCU) realizou monitoramento de auditoria anterior no Instituto Brasileiro de Turismo (Embratur), para apurar [&hellip;]<\/p>\n","protected":false},"author":0,"featured_media":0,"comment_status":"open","ping_status":"open","sticky":false,"template":"","format":"standard","meta":{"site-sidebar-layout":"default","site-content-layout":"","ast-site-content-layout":"default","site-content-style":"default","site-sidebar-style":"default","ast-global-header-display":"","ast-banner-title-visibility":"","ast-main-header-display":"","ast-hfb-above-header-display":"","ast-hfb-below-header-display":"","ast-hfb-mobile-header-display":"","site-post-title":"","ast-breadcrumbs-content":"","ast-featured-img":"","footer-sml-layout":"","ast-disable-related-posts":"","theme-transparent-header-meta":"","adv-header-id-meta":"","stick-header-meta":"","header-above-stick-meta":"","header-main-stick-meta":"","header-below-stick-meta":"","astra-migrate-meta-layouts":"default","ast-page-background-enabled":"default","ast-page-background-meta":{"desktop":{"background-color":"var(--ast-global-color-5)","background-image":"","background-repeat":"repeat","background-position":"center center","background-size":"auto","background-attachment":"scroll","background-type":"","background-media":"","overlay-type":"","overlay-color":"","overlay-opacity":"","overlay-gradient":""},"tablet":{"background-color":"","background-image":"","background-repeat":"repeat","background-position":"center center","background-size":"auto","background-attachment":"scroll","background-type":"","background-media":"","overlay-type":"","overlay-color":"","overlay-opacity":"","overlay-gradient":""},"mobile":{"background-color":"","background-image":"","background-repeat":"repeat","background-position":"center center","background-size":"auto","background-attachment":"scroll","background-type":"","background-media":"","overlay-type":"","overlay-color":"","overlay-opacity":"","overlay-gradient":""}},"ast-content-background-meta":{"desktop":{"background-color":"var(--ast-global-color-4)","background-image":"","background-repeat":"repeat","background-position":"center center","background-size":"auto","background-attachment":"scroll","background-type":"","background-media":"","overlay-type":"","overlay-color":"","overlay-opacity":"","overlay-gradient":""},"tablet":{"background-color":"var(--ast-global-color-4)","background-image":"","background-repeat":"repeat","background-position":"center center","background-size":"auto","background-attachment":"scroll","background-type":"","background-media":"","overlay-type":"","overlay-color":"","overlay-opacity":"","overlay-gradient":""},"mobile":{"background-color":"var(--ast-global-color-4)","background-image":"","background-repeat":"repeat","background-position":"center center","background-size":"auto","background-attachment":"scroll","background-type":"","background-media":"","overlay-type":"","overlay-color":"","overlay-opacity":"","overlay-gradient":""}},"footnotes":""},"categories":[1],"tags":[],"class_list":["post-22052","post","type-post","status-publish","format-standard","hentry","category-sem-categoria"],"yoast_head":"<!-- This site is optimized with the Yoast SEO plugin v26.6 - https:\/\/yoast.com\/wordpress\/plugins\/seo\/ -->\n<title>TCU constata impropriedades em contrato assinado por Fl\u00e1vio Dino quando presidente da Embratur - Daniel Matos<\/title>\n<meta name=\"robots\" content=\"index, follow, max-snippet:-1, max-image-preview:large, max-video-preview:-1\" \/>\n<link rel=\"canonical\" href=\"https:\/\/www.blogsoestado.com\/danielmatos\/tcu-constata-impropriedades-em-contrato-assinado-por-flavio-dino-quando-presidente-da-embratur\/\" \/>\n<meta property=\"og:locale\" content=\"pt_BR\" \/>\n<meta property=\"og:type\" content=\"article\" \/>\n<meta property=\"og:title\" content=\"TCU constata impropriedades em contrato assinado por Fl\u00e1vio Dino quando presidente da Embratur - Daniel Matos\" \/>\n<meta property=\"og:description\" content=\"O Tribunal de Contas da Uni\u00e3o (TCU) realizou monitoramento de auditoria anterior no Instituto Brasileiro de Turismo (Embratur), para apurar [&hellip;]\" \/>\n<meta property=\"og:url\" content=\"https:\/\/www.blogsoestado.com\/danielmatos\/tcu-constata-impropriedades-em-contrato-assinado-por-flavio-dino-quando-presidente-da-embratur\/\" \/>\n<meta property=\"og:site_name\" content=\"Daniel Matos\" \/>\n<meta property=\"article:published_time\" content=\"2015-02-11T10:24:38+00:00\" \/>\n<meta property=\"og:image\" content=\"https:\/\/www.blogsoestado.com\/danielmatos\/files\/2014\/09\/dino-medo.jpg\" \/>\n<meta name=\"twitter:card\" content=\"summary_large_image\" \/>\n<meta name=\"twitter:label1\" content=\"Est. tempo de leitura\" \/>\n\t<meta name=\"twitter:data1\" content=\"2 minutos\" \/>\n<script type=\"application\/ld+json\" class=\"yoast-schema-graph\">{\"@context\":\"https:\/\/schema.org\",\"@graph\":[{\"@type\":\"WebPage\",\"@id\":\"https:\/\/www.blogsoestado.com\/danielmatos\/tcu-constata-impropriedades-em-contrato-assinado-por-flavio-dino-quando-presidente-da-embratur\/\",\"url\":\"https:\/\/www.blogsoestado.com\/danielmatos\/tcu-constata-impropriedades-em-contrato-assinado-por-flavio-dino-quando-presidente-da-embratur\/\",\"name\":\"TCU constata impropriedades em contrato assinado por Fl\u00e1vio Dino quando presidente da Embratur - Daniel Matos\",\"isPartOf\":{\"@id\":\"https:\/\/www.blogsoestado.com\/danielmatos\/#website\"},\"primaryImageOfPage\":{\"@id\":\"https:\/\/www.blogsoestado.com\/danielmatos\/tcu-constata-impropriedades-em-contrato-assinado-por-flavio-dino-quando-presidente-da-embratur\/#primaryimage\"},\"image\":{\"@id\":\"https:\/\/www.blogsoestado.com\/danielmatos\/tcu-constata-impropriedades-em-contrato-assinado-por-flavio-dino-quando-presidente-da-embratur\/#primaryimage\"},\"thumbnailUrl\":\"https:\/\/www.blogsoestado.com\/danielmatos\/files\/2014\/09\/dino-medo.jpg\",\"datePublished\":\"2015-02-11T10:24:38+00:00\",\"author\":{\"@id\":\"\"},\"breadcrumb\":{\"@id\":\"https:\/\/www.blogsoestado.com\/danielmatos\/tcu-constata-impropriedades-em-contrato-assinado-por-flavio-dino-quando-presidente-da-embratur\/#breadcrumb\"},\"inLanguage\":\"pt-BR\",\"potentialAction\":[{\"@type\":\"ReadAction\",\"target\":[\"https:\/\/www.blogsoestado.com\/danielmatos\/tcu-constata-impropriedades-em-contrato-assinado-por-flavio-dino-quando-presidente-da-embratur\/\"]}]},{\"@type\":\"ImageObject\",\"inLanguage\":\"pt-BR\",\"@id\":\"https:\/\/www.blogsoestado.com\/danielmatos\/tcu-constata-impropriedades-em-contrato-assinado-por-flavio-dino-quando-presidente-da-embratur\/#primaryimage\",\"url\":\"https:\/\/www.blogsoestado.com\/danielmatos\/files\/2014\/09\/dino-medo.jpg\",\"contentUrl\":\"https:\/\/www.blogsoestado.com\/danielmatos\/files\/2014\/09\/dino-medo.jpg\"},{\"@type\":\"BreadcrumbList\",\"@id\":\"https:\/\/www.blogsoestado.com\/danielmatos\/tcu-constata-impropriedades-em-contrato-assinado-por-flavio-dino-quando-presidente-da-embratur\/#breadcrumb\",\"itemListElement\":[{\"@type\":\"ListItem\",\"position\":1,\"name\":\"In\u00edcio\",\"item\":\"https:\/\/www.blogsoestado.com\/danielmatos\/\"},{\"@type\":\"ListItem\",\"position\":2,\"name\":\"TCU constata impropriedades em contrato assinado por Fl\u00e1vio Dino quando presidente da Embratur\"}]},{\"@type\":\"WebSite\",\"@id\":\"https:\/\/www.blogsoestado.com\/danielmatos\/#website\",\"url\":\"https:\/\/www.blogsoestado.com\/danielmatos\/\",\"name\":\"Daniel Matos\",\"description\":\"\",\"potentialAction\":[{\"@type\":\"SearchAction\",\"target\":{\"@type\":\"EntryPoint\",\"urlTemplate\":\"https:\/\/www.blogsoestado.com\/danielmatos\/?s={search_term_string}\"},\"query-input\":{\"@type\":\"PropertyValueSpecification\",\"valueRequired\":true,\"valueName\":\"search_term_string\"}}],\"inLanguage\":\"pt-BR\"}]}<\/script>\n<!-- \/ Yoast SEO plugin. -->","yoast_head_json":{"title":"TCU constata impropriedades em contrato assinado por Fl\u00e1vio Dino quando presidente da Embratur - Daniel Matos","robots":{"index":"index","follow":"follow","max-snippet":"max-snippet:-1","max-image-preview":"max-image-preview:large","max-video-preview":"max-video-preview:-1"},"canonical":"https:\/\/www.blogsoestado.com\/danielmatos\/tcu-constata-impropriedades-em-contrato-assinado-por-flavio-dino-quando-presidente-da-embratur\/","og_locale":"pt_BR","og_type":"article","og_title":"TCU constata impropriedades em contrato assinado por Fl\u00e1vio Dino quando presidente da Embratur - Daniel Matos","og_description":"O Tribunal de Contas da Uni\u00e3o (TCU) realizou monitoramento de auditoria anterior no Instituto Brasileiro de Turismo (Embratur), para apurar [&hellip;]","og_url":"https:\/\/www.blogsoestado.com\/danielmatos\/tcu-constata-impropriedades-em-contrato-assinado-por-flavio-dino-quando-presidente-da-embratur\/","og_site_name":"Daniel Matos","article_published_time":"2015-02-11T10:24:38+00:00","og_image":[{"url":"https:\/\/www.blogsoestado.com\/danielmatos\/files\/2014\/09\/dino-medo.jpg","type":"","width":"","height":""}],"twitter_card":"summary_large_image","twitter_misc":{"Est. tempo de leitura":"2 minutos"},"schema":{"@context":"https:\/\/schema.org","@graph":[{"@type":"WebPage","@id":"https:\/\/www.blogsoestado.com\/danielmatos\/tcu-constata-impropriedades-em-contrato-assinado-por-flavio-dino-quando-presidente-da-embratur\/","url":"https:\/\/www.blogsoestado.com\/danielmatos\/tcu-constata-impropriedades-em-contrato-assinado-por-flavio-dino-quando-presidente-da-embratur\/","name":"TCU constata impropriedades em contrato assinado por Fl\u00e1vio Dino quando presidente da Embratur - Daniel Matos","isPartOf":{"@id":"https:\/\/www.blogsoestado.com\/danielmatos\/#website"},"primaryImageOfPage":{"@id":"https:\/\/www.blogsoestado.com\/danielmatos\/tcu-constata-impropriedades-em-contrato-assinado-por-flavio-dino-quando-presidente-da-embratur\/#primaryimage"},"image":{"@id":"https:\/\/www.blogsoestado.com\/danielmatos\/tcu-constata-impropriedades-em-contrato-assinado-por-flavio-dino-quando-presidente-da-embratur\/#primaryimage"},"thumbnailUrl":"https:\/\/www.blogsoestado.com\/danielmatos\/files\/2014\/09\/dino-medo.jpg","datePublished":"2015-02-11T10:24:38+00:00","author":{"@id":""},"breadcrumb":{"@id":"https:\/\/www.blogsoestado.com\/danielmatos\/tcu-constata-impropriedades-em-contrato-assinado-por-flavio-dino-quando-presidente-da-embratur\/#breadcrumb"},"inLanguage":"pt-BR","potentialAction":[{"@type":"ReadAction","target":["https:\/\/www.blogsoestado.com\/danielmatos\/tcu-constata-impropriedades-em-contrato-assinado-por-flavio-dino-quando-presidente-da-embratur\/"]}]},{"@type":"ImageObject","inLanguage":"pt-BR","@id":"https:\/\/www.blogsoestado.com\/danielmatos\/tcu-constata-impropriedades-em-contrato-assinado-por-flavio-dino-quando-presidente-da-embratur\/#primaryimage","url":"https:\/\/www.blogsoestado.com\/danielmatos\/files\/2014\/09\/dino-medo.jpg","contentUrl":"https:\/\/www.blogsoestado.com\/danielmatos\/files\/2014\/09\/dino-medo.jpg"},{"@type":"BreadcrumbList","@id":"https:\/\/www.blogsoestado.com\/danielmatos\/tcu-constata-impropriedades-em-contrato-assinado-por-flavio-dino-quando-presidente-da-embratur\/#breadcrumb","itemListElement":[{"@type":"ListItem","position":1,"name":"In\u00edcio","item":"https:\/\/www.blogsoestado.com\/danielmatos\/"},{"@type":"ListItem","position":2,"name":"TCU constata impropriedades em contrato assinado por Fl\u00e1vio Dino quando presidente da Embratur"}]},{"@type":"WebSite","@id":"https:\/\/www.blogsoestado.com\/danielmatos\/#website","url":"https:\/\/www.blogsoestado.com\/danielmatos\/","name":"Daniel Matos","description":"","potentialAction":[{"@type":"SearchAction","target":{"@type":"EntryPoint","urlTemplate":"https:\/\/www.blogsoestado.com\/danielmatos\/?s={search_term_string}"},"query-input":{"@type":"PropertyValueSpecification","valueRequired":true,"valueName":"search_term_string"}}],"inLanguage":"pt-BR"}]}},"jetpack_featured_media_url":"","_links":{"self":[{"href":"https:\/\/www.blogsoestado.com\/danielmatos\/wp-json\/wp\/v2\/posts\/22052","targetHints":{"allow":["GET"]}}],"collection":[{"href":"https:\/\/www.blogsoestado.com\/danielmatos\/wp-json\/wp\/v2\/posts"}],"about":[{"href":"https:\/\/www.blogsoestado.com\/danielmatos\/wp-json\/wp\/v2\/types\/post"}],"replies":[{"embeddable":true,"href":"https:\/\/www.blogsoestado.com\/danielmatos\/wp-json\/wp\/v2\/comments?post=22052"}],"version-history":[{"count":0,"href":"https:\/\/www.blogsoestado.com\/danielmatos\/wp-json\/wp\/v2\/posts\/22052\/revisions"}],"wp:attachment":[{"href":"https:\/\/www.blogsoestado.com\/danielmatos\/wp-json\/wp\/v2\/media?parent=22052"}],"wp:term":[{"taxonomy":"category","embeddable":true,"href":"https:\/\/www.blogsoestado.com\/danielmatos\/wp-json\/wp\/v2\/categories?post=22052"},{"taxonomy":"post_tag","embeddable":true,"href":"https:\/\/www.blogsoestado.com\/danielmatos\/wp-json\/wp\/v2\/tags?post=22052"}],"curies":[{"name":"wp","href":"https:\/\/api.w.org\/{rel}","templated":true}]}}