{"id":22055,"date":"2015-02-12T08:26:18","date_gmt":"2015-02-12T11:26:18","guid":{"rendered":"https:\/\/www.blogsoestado.com\/danielmatos\/?p=22055"},"modified":"2015-02-12T08:26:18","modified_gmt":"2015-02-12T11:26:18","slug":"biblioteca-de-paco-do-lumiar-promove-programacao-carnavalesca","status":"publish","type":"post","link":"https:\/\/www.blogsoestado.com\/danielmatos\/biblioteca-de-paco-do-lumiar-promove-programacao-carnavalesca\/","title":{"rendered":"Biblioteca de Pa\u00e7o do Lumiar promove programa\u00e7\u00e3o carnavalesca"},"content":{"rendered":"<p><a href=\"https:\/\/www.blogsoestado.com\/danielmatos\/files\/2015\/02\/pa\u00e7o-biblioteca.png\"><img fetchpriority=\"high\" decoding=\"async\" class=\"aligncenter size-full wp-image-22056\" src=\"https:\/\/www.blogsoestado.com\/danielmatos\/files\/2015\/02\/pa\u00e7o-biblioteca.png\" alt=\"pa\u00e7o biblioteca\" width=\"480\" height=\"480\" \/><\/a><\/p>\n<p>A Secretaria Municipal de Cultura, Esporte e Lazer \u2013 Semcel &#8211; realiza nesta quinta-feira, 12, na Biblioteca P\u00fablica de Pa\u00e7o do Lumiar, o \u201cCarnaleitura\u201d, atividade que abordar\u00e1 de forma l\u00fadica, as mais diversas manifesta\u00e7\u00f5es e personagens do per\u00edodo carnavalesco. O evento tem in\u00edcio \u00e0s 8:30h, e \u00e9 voltado para o p\u00fablico entre 7 e 12 anos, estudantes da rede p\u00fablica municipal de ensino, privada e comunidade em geral.<\/p>\n<p>A programa\u00e7\u00e3o consta de sess\u00f5es de conta\u00e7\u00e3o de historias no ritmo do carnaval, oficinas de confec\u00e7\u00e3o de mascaras, pintura e desenho, espelho m\u00e1gico, e um bailinho animado por marchinhas. Para pessoas que n\u00e3o brincam o carnaval, a Biblioteca elaborou uma programa\u00e7\u00e3o diferente, com o aumento do tempo de empr\u00e9stimo de livros para 10 dias, sendo que, devem ser retirados, mediante cadastro, at\u00e9 esta sexta-feira, 13.<\/p>\n<p>Para Fransuelem Almeida, Bibliotec\u00e1ria, a inten\u00e7\u00e3o \u00e9 proporcionar divers\u00e3o a esse p\u00fablico, atrav\u00e9s da leitura durante o carnaval.<\/p>\n<p>O secret\u00e1rio de Cultura, Fernando Muniz, anunciou que a biblioteca realizar\u00e1, durante o ano, v\u00e1rias programa\u00e7\u00f5es incentivando os lumineses \u00e0 pr\u00e1tica da leitura. \u201cA Biblioteca P\u00fablica de Pa\u00e7o do Lumiar foi um espa\u00e7o conquistado pela atual administra\u00e7\u00e3o municipal, e queremos que nossas crian\u00e7as e adultos, estudantes ou n\u00e3o, tenham o h\u00e1bito da visita\u00e7\u00e3o e conhe\u00e7am o nosso acervo liter\u00e1rio\u201d, ressaltou o secret\u00e1rio.<\/p>\n<p>Al\u00e9m de cl\u00e1ssicos da literatura, a Biblioteca Municipal conta com edi\u00e7\u00f5es de revistas na \u00e1rea da Educa\u00e7\u00e3o, Atualidades e Tecnologia, e ainda, livros de Portugu\u00eas, Geografia e Hist\u00f3ria para pesquisas e trabalhos escolares.<\/p>\n<p>Nos pr\u00f3ximos meses, as consultas tamb\u00e9m ser\u00e3o poss\u00edveis em plataforma online, no laborat\u00f3rio de inform\u00e1tica. \u201cVamos ofertar todo tipo de pesquisa aos nossos visitantes. Acompanhar o advento da comunica\u00e7\u00e3o \u00e9 proporcionar a globaliza\u00e7\u00e3o do conhecimento\u201d, destacou a bibliotec\u00e1ria Fransuelem Almeida.<\/p>\n<p>Carteiras \u2013 A Biblioteca j\u00e1 est\u00e1 cadastrando e emitindo carteiras de acesso, que permite, al\u00e9m da pesquisa local, o empr\u00e9stimo de livros. Os interessados devem se dirigir \u00e0 Biblioteca P\u00fablica de Pa\u00e7o do Lumiar, na Avenida 04, do conjunto Maiob\u00e3o, de segunda a sexta-feira, das 8h \u00e0s 12h e das 14 \u00e0s 18h, portando os seguintes documentos pessoais: 01 (uma) foto 3&#215;4, comprovante de resid\u00eancia, RG e CPF.<\/p>\n","protected":false},"excerpt":{"rendered":"<p>A Secretaria Municipal de Cultura, Esporte e Lazer \u2013 Semcel &#8211; realiza nesta quinta-feira, 12, na Biblioteca P\u00fablica de Pa\u00e7o [&hellip;]<\/p>\n","protected":false},"author":0,"featured_media":0,"comment_status":"open","ping_status":"open","sticky":false,"template":"","format":"standard","meta":{"site-sidebar-layout":"default","site-content-layout":"","ast-site-content-layout":"default","site-content-style":"default","site-sidebar-style":"default","ast-global-header-display":"","ast-banner-title-visibility":"","ast-main-header-display":"","ast-hfb-above-header-display":"","ast-hfb-below-header-display":"","ast-hfb-mobile-header-display":"","site-post-title":"","ast-breadcrumbs-content":"","ast-featured-img":"","footer-sml-layout":"","ast-disable-related-posts":"","theme-transparent-header-meta":"","adv-header-id-meta":"","stick-header-meta":"","header-above-stick-meta":"","header-main-stick-meta":"","header-below-stick-meta":"","astra-migrate-meta-layouts":"default","ast-page-background-enabled":"default","ast-page-background-meta":{"desktop":{"background-color":"var(--ast-global-color-5)","background-image":"","background-repeat":"repeat","background-position":"center center","background-size":"auto","background-attachment":"scroll","background-type":"","background-media":"","overlay-type":"","overlay-color":"","overlay-opacity":"","overlay-gradient":""},"tablet":{"background-color":"","background-image":"","background-repeat":"repeat","background-position":"center center","background-size":"auto","background-attachment":"scroll","background-type":"","background-media":"","overlay-type":"","overlay-color":"","overlay-opacity":"","overlay-gradient":""},"mobile":{"background-color":"","background-image":"","background-repeat":"repeat","background-position":"center center","background-size":"auto","background-attachment":"scroll","background-type":"","background-media":"","overlay-type":"","overlay-color":"","overlay-opacity":"","overlay-gradient":""}},"ast-content-background-meta":{"desktop":{"background-color":"var(--ast-global-color-4)","background-image":"","background-repeat":"repeat","background-position":"center center","background-size":"auto","background-attachment":"scroll","background-type":"","background-media":"","overlay-type":"","overlay-color":"","overlay-opacity":"","overlay-gradient":""},"tablet":{"background-color":"var(--ast-global-color-4)","background-image":"","background-repeat":"repeat","background-position":"center center","background-size":"auto","background-attachment":"scroll","background-type":"","background-media":"","overlay-type":"","overlay-color":"","overlay-opacity":"","overlay-gradient":""},"mobile":{"background-color":"var(--ast-global-color-4)","background-image":"","background-repeat":"repeat","background-position":"center center","background-size":"auto","background-attachment":"scroll","background-type":"","background-media":"","overlay-type":"","overlay-color":"","overlay-opacity":"","overlay-gradient":""}},"footnotes":""},"categories":[1],"tags":[],"class_list":["post-22055","post","type-post","status-publish","format-standard","hentry","category-sem-categoria"],"yoast_head":"<!-- This site is optimized with the Yoast SEO plugin v26.6 - https:\/\/yoast.com\/wordpress\/plugins\/seo\/ -->\n<title>Biblioteca de Pa\u00e7o do Lumiar promove programa\u00e7\u00e3o carnavalesca - Daniel Matos<\/title>\n<meta name=\"robots\" content=\"index, follow, max-snippet:-1, max-image-preview:large, max-video-preview:-1\" \/>\n<link rel=\"canonical\" href=\"https:\/\/www.blogsoestado.com\/danielmatos\/biblioteca-de-paco-do-lumiar-promove-programacao-carnavalesca\/\" \/>\n<meta property=\"og:locale\" content=\"pt_BR\" \/>\n<meta property=\"og:type\" content=\"article\" \/>\n<meta property=\"og:title\" content=\"Biblioteca de Pa\u00e7o do Lumiar promove programa\u00e7\u00e3o carnavalesca - Daniel Matos\" \/>\n<meta property=\"og:description\" content=\"A Secretaria Municipal de Cultura, Esporte e Lazer \u2013 Semcel &#8211; realiza nesta quinta-feira, 12, na Biblioteca P\u00fablica de Pa\u00e7o [&hellip;]\" \/>\n<meta property=\"og:url\" content=\"https:\/\/www.blogsoestado.com\/danielmatos\/biblioteca-de-paco-do-lumiar-promove-programacao-carnavalesca\/\" \/>\n<meta property=\"og:site_name\" content=\"Daniel Matos\" \/>\n<meta property=\"article:published_time\" content=\"2015-02-12T11:26:18+00:00\" \/>\n<meta name=\"twitter:card\" content=\"summary_large_image\" \/>\n<meta name=\"twitter:label1\" content=\"Est. tempo de leitura\" \/>\n\t<meta name=\"twitter:data1\" content=\"2 minutos\" \/>\n<script type=\"application\/ld+json\" class=\"yoast-schema-graph\">{\"@context\":\"https:\/\/schema.org\",\"@graph\":[{\"@type\":\"WebPage\",\"@id\":\"https:\/\/www.blogsoestado.com\/danielmatos\/biblioteca-de-paco-do-lumiar-promove-programacao-carnavalesca\/\",\"url\":\"https:\/\/www.blogsoestado.com\/danielmatos\/biblioteca-de-paco-do-lumiar-promove-programacao-carnavalesca\/\",\"name\":\"Biblioteca de Pa\u00e7o do Lumiar promove programa\u00e7\u00e3o carnavalesca - Daniel Matos\",\"isPartOf\":{\"@id\":\"https:\/\/www.blogsoestado.com\/danielmatos\/#website\"},\"datePublished\":\"2015-02-12T11:26:18+00:00\",\"author\":{\"@id\":\"\"},\"breadcrumb\":{\"@id\":\"https:\/\/www.blogsoestado.com\/danielmatos\/biblioteca-de-paco-do-lumiar-promove-programacao-carnavalesca\/#breadcrumb\"},\"inLanguage\":\"pt-BR\",\"potentialAction\":[{\"@type\":\"ReadAction\",\"target\":[\"https:\/\/www.blogsoestado.com\/danielmatos\/biblioteca-de-paco-do-lumiar-promove-programacao-carnavalesca\/\"]}]},{\"@type\":\"BreadcrumbList\",\"@id\":\"https:\/\/www.blogsoestado.com\/danielmatos\/biblioteca-de-paco-do-lumiar-promove-programacao-carnavalesca\/#breadcrumb\",\"itemListElement\":[{\"@type\":\"ListItem\",\"position\":1,\"name\":\"In\u00edcio\",\"item\":\"https:\/\/www.blogsoestado.com\/danielmatos\/\"},{\"@type\":\"ListItem\",\"position\":2,\"name\":\"Biblioteca de Pa\u00e7o do Lumiar promove programa\u00e7\u00e3o carnavalesca\"}]},{\"@type\":\"WebSite\",\"@id\":\"https:\/\/www.blogsoestado.com\/danielmatos\/#website\",\"url\":\"https:\/\/www.blogsoestado.com\/danielmatos\/\",\"name\":\"Daniel Matos\",\"description\":\"\",\"potentialAction\":[{\"@type\":\"SearchAction\",\"target\":{\"@type\":\"EntryPoint\",\"urlTemplate\":\"https:\/\/www.blogsoestado.com\/danielmatos\/?s={search_term_string}\"},\"query-input\":{\"@type\":\"PropertyValueSpecification\",\"valueRequired\":true,\"valueName\":\"search_term_string\"}}],\"inLanguage\":\"pt-BR\"}]}<\/script>\n<!-- \/ Yoast SEO plugin. -->","yoast_head_json":{"title":"Biblioteca de Pa\u00e7o do Lumiar promove programa\u00e7\u00e3o carnavalesca - Daniel Matos","robots":{"index":"index","follow":"follow","max-snippet":"max-snippet:-1","max-image-preview":"max-image-preview:large","max-video-preview":"max-video-preview:-1"},"canonical":"https:\/\/www.blogsoestado.com\/danielmatos\/biblioteca-de-paco-do-lumiar-promove-programacao-carnavalesca\/","og_locale":"pt_BR","og_type":"article","og_title":"Biblioteca de Pa\u00e7o do Lumiar promove programa\u00e7\u00e3o carnavalesca - Daniel Matos","og_description":"A Secretaria Municipal de Cultura, Esporte e Lazer \u2013 Semcel &#8211; realiza nesta quinta-feira, 12, na Biblioteca P\u00fablica de Pa\u00e7o [&hellip;]","og_url":"https:\/\/www.blogsoestado.com\/danielmatos\/biblioteca-de-paco-do-lumiar-promove-programacao-carnavalesca\/","og_site_name":"Daniel Matos","article_published_time":"2015-02-12T11:26:18+00:00","twitter_card":"summary_large_image","twitter_misc":{"Est. tempo de leitura":"2 minutos"},"schema":{"@context":"https:\/\/schema.org","@graph":[{"@type":"WebPage","@id":"https:\/\/www.blogsoestado.com\/danielmatos\/biblioteca-de-paco-do-lumiar-promove-programacao-carnavalesca\/","url":"https:\/\/www.blogsoestado.com\/danielmatos\/biblioteca-de-paco-do-lumiar-promove-programacao-carnavalesca\/","name":"Biblioteca de Pa\u00e7o do Lumiar promove programa\u00e7\u00e3o carnavalesca - Daniel Matos","isPartOf":{"@id":"https:\/\/www.blogsoestado.com\/danielmatos\/#website"},"datePublished":"2015-02-12T11:26:18+00:00","author":{"@id":""},"breadcrumb":{"@id":"https:\/\/www.blogsoestado.com\/danielmatos\/biblioteca-de-paco-do-lumiar-promove-programacao-carnavalesca\/#breadcrumb"},"inLanguage":"pt-BR","potentialAction":[{"@type":"ReadAction","target":["https:\/\/www.blogsoestado.com\/danielmatos\/biblioteca-de-paco-do-lumiar-promove-programacao-carnavalesca\/"]}]},{"@type":"BreadcrumbList","@id":"https:\/\/www.blogsoestado.com\/danielmatos\/biblioteca-de-paco-do-lumiar-promove-programacao-carnavalesca\/#breadcrumb","itemListElement":[{"@type":"ListItem","position":1,"name":"In\u00edcio","item":"https:\/\/www.blogsoestado.com\/danielmatos\/"},{"@type":"ListItem","position":2,"name":"Biblioteca de Pa\u00e7o do Lumiar promove programa\u00e7\u00e3o carnavalesca"}]},{"@type":"WebSite","@id":"https:\/\/www.blogsoestado.com\/danielmatos\/#website","url":"https:\/\/www.blogsoestado.com\/danielmatos\/","name":"Daniel Matos","description":"","potentialAction":[{"@type":"SearchAction","target":{"@type":"EntryPoint","urlTemplate":"https:\/\/www.blogsoestado.com\/danielmatos\/?s={search_term_string}"},"query-input":{"@type":"PropertyValueSpecification","valueRequired":true,"valueName":"search_term_string"}}],"inLanguage":"pt-BR"}]}},"jetpack_featured_media_url":"","_links":{"self":[{"href":"https:\/\/www.blogsoestado.com\/danielmatos\/wp-json\/wp\/v2\/posts\/22055","targetHints":{"allow":["GET"]}}],"collection":[{"href":"https:\/\/www.blogsoestado.com\/danielmatos\/wp-json\/wp\/v2\/posts"}],"about":[{"href":"https:\/\/www.blogsoestado.com\/danielmatos\/wp-json\/wp\/v2\/types\/post"}],"replies":[{"embeddable":true,"href":"https:\/\/www.blogsoestado.com\/danielmatos\/wp-json\/wp\/v2\/comments?post=22055"}],"version-history":[{"count":0,"href":"https:\/\/www.blogsoestado.com\/danielmatos\/wp-json\/wp\/v2\/posts\/22055\/revisions"}],"wp:attachment":[{"href":"https:\/\/www.blogsoestado.com\/danielmatos\/wp-json\/wp\/v2\/media?parent=22055"}],"wp:term":[{"taxonomy":"category","embeddable":true,"href":"https:\/\/www.blogsoestado.com\/danielmatos\/wp-json\/wp\/v2\/categories?post=22055"},{"taxonomy":"post_tag","embeddable":true,"href":"https:\/\/www.blogsoestado.com\/danielmatos\/wp-json\/wp\/v2\/tags?post=22055"}],"curies":[{"name":"wp","href":"https:\/\/api.w.org\/{rel}","templated":true}]}}