{"id":22058,"date":"2015-02-12T08:38:02","date_gmt":"2015-02-12T11:38:02","guid":{"rendered":"https:\/\/www.blogsoestado.com\/danielmatos\/?p=22058"},"modified":"2015-02-12T08:38:02","modified_gmt":"2015-02-12T11:38:02","slug":"em-seu-primeiro-pronunciamento-na-al-wellington-do-curso-destaca-sua-trajetoria-de-vida-e-apresenta-23-proposicoes","status":"publish","type":"post","link":"https:\/\/www.blogsoestado.com\/danielmatos\/em-seu-primeiro-pronunciamento-na-al-wellington-do-curso-destaca-sua-trajetoria-de-vida-e-apresenta-23-proposicoes\/","title":{"rendered":"Em seu primeiro pronunciamento na AL, Wellington do Curso destaca sua trajet\u00f3ria de vida e apresenta 23 proposi\u00e7\u00f5es"},"content":{"rendered":"<figure id=\"attachment_22059\" aria-describedby=\"caption-attachment-22059\" style=\"width: 640px\" class=\"wp-caption aligncenter\"><a href=\"https:\/\/www.blogsoestado.com\/danielmatos\/files\/2015\/02\/wellington-discurso.jpg\"><img fetchpriority=\"high\" decoding=\"async\" class=\"size-full wp-image-22059\" src=\"https:\/\/www.blogsoestado.com\/danielmatos\/files\/2015\/02\/wellington-discurso.jpg\" alt=\"Wellington do Curso ressaltou que o seu compromisso \u00e9 com o povo e o seu mandato est\u00e1 \u00e0 disposi\u00e7\u00e3o de todos\" width=\"640\" height=\"424\" \/><\/a><figcaption id=\"caption-attachment-22059\" class=\"wp-caption-text\">Wellington do Curso ressaltou que o seu compromisso \u00e9 com o povo e o seu mandato est\u00e1 \u00e0 disposi\u00e7\u00e3o de todos<\/figcaption><\/figure>\n<p>O\u00a0deputado estadual Wellington do Curso (PPS) usou a tribuna da Assembleia Legislativa pela primeira vez na manh\u00e3 de quinta-feira (11).\u00a0Em seu pronunciamento no grande expediente, o parlamentar agradeceu a Deus e aos maranhenses pelos 22.896 votos conscientes que o conduziram ao parlamento estadual. Na oportunidade, emocionado, o deputado tamb\u00e9m falou sobre sua trajet\u00f3ria de vida e as dificuldades que teve de enfrentar.<\/p>\n<p>Ao discorrer sobre o motivo que o levou a ingressar na vida pol\u00edtica, destacou ainda que essa oportunidade \u00e9 a realiza\u00e7\u00e3o de um sonho, n\u00e3o individual, mas coletivo, pois entrou na pol\u00edtica com o intuito de ser uma voz ativa do povo.<\/p>\n<p>Empenhado em representar todos os maranhenses, Wellington do Curso ressaltou que o seu compromisso \u00e9 com o povo e o seu mandato est\u00e1 \u00e0 disposi\u00e7\u00e3o de todos.<\/p>\n<p><strong>Proposi\u00e7\u00f5es<\/strong><\/p>\n<p>Inicialmente, o deputado apresentou \u00e0 Mesa Diretora da Casa 23 proposi\u00e7\u00f5es, dentre elas tr\u00eas Projetos de Lei e 20 indica\u00e7\u00f5es.<\/p>\n<p>Das proposi\u00e7\u00f5es apresentadas pelo parlamentar, destacam-se o Piso Salarial dos Agentes Comunit\u00e1rios de Sa\u00fade, redu\u00e7\u00e3o da jornada de trabalho de Enfermeiros, T\u00e9cnicos e Auxiliares de Enfermagem para 30 horas e a emiss\u00e3o da Carteira Nacional de Habilita\u00e7\u00e3o (CNH) gratuita para pessoas de baixa renda, propostas essas que Wellington defendeu durante sua campanha.<\/p>\n<p>Wellington foi eleito com quase 23 mil votos, sendo mais de 17 mil em S\u00e3o Lu\u00eds.<\/p>\n<p>A elei\u00e7\u00e3o do professor deveu-se ao seu esfor\u00e7o pol\u00edtico e \u00e0s estrat\u00e9gias inteligentes usadas na campanha, sem precisar se aproveitar de poder econ\u00f4mico ou padrinhos pol\u00edticos.<\/p>\n<p>Wellington do Curso chega \u00e0 Assembleia Legislativa fundamentalmente respaldado com o voto de opini\u00e3o, o que qualificar\u00e1 a sua atua\u00e7\u00e3o parlamentar. Ele destacou ainda, que dentre as bandeiras que ir\u00e1 defender na Casa, a Educa\u00e7\u00e3o ter\u00e1 prioridade.<\/p>\n<p>Ao final do seu discurso, al\u00e9m de externar os agradecimentos, o parlamentar pediu o apoio dos seus colegas de plen\u00e1rio para que juntos fa\u00e7am cumprir os compromissos com o povo do Maranh\u00e3o.<\/p>\n<p>&#8220;N\u00f3s somos o poder e n\u00e3o podemos nos desviar dos nossos compromissos com o povo maranhense. Pe\u00e7o aos nobres parlamentares que estejamos unidos na defesa de todas as discuss\u00f5es deste parlamento, em prol dos maranhenses&#8221;, finalizou Wellington do Curso.<\/p>\n","protected":false},"excerpt":{"rendered":"<p>O\u00a0deputado estadual Wellington do Curso (PPS) usou a tribuna da Assembleia Legislativa pela primeira vez na manh\u00e3 de quinta-feira (11).\u00a0Em [&hellip;]<\/p>\n","protected":false},"author":0,"featured_media":0,"comment_status":"open","ping_status":"open","sticky":false,"template":"","format":"standard","meta":{"site-sidebar-layout":"default","site-content-layout":"","ast-site-content-layout":"default","site-content-style":"default","site-sidebar-style":"default","ast-global-header-display":"","ast-banner-title-visibility":"","ast-main-header-display":"","ast-hfb-above-header-display":"","ast-hfb-below-header-display":"","ast-hfb-mobile-header-display":"","site-post-title":"","ast-breadcrumbs-content":"","ast-featured-img":"","footer-sml-layout":"","ast-disable-related-posts":"","theme-transparent-header-meta":"","adv-header-id-meta":"","stick-header-meta":"","header-above-stick-meta":"","header-main-stick-meta":"","header-below-stick-meta":"","astra-migrate-meta-layouts":"default","ast-page-background-enabled":"default","ast-page-background-meta":{"desktop":{"background-color":"var(--ast-global-color-5)","background-image":"","background-repeat":"repeat","background-position":"center center","background-size":"auto","background-attachment":"scroll","background-type":"","background-media":"","overlay-type":"","overlay-color":"","overlay-opacity":"","overlay-gradient":""},"tablet":{"background-color":"","background-image":"","background-repeat":"repeat","background-position":"center center","background-size":"auto","background-attachment":"scroll","background-type":"","background-media":"","overlay-type":"","overlay-color":"","overlay-opacity":"","overlay-gradient":""},"mobile":{"background-color":"","background-image":"","background-repeat":"repeat","background-position":"center center","background-size":"auto","background-attachment":"scroll","background-type":"","background-media":"","overlay-type":"","overlay-color":"","overlay-opacity":"","overlay-gradient":""}},"ast-content-background-meta":{"desktop":{"background-color":"var(--ast-global-color-4)","background-image":"","background-repeat":"repeat","background-position":"center center","background-size":"auto","background-attachment":"scroll","background-type":"","background-media":"","overlay-type":"","overlay-color":"","overlay-opacity":"","overlay-gradient":""},"tablet":{"background-color":"var(--ast-global-color-4)","background-image":"","background-repeat":"repeat","background-position":"center center","background-size":"auto","background-attachment":"scroll","background-type":"","background-media":"","overlay-type":"","overlay-color":"","overlay-opacity":"","overlay-gradient":""},"mobile":{"background-color":"var(--ast-global-color-4)","background-image":"","background-repeat":"repeat","background-position":"center center","background-size":"auto","background-attachment":"scroll","background-type":"","background-media":"","overlay-type":"","overlay-color":"","overlay-opacity":"","overlay-gradient":""}},"footnotes":""},"categories":[1],"tags":[],"class_list":["post-22058","post","type-post","status-publish","format-standard","hentry","category-sem-categoria"],"yoast_head":"<!-- This site is optimized with the Yoast SEO plugin v26.6 - https:\/\/yoast.com\/wordpress\/plugins\/seo\/ -->\n<title>Em seu primeiro pronunciamento na AL, Wellington do Curso destaca sua trajet\u00f3ria de vida e apresenta 23 proposi\u00e7\u00f5es - Daniel Matos<\/title>\n<meta name=\"robots\" content=\"index, follow, max-snippet:-1, max-image-preview:large, max-video-preview:-1\" \/>\n<link rel=\"canonical\" href=\"https:\/\/www.blogsoestado.com\/danielmatos\/em-seu-primeiro-pronunciamento-na-al-wellington-do-curso-destaca-sua-trajetoria-de-vida-e-apresenta-23-proposicoes\/\" \/>\n<meta property=\"og:locale\" content=\"pt_BR\" \/>\n<meta property=\"og:type\" content=\"article\" \/>\n<meta property=\"og:title\" content=\"Em seu primeiro pronunciamento na AL, Wellington do Curso destaca sua trajet\u00f3ria de vida e apresenta 23 proposi\u00e7\u00f5es - Daniel Matos\" \/>\n<meta property=\"og:description\" content=\"O\u00a0deputado estadual Wellington do Curso (PPS) usou a tribuna da Assembleia Legislativa pela primeira vez na manh\u00e3 de quinta-feira (11).\u00a0Em [&hellip;]\" \/>\n<meta property=\"og:url\" content=\"https:\/\/www.blogsoestado.com\/danielmatos\/em-seu-primeiro-pronunciamento-na-al-wellington-do-curso-destaca-sua-trajetoria-de-vida-e-apresenta-23-proposicoes\/\" \/>\n<meta property=\"og:site_name\" content=\"Daniel Matos\" \/>\n<meta property=\"article:published_time\" content=\"2015-02-12T11:38:02+00:00\" \/>\n<meta property=\"og:image\" content=\"https:\/\/www.blogsoestado.com\/danielmatos\/files\/2015\/02\/wellington-discurso.jpg\" \/>\n<meta name=\"twitter:card\" content=\"summary_large_image\" \/>\n<meta name=\"twitter:label1\" content=\"Est. tempo de leitura\" \/>\n\t<meta name=\"twitter:data1\" content=\"2 minutos\" \/>\n<script type=\"application\/ld+json\" class=\"yoast-schema-graph\">{\"@context\":\"https:\/\/schema.org\",\"@graph\":[{\"@type\":\"WebPage\",\"@id\":\"https:\/\/www.blogsoestado.com\/danielmatos\/em-seu-primeiro-pronunciamento-na-al-wellington-do-curso-destaca-sua-trajetoria-de-vida-e-apresenta-23-proposicoes\/\",\"url\":\"https:\/\/www.blogsoestado.com\/danielmatos\/em-seu-primeiro-pronunciamento-na-al-wellington-do-curso-destaca-sua-trajetoria-de-vida-e-apresenta-23-proposicoes\/\",\"name\":\"Em seu primeiro pronunciamento na AL, Wellington do Curso destaca sua trajet\u00f3ria de vida e apresenta 23 proposi\u00e7\u00f5es - Daniel Matos\",\"isPartOf\":{\"@id\":\"https:\/\/www.blogsoestado.com\/danielmatos\/#website\"},\"primaryImageOfPage\":{\"@id\":\"https:\/\/www.blogsoestado.com\/danielmatos\/em-seu-primeiro-pronunciamento-na-al-wellington-do-curso-destaca-sua-trajetoria-de-vida-e-apresenta-23-proposicoes\/#primaryimage\"},\"image\":{\"@id\":\"https:\/\/www.blogsoestado.com\/danielmatos\/em-seu-primeiro-pronunciamento-na-al-wellington-do-curso-destaca-sua-trajetoria-de-vida-e-apresenta-23-proposicoes\/#primaryimage\"},\"thumbnailUrl\":\"https:\/\/www.blogsoestado.com\/danielmatos\/files\/2015\/02\/wellington-discurso.jpg\",\"datePublished\":\"2015-02-12T11:38:02+00:00\",\"author\":{\"@id\":\"\"},\"breadcrumb\":{\"@id\":\"https:\/\/www.blogsoestado.com\/danielmatos\/em-seu-primeiro-pronunciamento-na-al-wellington-do-curso-destaca-sua-trajetoria-de-vida-e-apresenta-23-proposicoes\/#breadcrumb\"},\"inLanguage\":\"pt-BR\",\"potentialAction\":[{\"@type\":\"ReadAction\",\"target\":[\"https:\/\/www.blogsoestado.com\/danielmatos\/em-seu-primeiro-pronunciamento-na-al-wellington-do-curso-destaca-sua-trajetoria-de-vida-e-apresenta-23-proposicoes\/\"]}]},{\"@type\":\"ImageObject\",\"inLanguage\":\"pt-BR\",\"@id\":\"https:\/\/www.blogsoestado.com\/danielmatos\/em-seu-primeiro-pronunciamento-na-al-wellington-do-curso-destaca-sua-trajetoria-de-vida-e-apresenta-23-proposicoes\/#primaryimage\",\"url\":\"https:\/\/www.blogsoestado.com\/danielmatos\/files\/2015\/02\/wellington-discurso.jpg\",\"contentUrl\":\"https:\/\/www.blogsoestado.com\/danielmatos\/files\/2015\/02\/wellington-discurso.jpg\"},{\"@type\":\"BreadcrumbList\",\"@id\":\"https:\/\/www.blogsoestado.com\/danielmatos\/em-seu-primeiro-pronunciamento-na-al-wellington-do-curso-destaca-sua-trajetoria-de-vida-e-apresenta-23-proposicoes\/#breadcrumb\",\"itemListElement\":[{\"@type\":\"ListItem\",\"position\":1,\"name\":\"In\u00edcio\",\"item\":\"https:\/\/www.blogsoestado.com\/danielmatos\/\"},{\"@type\":\"ListItem\",\"position\":2,\"name\":\"Em seu primeiro pronunciamento na AL, Wellington do Curso destaca sua trajet\u00f3ria de vida e apresenta 23 proposi\u00e7\u00f5es\"}]},{\"@type\":\"WebSite\",\"@id\":\"https:\/\/www.blogsoestado.com\/danielmatos\/#website\",\"url\":\"https:\/\/www.blogsoestado.com\/danielmatos\/\",\"name\":\"Daniel Matos\",\"description\":\"\",\"potentialAction\":[{\"@type\":\"SearchAction\",\"target\":{\"@type\":\"EntryPoint\",\"urlTemplate\":\"https:\/\/www.blogsoestado.com\/danielmatos\/?s={search_term_string}\"},\"query-input\":{\"@type\":\"PropertyValueSpecification\",\"valueRequired\":true,\"valueName\":\"search_term_string\"}}],\"inLanguage\":\"pt-BR\"}]}<\/script>\n<!-- \/ Yoast SEO plugin. -->","yoast_head_json":{"title":"Em seu primeiro pronunciamento na AL, Wellington do Curso destaca sua trajet\u00f3ria de vida e apresenta 23 proposi\u00e7\u00f5es - Daniel Matos","robots":{"index":"index","follow":"follow","max-snippet":"max-snippet:-1","max-image-preview":"max-image-preview:large","max-video-preview":"max-video-preview:-1"},"canonical":"https:\/\/www.blogsoestado.com\/danielmatos\/em-seu-primeiro-pronunciamento-na-al-wellington-do-curso-destaca-sua-trajetoria-de-vida-e-apresenta-23-proposicoes\/","og_locale":"pt_BR","og_type":"article","og_title":"Em seu primeiro pronunciamento na AL, Wellington do Curso destaca sua trajet\u00f3ria de vida e apresenta 23 proposi\u00e7\u00f5es - Daniel Matos","og_description":"O\u00a0deputado estadual Wellington do Curso (PPS) usou a tribuna da Assembleia Legislativa pela primeira vez na manh\u00e3 de quinta-feira (11).\u00a0Em [&hellip;]","og_url":"https:\/\/www.blogsoestado.com\/danielmatos\/em-seu-primeiro-pronunciamento-na-al-wellington-do-curso-destaca-sua-trajetoria-de-vida-e-apresenta-23-proposicoes\/","og_site_name":"Daniel Matos","article_published_time":"2015-02-12T11:38:02+00:00","og_image":[{"url":"https:\/\/www.blogsoestado.com\/danielmatos\/files\/2015\/02\/wellington-discurso.jpg","type":"","width":"","height":""}],"twitter_card":"summary_large_image","twitter_misc":{"Est. tempo de leitura":"2 minutos"},"schema":{"@context":"https:\/\/schema.org","@graph":[{"@type":"WebPage","@id":"https:\/\/www.blogsoestado.com\/danielmatos\/em-seu-primeiro-pronunciamento-na-al-wellington-do-curso-destaca-sua-trajetoria-de-vida-e-apresenta-23-proposicoes\/","url":"https:\/\/www.blogsoestado.com\/danielmatos\/em-seu-primeiro-pronunciamento-na-al-wellington-do-curso-destaca-sua-trajetoria-de-vida-e-apresenta-23-proposicoes\/","name":"Em seu primeiro pronunciamento na AL, Wellington do Curso destaca sua trajet\u00f3ria de vida e apresenta 23 proposi\u00e7\u00f5es - Daniel Matos","isPartOf":{"@id":"https:\/\/www.blogsoestado.com\/danielmatos\/#website"},"primaryImageOfPage":{"@id":"https:\/\/www.blogsoestado.com\/danielmatos\/em-seu-primeiro-pronunciamento-na-al-wellington-do-curso-destaca-sua-trajetoria-de-vida-e-apresenta-23-proposicoes\/#primaryimage"},"image":{"@id":"https:\/\/www.blogsoestado.com\/danielmatos\/em-seu-primeiro-pronunciamento-na-al-wellington-do-curso-destaca-sua-trajetoria-de-vida-e-apresenta-23-proposicoes\/#primaryimage"},"thumbnailUrl":"https:\/\/www.blogsoestado.com\/danielmatos\/files\/2015\/02\/wellington-discurso.jpg","datePublished":"2015-02-12T11:38:02+00:00","author":{"@id":""},"breadcrumb":{"@id":"https:\/\/www.blogsoestado.com\/danielmatos\/em-seu-primeiro-pronunciamento-na-al-wellington-do-curso-destaca-sua-trajetoria-de-vida-e-apresenta-23-proposicoes\/#breadcrumb"},"inLanguage":"pt-BR","potentialAction":[{"@type":"ReadAction","target":["https:\/\/www.blogsoestado.com\/danielmatos\/em-seu-primeiro-pronunciamento-na-al-wellington-do-curso-destaca-sua-trajetoria-de-vida-e-apresenta-23-proposicoes\/"]}]},{"@type":"ImageObject","inLanguage":"pt-BR","@id":"https:\/\/www.blogsoestado.com\/danielmatos\/em-seu-primeiro-pronunciamento-na-al-wellington-do-curso-destaca-sua-trajetoria-de-vida-e-apresenta-23-proposicoes\/#primaryimage","url":"https:\/\/www.blogsoestado.com\/danielmatos\/files\/2015\/02\/wellington-discurso.jpg","contentUrl":"https:\/\/www.blogsoestado.com\/danielmatos\/files\/2015\/02\/wellington-discurso.jpg"},{"@type":"BreadcrumbList","@id":"https:\/\/www.blogsoestado.com\/danielmatos\/em-seu-primeiro-pronunciamento-na-al-wellington-do-curso-destaca-sua-trajetoria-de-vida-e-apresenta-23-proposicoes\/#breadcrumb","itemListElement":[{"@type":"ListItem","position":1,"name":"In\u00edcio","item":"https:\/\/www.blogsoestado.com\/danielmatos\/"},{"@type":"ListItem","position":2,"name":"Em seu primeiro pronunciamento na AL, Wellington do Curso destaca sua trajet\u00f3ria de vida e apresenta 23 proposi\u00e7\u00f5es"}]},{"@type":"WebSite","@id":"https:\/\/www.blogsoestado.com\/danielmatos\/#website","url":"https:\/\/www.blogsoestado.com\/danielmatos\/","name":"Daniel Matos","description":"","potentialAction":[{"@type":"SearchAction","target":{"@type":"EntryPoint","urlTemplate":"https:\/\/www.blogsoestado.com\/danielmatos\/?s={search_term_string}"},"query-input":{"@type":"PropertyValueSpecification","valueRequired":true,"valueName":"search_term_string"}}],"inLanguage":"pt-BR"}]}},"jetpack_featured_media_url":"","_links":{"self":[{"href":"https:\/\/www.blogsoestado.com\/danielmatos\/wp-json\/wp\/v2\/posts\/22058","targetHints":{"allow":["GET"]}}],"collection":[{"href":"https:\/\/www.blogsoestado.com\/danielmatos\/wp-json\/wp\/v2\/posts"}],"about":[{"href":"https:\/\/www.blogsoestado.com\/danielmatos\/wp-json\/wp\/v2\/types\/post"}],"replies":[{"embeddable":true,"href":"https:\/\/www.blogsoestado.com\/danielmatos\/wp-json\/wp\/v2\/comments?post=22058"}],"version-history":[{"count":0,"href":"https:\/\/www.blogsoestado.com\/danielmatos\/wp-json\/wp\/v2\/posts\/22058\/revisions"}],"wp:attachment":[{"href":"https:\/\/www.blogsoestado.com\/danielmatos\/wp-json\/wp\/v2\/media?parent=22058"}],"wp:term":[{"taxonomy":"category","embeddable":true,"href":"https:\/\/www.blogsoestado.com\/danielmatos\/wp-json\/wp\/v2\/categories?post=22058"},{"taxonomy":"post_tag","embeddable":true,"href":"https:\/\/www.blogsoestado.com\/danielmatos\/wp-json\/wp\/v2\/tags?post=22058"}],"curies":[{"name":"wp","href":"https:\/\/api.w.org\/{rel}","templated":true}]}}