{"id":22070,"date":"2015-02-12T22:22:55","date_gmt":"2015-02-13T01:22:55","guid":{"rendered":"https:\/\/www.blogsoestado.com\/danielmatos\/?p=22070"},"modified":"2015-02-12T22:22:55","modified_gmt":"2015-02-13T01:22:55","slug":"ze-inacio-defende-mudancas-em-mps-que-instituem-novas-regras-para-seguro-desemprego-e-pensao-por-morte","status":"publish","type":"post","link":"https:\/\/www.blogsoestado.com\/danielmatos\/ze-inacio-defende-mudancas-em-mps-que-instituem-novas-regras-para-seguro-desemprego-e-pensao-por-morte\/","title":{"rendered":"Z\u00e9 In\u00e1cio defende mudan\u00e7as em MPs que instituem novas regras para seguro-desemprego e pens\u00e3o por morte"},"content":{"rendered":"<figure id=\"attachment_22071\" aria-describedby=\"caption-attachment-22071\" style=\"width: 640px\" class=\"wp-caption aligncenter\"><a href=\"https:\/\/www.blogsoestado.com\/danielmatos\/files\/2015\/02\/ze-inacio-pescadores.jpg\"><img fetchpriority=\"high\" decoding=\"async\" class=\"size-full wp-image-22071\" src=\"https:\/\/www.blogsoestado.com\/danielmatos\/files\/2015\/02\/ze-inacio-pescadores.jpg\" alt=\"Z\u00e9 In\u00e1cio alertou que novas regras institu\u00eddas pelo governo federal prejudicar\u00e3o trabalhadores\" width=\"640\" height=\"480\" \/><\/a><figcaption id=\"caption-attachment-22071\" class=\"wp-caption-text\">Z\u00e9 In\u00e1cio alertou que novas regras institu\u00eddas pelo governo federal prejudicar\u00e3o trabalhadores<\/figcaption><\/figure>\n<p>O deputado Z\u00e9 In\u00e1cio (PT) participou na manh\u00e3 desta quinta-feira (12) de reuni\u00e3o com v\u00e1rios segmentos representativos de classe de trabalhadores do setor da pesca para discutir a Medida Provis\u00f3ria N\u00ba665\/2015, que fixa em 18 meses para a solicita\u00e7\u00e3o do seguro-desemprego. O evento foi promovido pelo deputado J\u00fanior Verde (PV) e foi realizado no plenarinho da Assembleia Legislativa.<\/p>\n<p>Como l\u00edder do Partido dos Trabalhadores naquele parlamento, Z\u00e9 In\u00e1cio fez quest\u00e3o de participar do evento e reafirmar o seu compromisso com a\u00a0categoria profissional. \u201cVamos apoiar o deputado J\u00fanior Verde nesta batalha porque entendemos que a conquistas desses trabalhadores junto ao governo federal solicitando uma melhor reavalia\u00e7\u00e3o por parte da presidenta Dilma na medida provis\u00f3ria 665\u201d, declara o petista.<\/p>\n<p>Z\u00e9 In\u00e1cio alertou que\u00a0a MP\u00a0prejudicar\u00e1 os trabalhadores maranhenses, reiterando o que dissera\u00a0em\u00a0seu primeiro pronunciamento na\u00a0tribuna da Assembleia Legislativa. &#8220;Queremos defender os nossos trabalhadores&#8221;, reiterou.<\/p>\n<p>O objetivo da reuni\u00e3o, que contou com a presen\u00e7a maci\u00e7a da categoria, foi propor altera\u00e7\u00f5es \u00e0\u00a0MP\u00a0que altera as regras do seguro-desemprego\u00a0e tamb\u00e9m \u00e0 MP\u00a0n\u00ba664, que regula a concess\u00e3o por morte, com o argumento de que esta prejudicar\u00e1 os\u00a0trabalhador que t\u00eam\u00a0carteira assinada.<\/p>\n<p>\u00c9 o que afirma o deputado J\u00fanior Verde (PV), idealizador\u00a0da Frente Parlamentar da Pesca e Aquicultura, aprovada no plen\u00e1rio da Assembleia Legislativa.<\/p>\n","protected":false},"excerpt":{"rendered":"<p>O deputado Z\u00e9 In\u00e1cio (PT) participou na manh\u00e3 desta quinta-feira (12) de reuni\u00e3o com v\u00e1rios segmentos representativos de classe de [&hellip;]<\/p>\n","protected":false},"author":0,"featured_media":0,"comment_status":"open","ping_status":"open","sticky":false,"template":"","format":"standard","meta":{"site-sidebar-layout":"default","site-content-layout":"","ast-site-content-layout":"default","site-content-style":"default","site-sidebar-style":"default","ast-global-header-display":"","ast-banner-title-visibility":"","ast-main-header-display":"","ast-hfb-above-header-display":"","ast-hfb-below-header-display":"","ast-hfb-mobile-header-display":"","site-post-title":"","ast-breadcrumbs-content":"","ast-featured-img":"","footer-sml-layout":"","ast-disable-related-posts":"","theme-transparent-header-meta":"","adv-header-id-meta":"","stick-header-meta":"","header-above-stick-meta":"","header-main-stick-meta":"","header-below-stick-meta":"","astra-migrate-meta-layouts":"default","ast-page-background-enabled":"default","ast-page-background-meta":{"desktop":{"background-color":"var(--ast-global-color-5)","background-image":"","background-repeat":"repeat","background-position":"center center","background-size":"auto","background-attachment":"scroll","background-type":"","background-media":"","overlay-type":"","overlay-color":"","overlay-opacity":"","overlay-gradient":""},"tablet":{"background-color":"","background-image":"","background-repeat":"repeat","background-position":"center center","background-size":"auto","background-attachment":"scroll","background-type":"","background-media":"","overlay-type":"","overlay-color":"","overlay-opacity":"","overlay-gradient":""},"mobile":{"background-color":"","background-image":"","background-repeat":"repeat","background-position":"center center","background-size":"auto","background-attachment":"scroll","background-type":"","background-media":"","overlay-type":"","overlay-color":"","overlay-opacity":"","overlay-gradient":""}},"ast-content-background-meta":{"desktop":{"background-color":"var(--ast-global-color-4)","background-image":"","background-repeat":"repeat","background-position":"center center","background-size":"auto","background-attachment":"scroll","background-type":"","background-media":"","overlay-type":"","overlay-color":"","overlay-opacity":"","overlay-gradient":""},"tablet":{"background-color":"var(--ast-global-color-4)","background-image":"","background-repeat":"repeat","background-position":"center center","background-size":"auto","background-attachment":"scroll","background-type":"","background-media":"","overlay-type":"","overlay-color":"","overlay-opacity":"","overlay-gradient":""},"mobile":{"background-color":"var(--ast-global-color-4)","background-image":"","background-repeat":"repeat","background-position":"center center","background-size":"auto","background-attachment":"scroll","background-type":"","background-media":"","overlay-type":"","overlay-color":"","overlay-opacity":"","overlay-gradient":""}},"footnotes":""},"categories":[1],"tags":[],"class_list":["post-22070","post","type-post","status-publish","format-standard","hentry","category-sem-categoria"],"yoast_head":"<!-- This site is optimized with the Yoast SEO plugin v26.6 - https:\/\/yoast.com\/wordpress\/plugins\/seo\/ -->\n<title>Z\u00e9 In\u00e1cio defende mudan\u00e7as em MPs que instituem novas regras para seguro-desemprego e pens\u00e3o por morte - Daniel Matos<\/title>\n<meta name=\"robots\" content=\"index, follow, max-snippet:-1, max-image-preview:large, max-video-preview:-1\" \/>\n<link rel=\"canonical\" href=\"https:\/\/www.blogsoestado.com\/danielmatos\/ze-inacio-defende-mudancas-em-mps-que-instituem-novas-regras-para-seguro-desemprego-e-pensao-por-morte\/\" \/>\n<meta property=\"og:locale\" content=\"pt_BR\" \/>\n<meta property=\"og:type\" content=\"article\" \/>\n<meta property=\"og:title\" content=\"Z\u00e9 In\u00e1cio defende mudan\u00e7as em MPs que instituem novas regras para seguro-desemprego e pens\u00e3o por morte - Daniel Matos\" \/>\n<meta property=\"og:description\" content=\"O deputado Z\u00e9 In\u00e1cio (PT) participou na manh\u00e3 desta quinta-feira (12) de reuni\u00e3o com v\u00e1rios segmentos representativos de classe de [&hellip;]\" \/>\n<meta property=\"og:url\" content=\"https:\/\/www.blogsoestado.com\/danielmatos\/ze-inacio-defende-mudancas-em-mps-que-instituem-novas-regras-para-seguro-desemprego-e-pensao-por-morte\/\" \/>\n<meta property=\"og:site_name\" content=\"Daniel Matos\" \/>\n<meta property=\"article:published_time\" content=\"2015-02-13T01:22:55+00:00\" \/>\n<meta property=\"og:image\" content=\"https:\/\/www.blogsoestado.com\/danielmatos\/files\/2015\/02\/ze-inacio-pescadores.jpg\" \/>\n<meta name=\"twitter:card\" content=\"summary_large_image\" \/>\n<meta name=\"twitter:label1\" content=\"Est. tempo de leitura\" \/>\n\t<meta name=\"twitter:data1\" content=\"1 minuto\" \/>\n<script type=\"application\/ld+json\" class=\"yoast-schema-graph\">{\"@context\":\"https:\/\/schema.org\",\"@graph\":[{\"@type\":\"WebPage\",\"@id\":\"https:\/\/www.blogsoestado.com\/danielmatos\/ze-inacio-defende-mudancas-em-mps-que-instituem-novas-regras-para-seguro-desemprego-e-pensao-por-morte\/\",\"url\":\"https:\/\/www.blogsoestado.com\/danielmatos\/ze-inacio-defende-mudancas-em-mps-que-instituem-novas-regras-para-seguro-desemprego-e-pensao-por-morte\/\",\"name\":\"Z\u00e9 In\u00e1cio defende mudan\u00e7as em MPs que instituem novas regras para seguro-desemprego e pens\u00e3o por morte - Daniel Matos\",\"isPartOf\":{\"@id\":\"https:\/\/www.blogsoestado.com\/danielmatos\/#website\"},\"primaryImageOfPage\":{\"@id\":\"https:\/\/www.blogsoestado.com\/danielmatos\/ze-inacio-defende-mudancas-em-mps-que-instituem-novas-regras-para-seguro-desemprego-e-pensao-por-morte\/#primaryimage\"},\"image\":{\"@id\":\"https:\/\/www.blogsoestado.com\/danielmatos\/ze-inacio-defende-mudancas-em-mps-que-instituem-novas-regras-para-seguro-desemprego-e-pensao-por-morte\/#primaryimage\"},\"thumbnailUrl\":\"https:\/\/www.blogsoestado.com\/danielmatos\/files\/2015\/02\/ze-inacio-pescadores.jpg\",\"datePublished\":\"2015-02-13T01:22:55+00:00\",\"author\":{\"@id\":\"\"},\"breadcrumb\":{\"@id\":\"https:\/\/www.blogsoestado.com\/danielmatos\/ze-inacio-defende-mudancas-em-mps-que-instituem-novas-regras-para-seguro-desemprego-e-pensao-por-morte\/#breadcrumb\"},\"inLanguage\":\"pt-BR\",\"potentialAction\":[{\"@type\":\"ReadAction\",\"target\":[\"https:\/\/www.blogsoestado.com\/danielmatos\/ze-inacio-defende-mudancas-em-mps-que-instituem-novas-regras-para-seguro-desemprego-e-pensao-por-morte\/\"]}]},{\"@type\":\"ImageObject\",\"inLanguage\":\"pt-BR\",\"@id\":\"https:\/\/www.blogsoestado.com\/danielmatos\/ze-inacio-defende-mudancas-em-mps-que-instituem-novas-regras-para-seguro-desemprego-e-pensao-por-morte\/#primaryimage\",\"url\":\"https:\/\/www.blogsoestado.com\/danielmatos\/files\/2015\/02\/ze-inacio-pescadores.jpg\",\"contentUrl\":\"https:\/\/www.blogsoestado.com\/danielmatos\/files\/2015\/02\/ze-inacio-pescadores.jpg\"},{\"@type\":\"BreadcrumbList\",\"@id\":\"https:\/\/www.blogsoestado.com\/danielmatos\/ze-inacio-defende-mudancas-em-mps-que-instituem-novas-regras-para-seguro-desemprego-e-pensao-por-morte\/#breadcrumb\",\"itemListElement\":[{\"@type\":\"ListItem\",\"position\":1,\"name\":\"In\u00edcio\",\"item\":\"https:\/\/www.blogsoestado.com\/danielmatos\/\"},{\"@type\":\"ListItem\",\"position\":2,\"name\":\"Z\u00e9 In\u00e1cio defende mudan\u00e7as em MPs que instituem novas regras para seguro-desemprego e pens\u00e3o por morte\"}]},{\"@type\":\"WebSite\",\"@id\":\"https:\/\/www.blogsoestado.com\/danielmatos\/#website\",\"url\":\"https:\/\/www.blogsoestado.com\/danielmatos\/\",\"name\":\"Daniel Matos\",\"description\":\"\",\"potentialAction\":[{\"@type\":\"SearchAction\",\"target\":{\"@type\":\"EntryPoint\",\"urlTemplate\":\"https:\/\/www.blogsoestado.com\/danielmatos\/?s={search_term_string}\"},\"query-input\":{\"@type\":\"PropertyValueSpecification\",\"valueRequired\":true,\"valueName\":\"search_term_string\"}}],\"inLanguage\":\"pt-BR\"}]}<\/script>\n<!-- \/ Yoast SEO plugin. -->","yoast_head_json":{"title":"Z\u00e9 In\u00e1cio defende mudan\u00e7as em MPs que instituem novas regras para seguro-desemprego e pens\u00e3o por morte - Daniel Matos","robots":{"index":"index","follow":"follow","max-snippet":"max-snippet:-1","max-image-preview":"max-image-preview:large","max-video-preview":"max-video-preview:-1"},"canonical":"https:\/\/www.blogsoestado.com\/danielmatos\/ze-inacio-defende-mudancas-em-mps-que-instituem-novas-regras-para-seguro-desemprego-e-pensao-por-morte\/","og_locale":"pt_BR","og_type":"article","og_title":"Z\u00e9 In\u00e1cio defende mudan\u00e7as em MPs que instituem novas regras para seguro-desemprego e pens\u00e3o por morte - Daniel Matos","og_description":"O deputado Z\u00e9 In\u00e1cio (PT) participou na manh\u00e3 desta quinta-feira (12) de reuni\u00e3o com v\u00e1rios segmentos representativos de classe de [&hellip;]","og_url":"https:\/\/www.blogsoestado.com\/danielmatos\/ze-inacio-defende-mudancas-em-mps-que-instituem-novas-regras-para-seguro-desemprego-e-pensao-por-morte\/","og_site_name":"Daniel Matos","article_published_time":"2015-02-13T01:22:55+00:00","og_image":[{"url":"https:\/\/www.blogsoestado.com\/danielmatos\/files\/2015\/02\/ze-inacio-pescadores.jpg","type":"","width":"","height":""}],"twitter_card":"summary_large_image","twitter_misc":{"Est. tempo de leitura":"1 minuto"},"schema":{"@context":"https:\/\/schema.org","@graph":[{"@type":"WebPage","@id":"https:\/\/www.blogsoestado.com\/danielmatos\/ze-inacio-defende-mudancas-em-mps-que-instituem-novas-regras-para-seguro-desemprego-e-pensao-por-morte\/","url":"https:\/\/www.blogsoestado.com\/danielmatos\/ze-inacio-defende-mudancas-em-mps-que-instituem-novas-regras-para-seguro-desemprego-e-pensao-por-morte\/","name":"Z\u00e9 In\u00e1cio defende mudan\u00e7as em MPs que instituem novas regras para seguro-desemprego e pens\u00e3o por morte - Daniel Matos","isPartOf":{"@id":"https:\/\/www.blogsoestado.com\/danielmatos\/#website"},"primaryImageOfPage":{"@id":"https:\/\/www.blogsoestado.com\/danielmatos\/ze-inacio-defende-mudancas-em-mps-que-instituem-novas-regras-para-seguro-desemprego-e-pensao-por-morte\/#primaryimage"},"image":{"@id":"https:\/\/www.blogsoestado.com\/danielmatos\/ze-inacio-defende-mudancas-em-mps-que-instituem-novas-regras-para-seguro-desemprego-e-pensao-por-morte\/#primaryimage"},"thumbnailUrl":"https:\/\/www.blogsoestado.com\/danielmatos\/files\/2015\/02\/ze-inacio-pescadores.jpg","datePublished":"2015-02-13T01:22:55+00:00","author":{"@id":""},"breadcrumb":{"@id":"https:\/\/www.blogsoestado.com\/danielmatos\/ze-inacio-defende-mudancas-em-mps-que-instituem-novas-regras-para-seguro-desemprego-e-pensao-por-morte\/#breadcrumb"},"inLanguage":"pt-BR","potentialAction":[{"@type":"ReadAction","target":["https:\/\/www.blogsoestado.com\/danielmatos\/ze-inacio-defende-mudancas-em-mps-que-instituem-novas-regras-para-seguro-desemprego-e-pensao-por-morte\/"]}]},{"@type":"ImageObject","inLanguage":"pt-BR","@id":"https:\/\/www.blogsoestado.com\/danielmatos\/ze-inacio-defende-mudancas-em-mps-que-instituem-novas-regras-para-seguro-desemprego-e-pensao-por-morte\/#primaryimage","url":"https:\/\/www.blogsoestado.com\/danielmatos\/files\/2015\/02\/ze-inacio-pescadores.jpg","contentUrl":"https:\/\/www.blogsoestado.com\/danielmatos\/files\/2015\/02\/ze-inacio-pescadores.jpg"},{"@type":"BreadcrumbList","@id":"https:\/\/www.blogsoestado.com\/danielmatos\/ze-inacio-defende-mudancas-em-mps-que-instituem-novas-regras-para-seguro-desemprego-e-pensao-por-morte\/#breadcrumb","itemListElement":[{"@type":"ListItem","position":1,"name":"In\u00edcio","item":"https:\/\/www.blogsoestado.com\/danielmatos\/"},{"@type":"ListItem","position":2,"name":"Z\u00e9 In\u00e1cio defende mudan\u00e7as em MPs que instituem novas regras para seguro-desemprego e pens\u00e3o por morte"}]},{"@type":"WebSite","@id":"https:\/\/www.blogsoestado.com\/danielmatos\/#website","url":"https:\/\/www.blogsoestado.com\/danielmatos\/","name":"Daniel Matos","description":"","potentialAction":[{"@type":"SearchAction","target":{"@type":"EntryPoint","urlTemplate":"https:\/\/www.blogsoestado.com\/danielmatos\/?s={search_term_string}"},"query-input":{"@type":"PropertyValueSpecification","valueRequired":true,"valueName":"search_term_string"}}],"inLanguage":"pt-BR"}]}},"jetpack_featured_media_url":"","_links":{"self":[{"href":"https:\/\/www.blogsoestado.com\/danielmatos\/wp-json\/wp\/v2\/posts\/22070","targetHints":{"allow":["GET"]}}],"collection":[{"href":"https:\/\/www.blogsoestado.com\/danielmatos\/wp-json\/wp\/v2\/posts"}],"about":[{"href":"https:\/\/www.blogsoestado.com\/danielmatos\/wp-json\/wp\/v2\/types\/post"}],"replies":[{"embeddable":true,"href":"https:\/\/www.blogsoestado.com\/danielmatos\/wp-json\/wp\/v2\/comments?post=22070"}],"version-history":[{"count":0,"href":"https:\/\/www.blogsoestado.com\/danielmatos\/wp-json\/wp\/v2\/posts\/22070\/revisions"}],"wp:attachment":[{"href":"https:\/\/www.blogsoestado.com\/danielmatos\/wp-json\/wp\/v2\/media?parent=22070"}],"wp:term":[{"taxonomy":"category","embeddable":true,"href":"https:\/\/www.blogsoestado.com\/danielmatos\/wp-json\/wp\/v2\/categories?post=22070"},{"taxonomy":"post_tag","embeddable":true,"href":"https:\/\/www.blogsoestado.com\/danielmatos\/wp-json\/wp\/v2\/tags?post=22070"}],"curies":[{"name":"wp","href":"https:\/\/api.w.org\/{rel}","templated":true}]}}