{"id":22073,"date":"2015-02-12T22:35:48","date_gmt":"2015-02-13T01:35:48","guid":{"rendered":"https:\/\/www.blogsoestado.com\/danielmatos\/?p=22073"},"modified":"2015-02-12T22:35:48","modified_gmt":"2015-02-13T01:35:48","slug":"wellington-do-curso-propoe-a-flavio-dino-concurso-publico-e-convocacao-de-aprovados","status":"publish","type":"post","link":"https:\/\/www.blogsoestado.com\/danielmatos\/wellington-do-curso-propoe-a-flavio-dino-concurso-publico-e-convocacao-de-aprovados\/","title":{"rendered":"Wellington do Curso prop\u00f5e a Fl\u00e1vio Dino concurso p\u00fablico e convoca\u00e7\u00e3o de aprovados"},"content":{"rendered":"<figure id=\"attachment_22074\" aria-describedby=\"caption-attachment-22074\" style=\"width: 640px\" class=\"wp-caption aligncenter\"><a href=\"https:\/\/www.blogsoestado.com\/danielmatos\/files\/2015\/02\/wellington-concurso.jpg\"><img fetchpriority=\"high\" decoding=\"async\" class=\"size-full wp-image-22074\" src=\"https:\/\/www.blogsoestado.com\/danielmatos\/files\/2015\/02\/wellington-concurso.jpg\" alt=\"Wellington do Curso prop\u00f4s concurso como forma de combater morosidade no servi\u00e7o p\u00fablico\" width=\"640\" height=\"424\" \/><\/a><figcaption id=\"caption-attachment-22074\" class=\"wp-caption-text\">Wellington do Curso prop\u00f4s concurso como forma de combater morosidade no servi\u00e7o p\u00fablico estadual<\/figcaption><\/figure>\n<p>Em seu pronunciamento na sess\u00e3o desta quinta-feira (12), o deputado estadual, Wellington do Curso (PPS), usou o tempo do bloco parlamentar para defender tr\u00eas das 23 proposi\u00e7\u00f5es apresentadas \u00e0 Mesa Diretora em seu primeiro discurso.<\/p>\n<p>Destacando a necessidade de se dar aten\u00e7\u00e3o \u00e0 morosidade do servi\u00e7o p\u00fablico, o parlamentar solicitou ao governador Fl\u00e1vio Dino (PCdoB) a realiza\u00e7\u00e3o de concurso p\u00fablico em todas as secretarias do Estado. Em defesa dos concursados, requisitou tamb\u00e9m, a convoca\u00e7\u00e3o dos aprovados nos concursos da PM, CBM, Pol\u00edcia Civil, Tribunal de Justi\u00e7a, Detran, Caema e Assembleia Legislativa.<\/p>\n<p>Reconhecendo a import\u00e2ncia de se valorizar os profissionais da comunica\u00e7\u00e3o, Wellington do Curso reivindicou que a Assembleia Legislativa realize um novo concurso p\u00fablico, incluindo vagas \u00e0 classe de jornalistas.<\/p>\n<p>O deputado cobrou ainda, que o Governo do Estado n\u00e3o limite a gratuidade da Carteira Nacional de Habilita\u00e7\u00e3o (CNH) e passe a disponibilizar tamb\u00e9m, habilita\u00e7\u00e3o gratuita a pessoas de baixa renda (igual ou inferior a dois sal\u00e1rios m\u00ednimos), benefici\u00e1rios do Bolsa Fam\u00edlia, alunos da rede p\u00fablica que comprovem bom rendimento, trabalhadores comprovadamente desempregados h\u00e1 mais de dois anos, pessoas com defici\u00eancia (PCD), pequenos agricultores e pessoas egressas e liberadas do sistema penitenci\u00e1rio.<\/p>\n","protected":false},"excerpt":{"rendered":"<p>Em seu pronunciamento na sess\u00e3o desta quinta-feira (12), o deputado estadual, Wellington do Curso (PPS), usou o tempo do bloco [&hellip;]<\/p>\n","protected":false},"author":0,"featured_media":0,"comment_status":"open","ping_status":"open","sticky":false,"template":"","format":"standard","meta":{"site-sidebar-layout":"default","site-content-layout":"","ast-site-content-layout":"default","site-content-style":"default","site-sidebar-style":"default","ast-global-header-display":"","ast-banner-title-visibility":"","ast-main-header-display":"","ast-hfb-above-header-display":"","ast-hfb-below-header-display":"","ast-hfb-mobile-header-display":"","site-post-title":"","ast-breadcrumbs-content":"","ast-featured-img":"","footer-sml-layout":"","ast-disable-related-posts":"","theme-transparent-header-meta":"","adv-header-id-meta":"","stick-header-meta":"","header-above-stick-meta":"","header-main-stick-meta":"","header-below-stick-meta":"","astra-migrate-meta-layouts":"default","ast-page-background-enabled":"default","ast-page-background-meta":{"desktop":{"background-color":"var(--ast-global-color-5)","background-image":"","background-repeat":"repeat","background-position":"center center","background-size":"auto","background-attachment":"scroll","background-type":"","background-media":"","overlay-type":"","overlay-color":"","overlay-opacity":"","overlay-gradient":""},"tablet":{"background-color":"","background-image":"","background-repeat":"repeat","background-position":"center center","background-size":"auto","background-attachment":"scroll","background-type":"","background-media":"","overlay-type":"","overlay-color":"","overlay-opacity":"","overlay-gradient":""},"mobile":{"background-color":"","background-image":"","background-repeat":"repeat","background-position":"center center","background-size":"auto","background-attachment":"scroll","background-type":"","background-media":"","overlay-type":"","overlay-color":"","overlay-opacity":"","overlay-gradient":""}},"ast-content-background-meta":{"desktop":{"background-color":"var(--ast-global-color-4)","background-image":"","background-repeat":"repeat","background-position":"center center","background-size":"auto","background-attachment":"scroll","background-type":"","background-media":"","overlay-type":"","overlay-color":"","overlay-opacity":"","overlay-gradient":""},"tablet":{"background-color":"var(--ast-global-color-4)","background-image":"","background-repeat":"repeat","background-position":"center center","background-size":"auto","background-attachment":"scroll","background-type":"","background-media":"","overlay-type":"","overlay-color":"","overlay-opacity":"","overlay-gradient":""},"mobile":{"background-color":"var(--ast-global-color-4)","background-image":"","background-repeat":"repeat","background-position":"center center","background-size":"auto","background-attachment":"scroll","background-type":"","background-media":"","overlay-type":"","overlay-color":"","overlay-opacity":"","overlay-gradient":""}},"footnotes":""},"categories":[1],"tags":[],"class_list":["post-22073","post","type-post","status-publish","format-standard","hentry","category-sem-categoria"],"yoast_head":"<!-- This site is optimized with the Yoast SEO plugin v26.6 - https:\/\/yoast.com\/wordpress\/plugins\/seo\/ -->\n<title>Wellington do Curso prop\u00f5e a Fl\u00e1vio Dino concurso p\u00fablico e convoca\u00e7\u00e3o de aprovados - Daniel Matos<\/title>\n<meta name=\"robots\" content=\"index, follow, max-snippet:-1, max-image-preview:large, max-video-preview:-1\" \/>\n<link rel=\"canonical\" href=\"https:\/\/www.blogsoestado.com\/danielmatos\/wellington-do-curso-propoe-a-flavio-dino-concurso-publico-e-convocacao-de-aprovados\/\" \/>\n<meta property=\"og:locale\" content=\"pt_BR\" \/>\n<meta property=\"og:type\" content=\"article\" \/>\n<meta property=\"og:title\" content=\"Wellington do Curso prop\u00f5e a Fl\u00e1vio Dino concurso p\u00fablico e convoca\u00e7\u00e3o de aprovados - Daniel Matos\" \/>\n<meta property=\"og:description\" content=\"Em seu pronunciamento na sess\u00e3o desta quinta-feira (12), o deputado estadual, Wellington do Curso (PPS), usou o tempo do bloco [&hellip;]\" \/>\n<meta property=\"og:url\" content=\"https:\/\/www.blogsoestado.com\/danielmatos\/wellington-do-curso-propoe-a-flavio-dino-concurso-publico-e-convocacao-de-aprovados\/\" \/>\n<meta property=\"og:site_name\" content=\"Daniel Matos\" \/>\n<meta property=\"article:published_time\" content=\"2015-02-13T01:35:48+00:00\" \/>\n<meta property=\"og:image\" content=\"https:\/\/www.blogsoestado.com\/danielmatos\/files\/2015\/02\/wellington-concurso.jpg\" \/>\n<meta name=\"twitter:card\" content=\"summary_large_image\" \/>\n<meta name=\"twitter:label1\" content=\"Est. tempo de leitura\" \/>\n\t<meta name=\"twitter:data1\" content=\"1 minuto\" \/>\n<script type=\"application\/ld+json\" class=\"yoast-schema-graph\">{\"@context\":\"https:\/\/schema.org\",\"@graph\":[{\"@type\":\"WebPage\",\"@id\":\"https:\/\/www.blogsoestado.com\/danielmatos\/wellington-do-curso-propoe-a-flavio-dino-concurso-publico-e-convocacao-de-aprovados\/\",\"url\":\"https:\/\/www.blogsoestado.com\/danielmatos\/wellington-do-curso-propoe-a-flavio-dino-concurso-publico-e-convocacao-de-aprovados\/\",\"name\":\"Wellington do Curso prop\u00f5e a Fl\u00e1vio Dino concurso p\u00fablico e convoca\u00e7\u00e3o de aprovados - Daniel Matos\",\"isPartOf\":{\"@id\":\"https:\/\/www.blogsoestado.com\/danielmatos\/#website\"},\"primaryImageOfPage\":{\"@id\":\"https:\/\/www.blogsoestado.com\/danielmatos\/wellington-do-curso-propoe-a-flavio-dino-concurso-publico-e-convocacao-de-aprovados\/#primaryimage\"},\"image\":{\"@id\":\"https:\/\/www.blogsoestado.com\/danielmatos\/wellington-do-curso-propoe-a-flavio-dino-concurso-publico-e-convocacao-de-aprovados\/#primaryimage\"},\"thumbnailUrl\":\"https:\/\/www.blogsoestado.com\/danielmatos\/files\/2015\/02\/wellington-concurso.jpg\",\"datePublished\":\"2015-02-13T01:35:48+00:00\",\"author\":{\"@id\":\"\"},\"breadcrumb\":{\"@id\":\"https:\/\/www.blogsoestado.com\/danielmatos\/wellington-do-curso-propoe-a-flavio-dino-concurso-publico-e-convocacao-de-aprovados\/#breadcrumb\"},\"inLanguage\":\"pt-BR\",\"potentialAction\":[{\"@type\":\"ReadAction\",\"target\":[\"https:\/\/www.blogsoestado.com\/danielmatos\/wellington-do-curso-propoe-a-flavio-dino-concurso-publico-e-convocacao-de-aprovados\/\"]}]},{\"@type\":\"ImageObject\",\"inLanguage\":\"pt-BR\",\"@id\":\"https:\/\/www.blogsoestado.com\/danielmatos\/wellington-do-curso-propoe-a-flavio-dino-concurso-publico-e-convocacao-de-aprovados\/#primaryimage\",\"url\":\"https:\/\/www.blogsoestado.com\/danielmatos\/files\/2015\/02\/wellington-concurso.jpg\",\"contentUrl\":\"https:\/\/www.blogsoestado.com\/danielmatos\/files\/2015\/02\/wellington-concurso.jpg\"},{\"@type\":\"BreadcrumbList\",\"@id\":\"https:\/\/www.blogsoestado.com\/danielmatos\/wellington-do-curso-propoe-a-flavio-dino-concurso-publico-e-convocacao-de-aprovados\/#breadcrumb\",\"itemListElement\":[{\"@type\":\"ListItem\",\"position\":1,\"name\":\"In\u00edcio\",\"item\":\"https:\/\/www.blogsoestado.com\/danielmatos\/\"},{\"@type\":\"ListItem\",\"position\":2,\"name\":\"Wellington do Curso prop\u00f5e a Fl\u00e1vio Dino concurso p\u00fablico e convoca\u00e7\u00e3o de aprovados\"}]},{\"@type\":\"WebSite\",\"@id\":\"https:\/\/www.blogsoestado.com\/danielmatos\/#website\",\"url\":\"https:\/\/www.blogsoestado.com\/danielmatos\/\",\"name\":\"Daniel Matos\",\"description\":\"\",\"potentialAction\":[{\"@type\":\"SearchAction\",\"target\":{\"@type\":\"EntryPoint\",\"urlTemplate\":\"https:\/\/www.blogsoestado.com\/danielmatos\/?s={search_term_string}\"},\"query-input\":{\"@type\":\"PropertyValueSpecification\",\"valueRequired\":true,\"valueName\":\"search_term_string\"}}],\"inLanguage\":\"pt-BR\"}]}<\/script>\n<!-- \/ Yoast SEO plugin. -->","yoast_head_json":{"title":"Wellington do Curso prop\u00f5e a Fl\u00e1vio Dino concurso p\u00fablico e convoca\u00e7\u00e3o de aprovados - Daniel Matos","robots":{"index":"index","follow":"follow","max-snippet":"max-snippet:-1","max-image-preview":"max-image-preview:large","max-video-preview":"max-video-preview:-1"},"canonical":"https:\/\/www.blogsoestado.com\/danielmatos\/wellington-do-curso-propoe-a-flavio-dino-concurso-publico-e-convocacao-de-aprovados\/","og_locale":"pt_BR","og_type":"article","og_title":"Wellington do Curso prop\u00f5e a Fl\u00e1vio Dino concurso p\u00fablico e convoca\u00e7\u00e3o de aprovados - Daniel Matos","og_description":"Em seu pronunciamento na sess\u00e3o desta quinta-feira (12), o deputado estadual, Wellington do Curso (PPS), usou o tempo do bloco [&hellip;]","og_url":"https:\/\/www.blogsoestado.com\/danielmatos\/wellington-do-curso-propoe-a-flavio-dino-concurso-publico-e-convocacao-de-aprovados\/","og_site_name":"Daniel Matos","article_published_time":"2015-02-13T01:35:48+00:00","og_image":[{"url":"https:\/\/www.blogsoestado.com\/danielmatos\/files\/2015\/02\/wellington-concurso.jpg","type":"","width":"","height":""}],"twitter_card":"summary_large_image","twitter_misc":{"Est. tempo de leitura":"1 minuto"},"schema":{"@context":"https:\/\/schema.org","@graph":[{"@type":"WebPage","@id":"https:\/\/www.blogsoestado.com\/danielmatos\/wellington-do-curso-propoe-a-flavio-dino-concurso-publico-e-convocacao-de-aprovados\/","url":"https:\/\/www.blogsoestado.com\/danielmatos\/wellington-do-curso-propoe-a-flavio-dino-concurso-publico-e-convocacao-de-aprovados\/","name":"Wellington do Curso prop\u00f5e a Fl\u00e1vio Dino concurso p\u00fablico e convoca\u00e7\u00e3o de aprovados - Daniel Matos","isPartOf":{"@id":"https:\/\/www.blogsoestado.com\/danielmatos\/#website"},"primaryImageOfPage":{"@id":"https:\/\/www.blogsoestado.com\/danielmatos\/wellington-do-curso-propoe-a-flavio-dino-concurso-publico-e-convocacao-de-aprovados\/#primaryimage"},"image":{"@id":"https:\/\/www.blogsoestado.com\/danielmatos\/wellington-do-curso-propoe-a-flavio-dino-concurso-publico-e-convocacao-de-aprovados\/#primaryimage"},"thumbnailUrl":"https:\/\/www.blogsoestado.com\/danielmatos\/files\/2015\/02\/wellington-concurso.jpg","datePublished":"2015-02-13T01:35:48+00:00","author":{"@id":""},"breadcrumb":{"@id":"https:\/\/www.blogsoestado.com\/danielmatos\/wellington-do-curso-propoe-a-flavio-dino-concurso-publico-e-convocacao-de-aprovados\/#breadcrumb"},"inLanguage":"pt-BR","potentialAction":[{"@type":"ReadAction","target":["https:\/\/www.blogsoestado.com\/danielmatos\/wellington-do-curso-propoe-a-flavio-dino-concurso-publico-e-convocacao-de-aprovados\/"]}]},{"@type":"ImageObject","inLanguage":"pt-BR","@id":"https:\/\/www.blogsoestado.com\/danielmatos\/wellington-do-curso-propoe-a-flavio-dino-concurso-publico-e-convocacao-de-aprovados\/#primaryimage","url":"https:\/\/www.blogsoestado.com\/danielmatos\/files\/2015\/02\/wellington-concurso.jpg","contentUrl":"https:\/\/www.blogsoestado.com\/danielmatos\/files\/2015\/02\/wellington-concurso.jpg"},{"@type":"BreadcrumbList","@id":"https:\/\/www.blogsoestado.com\/danielmatos\/wellington-do-curso-propoe-a-flavio-dino-concurso-publico-e-convocacao-de-aprovados\/#breadcrumb","itemListElement":[{"@type":"ListItem","position":1,"name":"In\u00edcio","item":"https:\/\/www.blogsoestado.com\/danielmatos\/"},{"@type":"ListItem","position":2,"name":"Wellington do Curso prop\u00f5e a Fl\u00e1vio Dino concurso p\u00fablico e convoca\u00e7\u00e3o de aprovados"}]},{"@type":"WebSite","@id":"https:\/\/www.blogsoestado.com\/danielmatos\/#website","url":"https:\/\/www.blogsoestado.com\/danielmatos\/","name":"Daniel Matos","description":"","potentialAction":[{"@type":"SearchAction","target":{"@type":"EntryPoint","urlTemplate":"https:\/\/www.blogsoestado.com\/danielmatos\/?s={search_term_string}"},"query-input":{"@type":"PropertyValueSpecification","valueRequired":true,"valueName":"search_term_string"}}],"inLanguage":"pt-BR"}]}},"jetpack_featured_media_url":"","_links":{"self":[{"href":"https:\/\/www.blogsoestado.com\/danielmatos\/wp-json\/wp\/v2\/posts\/22073","targetHints":{"allow":["GET"]}}],"collection":[{"href":"https:\/\/www.blogsoestado.com\/danielmatos\/wp-json\/wp\/v2\/posts"}],"about":[{"href":"https:\/\/www.blogsoestado.com\/danielmatos\/wp-json\/wp\/v2\/types\/post"}],"replies":[{"embeddable":true,"href":"https:\/\/www.blogsoestado.com\/danielmatos\/wp-json\/wp\/v2\/comments?post=22073"}],"version-history":[{"count":0,"href":"https:\/\/www.blogsoestado.com\/danielmatos\/wp-json\/wp\/v2\/posts\/22073\/revisions"}],"wp:attachment":[{"href":"https:\/\/www.blogsoestado.com\/danielmatos\/wp-json\/wp\/v2\/media?parent=22073"}],"wp:term":[{"taxonomy":"category","embeddable":true,"href":"https:\/\/www.blogsoestado.com\/danielmatos\/wp-json\/wp\/v2\/categories?post=22073"},{"taxonomy":"post_tag","embeddable":true,"href":"https:\/\/www.blogsoestado.com\/danielmatos\/wp-json\/wp\/v2\/tags?post=22073"}],"curies":[{"name":"wp","href":"https:\/\/api.w.org\/{rel}","templated":true}]}}