{"id":22076,"date":"2015-02-13T15:30:06","date_gmt":"2015-02-13T18:30:06","guid":{"rendered":"https:\/\/www.blogsoestado.com\/danielmatos\/?p=22076"},"modified":"2015-02-13T15:30:06","modified_gmt":"2015-02-13T18:30:06","slug":"notas-do-paco","status":"publish","type":"post","link":"https:\/\/www.blogsoestado.com\/danielmatos\/notas-do-paco\/","title":{"rendered":"Notas do Pa\u00e7o"},"content":{"rendered":"<p><strong>Abertura do Carnaval<\/strong><\/p>\n<p>Ser\u00e1 aberto oficialmente neste s\u00e1bado, 14, o carnaval da Prefeitura Municipal de Pa\u00e7o do Lumiar, que, este ano, traz o tema \u201cBrilho e Fantasia\u201d. A programa\u00e7\u00e3o estabelecida pela Secretaria Municipal de Cultura, Esporte e Lazer \u2013 Semcel &#8211; segue at\u00e9 o dia 17, no Corredor da Cultura, no Maiob\u00e3o.<\/p>\n<p>Uma grande estrutura de palco, som e ilumina\u00e7\u00e3o receber\u00e1 durante os quatro dias de carnaval, atra\u00e7\u00f5es como: Banda Reprise, Kzueira, Forr\u00f3 Pankada, Forr\u00f3 Ostenta\u00e7\u00e3o, Swing de Gueto, Banda Maria Bebeu, Felino Maranh\u00e3o e, direto da Bahia, Serginho e a Rapaziada. O carnaval da Prefeitura de Pa\u00e7o do Lumiar, tamb\u00e9m ser\u00e1 realizado na comunidade de Igua\u00edba, na ter\u00e7a-feira de carnaval.<\/p>\n<p>Para o secret\u00e1rio de Cultura Fernando Muniz, \u00e9 esperado mais de 30 mil pessoas durante os dias de festa. \u201cAs fam\u00edlias poder\u00e3o se deslocar para os pontos de folia e divertirem com total seguran\u00e7a. Este ser\u00e1 mais um grande carnaval da administra\u00e7\u00e3o do prefeito Josemar Sobreiro\u201d, concluiu Muniz.<\/p>\n<p>Um forte esquema de seguran\u00e7a foi montado para manter a tranquilidade dos foli\u00f5es, com o monitoramento de homens da seguran\u00e7a privada dentro do Corredor da Cultura, e no Igua\u00edba, e ter\u00e1 ainda, apoio do efetivo da Pol\u00edcia Militar, e do Servi\u00e7o M\u00f3vel de Urg\u00eancia \u2013SAMU 192.<\/p>\n<p>Abaixo, a programa\u00e7\u00e3o da folia:<\/p>\n<p><a href=\"https:\/\/www.blogsoestado.com\/danielmatos\/files\/2015\/02\/pa\u00e7o-carnaval.jpg\"><img fetchpriority=\"high\" decoding=\"async\" class=\"aligncenter size-full wp-image-22077\" src=\"https:\/\/www.blogsoestado.com\/danielmatos\/files\/2015\/02\/pa\u00e7o-carnaval.jpg\" alt=\"pa\u00e7o carnaval\" width=\"640\" height=\"289\" \/><\/a><\/p>\n<p><strong>Folia com leitura<\/strong><\/p>\n<figure id=\"attachment_22078\" aria-describedby=\"caption-attachment-22078\" style=\"width: 448px\" class=\"wp-caption alignright\"><a href=\"https:\/\/www.blogsoestado.com\/danielmatos\/files\/2015\/02\/pa\u00e7o-biblioteca2.jpg\"><img decoding=\"async\" class=\"size-full wp-image-22078\" src=\"https:\/\/www.blogsoestado.com\/danielmatos\/files\/2015\/02\/pa\u00e7o-biblioteca2.jpg\" alt=\"Educadora pinta alunos para folia na biblioteca municipal\" width=\"448\" height=\"336\" \/><\/a><figcaption id=\"caption-attachment-22078\" class=\"wp-caption-text\">Educadora pinta alunos para folia na Biblioteca Municipal de Pa\u00e7o do Lumiar<\/figcaption><\/figure>\n<p>O &#8220;Carnaleitura&#8221; realizado pela Biblioteca P\u00fablica Municipal de Pa\u00e7o do Lumiar foi pura anima\u00e7\u00e3o para os alunos da Escola Comunit\u00e1ria Raio de Luz, e crian\u00e7as da comunidade, na manh\u00e3 desta quinta-feira, 12. A atividade l\u00fadica em alus\u00e3o ao carnaval ofertou oficinas de m\u00e1scara carnavalescas, pintura e desenho, brincadeiras, bailinho e conta\u00e7\u00e3o de hist\u00f3ria, com direito a espuma, confete e serpentina. Os empr\u00e9stimos de livros para o feriado de carnaval deve acontecer at\u00e9 esta sexta-feira, 13, mediante cadastro para emiss\u00e3o da carteirinha de usu\u00e1rio. A Biblioteca Publica de Pa\u00e7o do Lumiar fica localizada na Avenida 04, do conjunto Maiob\u00e3o. As consultas liter\u00e1rias podem ser realizadas de segunda a sexta-feira, das 08h \u00e0s 12h e das 14h \u00e0s 18h.<\/p>\n<p><strong>Baile de M\u00e1scaras<\/strong><\/p>\n<p>A Secretaria Municipal de Desenvolvimento Social &#8211; Semdes &#8211; realizou na na tarde de ontem (12), um Baile de M\u00e1scaras para o p\u00fablico atendido pelas pol\u00edticas de Assist\u00eancia Social e Sa\u00fade no munic\u00edpio, entre eles o Conselho do Idoso (CMI), Grupo de Apoio ao Idoso (GAI), Servi\u00e7o de Conviv\u00eancia de Fortalecimento de V\u00ednculos (SCVF), a Secretaria Extraordin\u00e1ria de Pol\u00edticas para a Mulher, entre outros. A festa animada por uma charanga formada por m\u00fasicos luminenses, reviveu os antigos carnavais com as tradicionais marchinhas, e contou ainda, com a elei\u00e7\u00e3o da rainha do baile.<\/p>\n<p><strong>Maior cobertura<\/strong><\/p>\n<figure id=\"attachment_22079\" aria-describedby=\"caption-attachment-22079\" style=\"width: 448px\" class=\"wp-caption alignleft\"><a href=\"https:\/\/www.blogsoestado.com\/danielmatos\/files\/2015\/02\/pa\u00e7o-vacina.jpg\"><img decoding=\"async\" class=\"size-full wp-image-22079\" src=\"https:\/\/www.blogsoestado.com\/danielmatos\/files\/2015\/02\/pa\u00e7o-vacina.jpg\" alt=\"Crian\u00e7a \u00e9 imunizada na rede de sa\u00fade de Pa\u00e7o do Lumiar, que foi destaca que cobertura \" width=\"448\" height=\"299\" \/><\/a><figcaption id=\"caption-attachment-22079\" class=\"wp-caption-text\">Crian\u00e7a \u00e9 imunizada\u00a0em\u00a0Pa\u00e7o do Lumiar, destaque em cobertura na Ilha<\/figcaption><\/figure>\n<p>Pa\u00e7o do Lumiar mais uma vez foi destaque pelo alcance das metas de vacina\u00e7\u00e3o na regi\u00e3o metropolitana. O mais recente dado \u00e9 referente ao atendimento dos benefici\u00e1rios do Programa Bolsa Fam\u00edlia, onde o munic\u00edpio o ultrapassou o pacto firmado com Governo Federal, chegando a 72.98% de cobertura.\u00a0Pa\u00e7o do Lumiar tem, atualmente, 12.246 fam\u00edlias cadastradas no Bolsa Fam\u00edlia, desse total, 11.760 correspondem ao perfil de atendimento da Sa\u00fade. Segundo a coordenadora do programa, da Secretaria Municipal de Sa\u00fade, Adriana Cunha, o sucesso da cobertura vacinal \u00e9 resultante do constante trabalho de conscientiza\u00e7\u00e3o.\u00a0O compromisso das redes de Sa\u00fade est\u00e1 no acompanhamento do calend\u00e1rio vacinal, do crescimento e desenvolvimento das crian\u00e7as menores de sete anos, e no acompanhamento de gestantes e nutrizes. No munic\u00edpio de Pa\u00e7o do Lumiar, esse acompanhamento acontece nas 15 Unidades B\u00e1sicas de Sa\u00fade.<\/p>\n<p><strong>Fiscaliza\u00e7\u00e3o\u00a0<\/strong><\/p>\n<p>A Vigil\u00e2ncia Sanit\u00e1ria de Pa\u00e7o do Lumiar realizar\u00e1 durante o per\u00edodo momesco, o CARNANVISA, com fiscaliza\u00e7\u00f5es a bares, restaurantes e com\u00e9rcio informal. O projeto tem como objetivo proporcionar aos foli\u00f5es seguran\u00e7a quanto ao consumo de alimentos e bebidas. Fiscais sanit\u00e1rios far\u00e3o a entrega de cartilhas educativas nos locais de folia, al\u00e9m de orientar e distribuir aos vendedores e manipuladores de alimentos, kits contendo aventais, toucas e sacos pl\u00e1sticos para armazenamento do lixo. A a\u00e7\u00e3o tem inicio nesta sexta-feira, 13 e segue at\u00e9 a ter\u00e7a-feira de carnaval. De acordo com o secret\u00e1rio municipal de Sa\u00fade, William Rios, existe uma s\u00e9rie de normas a serem cumpridas, dentre elas, o manuseio e exposi\u00e7\u00e3o correta de alimentos em ambientes fechados e abertos. \u201cO apoio da popula\u00e7\u00e3o \u00e9 fundamental para o trabalho da Vigil\u00e2ncia, denunciando quaisquer irregularidades detectadas nesses estabelecimentos\u201d, disse. Al\u00e9m do trabalho de conscientiza\u00e7\u00e3o alimentar, a Semus realizar\u00e1 interven\u00e7\u00f5es nos pontos de festas, alertando a popula\u00e7\u00e3o sobre os riscos das DSTs, com a distribui\u00e7\u00e3o de preservativos e material informativo.<\/p>\n","protected":false},"excerpt":{"rendered":"<p>Abertura do Carnaval Ser\u00e1 aberto oficialmente neste s\u00e1bado, 14, o carnaval da Prefeitura Municipal de Pa\u00e7o do Lumiar, que, este [&hellip;]<\/p>\n","protected":false},"author":0,"featured_media":0,"comment_status":"open","ping_status":"open","sticky":false,"template":"","format":"standard","meta":{"site-sidebar-layout":"default","site-content-layout":"","ast-site-content-layout":"default","site-content-style":"default","site-sidebar-style":"default","ast-global-header-display":"","ast-banner-title-visibility":"","ast-main-header-display":"","ast-hfb-above-header-display":"","ast-hfb-below-header-display":"","ast-hfb-mobile-header-display":"","site-post-title":"","ast-breadcrumbs-content":"","ast-featured-img":"","footer-sml-layout":"","ast-disable-related-posts":"","theme-transparent-header-meta":"","adv-header-id-meta":"","stick-header-meta":"","header-above-stick-meta":"","header-main-stick-meta":"","header-below-stick-meta":"","astra-migrate-meta-layouts":"default","ast-page-background-enabled":"default","ast-page-background-meta":{"desktop":{"background-color":"var(--ast-global-color-5)","background-image":"","background-repeat":"repeat","background-position":"center center","background-size":"auto","background-attachment":"scroll","background-type":"","background-media":"","overlay-type":"","overlay-color":"","overlay-opacity":"","overlay-gradient":""},"tablet":{"background-color":"","background-image":"","background-repeat":"repeat","background-position":"center center","background-size":"auto","background-attachment":"scroll","background-type":"","background-media":"","overlay-type":"","overlay-color":"","overlay-opacity":"","overlay-gradient":""},"mobile":{"background-color":"","background-image":"","background-repeat":"repeat","background-position":"center center","background-size":"auto","background-attachment":"scroll","background-type":"","background-media":"","overlay-type":"","overlay-color":"","overlay-opacity":"","overlay-gradient":""}},"ast-content-background-meta":{"desktop":{"background-color":"var(--ast-global-color-4)","background-image":"","background-repeat":"repeat","background-position":"center center","background-size":"auto","background-attachment":"scroll","background-type":"","background-media":"","overlay-type":"","overlay-color":"","overlay-opacity":"","overlay-gradient":""},"tablet":{"background-color":"var(--ast-global-color-4)","background-image":"","background-repeat":"repeat","background-position":"center center","background-size":"auto","background-attachment":"scroll","background-type":"","background-media":"","overlay-type":"","overlay-color":"","overlay-opacity":"","overlay-gradient":""},"mobile":{"background-color":"var(--ast-global-color-4)","background-image":"","background-repeat":"repeat","background-position":"center center","background-size":"auto","background-attachment":"scroll","background-type":"","background-media":"","overlay-type":"","overlay-color":"","overlay-opacity":"","overlay-gradient":""}},"footnotes":""},"categories":[1],"tags":[],"class_list":["post-22076","post","type-post","status-publish","format-standard","hentry","category-sem-categoria"],"yoast_head":"<!-- This site is optimized with the Yoast SEO plugin v26.6 - https:\/\/yoast.com\/wordpress\/plugins\/seo\/ -->\n<title>Notas do Pa\u00e7o - Daniel Matos<\/title>\n<meta name=\"robots\" content=\"index, follow, max-snippet:-1, max-image-preview:large, max-video-preview:-1\" \/>\n<link rel=\"canonical\" href=\"https:\/\/www.blogsoestado.com\/danielmatos\/notas-do-paco\/\" \/>\n<meta property=\"og:locale\" content=\"pt_BR\" \/>\n<meta property=\"og:type\" content=\"article\" \/>\n<meta property=\"og:title\" content=\"Notas do Pa\u00e7o - Daniel Matos\" \/>\n<meta property=\"og:description\" content=\"Abertura do Carnaval Ser\u00e1 aberto oficialmente neste s\u00e1bado, 14, o carnaval da Prefeitura Municipal de Pa\u00e7o do Lumiar, que, este [&hellip;]\" \/>\n<meta property=\"og:url\" content=\"https:\/\/www.blogsoestado.com\/danielmatos\/notas-do-paco\/\" \/>\n<meta property=\"og:site_name\" content=\"Daniel Matos\" \/>\n<meta property=\"article:published_time\" content=\"2015-02-13T18:30:06+00:00\" \/>\n<meta name=\"twitter:card\" content=\"summary_large_image\" \/>\n<meta name=\"twitter:label1\" content=\"Est. tempo de leitura\" \/>\n\t<meta name=\"twitter:data1\" content=\"4 minutos\" \/>\n<script type=\"application\/ld+json\" class=\"yoast-schema-graph\">{\"@context\":\"https:\/\/schema.org\",\"@graph\":[{\"@type\":\"WebPage\",\"@id\":\"https:\/\/www.blogsoestado.com\/danielmatos\/notas-do-paco\/\",\"url\":\"https:\/\/www.blogsoestado.com\/danielmatos\/notas-do-paco\/\",\"name\":\"Notas do Pa\u00e7o - Daniel Matos\",\"isPartOf\":{\"@id\":\"https:\/\/www.blogsoestado.com\/danielmatos\/#website\"},\"datePublished\":\"2015-02-13T18:30:06+00:00\",\"author\":{\"@id\":\"\"},\"breadcrumb\":{\"@id\":\"https:\/\/www.blogsoestado.com\/danielmatos\/notas-do-paco\/#breadcrumb\"},\"inLanguage\":\"pt-BR\",\"potentialAction\":[{\"@type\":\"ReadAction\",\"target\":[\"https:\/\/www.blogsoestado.com\/danielmatos\/notas-do-paco\/\"]}]},{\"@type\":\"BreadcrumbList\",\"@id\":\"https:\/\/www.blogsoestado.com\/danielmatos\/notas-do-paco\/#breadcrumb\",\"itemListElement\":[{\"@type\":\"ListItem\",\"position\":1,\"name\":\"In\u00edcio\",\"item\":\"https:\/\/www.blogsoestado.com\/danielmatos\/\"},{\"@type\":\"ListItem\",\"position\":2,\"name\":\"Notas do Pa\u00e7o\"}]},{\"@type\":\"WebSite\",\"@id\":\"https:\/\/www.blogsoestado.com\/danielmatos\/#website\",\"url\":\"https:\/\/www.blogsoestado.com\/danielmatos\/\",\"name\":\"Daniel Matos\",\"description\":\"\",\"potentialAction\":[{\"@type\":\"SearchAction\",\"target\":{\"@type\":\"EntryPoint\",\"urlTemplate\":\"https:\/\/www.blogsoestado.com\/danielmatos\/?s={search_term_string}\"},\"query-input\":{\"@type\":\"PropertyValueSpecification\",\"valueRequired\":true,\"valueName\":\"search_term_string\"}}],\"inLanguage\":\"pt-BR\"}]}<\/script>\n<!-- \/ Yoast SEO plugin. -->","yoast_head_json":{"title":"Notas do Pa\u00e7o - Daniel Matos","robots":{"index":"index","follow":"follow","max-snippet":"max-snippet:-1","max-image-preview":"max-image-preview:large","max-video-preview":"max-video-preview:-1"},"canonical":"https:\/\/www.blogsoestado.com\/danielmatos\/notas-do-paco\/","og_locale":"pt_BR","og_type":"article","og_title":"Notas do Pa\u00e7o - Daniel Matos","og_description":"Abertura do Carnaval Ser\u00e1 aberto oficialmente neste s\u00e1bado, 14, o carnaval da Prefeitura Municipal de Pa\u00e7o do Lumiar, que, este [&hellip;]","og_url":"https:\/\/www.blogsoestado.com\/danielmatos\/notas-do-paco\/","og_site_name":"Daniel Matos","article_published_time":"2015-02-13T18:30:06+00:00","twitter_card":"summary_large_image","twitter_misc":{"Est. tempo de leitura":"4 minutos"},"schema":{"@context":"https:\/\/schema.org","@graph":[{"@type":"WebPage","@id":"https:\/\/www.blogsoestado.com\/danielmatos\/notas-do-paco\/","url":"https:\/\/www.blogsoestado.com\/danielmatos\/notas-do-paco\/","name":"Notas do Pa\u00e7o - Daniel Matos","isPartOf":{"@id":"https:\/\/www.blogsoestado.com\/danielmatos\/#website"},"datePublished":"2015-02-13T18:30:06+00:00","author":{"@id":""},"breadcrumb":{"@id":"https:\/\/www.blogsoestado.com\/danielmatos\/notas-do-paco\/#breadcrumb"},"inLanguage":"pt-BR","potentialAction":[{"@type":"ReadAction","target":["https:\/\/www.blogsoestado.com\/danielmatos\/notas-do-paco\/"]}]},{"@type":"BreadcrumbList","@id":"https:\/\/www.blogsoestado.com\/danielmatos\/notas-do-paco\/#breadcrumb","itemListElement":[{"@type":"ListItem","position":1,"name":"In\u00edcio","item":"https:\/\/www.blogsoestado.com\/danielmatos\/"},{"@type":"ListItem","position":2,"name":"Notas do Pa\u00e7o"}]},{"@type":"WebSite","@id":"https:\/\/www.blogsoestado.com\/danielmatos\/#website","url":"https:\/\/www.blogsoestado.com\/danielmatos\/","name":"Daniel Matos","description":"","potentialAction":[{"@type":"SearchAction","target":{"@type":"EntryPoint","urlTemplate":"https:\/\/www.blogsoestado.com\/danielmatos\/?s={search_term_string}"},"query-input":{"@type":"PropertyValueSpecification","valueRequired":true,"valueName":"search_term_string"}}],"inLanguage":"pt-BR"}]}},"jetpack_featured_media_url":"","_links":{"self":[{"href":"https:\/\/www.blogsoestado.com\/danielmatos\/wp-json\/wp\/v2\/posts\/22076","targetHints":{"allow":["GET"]}}],"collection":[{"href":"https:\/\/www.blogsoestado.com\/danielmatos\/wp-json\/wp\/v2\/posts"}],"about":[{"href":"https:\/\/www.blogsoestado.com\/danielmatos\/wp-json\/wp\/v2\/types\/post"}],"replies":[{"embeddable":true,"href":"https:\/\/www.blogsoestado.com\/danielmatos\/wp-json\/wp\/v2\/comments?post=22076"}],"version-history":[{"count":0,"href":"https:\/\/www.blogsoestado.com\/danielmatos\/wp-json\/wp\/v2\/posts\/22076\/revisions"}],"wp:attachment":[{"href":"https:\/\/www.blogsoestado.com\/danielmatos\/wp-json\/wp\/v2\/media?parent=22076"}],"wp:term":[{"taxonomy":"category","embeddable":true,"href":"https:\/\/www.blogsoestado.com\/danielmatos\/wp-json\/wp\/v2\/categories?post=22076"},{"taxonomy":"post_tag","embeddable":true,"href":"https:\/\/www.blogsoestado.com\/danielmatos\/wp-json\/wp\/v2\/tags?post=22076"}],"curies":[{"name":"wp","href":"https:\/\/api.w.org\/{rel}","templated":true}]}}