{"id":22098,"date":"2015-02-13T18:17:16","date_gmt":"2015-02-13T21:17:16","guid":{"rendered":"https:\/\/www.blogsoestado.com\/danielmatos\/?p=22098"},"modified":"2015-02-13T18:17:16","modified_gmt":"2015-02-13T21:17:16","slug":"dando-conta-do-recado","status":"publish","type":"post","link":"https:\/\/www.blogsoestado.com\/danielmatos\/dando-conta-do-recado\/","title":{"rendered":"Dando conta do recado"},"content":{"rendered":"<figure id=\"attachment_22099\" aria-describedby=\"caption-attachment-22099\" style=\"width: 640px\" class=\"wp-caption aligncenter\"><a href=\"https:\/\/www.blogsoestado.com\/danielmatos\/files\/2015\/02\/geraldo-bilingue.jpg\"><img fetchpriority=\"high\" decoding=\"async\" class=\"size-full wp-image-22099\" src=\"https:\/\/www.blogsoestado.com\/danielmatos\/files\/2015\/02\/geraldo-bilingue.jpg\" alt=\"Geraldo Castro apresenta a professores projeto de escola bil\u00edngue, uma das inova\u00e7\u00f5es propostas por ele\" width=\"640\" height=\"427\" \/><\/a><figcaption id=\"caption-attachment-22099\" class=\"wp-caption-text\">Secret\u00e1rio Geraldo Castro apresenta a professores projeto de escola bil\u00edngue, uma das inova\u00e7\u00f5es propostas por ele<\/figcaption><\/figure>\n<p>Em meio \u00e0 complexidade e aos problemas hist\u00f3ricos que atravancam o sistema municipal de \u00a0educa\u00e7\u00e3o, o diligente secret\u00e1rio Geraldo Castro Sobrinho vem dando conta do recado. Cada\u00a0dificuldade \u00e9 superada com dose extra de compet\u00eancia, disposi\u00e7\u00e3o para o trabalho e senso de inova\u00e7\u00e3o. Assim, os mais de 130 mil estudantes matriculados na rede mant\u00eam real perspectiva de um futuro \u00a0melhor.<\/p>\n<p>Compromisso e dedica\u00e7\u00e3o comp\u00f5em a receita para o bom desempenho da educa\u00e7\u00e3o municipal, sob o comando de Geraldo h\u00e1 um ano e tr\u00eas meses. No momento, empreende-se um esfor\u00e7o concentrado \u00a0para encerrar com o melhor aproveitamento poss\u00edvel o ano letivo de 2014, interrompido \u00a0drasticamente por uma greve de professores que se estendeu por mais de 100 dias.<\/p>\n<p>E j\u00e1 que o ciclo n\u00e3o pode parar, Geraldo e sua equipe j\u00e1 planejam as a\u00e7\u00f5es do calend\u00e1rio de \u00a02015. E tudo indica que os desafios se manter\u00e3o, assim como permanecer\u00e1 inabal\u00e1vel a \u00a0vontade do secret\u00e1rio de acertar. Com uma rotina extenuante, marcada muitas vezes por \u00a0press\u00f5es e focos de crise, ele vai gerindo o sistema com not\u00e1vel habilidade e profundo \u00a0conhecimento de causa.<\/p>\n<p>Se h\u00e1 insatisfa\u00e7\u00f5es entre professores com sal\u00e1rios e condi\u00e7\u00f5es de trabalho inadequadas, \u00a0estas devem ser discutidas com bom senso, para que se encontre um meio termo, um ponto de \u00a0partida para que as reivindica\u00e7\u00f5es sejam atendidas plenamente o quanto antes.<\/p>\n<p>Sabe-se que a situa\u00e7\u00e3o n\u00e3o \u00e9 a ideal, mas de nada adianta, agora, radicalizar. Seria um retrocesso, com consequ\u00eancias desastrosas para dezenas de milhares de crian\u00e7as e \u00a0adolescentes que veem o estudo como \u00fanica maneira de vislumbrar dignidade na vida adulta.<\/p>\n<p>Para manter o foco nos bons resultados, Geraldo Castro Sobrinho precisa t\u00e3o somente do \u00a0apoio dos educadores e da confian\u00e7a de alunos e pais. Capacidade, experi\u00eancia e boas inten\u00e7\u00f5es\u00a0ele j\u00e1 provou que tem.<\/p>\n","protected":false},"excerpt":{"rendered":"<p>Em meio \u00e0 complexidade e aos problemas hist\u00f3ricos que atravancam o sistema municipal de \u00a0educa\u00e7\u00e3o, o diligente secret\u00e1rio Geraldo Castro [&hellip;]<\/p>\n","protected":false},"author":0,"featured_media":0,"comment_status":"open","ping_status":"open","sticky":false,"template":"","format":"standard","meta":{"site-sidebar-layout":"default","site-content-layout":"","ast-site-content-layout":"default","site-content-style":"default","site-sidebar-style":"default","ast-global-header-display":"","ast-banner-title-visibility":"","ast-main-header-display":"","ast-hfb-above-header-display":"","ast-hfb-below-header-display":"","ast-hfb-mobile-header-display":"","site-post-title":"","ast-breadcrumbs-content":"","ast-featured-img":"","footer-sml-layout":"","ast-disable-related-posts":"","theme-transparent-header-meta":"","adv-header-id-meta":"","stick-header-meta":"","header-above-stick-meta":"","header-main-stick-meta":"","header-below-stick-meta":"","astra-migrate-meta-layouts":"default","ast-page-background-enabled":"default","ast-page-background-meta":{"desktop":{"background-color":"var(--ast-global-color-5)","background-image":"","background-repeat":"repeat","background-position":"center center","background-size":"auto","background-attachment":"scroll","background-type":"","background-media":"","overlay-type":"","overlay-color":"","overlay-opacity":"","overlay-gradient":""},"tablet":{"background-color":"","background-image":"","background-repeat":"repeat","background-position":"center center","background-size":"auto","background-attachment":"scroll","background-type":"","background-media":"","overlay-type":"","overlay-color":"","overlay-opacity":"","overlay-gradient":""},"mobile":{"background-color":"","background-image":"","background-repeat":"repeat","background-position":"center center","background-size":"auto","background-attachment":"scroll","background-type":"","background-media":"","overlay-type":"","overlay-color":"","overlay-opacity":"","overlay-gradient":""}},"ast-content-background-meta":{"desktop":{"background-color":"var(--ast-global-color-4)","background-image":"","background-repeat":"repeat","background-position":"center center","background-size":"auto","background-attachment":"scroll","background-type":"","background-media":"","overlay-type":"","overlay-color":"","overlay-opacity":"","overlay-gradient":""},"tablet":{"background-color":"var(--ast-global-color-4)","background-image":"","background-repeat":"repeat","background-position":"center center","background-size":"auto","background-attachment":"scroll","background-type":"","background-media":"","overlay-type":"","overlay-color":"","overlay-opacity":"","overlay-gradient":""},"mobile":{"background-color":"var(--ast-global-color-4)","background-image":"","background-repeat":"repeat","background-position":"center center","background-size":"auto","background-attachment":"scroll","background-type":"","background-media":"","overlay-type":"","overlay-color":"","overlay-opacity":"","overlay-gradient":""}},"footnotes":""},"categories":[1],"tags":[],"class_list":["post-22098","post","type-post","status-publish","format-standard","hentry","category-sem-categoria"],"yoast_head":"<!-- This site is optimized with the Yoast SEO plugin v26.6 - https:\/\/yoast.com\/wordpress\/plugins\/seo\/ -->\n<title>Dando conta do recado - Daniel Matos<\/title>\n<meta name=\"robots\" content=\"index, follow, max-snippet:-1, max-image-preview:large, max-video-preview:-1\" \/>\n<link rel=\"canonical\" href=\"https:\/\/www.blogsoestado.com\/danielmatos\/dando-conta-do-recado\/\" \/>\n<meta property=\"og:locale\" content=\"pt_BR\" \/>\n<meta property=\"og:type\" content=\"article\" \/>\n<meta property=\"og:title\" content=\"Dando conta do recado - Daniel Matos\" \/>\n<meta property=\"og:description\" content=\"Em meio \u00e0 complexidade e aos problemas hist\u00f3ricos que atravancam o sistema municipal de \u00a0educa\u00e7\u00e3o, o diligente secret\u00e1rio Geraldo Castro [&hellip;]\" \/>\n<meta property=\"og:url\" content=\"https:\/\/www.blogsoestado.com\/danielmatos\/dando-conta-do-recado\/\" \/>\n<meta property=\"og:site_name\" content=\"Daniel Matos\" \/>\n<meta property=\"article:published_time\" content=\"2015-02-13T21:17:16+00:00\" \/>\n<meta property=\"og:image\" content=\"https:\/\/www.blogsoestado.com\/danielmatos\/files\/2015\/02\/geraldo-bilingue.jpg\" \/>\n<meta name=\"twitter:card\" content=\"summary_large_image\" \/>\n<meta name=\"twitter:label1\" content=\"Est. tempo de leitura\" \/>\n\t<meta name=\"twitter:data1\" content=\"2 minutos\" \/>\n<script type=\"application\/ld+json\" class=\"yoast-schema-graph\">{\"@context\":\"https:\/\/schema.org\",\"@graph\":[{\"@type\":\"WebPage\",\"@id\":\"https:\/\/www.blogsoestado.com\/danielmatos\/dando-conta-do-recado\/\",\"url\":\"https:\/\/www.blogsoestado.com\/danielmatos\/dando-conta-do-recado\/\",\"name\":\"Dando conta do recado - Daniel Matos\",\"isPartOf\":{\"@id\":\"https:\/\/www.blogsoestado.com\/danielmatos\/#website\"},\"primaryImageOfPage\":{\"@id\":\"https:\/\/www.blogsoestado.com\/danielmatos\/dando-conta-do-recado\/#primaryimage\"},\"image\":{\"@id\":\"https:\/\/www.blogsoestado.com\/danielmatos\/dando-conta-do-recado\/#primaryimage\"},\"thumbnailUrl\":\"https:\/\/www.blogsoestado.com\/danielmatos\/files\/2015\/02\/geraldo-bilingue.jpg\",\"datePublished\":\"2015-02-13T21:17:16+00:00\",\"author\":{\"@id\":\"\"},\"breadcrumb\":{\"@id\":\"https:\/\/www.blogsoestado.com\/danielmatos\/dando-conta-do-recado\/#breadcrumb\"},\"inLanguage\":\"pt-BR\",\"potentialAction\":[{\"@type\":\"ReadAction\",\"target\":[\"https:\/\/www.blogsoestado.com\/danielmatos\/dando-conta-do-recado\/\"]}]},{\"@type\":\"ImageObject\",\"inLanguage\":\"pt-BR\",\"@id\":\"https:\/\/www.blogsoestado.com\/danielmatos\/dando-conta-do-recado\/#primaryimage\",\"url\":\"https:\/\/www.blogsoestado.com\/danielmatos\/files\/2015\/02\/geraldo-bilingue.jpg\",\"contentUrl\":\"https:\/\/www.blogsoestado.com\/danielmatos\/files\/2015\/02\/geraldo-bilingue.jpg\"},{\"@type\":\"BreadcrumbList\",\"@id\":\"https:\/\/www.blogsoestado.com\/danielmatos\/dando-conta-do-recado\/#breadcrumb\",\"itemListElement\":[{\"@type\":\"ListItem\",\"position\":1,\"name\":\"In\u00edcio\",\"item\":\"https:\/\/www.blogsoestado.com\/danielmatos\/\"},{\"@type\":\"ListItem\",\"position\":2,\"name\":\"Dando conta do recado\"}]},{\"@type\":\"WebSite\",\"@id\":\"https:\/\/www.blogsoestado.com\/danielmatos\/#website\",\"url\":\"https:\/\/www.blogsoestado.com\/danielmatos\/\",\"name\":\"Daniel Matos\",\"description\":\"\",\"potentialAction\":[{\"@type\":\"SearchAction\",\"target\":{\"@type\":\"EntryPoint\",\"urlTemplate\":\"https:\/\/www.blogsoestado.com\/danielmatos\/?s={search_term_string}\"},\"query-input\":{\"@type\":\"PropertyValueSpecification\",\"valueRequired\":true,\"valueName\":\"search_term_string\"}}],\"inLanguage\":\"pt-BR\"}]}<\/script>\n<!-- \/ Yoast SEO plugin. -->","yoast_head_json":{"title":"Dando conta do recado - Daniel Matos","robots":{"index":"index","follow":"follow","max-snippet":"max-snippet:-1","max-image-preview":"max-image-preview:large","max-video-preview":"max-video-preview:-1"},"canonical":"https:\/\/www.blogsoestado.com\/danielmatos\/dando-conta-do-recado\/","og_locale":"pt_BR","og_type":"article","og_title":"Dando conta do recado - Daniel Matos","og_description":"Em meio \u00e0 complexidade e aos problemas hist\u00f3ricos que atravancam o sistema municipal de \u00a0educa\u00e7\u00e3o, o diligente secret\u00e1rio Geraldo Castro [&hellip;]","og_url":"https:\/\/www.blogsoestado.com\/danielmatos\/dando-conta-do-recado\/","og_site_name":"Daniel Matos","article_published_time":"2015-02-13T21:17:16+00:00","og_image":[{"url":"https:\/\/www.blogsoestado.com\/danielmatos\/files\/2015\/02\/geraldo-bilingue.jpg","type":"","width":"","height":""}],"twitter_card":"summary_large_image","twitter_misc":{"Est. tempo de leitura":"2 minutos"},"schema":{"@context":"https:\/\/schema.org","@graph":[{"@type":"WebPage","@id":"https:\/\/www.blogsoestado.com\/danielmatos\/dando-conta-do-recado\/","url":"https:\/\/www.blogsoestado.com\/danielmatos\/dando-conta-do-recado\/","name":"Dando conta do recado - Daniel Matos","isPartOf":{"@id":"https:\/\/www.blogsoestado.com\/danielmatos\/#website"},"primaryImageOfPage":{"@id":"https:\/\/www.blogsoestado.com\/danielmatos\/dando-conta-do-recado\/#primaryimage"},"image":{"@id":"https:\/\/www.blogsoestado.com\/danielmatos\/dando-conta-do-recado\/#primaryimage"},"thumbnailUrl":"https:\/\/www.blogsoestado.com\/danielmatos\/files\/2015\/02\/geraldo-bilingue.jpg","datePublished":"2015-02-13T21:17:16+00:00","author":{"@id":""},"breadcrumb":{"@id":"https:\/\/www.blogsoestado.com\/danielmatos\/dando-conta-do-recado\/#breadcrumb"},"inLanguage":"pt-BR","potentialAction":[{"@type":"ReadAction","target":["https:\/\/www.blogsoestado.com\/danielmatos\/dando-conta-do-recado\/"]}]},{"@type":"ImageObject","inLanguage":"pt-BR","@id":"https:\/\/www.blogsoestado.com\/danielmatos\/dando-conta-do-recado\/#primaryimage","url":"https:\/\/www.blogsoestado.com\/danielmatos\/files\/2015\/02\/geraldo-bilingue.jpg","contentUrl":"https:\/\/www.blogsoestado.com\/danielmatos\/files\/2015\/02\/geraldo-bilingue.jpg"},{"@type":"BreadcrumbList","@id":"https:\/\/www.blogsoestado.com\/danielmatos\/dando-conta-do-recado\/#breadcrumb","itemListElement":[{"@type":"ListItem","position":1,"name":"In\u00edcio","item":"https:\/\/www.blogsoestado.com\/danielmatos\/"},{"@type":"ListItem","position":2,"name":"Dando conta do recado"}]},{"@type":"WebSite","@id":"https:\/\/www.blogsoestado.com\/danielmatos\/#website","url":"https:\/\/www.blogsoestado.com\/danielmatos\/","name":"Daniel Matos","description":"","potentialAction":[{"@type":"SearchAction","target":{"@type":"EntryPoint","urlTemplate":"https:\/\/www.blogsoestado.com\/danielmatos\/?s={search_term_string}"},"query-input":{"@type":"PropertyValueSpecification","valueRequired":true,"valueName":"search_term_string"}}],"inLanguage":"pt-BR"}]}},"jetpack_featured_media_url":"","_links":{"self":[{"href":"https:\/\/www.blogsoestado.com\/danielmatos\/wp-json\/wp\/v2\/posts\/22098","targetHints":{"allow":["GET"]}}],"collection":[{"href":"https:\/\/www.blogsoestado.com\/danielmatos\/wp-json\/wp\/v2\/posts"}],"about":[{"href":"https:\/\/www.blogsoestado.com\/danielmatos\/wp-json\/wp\/v2\/types\/post"}],"replies":[{"embeddable":true,"href":"https:\/\/www.blogsoestado.com\/danielmatos\/wp-json\/wp\/v2\/comments?post=22098"}],"version-history":[{"count":0,"href":"https:\/\/www.blogsoestado.com\/danielmatos\/wp-json\/wp\/v2\/posts\/22098\/revisions"}],"wp:attachment":[{"href":"https:\/\/www.blogsoestado.com\/danielmatos\/wp-json\/wp\/v2\/media?parent=22098"}],"wp:term":[{"taxonomy":"category","embeddable":true,"href":"https:\/\/www.blogsoestado.com\/danielmatos\/wp-json\/wp\/v2\/categories?post=22098"},{"taxonomy":"post_tag","embeddable":true,"href":"https:\/\/www.blogsoestado.com\/danielmatos\/wp-json\/wp\/v2\/tags?post=22098"}],"curies":[{"name":"wp","href":"https:\/\/api.w.org\/{rel}","templated":true}]}}