{"id":22102,"date":"2015-02-14T15:12:38","date_gmt":"2015-02-14T18:12:38","guid":{"rendered":"https:\/\/www.blogsoestado.com\/danielmatos\/?p=22102"},"modified":"2015-02-14T15:12:38","modified_gmt":"2015-02-14T18:12:38","slug":"carnaval-de-passarela","status":"publish","type":"post","link":"https:\/\/www.blogsoestado.com\/danielmatos\/carnaval-de-passarela\/","title":{"rendered":"Carnaval de passarela"},"content":{"rendered":"<figure id=\"attachment_22103\" aria-describedby=\"caption-attachment-22103\" style=\"width: 600px\" class=\"wp-caption aligncenter\"><a href=\"https:\/\/www.blogsoestado.com\/danielmatos\/files\/2015\/02\/carnaval-de-passarela.jpg\"><img fetchpriority=\"high\" decoding=\"async\" class=\"size-full wp-image-22103\" src=\"https:\/\/www.blogsoestado.com\/danielmatos\/files\/2015\/02\/carnaval-de-passarela.jpg\" alt=\"Programa\u00e7\u00e3o atraiu muitas fam\u00edlias, que cantaram e dan\u00e7aram ao ritmo de tambor de crioula e dos blocos tradicionais do Grupo B\" width=\"600\" height=\"400\" \/><\/a><figcaption id=\"caption-attachment-22103\" class=\"wp-caption-text\">Programa\u00e7\u00e3o atraiu muitas fam\u00edlias, que cantaram e dan\u00e7aram ao ritmo de tambor de crioula e dos blocos tradicionais do Grupo B<\/figcaption><\/figure>\n<p>A programa\u00e7\u00e3o da noite de sexta-feira (13) da Passarela do Samba, no Anel Vi\u00e1rio, atraiu muitas fam\u00edlias para o local, que cantaram e dan\u00e7aram ao ritmo de tambor de crioula e dos blocos tradicionais do Grupo B. O bloco Os Trapalh\u00f5es abriu a programa\u00e7\u00e3o de desfiles da sexta-feira gorda. O &#8220;Carnaval de Todos &#8211; Juntos Fazemos a Festa&#8221;, promovido pela Prefeitura de S\u00e3o Lu\u00eds em parceria com o governo do Estado, tem uma programa\u00e7\u00e3o variada para todas as idades e em diversos pontos da cidade.<\/p>\n<p>Somente na Passarela do Samba a expectativa \u00e9 que at\u00e9 ter\u00e7a-feira (17), 60 mil pessoas passem pelo local. Na segunda noite da programa\u00e7\u00e3o os desfiles levaram cor, brilho e alegria para a passarela. Ao longo da noite os foli\u00f5es seguiram a anima\u00e7\u00e3o dos brincantes dos grupos que desfilaram no local: Os Trapalh\u00f5es, Os Guardi\u00f5es, Os Guerreiros do Ritmo, Alegria do Ritmo, Os Gladiadores, Falc\u00e3o de Prata, Pr\u00edncipe da Meia Noite, Vinagreira Show, F\u00eanix, Os Curingas, Companhia do Ritmo, Os Inacredit\u00e1veis, Os Vingadores, Tradicionais do Ritmo, Os Curumins, os Fenomenais e, fechando a noite, os Drag\u00f5es da Liberdade.<\/p>\n<p>At\u00e9 dia 17 toda a diversidade cultural tomar\u00e1 conta n\u00e3o somente da Passarela do Samba, mas tamb\u00e9m das ruas do centro da capital. Al\u00e9m dos shows de cantores maranhenses na Pra\u00e7a Deodoro, haver\u00e1 dois corredores da folia. O primeiro, com anima\u00e7\u00e3o dos blocos Alternativos, sair\u00e1 da Pra\u00e7a Deodoro, seguir\u00e1 pela Rua da Paz e Pra\u00e7a Jo\u00e3o Lisboa, com dispers\u00e3o no final da rua Magalh\u00e3es de Almeida. O segundo, continua pela Rua do Passeio e segue pela Pra\u00e7a da Saudade, com dispers\u00e3o na Madre Deus.<\/p>\n<p><strong>Sequ\u00eancia<\/strong><\/p>\n<p>A programa\u00e7\u00e3o da passarela prossegue hoje com o desfile\u00a0dos blocos tradicionais do Grupo A. Domingo e Segunda-Feira de Carnaval ser\u00e1 a vez do\u00a0desfile e concurso dos blocos organizados e escolas de samba.\u00a0Encerrando a programa\u00e7\u00e3o, dia 17, Ter\u00e7a-Feira de Carnaval, haver\u00e1 o desfile dos blocos afro e alegorias de rua.<\/p>\n","protected":false},"excerpt":{"rendered":"<p>A programa\u00e7\u00e3o da noite de sexta-feira (13) da Passarela do Samba, no Anel Vi\u00e1rio, atraiu muitas fam\u00edlias para o local, [&hellip;]<\/p>\n","protected":false},"author":0,"featured_media":0,"comment_status":"open","ping_status":"open","sticky":false,"template":"","format":"standard","meta":{"site-sidebar-layout":"default","site-content-layout":"","ast-site-content-layout":"default","site-content-style":"default","site-sidebar-style":"default","ast-global-header-display":"","ast-banner-title-visibility":"","ast-main-header-display":"","ast-hfb-above-header-display":"","ast-hfb-below-header-display":"","ast-hfb-mobile-header-display":"","site-post-title":"","ast-breadcrumbs-content":"","ast-featured-img":"","footer-sml-layout":"","ast-disable-related-posts":"","theme-transparent-header-meta":"","adv-header-id-meta":"","stick-header-meta":"","header-above-stick-meta":"","header-main-stick-meta":"","header-below-stick-meta":"","astra-migrate-meta-layouts":"default","ast-page-background-enabled":"default","ast-page-background-meta":{"desktop":{"background-color":"var(--ast-global-color-5)","background-image":"","background-repeat":"repeat","background-position":"center center","background-size":"auto","background-attachment":"scroll","background-type":"","background-media":"","overlay-type":"","overlay-color":"","overlay-opacity":"","overlay-gradient":""},"tablet":{"background-color":"","background-image":"","background-repeat":"repeat","background-position":"center center","background-size":"auto","background-attachment":"scroll","background-type":"","background-media":"","overlay-type":"","overlay-color":"","overlay-opacity":"","overlay-gradient":""},"mobile":{"background-color":"","background-image":"","background-repeat":"repeat","background-position":"center center","background-size":"auto","background-attachment":"scroll","background-type":"","background-media":"","overlay-type":"","overlay-color":"","overlay-opacity":"","overlay-gradient":""}},"ast-content-background-meta":{"desktop":{"background-color":"var(--ast-global-color-4)","background-image":"","background-repeat":"repeat","background-position":"center center","background-size":"auto","background-attachment":"scroll","background-type":"","background-media":"","overlay-type":"","overlay-color":"","overlay-opacity":"","overlay-gradient":""},"tablet":{"background-color":"var(--ast-global-color-4)","background-image":"","background-repeat":"repeat","background-position":"center center","background-size":"auto","background-attachment":"scroll","background-type":"","background-media":"","overlay-type":"","overlay-color":"","overlay-opacity":"","overlay-gradient":""},"mobile":{"background-color":"var(--ast-global-color-4)","background-image":"","background-repeat":"repeat","background-position":"center center","background-size":"auto","background-attachment":"scroll","background-type":"","background-media":"","overlay-type":"","overlay-color":"","overlay-opacity":"","overlay-gradient":""}},"footnotes":""},"categories":[1],"tags":[],"class_list":["post-22102","post","type-post","status-publish","format-standard","hentry","category-sem-categoria"],"yoast_head":"<!-- This site is optimized with the Yoast SEO plugin v26.6 - https:\/\/yoast.com\/wordpress\/plugins\/seo\/ -->\n<title>Carnaval de passarela - Daniel Matos<\/title>\n<meta name=\"robots\" content=\"index, follow, max-snippet:-1, max-image-preview:large, max-video-preview:-1\" \/>\n<link rel=\"canonical\" href=\"https:\/\/www.blogsoestado.com\/danielmatos\/carnaval-de-passarela\/\" \/>\n<meta property=\"og:locale\" content=\"pt_BR\" \/>\n<meta property=\"og:type\" content=\"article\" \/>\n<meta property=\"og:title\" content=\"Carnaval de passarela - Daniel Matos\" \/>\n<meta property=\"og:description\" content=\"A programa\u00e7\u00e3o da noite de sexta-feira (13) da Passarela do Samba, no Anel Vi\u00e1rio, atraiu muitas fam\u00edlias para o local, [&hellip;]\" \/>\n<meta property=\"og:url\" content=\"https:\/\/www.blogsoestado.com\/danielmatos\/carnaval-de-passarela\/\" \/>\n<meta property=\"og:site_name\" content=\"Daniel Matos\" \/>\n<meta property=\"article:published_time\" content=\"2015-02-14T18:12:38+00:00\" \/>\n<meta property=\"og:image\" content=\"https:\/\/www.blogsoestado.com\/danielmatos\/files\/2015\/02\/carnaval-de-passarela.jpg\" \/>\n<meta name=\"twitter:card\" content=\"summary_large_image\" \/>\n<meta name=\"twitter:label1\" content=\"Est. tempo de leitura\" \/>\n\t<meta name=\"twitter:data1\" content=\"2 minutos\" \/>\n<script type=\"application\/ld+json\" class=\"yoast-schema-graph\">{\"@context\":\"https:\/\/schema.org\",\"@graph\":[{\"@type\":\"WebPage\",\"@id\":\"https:\/\/www.blogsoestado.com\/danielmatos\/carnaval-de-passarela\/\",\"url\":\"https:\/\/www.blogsoestado.com\/danielmatos\/carnaval-de-passarela\/\",\"name\":\"Carnaval de passarela - Daniel Matos\",\"isPartOf\":{\"@id\":\"https:\/\/www.blogsoestado.com\/danielmatos\/#website\"},\"primaryImageOfPage\":{\"@id\":\"https:\/\/www.blogsoestado.com\/danielmatos\/carnaval-de-passarela\/#primaryimage\"},\"image\":{\"@id\":\"https:\/\/www.blogsoestado.com\/danielmatos\/carnaval-de-passarela\/#primaryimage\"},\"thumbnailUrl\":\"https:\/\/www.blogsoestado.com\/danielmatos\/files\/2015\/02\/carnaval-de-passarela.jpg\",\"datePublished\":\"2015-02-14T18:12:38+00:00\",\"author\":{\"@id\":\"\"},\"breadcrumb\":{\"@id\":\"https:\/\/www.blogsoestado.com\/danielmatos\/carnaval-de-passarela\/#breadcrumb\"},\"inLanguage\":\"pt-BR\",\"potentialAction\":[{\"@type\":\"ReadAction\",\"target\":[\"https:\/\/www.blogsoestado.com\/danielmatos\/carnaval-de-passarela\/\"]}]},{\"@type\":\"ImageObject\",\"inLanguage\":\"pt-BR\",\"@id\":\"https:\/\/www.blogsoestado.com\/danielmatos\/carnaval-de-passarela\/#primaryimage\",\"url\":\"https:\/\/www.blogsoestado.com\/danielmatos\/files\/2015\/02\/carnaval-de-passarela.jpg\",\"contentUrl\":\"https:\/\/www.blogsoestado.com\/danielmatos\/files\/2015\/02\/carnaval-de-passarela.jpg\"},{\"@type\":\"BreadcrumbList\",\"@id\":\"https:\/\/www.blogsoestado.com\/danielmatos\/carnaval-de-passarela\/#breadcrumb\",\"itemListElement\":[{\"@type\":\"ListItem\",\"position\":1,\"name\":\"In\u00edcio\",\"item\":\"https:\/\/www.blogsoestado.com\/danielmatos\/\"},{\"@type\":\"ListItem\",\"position\":2,\"name\":\"Carnaval de passarela\"}]},{\"@type\":\"WebSite\",\"@id\":\"https:\/\/www.blogsoestado.com\/danielmatos\/#website\",\"url\":\"https:\/\/www.blogsoestado.com\/danielmatos\/\",\"name\":\"Daniel Matos\",\"description\":\"\",\"potentialAction\":[{\"@type\":\"SearchAction\",\"target\":{\"@type\":\"EntryPoint\",\"urlTemplate\":\"https:\/\/www.blogsoestado.com\/danielmatos\/?s={search_term_string}\"},\"query-input\":{\"@type\":\"PropertyValueSpecification\",\"valueRequired\":true,\"valueName\":\"search_term_string\"}}],\"inLanguage\":\"pt-BR\"}]}<\/script>\n<!-- \/ Yoast SEO plugin. -->","yoast_head_json":{"title":"Carnaval de passarela - Daniel Matos","robots":{"index":"index","follow":"follow","max-snippet":"max-snippet:-1","max-image-preview":"max-image-preview:large","max-video-preview":"max-video-preview:-1"},"canonical":"https:\/\/www.blogsoestado.com\/danielmatos\/carnaval-de-passarela\/","og_locale":"pt_BR","og_type":"article","og_title":"Carnaval de passarela - Daniel Matos","og_description":"A programa\u00e7\u00e3o da noite de sexta-feira (13) da Passarela do Samba, no Anel Vi\u00e1rio, atraiu muitas fam\u00edlias para o local, [&hellip;]","og_url":"https:\/\/www.blogsoestado.com\/danielmatos\/carnaval-de-passarela\/","og_site_name":"Daniel Matos","article_published_time":"2015-02-14T18:12:38+00:00","og_image":[{"url":"https:\/\/www.blogsoestado.com\/danielmatos\/files\/2015\/02\/carnaval-de-passarela.jpg","type":"","width":"","height":""}],"twitter_card":"summary_large_image","twitter_misc":{"Est. tempo de leitura":"2 minutos"},"schema":{"@context":"https:\/\/schema.org","@graph":[{"@type":"WebPage","@id":"https:\/\/www.blogsoestado.com\/danielmatos\/carnaval-de-passarela\/","url":"https:\/\/www.blogsoestado.com\/danielmatos\/carnaval-de-passarela\/","name":"Carnaval de passarela - Daniel Matos","isPartOf":{"@id":"https:\/\/www.blogsoestado.com\/danielmatos\/#website"},"primaryImageOfPage":{"@id":"https:\/\/www.blogsoestado.com\/danielmatos\/carnaval-de-passarela\/#primaryimage"},"image":{"@id":"https:\/\/www.blogsoestado.com\/danielmatos\/carnaval-de-passarela\/#primaryimage"},"thumbnailUrl":"https:\/\/www.blogsoestado.com\/danielmatos\/files\/2015\/02\/carnaval-de-passarela.jpg","datePublished":"2015-02-14T18:12:38+00:00","author":{"@id":""},"breadcrumb":{"@id":"https:\/\/www.blogsoestado.com\/danielmatos\/carnaval-de-passarela\/#breadcrumb"},"inLanguage":"pt-BR","potentialAction":[{"@type":"ReadAction","target":["https:\/\/www.blogsoestado.com\/danielmatos\/carnaval-de-passarela\/"]}]},{"@type":"ImageObject","inLanguage":"pt-BR","@id":"https:\/\/www.blogsoestado.com\/danielmatos\/carnaval-de-passarela\/#primaryimage","url":"https:\/\/www.blogsoestado.com\/danielmatos\/files\/2015\/02\/carnaval-de-passarela.jpg","contentUrl":"https:\/\/www.blogsoestado.com\/danielmatos\/files\/2015\/02\/carnaval-de-passarela.jpg"},{"@type":"BreadcrumbList","@id":"https:\/\/www.blogsoestado.com\/danielmatos\/carnaval-de-passarela\/#breadcrumb","itemListElement":[{"@type":"ListItem","position":1,"name":"In\u00edcio","item":"https:\/\/www.blogsoestado.com\/danielmatos\/"},{"@type":"ListItem","position":2,"name":"Carnaval de passarela"}]},{"@type":"WebSite","@id":"https:\/\/www.blogsoestado.com\/danielmatos\/#website","url":"https:\/\/www.blogsoestado.com\/danielmatos\/","name":"Daniel Matos","description":"","potentialAction":[{"@type":"SearchAction","target":{"@type":"EntryPoint","urlTemplate":"https:\/\/www.blogsoestado.com\/danielmatos\/?s={search_term_string}"},"query-input":{"@type":"PropertyValueSpecification","valueRequired":true,"valueName":"search_term_string"}}],"inLanguage":"pt-BR"}]}},"jetpack_featured_media_url":"","_links":{"self":[{"href":"https:\/\/www.blogsoestado.com\/danielmatos\/wp-json\/wp\/v2\/posts\/22102","targetHints":{"allow":["GET"]}}],"collection":[{"href":"https:\/\/www.blogsoestado.com\/danielmatos\/wp-json\/wp\/v2\/posts"}],"about":[{"href":"https:\/\/www.blogsoestado.com\/danielmatos\/wp-json\/wp\/v2\/types\/post"}],"replies":[{"embeddable":true,"href":"https:\/\/www.blogsoestado.com\/danielmatos\/wp-json\/wp\/v2\/comments?post=22102"}],"version-history":[{"count":0,"href":"https:\/\/www.blogsoestado.com\/danielmatos\/wp-json\/wp\/v2\/posts\/22102\/revisions"}],"wp:attachment":[{"href":"https:\/\/www.blogsoestado.com\/danielmatos\/wp-json\/wp\/v2\/media?parent=22102"}],"wp:term":[{"taxonomy":"category","embeddable":true,"href":"https:\/\/www.blogsoestado.com\/danielmatos\/wp-json\/wp\/v2\/categories?post=22102"},{"taxonomy":"post_tag","embeddable":true,"href":"https:\/\/www.blogsoestado.com\/danielmatos\/wp-json\/wp\/v2\/tags?post=22102"}],"curies":[{"name":"wp","href":"https:\/\/api.w.org\/{rel}","templated":true}]}}